{"id":39190,"date":"2023-03-13T19:31:39","date_gmt":"2023-03-13T19:31:39","guid":{"rendered":"https:\/\/www.africa-press.net\/cameroun\/politique\/cemac-alamine-ousmane-mey-a-porte-un-pli-ferme-a-mahamat-idriss-deby-itno"},"modified":"2023-03-13T19:58:09","modified_gmt":"2023-03-13T19:58:09","slug":"cemac-alamine-ousmane-mey-a-porte-un-pli-ferme-a-mahamat-idriss-deby-itno","status":"publish","type":"post","link":"https:\/\/www.africa-press.net\/cameroun\/politique\/cemac-alamine-ousmane-mey-a-porte-un-pli-ferme-a-mahamat-idriss-deby-itno","title":{"rendered":"Cemac\u00a0: Alamine Ousmane Mey a port\u00e9 un pli ferm\u00e9 \u00e0 Mahamat Idriss Deby Itno"},"content":{"rendered":"<p><span style=\"color: #ff6600\"><strong>Africa-Press &#8211; Cameroun. <\/strong><\/span>L\u2019envoye\u0301 de Paul Biya a e\u0301te\u0301 rec\u0327u le 10 mars au Palais Toumai\u0302.<\/p>\n<p>Selon le Minepat, le Ministre de l\u2019Economie, de la Planification et de l\u2019Ame\u0301nagement du Territoire, Envoye\u0301 Spe\u0301cial du Chef de l\u2019Etat camerounais, S.E Paul BIYA, a e\u0301te\u0301 rec\u0327u en audience le vendredi 10 mars 2023 au Palais TOUMAI\u0308 par le Chef de l\u2019Etat tchadien, S.E Mahamat Idriss Deby Itno.<\/p>\n<p>A en croire Alamine Ousmane Mey, cette mission a\u0300 Ndjamena rentre de le cadre des concertations re\u0301gulie\u0300res au sujet de la situation e\u0301conomique, mone\u0301taire et financie\u0300re de la Cemac. Elle est e\u0301galement l\u2019occasion d\u2019une revue du fonctionnement de l\u2019Institution communautaire afin de re\u0301pondre de manie\u0300re concerte\u0301e, structure\u0301e et solidaire aux chocs auxquels les Etats de la sous-re\u0301gion font face.<\/p>\n<p>Cette concertation est justifie\u0301e par la conjoncture actuelle marque\u0301e par les re\u0301percussions ne\u0301fastes de la pande\u0301mie de Covid-19, et la crise russo-ukrainienne sur les e\u0301conomies de la Cemac. Ainsi, comme en 2016, 2019 et 2021, cette initiative a pour objectif de donner un souffle nouveau aux e\u0301conomies de la sous-re\u0301gion.<\/p>\n<p><strong>Pour plus d&rsquo;informations et d&rsquo;analyses sur la <a href=\"https:\/\/www.africa-press.net\/cameroun\">Cameroun<\/a>, suivez <a href=\"https:\/\/www.africa-press.net\/\">Africa-Press<\/a><\/strong><\/p>\n","protected":false},"excerpt":{"rendered":"<p>Africa-Press &#8211; Cameroun. L\u2019envoye\u0301 de Paul Biya a e\u0301te\u0301 rec\u0327u le 10 mars au Palais Toumai\u0302. Selon le Minepat, le Ministre de l\u2019Economie, de la Planification et de l\u2019Ame\u0301nagement du Territoire, Envoye\u0301 Spe\u0301cial du Chef de l\u2019Etat camerounais, S.E Paul BIYA, a e\u0301te\u0301 rec\u0327u en audience le vendredi 10 mars 2023 au Palais TOUMAI\u0308 par [&hellip;]<\/p>\n","protected":false},"author":82,"featured_media":39188,"comment_status":"open","ping_status":"closed","sticky":false,"template":"","format":"standard","meta":{"footnotes":""},"categories":[2,10],"tags":[36,50,49],"class_list":["post-39190","post","type-post","status-publish","format-standard","has-post-thumbnail","hentry","category-politique","category-toutes-les-actualites","tag-africa-press","tag-africa-press-cameroun","tag-cameroun"],"yoast_head":"<!-- This site is optimized with the Yoast SEO Premium plugin v26.1 (Yoast SEO v27.0) - https:\/\/yoast.com\/product\/yoast-seo-premium-wordpress\/ -->\n<title>Cemac\u00a0: Alamine Ousmane Mey a port\u00e9 un pli ferm\u00e9 \u00e0 Mahamat Idriss Deby Itno - Cameroun<\/title>\n<meta name=\"description\" content=\"L\u2019envoye\u0301 de Paul Biya a e\u0301te\u0301 rec\u0327u le 10 mars au Palais Toumai\u0302. Selon le Minepat, le Ministre de l\u2019Economie, de la P ...\" \/>\n<meta name=\"robots\" content=\"index, follow, max-snippet:-1, max-image-preview:large, max-video-preview:-1\" \/>\n<link rel=\"canonical\" href=\"https:\/\/www.africa-press.net\/cameroun\/politique\/cemac-alamine-ousmane-mey-a-porte-un-pli-ferme-a-mahamat-idriss-deby-itno\" \/>\n<meta property=\"og:locale\" content=\"fr_FR\" \/>\n<meta property=\"og:type\" content=\"article\" \/>\n<meta property=\"og:title\" content=\"Cemac\u00a0: Alamine Ousmane Mey a port\u00e9 un pli ferm\u00e9 \u00e0 Mahamat Idriss Deby Itno\" \/>\n<meta property=\"og:description\" content=\"L\u2019envoye\u0301 de Paul Biya a e\u0301te\u0301 rec\u0327u le 10 mars au Palais Toumai\u0302. Selon le Minepat, le Ministre de l\u2019Economie, de la P ...\" \/>\n<meta property=\"og:url\" content=\"https:\/\/www.africa-press.net\/cameroun\/politique\/cemac-alamine-ousmane-mey-a-porte-un-pli-ferme-a-mahamat-idriss-deby-itno\" \/>\n<meta property=\"og:site_name\" content=\"Cameroun\" \/>\n<meta property=\"article:published_time\" content=\"2023-03-13T19:31:39+00:00\" \/>\n<meta property=\"article:modified_time\" content=\"2023-03-13T19:58:09+00:00\" \/>\n<meta property=\"og:image\" content=\"https:\/\/static.africa-press.net\/cameroun\/sites\/57\/2023\/03\/postQueueImg_1678723301.41.jpg\" \/>\n\t<meta property=\"og:image:width\" content=\"850\" \/>\n\t<meta property=\"og:image:height\" content=\"550\" \/>\n\t<meta property=\"og:image:type\" content=\"image\/jpeg\" \/>\n<meta name=\"author\" content=\"cfeditorfr\" \/>\n<meta name=\"twitter:card\" content=\"summary_large_image\" \/>\n<meta name=\"twitter:label1\" content=\"\u00c9crit par\" \/>\n\t<meta name=\"twitter:data1\" content=\"cfeditorfr\" \/>\n\t<meta name=\"twitter:label2\" content=\"Dur\u00e9e de lecture estim\u00e9e\" \/>\n\t<meta name=\"twitter:data2\" content=\"1 minute\" \/>\n<script type=\"application\/ld+json\" class=\"yoast-schema-graph\">{\"@context\":\"https:\/\/schema.org\",\"@graph\":[{\"@type\":\"Article\",\"@id\":\"https:\/\/www.africa-press.net\/cameroun\/politique\/cemac-alamine-ousmane-mey-a-porte-un-pli-ferme-a-mahamat-idriss-deby-itno#article\",\"isPartOf\":{\"@id\":\"https:\/\/www.africa-press.net\/cameroun\/politique\/cemac-alamine-ousmane-mey-a-porte-un-pli-ferme-a-mahamat-idriss-deby-itno\"},\"author\":{\"name\":\"cfeditorfr\",\"@id\":\"https:\/\/www.africa-press.net\/cameroun\/#\/schema\/person\/2b1cf3cd81a31e3cd26889ca66d677f1\"},\"headline\":\"Cemac\u00a0: Alamine Ousmane Mey a port\u00e9 un pli ferm\u00e9 \u00e0 Mahamat Idriss Deby Itno\",\"datePublished\":\"2023-03-13T19:31:39+00:00\",\"dateModified\":\"2023-03-13T19:58:09+00:00\",\"mainEntityOfPage\":{\"@id\":\"https:\/\/www.africa-press.net\/cameroun\/politique\/cemac-alamine-ousmane-mey-a-porte-un-pli-ferme-a-mahamat-idriss-deby-itno\"},\"wordCount\":228,\"commentCount\":0,\"image\":{\"@id\":\"https:\/\/www.africa-press.net\/cameroun\/politique\/cemac-alamine-ousmane-mey-a-porte-un-pli-ferme-a-mahamat-idriss-deby-itno#primaryimage\"},\"thumbnailUrl\":\"https:\/\/static.africa-press.net\/cameroun\/sites\/57\/2023\/03\/postQueueImg_1678723301.41.jpg\",\"keywords\":[\"Africa Press\",\"Africa Press-Cameroun\",\"Cameroun\"],\"articleSection\":[\"Politique\",\"Toutes les actualit\u00e9s\"],\"inLanguage\":\"fr-FR\",\"potentialAction\":[{\"@type\":\"CommentAction\",\"name\":\"Comment\",\"target\":[\"https:\/\/www.africa-press.net\/cameroun\/politique\/cemac-alamine-ousmane-mey-a-porte-un-pli-ferme-a-mahamat-idriss-deby-itno#respond\"]}]},{\"@type\":\"WebPage\",\"@id\":\"https:\/\/www.africa-press.net\/cameroun\/politique\/cemac-alamine-ousmane-mey-a-porte-un-pli-ferme-a-mahamat-idriss-deby-itno\",\"url\":\"https:\/\/www.africa-press.net\/cameroun\/politique\/cemac-alamine-ousmane-mey-a-porte-un-pli-ferme-a-mahamat-idriss-deby-itno\",\"name\":\"Cemac\u00a0: Alamine Ousmane Mey a port\u00e9 un pli ferm\u00e9 \u00e0 Mahamat Idriss Deby Itno - Cameroun\",\"isPartOf\":{\"@id\":\"https:\/\/www.africa-press.net\/cameroun\/#website\"},\"primaryImageOfPage\":{\"@id\":\"https:\/\/www.africa-press.net\/cameroun\/politique\/cemac-alamine-ousmane-mey-a-porte-un-pli-ferme-a-mahamat-idriss-deby-itno#primaryimage\"},\"image\":{\"@id\":\"https:\/\/www.africa-press.net\/cameroun\/politique\/cemac-alamine-ousmane-mey-a-porte-un-pli-ferme-a-mahamat-idriss-deby-itno#primaryimage\"},\"thumbnailUrl\":\"https:\/\/static.africa-press.net\/cameroun\/sites\/57\/2023\/03\/postQueueImg_1678723301.41.jpg\",\"datePublished\":\"2023-03-13T19:31:39+00:00\",\"dateModified\":\"2023-03-13T19:58:09+00:00\",\"author\":{\"@id\":\"https:\/\/www.africa-press.net\/cameroun\/#\/schema\/person\/2b1cf3cd81a31e3cd26889ca66d677f1\"},\"description\":\"L\u2019envoye\u0301 de Paul Biya a e\u0301te\u0301 rec\u0327u le 10 mars au Palais Toumai\u0302. Selon le Minepat, le Ministre de l\u2019Economie, de la P ...\",\"breadcrumb\":{\"@id\":\"https:\/\/www.africa-press.net\/cameroun\/politique\/cemac-alamine-ousmane-mey-a-porte-un-pli-ferme-a-mahamat-idriss-deby-itno#breadcrumb\"},\"inLanguage\":\"fr-FR\",\"potentialAction\":[{\"@type\":\"ReadAction\",\"target\":[\"https:\/\/www.africa-press.net\/cameroun\/politique\/cemac-alamine-ousmane-mey-a-porte-un-pli-ferme-a-mahamat-idriss-deby-itno\"]}]},{\"@type\":\"ImageObject\",\"inLanguage\":\"fr-FR\",\"@id\":\"https:\/\/www.africa-press.net\/cameroun\/politique\/cemac-alamine-ousmane-mey-a-porte-un-pli-ferme-a-mahamat-idriss-deby-itno#primaryimage\",\"url\":\"https:\/\/static.africa-press.net\/cameroun\/sites\/57\/2023\/03\/postQueueImg_1678723301.41.jpg\",\"contentUrl\":\"https:\/\/static.africa-press.net\/cameroun\/sites\/57\/2023\/03\/postQueueImg_1678723301.41.jpg\",\"width\":850,\"height\":550,\"caption\":\"Cemac\u00a0: Alamine Ousmane Mey a port\u00e9 un pli ferm\u00e9 \u00e0 Mahamat Idriss Deby Itno\"},{\"@type\":\"BreadcrumbList\",\"@id\":\"https:\/\/www.africa-press.net\/cameroun\/politique\/cemac-alamine-ousmane-mey-a-porte-un-pli-ferme-a-mahamat-idriss-deby-itno#breadcrumb\",\"itemListElement\":[{\"@type\":\"ListItem\",\"position\":1,\"name\":\"Accueil\",\"item\":\"https:\/\/www.africa-press.net\/cameroun\/\"},{\"@type\":\"ListItem\",\"position\":2,\"name\":\"Cemac\u00a0: Alamine Ousmane Mey a port\u00e9 un pli ferm\u00e9 \u00e0 Mahamat Idriss Deby Itno\"}]},{\"@type\":\"WebSite\",\"@id\":\"https:\/\/www.africa-press.net\/cameroun\/#website\",\"url\":\"https:\/\/www.africa-press.net\/cameroun\/\",\"name\":\"Cameroun\",\"description\":\"Just another Africa News Agency Sites site\",\"potentialAction\":[{\"@type\":\"SearchAction\",\"target\":{\"@type\":\"EntryPoint\",\"urlTemplate\":\"https:\/\/www.africa-press.net\/cameroun\/?s={search_term_string}\"},\"query-input\":{\"@type\":\"PropertyValueSpecification\",\"valueRequired\":true,\"valueName\":\"search_term_string\"}}],\"inLanguage\":\"fr-FR\"},{\"@type\":\"Person\",\"@id\":\"https:\/\/www.africa-press.net\/cameroun\/#\/schema\/person\/2b1cf3cd81a31e3cd26889ca66d677f1\",\"name\":\"cfeditorfr\"}]}<\/script>\n<!-- \/ Yoast SEO Premium plugin. -->","yoast_head_json":{"title":"Cemac\u00a0: Alamine Ousmane Mey a port\u00e9 un pli ferm\u00e9 \u00e0 Mahamat Idriss Deby Itno - Cameroun","description":"L\u2019envoye\u0301 de Paul Biya a e\u0301te\u0301 rec\u0327u le 10 mars au Palais Toumai\u0302. Selon le Minepat, le Ministre de l\u2019Economie, de la P ...","robots":{"index":"index","follow":"follow","max-snippet":"max-snippet:-1","max-image-preview":"max-image-preview:large","max-video-preview":"max-video-preview:-1"},"canonical":"https:\/\/www.africa-press.net\/cameroun\/politique\/cemac-alamine-ousmane-mey-a-porte-un-pli-ferme-a-mahamat-idriss-deby-itno","og_locale":"fr_FR","og_type":"article","og_title":"Cemac\u00a0: Alamine Ousmane Mey a port\u00e9 un pli ferm\u00e9 \u00e0 Mahamat Idriss Deby Itno","og_description":"L\u2019envoye\u0301 de Paul Biya a e\u0301te\u0301 rec\u0327u le 10 mars au Palais Toumai\u0302. Selon le Minepat, le Ministre de l\u2019Economie, de la P ...","og_url":"https:\/\/www.africa-press.net\/cameroun\/politique\/cemac-alamine-ousmane-mey-a-porte-un-pli-ferme-a-mahamat-idriss-deby-itno","og_site_name":"Cameroun","article_published_time":"2023-03-13T19:31:39+00:00","article_modified_time":"2023-03-13T19:58:09+00:00","og_image":[{"width":850,"height":550,"url":"https:\/\/static.africa-press.net\/cameroun\/sites\/57\/2023\/03\/postQueueImg_1678723301.41.jpg","type":"image\/jpeg"}],"author":"cfeditorfr","twitter_card":"summary_large_image","twitter_misc":{"\u00c9crit par":"cfeditorfr","Dur\u00e9e de lecture estim\u00e9e":"1 minute"},"schema":{"@context":"https:\/\/schema.org","@graph":[{"@type":"Article","@id":"https:\/\/www.africa-press.net\/cameroun\/politique\/cemac-alamine-ousmane-mey-a-porte-un-pli-ferme-a-mahamat-idriss-deby-itno#article","isPartOf":{"@id":"https:\/\/www.africa-press.net\/cameroun\/politique\/cemac-alamine-ousmane-mey-a-porte-un-pli-ferme-a-mahamat-idriss-deby-itno"},"author":{"name":"cfeditorfr","@id":"https:\/\/www.africa-press.net\/cameroun\/#\/schema\/person\/2b1cf3cd81a31e3cd26889ca66d677f1"},"headline":"Cemac\u00a0: Alamine Ousmane Mey a port\u00e9 un pli ferm\u00e9 \u00e0 Mahamat Idriss Deby Itno","datePublished":"2023-03-13T19:31:39+00:00","dateModified":"2023-03-13T19:58:09+00:00","mainEntityOfPage":{"@id":"https:\/\/www.africa-press.net\/cameroun\/politique\/cemac-alamine-ousmane-mey-a-porte-un-pli-ferme-a-mahamat-idriss-deby-itno"},"wordCount":228,"commentCount":0,"image":{"@id":"https:\/\/www.africa-press.net\/cameroun\/politique\/cemac-alamine-ousmane-mey-a-porte-un-pli-ferme-a-mahamat-idriss-deby-itno#primaryimage"},"thumbnailUrl":"https:\/\/static.africa-press.net\/cameroun\/sites\/57\/2023\/03\/postQueueImg_1678723301.41.jpg","keywords":["Africa Press","Africa Press-Cameroun","Cameroun"],"articleSection":["Politique","Toutes les actualit\u00e9s"],"inLanguage":"fr-FR","potentialAction":[{"@type":"CommentAction","name":"Comment","target":["https:\/\/www.africa-press.net\/cameroun\/politique\/cemac-alamine-ousmane-mey-a-porte-un-pli-ferme-a-mahamat-idriss-deby-itno#respond"]}]},{"@type":"WebPage","@id":"https:\/\/www.africa-press.net\/cameroun\/politique\/cemac-alamine-ousmane-mey-a-porte-un-pli-ferme-a-mahamat-idriss-deby-itno","url":"https:\/\/www.africa-press.net\/cameroun\/politique\/cemac-alamine-ousmane-mey-a-porte-un-pli-ferme-a-mahamat-idriss-deby-itno","name":"Cemac\u00a0: Alamine Ousmane Mey a port\u00e9 un pli ferm\u00e9 \u00e0 Mahamat Idriss Deby Itno - Cameroun","isPartOf":{"@id":"https:\/\/www.africa-press.net\/cameroun\/#website"},"primaryImageOfPage":{"@id":"https:\/\/www.africa-press.net\/cameroun\/politique\/cemac-alamine-ousmane-mey-a-porte-un-pli-ferme-a-mahamat-idriss-deby-itno#primaryimage"},"image":{"@id":"https:\/\/www.africa-press.net\/cameroun\/politique\/cemac-alamine-ousmane-mey-a-porte-un-pli-ferme-a-mahamat-idriss-deby-itno#primaryimage"},"thumbnailUrl":"https:\/\/static.africa-press.net\/cameroun\/sites\/57\/2023\/03\/postQueueImg_1678723301.41.jpg","datePublished":"2023-03-13T19:31:39+00:00","dateModified":"2023-03-13T19:58:09+00:00","author":{"@id":"https:\/\/www.africa-press.net\/cameroun\/#\/schema\/person\/2b1cf3cd81a31e3cd26889ca66d677f1"},"description":"L\u2019envoye\u0301 de Paul Biya a e\u0301te\u0301 rec\u0327u le 10 mars au Palais Toumai\u0302. Selon le Minepat, le Ministre de l\u2019Economie, de la P ...","breadcrumb":{"@id":"https:\/\/www.africa-press.net\/cameroun\/politique\/cemac-alamine-ousmane-mey-a-porte-un-pli-ferme-a-mahamat-idriss-deby-itno#breadcrumb"},"inLanguage":"fr-FR","potentialAction":[{"@type":"ReadAction","target":["https:\/\/www.africa-press.net\/cameroun\/politique\/cemac-alamine-ousmane-mey-a-porte-un-pli-ferme-a-mahamat-idriss-deby-itno"]}]},{"@type":"ImageObject","inLanguage":"fr-FR","@id":"https:\/\/www.africa-press.net\/cameroun\/politique\/cemac-alamine-ousmane-mey-a-porte-un-pli-ferme-a-mahamat-idriss-deby-itno#primaryimage","url":"https:\/\/static.africa-press.net\/cameroun\/sites\/57\/2023\/03\/postQueueImg_1678723301.41.jpg","contentUrl":"https:\/\/static.africa-press.net\/cameroun\/sites\/57\/2023\/03\/postQueueImg_1678723301.41.jpg","width":850,"height":550,"caption":"Cemac\u00a0: Alamine Ousmane Mey a port\u00e9 un pli ferm\u00e9 \u00e0 Mahamat Idriss Deby Itno"},{"@type":"BreadcrumbList","@id":"https:\/\/www.africa-press.net\/cameroun\/politique\/cemac-alamine-ousmane-mey-a-porte-un-pli-ferme-a-mahamat-idriss-deby-itno#breadcrumb","itemListElement":[{"@type":"ListItem","position":1,"name":"Accueil","item":"https:\/\/www.africa-press.net\/cameroun\/"},{"@type":"ListItem","position":2,"name":"Cemac\u00a0: Alamine Ousmane Mey a port\u00e9 un pli ferm\u00e9 \u00e0 Mahamat Idriss Deby Itno"}]},{"@type":"WebSite","@id":"https:\/\/www.africa-press.net\/cameroun\/#website","url":"https:\/\/www.africa-press.net\/cameroun\/","name":"Cameroun","description":"Just another Africa News Agency Sites site","potentialAction":[{"@type":"SearchAction","target":{"@type":"EntryPoint","urlTemplate":"https:\/\/www.africa-press.net\/cameroun\/?s={search_term_string}"},"query-input":{"@type":"PropertyValueSpecification","valueRequired":true,"valueName":"search_term_string"}}],"inLanguage":"fr-FR"},{"@type":"Person","@id":"https:\/\/www.africa-press.net\/cameroun\/#\/schema\/person\/2b1cf3cd81a31e3cd26889ca66d677f1","name":"cfeditorfr"}]}},"_links":{"self":[{"href":"https:\/\/www.africa-press.net\/cameroun\/wp-json\/wp\/v2\/posts\/39190","targetHints":{"allow":["GET"]}}],"collection":[{"href":"https:\/\/www.africa-press.net\/cameroun\/wp-json\/wp\/v2\/posts"}],"about":[{"href":"https:\/\/www.africa-press.net\/cameroun\/wp-json\/wp\/v2\/types\/post"}],"author":[{"embeddable":true,"href":"https:\/\/www.africa-press.net\/cameroun\/wp-json\/wp\/v2\/users\/82"}],"replies":[{"embeddable":true,"href":"https:\/\/www.africa-press.net\/cameroun\/wp-json\/wp\/v2\/comments?post=39190"}],"version-history":[{"count":0,"href":"https:\/\/www.africa-press.net\/cameroun\/wp-json\/wp\/v2\/posts\/39190\/revisions"}],"wp:featuredmedia":[{"embeddable":true,"href":"https:\/\/www.africa-press.net\/cameroun\/wp-json\/wp\/v2\/media\/39188"}],"wp:attachment":[{"href":"https:\/\/www.africa-press.net\/cameroun\/wp-json\/wp\/v2\/media?parent=39190"}],"wp:term":[{"taxonomy":"category","embeddable":true,"href":"https:\/\/www.africa-press.net\/cameroun\/wp-json\/wp\/v2\/categories?post=39190"},{"taxonomy":"post_tag","embeddable":true,"href":"https:\/\/www.africa-press.net\/cameroun\/wp-json\/wp\/v2\/tags?post=39190"}],"curies":[{"name":"wp","href":"https:\/\/api.w.org\/{rel}","templated":true}]}}