{"id":39195,"date":"2023-03-13T19:32:00","date_gmt":"2023-03-13T19:32:00","guid":{"rendered":"https:\/\/www.africa-press.net\/cameroun\/politique\/cameroun-necrologie-alphonse-beni-quitte-la-scene-a-77-ans"},"modified":"2023-03-13T19:58:46","modified_gmt":"2023-03-13T19:58:46","slug":"cameroun-necrologie-alphonse-beni-quitte-la-scene-a-77-ans","status":"publish","type":"post","link":"https:\/\/www.africa-press.net\/cameroun\/toutes-les-actualites\/cameroun-necrologie-alphonse-beni-quitte-la-scene-a-77-ans","title":{"rendered":"Cameroun-N\u00e9crologie : Alphonse Beni quitte la sc\u00e8ne \u00e0 77 ans"},"content":{"rendered":"<p><span style=\"color: #ff6600\"><strong>Africa-Press &#8211; Cameroun. <\/strong><\/span><b>Le cine\u0301ma camerounais est en deuil<\/b>. <b>Le cine\u0301aste camerounais Alphonse Beni est de\u0301ce\u0301de\u0301 dimanche 12 mars 2023 des suites de longue maladie. <\/b><\/p>\n<p>L\u2019un des pionniers du septie\u0300me art au Cameroun a tire\u0301 sa re\u0301ve\u0301rence dimanche des suites de maladie. Lors de l\u2019e\u0301dition 2021 du Festival Ecrans Noirs au Cameroun, Alphonse Beni a rec\u0327u l\u2019Ecran d\u2019Honneur pour l\u2019ensemble de son \u0153uvre.<\/p>\n<p>C\u2019est en 1971 que celui qu\u2019on appelait affectueusement le \u00ab Ninja noir \u00bb pour avoir joue\u0301 ledit ro\u0302le dans \u00ab Black Ninja \u00bb, a commence\u0301 a\u0300 produire et re\u0301aliser les films. Il s\u2019est fait un nom a\u0300 Hong-Kong et a\u0300 Hollywood en donnant bla re\u0301plique dans les films \u00ab Ultime violence \u00bb, \u00ab Knight and Warriors \u00bb, \u00ab Top mission \u00bb ou encore \u00ab Power force \u00bb.<\/p>\n<p>Malgre\u0301 sa flamboyante carrie\u0300re d\u2019acteur dans les films dits \u00ab d\u2019actions \u00bb et dans les come\u0301dies e\u0301rotiques d\u2019Eurocine\u0301, Alphonse Beni s\u2019est lance\u0301 dans la re\u0301alisation, sa ve\u0301ritable passion. Il commence sa carrie\u0300re au Cameroun ou\u0300 il tourne plusieurs courts me\u0301trages avant de partir en France. Ainsi, Alphonse Beni peut-il e\u0302tre conside\u0301re\u0301 comme un ve\u0301ritable pionnier du cine\u0301ma camerounais, lui qui commence a\u0300 produire et re\u0301aliser des courts-me\u0301trages de fiction de\u0300s 1971 \u00ab Fureur au poing, \u00ab Un Enfant noir \u00bb. Il passe au long format en 1974 avec \u00ab Les mecs, les flics, les putains \u00bb.<\/p>\n<p><b>Filmographie<\/b><br \/>\n<b>En tant qu\u2019acteur<\/b><\/p>\n<p>1985: Cameroon Connection<\/p>\n<p>1985: African Fever<\/p>\n<p>1986 : Chasse a\u0300 l\u2019homme<\/p>\n<p>1987 : Top Mission<\/p>\n<p>1987 : Black Ninja<\/p>\n<p>1991 : Power Force<\/p>\n<p>2005 : La de\u0301chirure<\/p>\n<p><b>En tant que re\u0301alisateur <\/b><\/p>\n<p>1976 : Les 69 positions<\/p>\n<p>1979: Dance My Love<\/p>\n<p>1980: Anna Makossa<\/p>\n<p>1985: Cameroon Connection<\/p>\n<p>1985: African Fever<\/p>\n<p>2005: La de\u0301chirure<\/p>\n<p>2008: La de\u0301chirure 2: Parfait amour<\/p>\n<p>2008: Red Bad Boys<\/p>\n<p>2011: Les veuves volontaires<\/p>\n<p>2017: Ils ont mange\u0301 mon fils<\/p>\n<p><strong>Pour plus d&rsquo;informations et d&rsquo;analyses sur la <a href=\"https:\/\/www.africa-press.net\/cameroun\">Cameroun<\/a>, suivez <a href=\"https:\/\/www.africa-press.net\/\">Africa-Press<\/a><\/strong><\/p>\n","protected":false},"excerpt":{"rendered":"<p>Africa-Press &#8211; Cameroun. Le cine\u0301ma camerounais est en deuil. Le cine\u0301aste camerounais Alphonse Beni est de\u0301ce\u0301de\u0301 dimanche 12 mars 2023 des suites de longue maladie. L\u2019un des pionniers du septie\u0300me art au Cameroun a tire\u0301 sa re\u0301ve\u0301rence dimanche des suites de maladie. Lors de l\u2019e\u0301dition 2021 du Festival Ecrans Noirs au Cameroun, Alphonse Beni a [&hellip;]<\/p>\n","protected":false},"author":82,"featured_media":39194,"comment_status":"open","ping_status":"closed","sticky":false,"template":"","format":"standard","meta":{"footnotes":""},"categories":[21,10],"tags":[36,50,49],"class_list":["post-39195","post","type-post","status-publish","format-standard","has-post-thumbnail","hentry","category-communaute","category-toutes-les-actualites","tag-africa-press","tag-africa-press-cameroun","tag-cameroun"],"yoast_head":"<!-- This site is optimized with the Yoast SEO Premium plugin v26.1 (Yoast SEO v27.0) - https:\/\/yoast.com\/product\/yoast-seo-premium-wordpress\/ -->\n<title>Cameroun-N\u00e9crologie : Alphonse Beni quitte la sc\u00e8ne \u00e0 77 ans - Cameroun<\/title>\n<meta name=\"description\" content=\"Le cine\u0301ma camerounais est en deuil. Le cine\u0301aste camerounais Alphonse Beni est de\u0301ce\u0301de\u0301 dimanche 12 mars 202 ...\" \/>\n<meta name=\"robots\" content=\"index, follow, max-snippet:-1, max-image-preview:large, max-video-preview:-1\" \/>\n<link rel=\"canonical\" href=\"https:\/\/www.africa-press.net\/cameroun\/toutes-les-actualites\/cameroun-necrologie-alphonse-beni-quitte-la-scene-a-77-ans\" \/>\n<meta property=\"og:locale\" content=\"fr_FR\" \/>\n<meta property=\"og:type\" content=\"article\" \/>\n<meta property=\"og:title\" content=\"Cameroun-N\u00e9crologie : Alphonse Beni quitte la sc\u00e8ne \u00e0 77 ans\" \/>\n<meta property=\"og:description\" content=\"Le cine\u0301ma camerounais est en deuil. Le cine\u0301aste camerounais Alphonse Beni est de\u0301ce\u0301de\u0301 dimanche 12 mars 202 ...\" \/>\n<meta property=\"og:url\" content=\"https:\/\/www.africa-press.net\/cameroun\/toutes-les-actualites\/cameroun-necrologie-alphonse-beni-quitte-la-scene-a-77-ans\" \/>\n<meta property=\"og:site_name\" content=\"Cameroun\" \/>\n<meta property=\"article:published_time\" content=\"2023-03-13T19:32:00+00:00\" \/>\n<meta property=\"article:modified_time\" content=\"2023-03-13T19:58:46+00:00\" \/>\n<meta property=\"og:image\" content=\"https:\/\/static.africa-press.net\/cameroun\/sites\/57\/2023\/03\/postQueueImg_1678723329.93.jpg\" \/>\n\t<meta property=\"og:image:width\" content=\"720\" \/>\n\t<meta property=\"og:image:height\" content=\"480\" \/>\n\t<meta property=\"og:image:type\" content=\"image\/jpeg\" \/>\n<meta name=\"author\" content=\"cfeditorfr\" \/>\n<meta name=\"twitter:card\" content=\"summary_large_image\" \/>\n<meta name=\"twitter:label1\" content=\"\u00c9crit par\" \/>\n\t<meta name=\"twitter:data1\" content=\"cfeditorfr\" \/>\n\t<meta name=\"twitter:label2\" content=\"Dur\u00e9e de lecture estim\u00e9e\" \/>\n\t<meta name=\"twitter:data2\" content=\"2 minutes\" \/>\n<script type=\"application\/ld+json\" class=\"yoast-schema-graph\">{\"@context\":\"https:\/\/schema.org\",\"@graph\":[{\"@type\":\"Article\",\"@id\":\"https:\/\/www.africa-press.net\/cameroun\/toutes-les-actualites\/cameroun-necrologie-alphonse-beni-quitte-la-scene-a-77-ans#article\",\"isPartOf\":{\"@id\":\"https:\/\/www.africa-press.net\/cameroun\/toutes-les-actualites\/cameroun-necrologie-alphonse-beni-quitte-la-scene-a-77-ans\"},\"author\":{\"name\":\"cfeditorfr\",\"@id\":\"https:\/\/www.africa-press.net\/cameroun\/#\/schema\/person\/2b1cf3cd81a31e3cd26889ca66d677f1\"},\"headline\":\"Cameroun-N\u00e9crologie : Alphonse Beni quitte la sc\u00e8ne \u00e0 77 ans\",\"datePublished\":\"2023-03-13T19:32:00+00:00\",\"dateModified\":\"2023-03-13T19:58:46+00:00\",\"mainEntityOfPage\":{\"@id\":\"https:\/\/www.africa-press.net\/cameroun\/toutes-les-actualites\/cameroun-necrologie-alphonse-beni-quitte-la-scene-a-77-ans\"},\"wordCount\":317,\"commentCount\":0,\"image\":{\"@id\":\"https:\/\/www.africa-press.net\/cameroun\/toutes-les-actualites\/cameroun-necrologie-alphonse-beni-quitte-la-scene-a-77-ans#primaryimage\"},\"thumbnailUrl\":\"https:\/\/static.africa-press.net\/cameroun\/sites\/57\/2023\/03\/postQueueImg_1678723329.93.jpg\",\"keywords\":[\"Africa Press\",\"Africa Press-Cameroun\",\"Cameroun\"],\"articleSection\":[\"Communaut\u00e9\",\"Toutes les actualit\u00e9s\"],\"inLanguage\":\"fr-FR\",\"potentialAction\":[{\"@type\":\"CommentAction\",\"name\":\"Comment\",\"target\":[\"https:\/\/www.africa-press.net\/cameroun\/toutes-les-actualites\/cameroun-necrologie-alphonse-beni-quitte-la-scene-a-77-ans#respond\"]}]},{\"@type\":\"WebPage\",\"@id\":\"https:\/\/www.africa-press.net\/cameroun\/toutes-les-actualites\/cameroun-necrologie-alphonse-beni-quitte-la-scene-a-77-ans\",\"url\":\"https:\/\/www.africa-press.net\/cameroun\/toutes-les-actualites\/cameroun-necrologie-alphonse-beni-quitte-la-scene-a-77-ans\",\"name\":\"Cameroun-N\u00e9crologie : Alphonse Beni quitte la sc\u00e8ne \u00e0 77 ans - Cameroun\",\"isPartOf\":{\"@id\":\"https:\/\/www.africa-press.net\/cameroun\/#website\"},\"primaryImageOfPage\":{\"@id\":\"https:\/\/www.africa-press.net\/cameroun\/toutes-les-actualites\/cameroun-necrologie-alphonse-beni-quitte-la-scene-a-77-ans#primaryimage\"},\"image\":{\"@id\":\"https:\/\/www.africa-press.net\/cameroun\/toutes-les-actualites\/cameroun-necrologie-alphonse-beni-quitte-la-scene-a-77-ans#primaryimage\"},\"thumbnailUrl\":\"https:\/\/static.africa-press.net\/cameroun\/sites\/57\/2023\/03\/postQueueImg_1678723329.93.jpg\",\"datePublished\":\"2023-03-13T19:32:00+00:00\",\"dateModified\":\"2023-03-13T19:58:46+00:00\",\"author\":{\"@id\":\"https:\/\/www.africa-press.net\/cameroun\/#\/schema\/person\/2b1cf3cd81a31e3cd26889ca66d677f1\"},\"description\":\"Le cine\u0301ma camerounais est en deuil. Le cine\u0301aste camerounais Alphonse Beni est de\u0301ce\u0301de\u0301 dimanche 12 mars 202 ...\",\"breadcrumb\":{\"@id\":\"https:\/\/www.africa-press.net\/cameroun\/toutes-les-actualites\/cameroun-necrologie-alphonse-beni-quitte-la-scene-a-77-ans#breadcrumb\"},\"inLanguage\":\"fr-FR\",\"potentialAction\":[{\"@type\":\"ReadAction\",\"target\":[\"https:\/\/www.africa-press.net\/cameroun\/toutes-les-actualites\/cameroun-necrologie-alphonse-beni-quitte-la-scene-a-77-ans\"]}]},{\"@type\":\"ImageObject\",\"inLanguage\":\"fr-FR\",\"@id\":\"https:\/\/www.africa-press.net\/cameroun\/toutes-les-actualites\/cameroun-necrologie-alphonse-beni-quitte-la-scene-a-77-ans#primaryimage\",\"url\":\"https:\/\/static.africa-press.net\/cameroun\/sites\/57\/2023\/03\/postQueueImg_1678723329.93.jpg\",\"contentUrl\":\"https:\/\/static.africa-press.net\/cameroun\/sites\/57\/2023\/03\/postQueueImg_1678723329.93.jpg\",\"width\":720,\"height\":480,\"caption\":\"Cameroun-N\u00e9crologie : Alphonse Beni quitte la sc\u00e8ne \u00e0 77 ans\"},{\"@type\":\"BreadcrumbList\",\"@id\":\"https:\/\/www.africa-press.net\/cameroun\/toutes-les-actualites\/cameroun-necrologie-alphonse-beni-quitte-la-scene-a-77-ans#breadcrumb\",\"itemListElement\":[{\"@type\":\"ListItem\",\"position\":1,\"name\":\"Accueil\",\"item\":\"https:\/\/www.africa-press.net\/cameroun\/\"},{\"@type\":\"ListItem\",\"position\":2,\"name\":\"Cameroun-N\u00e9crologie : Alphonse Beni quitte la sc\u00e8ne \u00e0 77 ans\"}]},{\"@type\":\"WebSite\",\"@id\":\"https:\/\/www.africa-press.net\/cameroun\/#website\",\"url\":\"https:\/\/www.africa-press.net\/cameroun\/\",\"name\":\"Cameroun\",\"description\":\"Just another Africa News Agency Sites site\",\"potentialAction\":[{\"@type\":\"SearchAction\",\"target\":{\"@type\":\"EntryPoint\",\"urlTemplate\":\"https:\/\/www.africa-press.net\/cameroun\/?s={search_term_string}\"},\"query-input\":{\"@type\":\"PropertyValueSpecification\",\"valueRequired\":true,\"valueName\":\"search_term_string\"}}],\"inLanguage\":\"fr-FR\"},{\"@type\":\"Person\",\"@id\":\"https:\/\/www.africa-press.net\/cameroun\/#\/schema\/person\/2b1cf3cd81a31e3cd26889ca66d677f1\",\"name\":\"cfeditorfr\"}]}<\/script>\n<!-- \/ Yoast SEO Premium plugin. -->","yoast_head_json":{"title":"Cameroun-N\u00e9crologie : Alphonse Beni quitte la sc\u00e8ne \u00e0 77 ans - Cameroun","description":"Le cine\u0301ma camerounais est en deuil. Le cine\u0301aste camerounais Alphonse Beni est de\u0301ce\u0301de\u0301 dimanche 12 mars 202 ...","robots":{"index":"index","follow":"follow","max-snippet":"max-snippet:-1","max-image-preview":"max-image-preview:large","max-video-preview":"max-video-preview:-1"},"canonical":"https:\/\/www.africa-press.net\/cameroun\/toutes-les-actualites\/cameroun-necrologie-alphonse-beni-quitte-la-scene-a-77-ans","og_locale":"fr_FR","og_type":"article","og_title":"Cameroun-N\u00e9crologie : Alphonse Beni quitte la sc\u00e8ne \u00e0 77 ans","og_description":"Le cine\u0301ma camerounais est en deuil. Le cine\u0301aste camerounais Alphonse Beni est de\u0301ce\u0301de\u0301 dimanche 12 mars 202 ...","og_url":"https:\/\/www.africa-press.net\/cameroun\/toutes-les-actualites\/cameroun-necrologie-alphonse-beni-quitte-la-scene-a-77-ans","og_site_name":"Cameroun","article_published_time":"2023-03-13T19:32:00+00:00","article_modified_time":"2023-03-13T19:58:46+00:00","og_image":[{"width":720,"height":480,"url":"https:\/\/static.africa-press.net\/cameroun\/sites\/57\/2023\/03\/postQueueImg_1678723329.93.jpg","type":"image\/jpeg"}],"author":"cfeditorfr","twitter_card":"summary_large_image","twitter_misc":{"\u00c9crit par":"cfeditorfr","Dur\u00e9e de lecture estim\u00e9e":"2 minutes"},"schema":{"@context":"https:\/\/schema.org","@graph":[{"@type":"Article","@id":"https:\/\/www.africa-press.net\/cameroun\/toutes-les-actualites\/cameroun-necrologie-alphonse-beni-quitte-la-scene-a-77-ans#article","isPartOf":{"@id":"https:\/\/www.africa-press.net\/cameroun\/toutes-les-actualites\/cameroun-necrologie-alphonse-beni-quitte-la-scene-a-77-ans"},"author":{"name":"cfeditorfr","@id":"https:\/\/www.africa-press.net\/cameroun\/#\/schema\/person\/2b1cf3cd81a31e3cd26889ca66d677f1"},"headline":"Cameroun-N\u00e9crologie : Alphonse Beni quitte la sc\u00e8ne \u00e0 77 ans","datePublished":"2023-03-13T19:32:00+00:00","dateModified":"2023-03-13T19:58:46+00:00","mainEntityOfPage":{"@id":"https:\/\/www.africa-press.net\/cameroun\/toutes-les-actualites\/cameroun-necrologie-alphonse-beni-quitte-la-scene-a-77-ans"},"wordCount":317,"commentCount":0,"image":{"@id":"https:\/\/www.africa-press.net\/cameroun\/toutes-les-actualites\/cameroun-necrologie-alphonse-beni-quitte-la-scene-a-77-ans#primaryimage"},"thumbnailUrl":"https:\/\/static.africa-press.net\/cameroun\/sites\/57\/2023\/03\/postQueueImg_1678723329.93.jpg","keywords":["Africa Press","Africa Press-Cameroun","Cameroun"],"articleSection":["Communaut\u00e9","Toutes les actualit\u00e9s"],"inLanguage":"fr-FR","potentialAction":[{"@type":"CommentAction","name":"Comment","target":["https:\/\/www.africa-press.net\/cameroun\/toutes-les-actualites\/cameroun-necrologie-alphonse-beni-quitte-la-scene-a-77-ans#respond"]}]},{"@type":"WebPage","@id":"https:\/\/www.africa-press.net\/cameroun\/toutes-les-actualites\/cameroun-necrologie-alphonse-beni-quitte-la-scene-a-77-ans","url":"https:\/\/www.africa-press.net\/cameroun\/toutes-les-actualites\/cameroun-necrologie-alphonse-beni-quitte-la-scene-a-77-ans","name":"Cameroun-N\u00e9crologie : Alphonse Beni quitte la sc\u00e8ne \u00e0 77 ans - Cameroun","isPartOf":{"@id":"https:\/\/www.africa-press.net\/cameroun\/#website"},"primaryImageOfPage":{"@id":"https:\/\/www.africa-press.net\/cameroun\/toutes-les-actualites\/cameroun-necrologie-alphonse-beni-quitte-la-scene-a-77-ans#primaryimage"},"image":{"@id":"https:\/\/www.africa-press.net\/cameroun\/toutes-les-actualites\/cameroun-necrologie-alphonse-beni-quitte-la-scene-a-77-ans#primaryimage"},"thumbnailUrl":"https:\/\/static.africa-press.net\/cameroun\/sites\/57\/2023\/03\/postQueueImg_1678723329.93.jpg","datePublished":"2023-03-13T19:32:00+00:00","dateModified":"2023-03-13T19:58:46+00:00","author":{"@id":"https:\/\/www.africa-press.net\/cameroun\/#\/schema\/person\/2b1cf3cd81a31e3cd26889ca66d677f1"},"description":"Le cine\u0301ma camerounais est en deuil. Le cine\u0301aste camerounais Alphonse Beni est de\u0301ce\u0301de\u0301 dimanche 12 mars 202 ...","breadcrumb":{"@id":"https:\/\/www.africa-press.net\/cameroun\/toutes-les-actualites\/cameroun-necrologie-alphonse-beni-quitte-la-scene-a-77-ans#breadcrumb"},"inLanguage":"fr-FR","potentialAction":[{"@type":"ReadAction","target":["https:\/\/www.africa-press.net\/cameroun\/toutes-les-actualites\/cameroun-necrologie-alphonse-beni-quitte-la-scene-a-77-ans"]}]},{"@type":"ImageObject","inLanguage":"fr-FR","@id":"https:\/\/www.africa-press.net\/cameroun\/toutes-les-actualites\/cameroun-necrologie-alphonse-beni-quitte-la-scene-a-77-ans#primaryimage","url":"https:\/\/static.africa-press.net\/cameroun\/sites\/57\/2023\/03\/postQueueImg_1678723329.93.jpg","contentUrl":"https:\/\/static.africa-press.net\/cameroun\/sites\/57\/2023\/03\/postQueueImg_1678723329.93.jpg","width":720,"height":480,"caption":"Cameroun-N\u00e9crologie : Alphonse Beni quitte la sc\u00e8ne \u00e0 77 ans"},{"@type":"BreadcrumbList","@id":"https:\/\/www.africa-press.net\/cameroun\/toutes-les-actualites\/cameroun-necrologie-alphonse-beni-quitte-la-scene-a-77-ans#breadcrumb","itemListElement":[{"@type":"ListItem","position":1,"name":"Accueil","item":"https:\/\/www.africa-press.net\/cameroun\/"},{"@type":"ListItem","position":2,"name":"Cameroun-N\u00e9crologie : Alphonse Beni quitte la sc\u00e8ne \u00e0 77 ans"}]},{"@type":"WebSite","@id":"https:\/\/www.africa-press.net\/cameroun\/#website","url":"https:\/\/www.africa-press.net\/cameroun\/","name":"Cameroun","description":"Just another Africa News Agency Sites site","potentialAction":[{"@type":"SearchAction","target":{"@type":"EntryPoint","urlTemplate":"https:\/\/www.africa-press.net\/cameroun\/?s={search_term_string}"},"query-input":{"@type":"PropertyValueSpecification","valueRequired":true,"valueName":"search_term_string"}}],"inLanguage":"fr-FR"},{"@type":"Person","@id":"https:\/\/www.africa-press.net\/cameroun\/#\/schema\/person\/2b1cf3cd81a31e3cd26889ca66d677f1","name":"cfeditorfr"}]}},"_links":{"self":[{"href":"https:\/\/www.africa-press.net\/cameroun\/wp-json\/wp\/v2\/posts\/39195","targetHints":{"allow":["GET"]}}],"collection":[{"href":"https:\/\/www.africa-press.net\/cameroun\/wp-json\/wp\/v2\/posts"}],"about":[{"href":"https:\/\/www.africa-press.net\/cameroun\/wp-json\/wp\/v2\/types\/post"}],"author":[{"embeddable":true,"href":"https:\/\/www.africa-press.net\/cameroun\/wp-json\/wp\/v2\/users\/82"}],"replies":[{"embeddable":true,"href":"https:\/\/www.africa-press.net\/cameroun\/wp-json\/wp\/v2\/comments?post=39195"}],"version-history":[{"count":0,"href":"https:\/\/www.africa-press.net\/cameroun\/wp-json\/wp\/v2\/posts\/39195\/revisions"}],"wp:featuredmedia":[{"embeddable":true,"href":"https:\/\/www.africa-press.net\/cameroun\/wp-json\/wp\/v2\/media\/39194"}],"wp:attachment":[{"href":"https:\/\/www.africa-press.net\/cameroun\/wp-json\/wp\/v2\/media?parent=39195"}],"wp:term":[{"taxonomy":"category","embeddable":true,"href":"https:\/\/www.africa-press.net\/cameroun\/wp-json\/wp\/v2\/categories?post=39195"},{"taxonomy":"post_tag","embeddable":true,"href":"https:\/\/www.africa-press.net\/cameroun\/wp-json\/wp\/v2\/tags?post=39195"}],"curies":[{"name":"wp","href":"https:\/\/api.w.org\/{rel}","templated":true}]}}