{"id":39198,"date":"2023-03-13T19:32:15","date_gmt":"2023-03-13T19:32:15","guid":{"rendered":"https:\/\/www.africa-press.net\/cameroun\/politique\/cameroun-senatoriales-2023-apres-le-vote-voici-la-suite-du-processus"},"modified":"2023-03-13T19:59:05","modified_gmt":"2023-03-13T19:59:05","slug":"cameroun-senatoriales-2023-apres-le-vote-voici-la-suite-du-processus","status":"publish","type":"post","link":"https:\/\/www.africa-press.net\/cameroun\/politique\/cameroun-senatoriales-2023-apres-le-vote-voici-la-suite-du-processus","title":{"rendered":"Cameroun-s\u00e9natoriales 2023 : apr\u00e8s le vote, voici la suite  du processus"},"content":{"rendered":"<p><span style=\"color: #ff6600\"><strong>Africa-Press &#8211; Cameroun. <\/strong><\/span>Au terme du scrutin du dimanche 12 mars 2023, le calendrier e\u0301lectoral pre\u0301voit plusieurs de\u0301marches et rendez-vous.<\/p>\n<p>Le colle\u0300ge e\u0301lectoral constitue\u0301 des conseillers municipaux et des conseillers re\u0301gionaux a re\u0301pondu pre\u0301sent le 12 mars 2023 a\u0300 la convocation du chef de l\u2019Etat signe\u0301e du 13 janvier dernier. Selon le directeur ge\u0301ne\u0301ral des e\u0301lections Erik Essousse, 11 138 e\u0301lecteurs e\u0301taient attendus aux urnes dans les chefs-lieux des 58 de\u0301partements du pays. Au terme du vote, la suite du processus e\u0301lectoral pre\u0301voit plusieurs actions.<\/p>\n<p>En effet, au terme du scrutin, s\u2019en est suivie centralisation des <b>re\u0301sultats de l\u2019e\u0301lection<\/b>, puis transmission et acheminement a\u0300 la de\u0301le\u0301gation re\u0301gionale <b>Elecam<\/b>. Au plus tard le 14 mars, les proce\u0300s-verbaux doivent e\u0302tre transmis a\u0300 la Commission de re\u0301gionale de supervision. Apre\u0300s les travaux de ladite commission, elle transmet les proce\u0300s-verbaux a\u0300 la <b>Commission ge\u0301ne\u0301rale de recensement des votes<\/b> au plus tard le 17 mars 2023. Entre le 12 et le 14 mars 2023, les partis politiques, candidats ou institutions ayant qualite\u0301 ont la possibilite\u0301 de saisir le Conseil constitutionnel en vue du <b>contentieux post-e\u0301lectoral<\/b>.<\/p>\n<p>Le Conseil constitutionnel tiendra sa se\u0301ance de travail du 22 au 27 mars au plus tard. L\u2019institution va proce\u0301der a\u0300 la proclamation des <b>re\u0301sultats de l\u2019e\u0301lection des se\u0301nateurs du 12 mars 2023<\/b>, le lundi 27 mars 2023 au plus tard. Le 6 avril, le pre\u0301sident de la Re\u0301publique nomme par de\u0301cret les 30 autres se\u0301nateurs. La session ordinaire de plein droit du Se\u0301nat s\u2019ouvrira ainsi le 11 avril 2023.<\/p>\n<p><strong>Pour plus d&rsquo;informations et d&rsquo;analyses sur la <a href=\"https:\/\/www.africa-press.net\/cameroun\">Cameroun<\/a>, suivez <a href=\"https:\/\/www.africa-press.net\/\">Africa-Press<\/a><\/strong><\/p>\n","protected":false},"excerpt":{"rendered":"<p>Africa-Press &#8211; Cameroun. Au terme du scrutin du dimanche 12 mars 2023, le calendrier e\u0301lectoral pre\u0301voit plusieurs de\u0301marches et rendez-vous. Le colle\u0300ge e\u0301lectoral constitue\u0301 des conseillers municipaux et des conseillers re\u0301gionaux a re\u0301pondu pre\u0301sent le 12 mars 2023 a\u0300 la convocation du chef de l\u2019Etat signe\u0301e du 13 janvier dernier. Selon le directeur ge\u0301ne\u0301ral des [&hellip;]<\/p>\n","protected":false},"author":82,"featured_media":39197,"comment_status":"open","ping_status":"closed","sticky":false,"template":"","format":"standard","meta":{"footnotes":""},"categories":[2,10],"tags":[36,50,49],"class_list":["post-39198","post","type-post","status-publish","format-standard","has-post-thumbnail","hentry","category-politique","category-toutes-les-actualites","tag-africa-press","tag-africa-press-cameroun","tag-cameroun"],"yoast_head":"<!-- This site is optimized with the Yoast SEO Premium plugin v26.1 (Yoast SEO v27.0) - https:\/\/yoast.com\/product\/yoast-seo-premium-wordpress\/ -->\n<title>Cameroun-s\u00e9natoriales 2023 : apr\u00e8s le vote, voici la suite du processus - Cameroun<\/title>\n<meta name=\"description\" content=\"Au terme du scrutin du dimanche 12 mars 2023, le calendrier e\u0301lectoral pre\u0301voit plusieurs de\u0301marches et rendez-vous. Le ...\" \/>\n<meta name=\"robots\" content=\"index, follow, max-snippet:-1, max-image-preview:large, max-video-preview:-1\" \/>\n<link rel=\"canonical\" href=\"https:\/\/www.africa-press.net\/cameroun\/politique\/cameroun-senatoriales-2023-apres-le-vote-voici-la-suite-du-processus\" \/>\n<meta property=\"og:locale\" content=\"fr_FR\" \/>\n<meta property=\"og:type\" content=\"article\" \/>\n<meta property=\"og:title\" content=\"Cameroun-s\u00e9natoriales 2023 : apr\u00e8s le vote, voici la suite du processus\" \/>\n<meta property=\"og:description\" content=\"Au terme du scrutin du dimanche 12 mars 2023, le calendrier e\u0301lectoral pre\u0301voit plusieurs de\u0301marches et rendez-vous. Le ...\" \/>\n<meta property=\"og:url\" content=\"https:\/\/www.africa-press.net\/cameroun\/politique\/cameroun-senatoriales-2023-apres-le-vote-voici-la-suite-du-processus\" \/>\n<meta property=\"og:site_name\" content=\"Cameroun\" \/>\n<meta property=\"article:published_time\" content=\"2023-03-13T19:32:15+00:00\" \/>\n<meta property=\"article:modified_time\" content=\"2023-03-13T19:59:05+00:00\" \/>\n<meta property=\"og:image\" content=\"https:\/\/static.africa-press.net\/cameroun\/sites\/57\/2023\/03\/postQueueImg_1678723338.22.jpg\" \/>\n\t<meta property=\"og:image:width\" content=\"720\" \/>\n\t<meta property=\"og:image:height\" content=\"422\" \/>\n\t<meta property=\"og:image:type\" content=\"image\/jpeg\" \/>\n<meta name=\"author\" content=\"cfeditorfr\" \/>\n<meta name=\"twitter:card\" content=\"summary_large_image\" \/>\n<meta name=\"twitter:label1\" content=\"\u00c9crit par\" \/>\n\t<meta name=\"twitter:data1\" content=\"cfeditorfr\" \/>\n\t<meta name=\"twitter:label2\" content=\"Dur\u00e9e de lecture estim\u00e9e\" \/>\n\t<meta name=\"twitter:data2\" content=\"1 minute\" \/>\n<script type=\"application\/ld+json\" class=\"yoast-schema-graph\">{\"@context\":\"https:\/\/schema.org\",\"@graph\":[{\"@type\":\"Article\",\"@id\":\"https:\/\/www.africa-press.net\/cameroun\/politique\/cameroun-senatoriales-2023-apres-le-vote-voici-la-suite-du-processus#article\",\"isPartOf\":{\"@id\":\"https:\/\/www.africa-press.net\/cameroun\/politique\/cameroun-senatoriales-2023-apres-le-vote-voici-la-suite-du-processus\"},\"author\":{\"name\":\"cfeditorfr\",\"@id\":\"https:\/\/www.africa-press.net\/cameroun\/#\/schema\/person\/2b1cf3cd81a31e3cd26889ca66d677f1\"},\"headline\":\"Cameroun-s\u00e9natoriales 2023 : apr\u00e8s le vote, voici la suite du processus\",\"datePublished\":\"2023-03-13T19:32:15+00:00\",\"dateModified\":\"2023-03-13T19:59:05+00:00\",\"mainEntityOfPage\":{\"@id\":\"https:\/\/www.africa-press.net\/cameroun\/politique\/cameroun-senatoriales-2023-apres-le-vote-voici-la-suite-du-processus\"},\"wordCount\":294,\"commentCount\":0,\"image\":{\"@id\":\"https:\/\/www.africa-press.net\/cameroun\/politique\/cameroun-senatoriales-2023-apres-le-vote-voici-la-suite-du-processus#primaryimage\"},\"thumbnailUrl\":\"https:\/\/static.africa-press.net\/cameroun\/sites\/57\/2023\/03\/postQueueImg_1678723338.22.jpg\",\"keywords\":[\"Africa Press\",\"Africa Press-Cameroun\",\"Cameroun\"],\"articleSection\":[\"Politique\",\"Toutes les actualit\u00e9s\"],\"inLanguage\":\"fr-FR\",\"potentialAction\":[{\"@type\":\"CommentAction\",\"name\":\"Comment\",\"target\":[\"https:\/\/www.africa-press.net\/cameroun\/politique\/cameroun-senatoriales-2023-apres-le-vote-voici-la-suite-du-processus#respond\"]}]},{\"@type\":\"WebPage\",\"@id\":\"https:\/\/www.africa-press.net\/cameroun\/politique\/cameroun-senatoriales-2023-apres-le-vote-voici-la-suite-du-processus\",\"url\":\"https:\/\/www.africa-press.net\/cameroun\/politique\/cameroun-senatoriales-2023-apres-le-vote-voici-la-suite-du-processus\",\"name\":\"Cameroun-s\u00e9natoriales 2023 : apr\u00e8s le vote, voici la suite du processus - Cameroun\",\"isPartOf\":{\"@id\":\"https:\/\/www.africa-press.net\/cameroun\/#website\"},\"primaryImageOfPage\":{\"@id\":\"https:\/\/www.africa-press.net\/cameroun\/politique\/cameroun-senatoriales-2023-apres-le-vote-voici-la-suite-du-processus#primaryimage\"},\"image\":{\"@id\":\"https:\/\/www.africa-press.net\/cameroun\/politique\/cameroun-senatoriales-2023-apres-le-vote-voici-la-suite-du-processus#primaryimage\"},\"thumbnailUrl\":\"https:\/\/static.africa-press.net\/cameroun\/sites\/57\/2023\/03\/postQueueImg_1678723338.22.jpg\",\"datePublished\":\"2023-03-13T19:32:15+00:00\",\"dateModified\":\"2023-03-13T19:59:05+00:00\",\"author\":{\"@id\":\"https:\/\/www.africa-press.net\/cameroun\/#\/schema\/person\/2b1cf3cd81a31e3cd26889ca66d677f1\"},\"description\":\"Au terme du scrutin du dimanche 12 mars 2023, le calendrier e\u0301lectoral pre\u0301voit plusieurs de\u0301marches et rendez-vous. Le ...\",\"breadcrumb\":{\"@id\":\"https:\/\/www.africa-press.net\/cameroun\/politique\/cameroun-senatoriales-2023-apres-le-vote-voici-la-suite-du-processus#breadcrumb\"},\"inLanguage\":\"fr-FR\",\"potentialAction\":[{\"@type\":\"ReadAction\",\"target\":[\"https:\/\/www.africa-press.net\/cameroun\/politique\/cameroun-senatoriales-2023-apres-le-vote-voici-la-suite-du-processus\"]}]},{\"@type\":\"ImageObject\",\"inLanguage\":\"fr-FR\",\"@id\":\"https:\/\/www.africa-press.net\/cameroun\/politique\/cameroun-senatoriales-2023-apres-le-vote-voici-la-suite-du-processus#primaryimage\",\"url\":\"https:\/\/static.africa-press.net\/cameroun\/sites\/57\/2023\/03\/postQueueImg_1678723338.22.jpg\",\"contentUrl\":\"https:\/\/static.africa-press.net\/cameroun\/sites\/57\/2023\/03\/postQueueImg_1678723338.22.jpg\",\"width\":720,\"height\":422,\"caption\":\"Cameroun-s\u00e9natoriales 2023 : apr\u00e8s le vote, voici la suite du processus\"},{\"@type\":\"BreadcrumbList\",\"@id\":\"https:\/\/www.africa-press.net\/cameroun\/politique\/cameroun-senatoriales-2023-apres-le-vote-voici-la-suite-du-processus#breadcrumb\",\"itemListElement\":[{\"@type\":\"ListItem\",\"position\":1,\"name\":\"Accueil\",\"item\":\"https:\/\/www.africa-press.net\/cameroun\/\"},{\"@type\":\"ListItem\",\"position\":2,\"name\":\"Cameroun-s\u00e9natoriales 2023 : apr\u00e8s le vote, voici la suite du processus\"}]},{\"@type\":\"WebSite\",\"@id\":\"https:\/\/www.africa-press.net\/cameroun\/#website\",\"url\":\"https:\/\/www.africa-press.net\/cameroun\/\",\"name\":\"Cameroun\",\"description\":\"Just another Africa News Agency Sites site\",\"potentialAction\":[{\"@type\":\"SearchAction\",\"target\":{\"@type\":\"EntryPoint\",\"urlTemplate\":\"https:\/\/www.africa-press.net\/cameroun\/?s={search_term_string}\"},\"query-input\":{\"@type\":\"PropertyValueSpecification\",\"valueRequired\":true,\"valueName\":\"search_term_string\"}}],\"inLanguage\":\"fr-FR\"},{\"@type\":\"Person\",\"@id\":\"https:\/\/www.africa-press.net\/cameroun\/#\/schema\/person\/2b1cf3cd81a31e3cd26889ca66d677f1\",\"name\":\"cfeditorfr\"}]}<\/script>\n<!-- \/ Yoast SEO Premium plugin. -->","yoast_head_json":{"title":"Cameroun-s\u00e9natoriales 2023 : apr\u00e8s le vote, voici la suite du processus - Cameroun","description":"Au terme du scrutin du dimanche 12 mars 2023, le calendrier e\u0301lectoral pre\u0301voit plusieurs de\u0301marches et rendez-vous. Le ...","robots":{"index":"index","follow":"follow","max-snippet":"max-snippet:-1","max-image-preview":"max-image-preview:large","max-video-preview":"max-video-preview:-1"},"canonical":"https:\/\/www.africa-press.net\/cameroun\/politique\/cameroun-senatoriales-2023-apres-le-vote-voici-la-suite-du-processus","og_locale":"fr_FR","og_type":"article","og_title":"Cameroun-s\u00e9natoriales 2023 : apr\u00e8s le vote, voici la suite du processus","og_description":"Au terme du scrutin du dimanche 12 mars 2023, le calendrier e\u0301lectoral pre\u0301voit plusieurs de\u0301marches et rendez-vous. Le ...","og_url":"https:\/\/www.africa-press.net\/cameroun\/politique\/cameroun-senatoriales-2023-apres-le-vote-voici-la-suite-du-processus","og_site_name":"Cameroun","article_published_time":"2023-03-13T19:32:15+00:00","article_modified_time":"2023-03-13T19:59:05+00:00","og_image":[{"width":720,"height":422,"url":"https:\/\/static.africa-press.net\/cameroun\/sites\/57\/2023\/03\/postQueueImg_1678723338.22.jpg","type":"image\/jpeg"}],"author":"cfeditorfr","twitter_card":"summary_large_image","twitter_misc":{"\u00c9crit par":"cfeditorfr","Dur\u00e9e de lecture estim\u00e9e":"1 minute"},"schema":{"@context":"https:\/\/schema.org","@graph":[{"@type":"Article","@id":"https:\/\/www.africa-press.net\/cameroun\/politique\/cameroun-senatoriales-2023-apres-le-vote-voici-la-suite-du-processus#article","isPartOf":{"@id":"https:\/\/www.africa-press.net\/cameroun\/politique\/cameroun-senatoriales-2023-apres-le-vote-voici-la-suite-du-processus"},"author":{"name":"cfeditorfr","@id":"https:\/\/www.africa-press.net\/cameroun\/#\/schema\/person\/2b1cf3cd81a31e3cd26889ca66d677f1"},"headline":"Cameroun-s\u00e9natoriales 2023 : apr\u00e8s le vote, voici la suite du processus","datePublished":"2023-03-13T19:32:15+00:00","dateModified":"2023-03-13T19:59:05+00:00","mainEntityOfPage":{"@id":"https:\/\/www.africa-press.net\/cameroun\/politique\/cameroun-senatoriales-2023-apres-le-vote-voici-la-suite-du-processus"},"wordCount":294,"commentCount":0,"image":{"@id":"https:\/\/www.africa-press.net\/cameroun\/politique\/cameroun-senatoriales-2023-apres-le-vote-voici-la-suite-du-processus#primaryimage"},"thumbnailUrl":"https:\/\/static.africa-press.net\/cameroun\/sites\/57\/2023\/03\/postQueueImg_1678723338.22.jpg","keywords":["Africa Press","Africa Press-Cameroun","Cameroun"],"articleSection":["Politique","Toutes les actualit\u00e9s"],"inLanguage":"fr-FR","potentialAction":[{"@type":"CommentAction","name":"Comment","target":["https:\/\/www.africa-press.net\/cameroun\/politique\/cameroun-senatoriales-2023-apres-le-vote-voici-la-suite-du-processus#respond"]}]},{"@type":"WebPage","@id":"https:\/\/www.africa-press.net\/cameroun\/politique\/cameroun-senatoriales-2023-apres-le-vote-voici-la-suite-du-processus","url":"https:\/\/www.africa-press.net\/cameroun\/politique\/cameroun-senatoriales-2023-apres-le-vote-voici-la-suite-du-processus","name":"Cameroun-s\u00e9natoriales 2023 : apr\u00e8s le vote, voici la suite du processus - Cameroun","isPartOf":{"@id":"https:\/\/www.africa-press.net\/cameroun\/#website"},"primaryImageOfPage":{"@id":"https:\/\/www.africa-press.net\/cameroun\/politique\/cameroun-senatoriales-2023-apres-le-vote-voici-la-suite-du-processus#primaryimage"},"image":{"@id":"https:\/\/www.africa-press.net\/cameroun\/politique\/cameroun-senatoriales-2023-apres-le-vote-voici-la-suite-du-processus#primaryimage"},"thumbnailUrl":"https:\/\/static.africa-press.net\/cameroun\/sites\/57\/2023\/03\/postQueueImg_1678723338.22.jpg","datePublished":"2023-03-13T19:32:15+00:00","dateModified":"2023-03-13T19:59:05+00:00","author":{"@id":"https:\/\/www.africa-press.net\/cameroun\/#\/schema\/person\/2b1cf3cd81a31e3cd26889ca66d677f1"},"description":"Au terme du scrutin du dimanche 12 mars 2023, le calendrier e\u0301lectoral pre\u0301voit plusieurs de\u0301marches et rendez-vous. Le ...","breadcrumb":{"@id":"https:\/\/www.africa-press.net\/cameroun\/politique\/cameroun-senatoriales-2023-apres-le-vote-voici-la-suite-du-processus#breadcrumb"},"inLanguage":"fr-FR","potentialAction":[{"@type":"ReadAction","target":["https:\/\/www.africa-press.net\/cameroun\/politique\/cameroun-senatoriales-2023-apres-le-vote-voici-la-suite-du-processus"]}]},{"@type":"ImageObject","inLanguage":"fr-FR","@id":"https:\/\/www.africa-press.net\/cameroun\/politique\/cameroun-senatoriales-2023-apres-le-vote-voici-la-suite-du-processus#primaryimage","url":"https:\/\/static.africa-press.net\/cameroun\/sites\/57\/2023\/03\/postQueueImg_1678723338.22.jpg","contentUrl":"https:\/\/static.africa-press.net\/cameroun\/sites\/57\/2023\/03\/postQueueImg_1678723338.22.jpg","width":720,"height":422,"caption":"Cameroun-s\u00e9natoriales 2023 : apr\u00e8s le vote, voici la suite du processus"},{"@type":"BreadcrumbList","@id":"https:\/\/www.africa-press.net\/cameroun\/politique\/cameroun-senatoriales-2023-apres-le-vote-voici-la-suite-du-processus#breadcrumb","itemListElement":[{"@type":"ListItem","position":1,"name":"Accueil","item":"https:\/\/www.africa-press.net\/cameroun\/"},{"@type":"ListItem","position":2,"name":"Cameroun-s\u00e9natoriales 2023 : apr\u00e8s le vote, voici la suite du processus"}]},{"@type":"WebSite","@id":"https:\/\/www.africa-press.net\/cameroun\/#website","url":"https:\/\/www.africa-press.net\/cameroun\/","name":"Cameroun","description":"Just another Africa News Agency Sites site","potentialAction":[{"@type":"SearchAction","target":{"@type":"EntryPoint","urlTemplate":"https:\/\/www.africa-press.net\/cameroun\/?s={search_term_string}"},"query-input":{"@type":"PropertyValueSpecification","valueRequired":true,"valueName":"search_term_string"}}],"inLanguage":"fr-FR"},{"@type":"Person","@id":"https:\/\/www.africa-press.net\/cameroun\/#\/schema\/person\/2b1cf3cd81a31e3cd26889ca66d677f1","name":"cfeditorfr"}]}},"_links":{"self":[{"href":"https:\/\/www.africa-press.net\/cameroun\/wp-json\/wp\/v2\/posts\/39198","targetHints":{"allow":["GET"]}}],"collection":[{"href":"https:\/\/www.africa-press.net\/cameroun\/wp-json\/wp\/v2\/posts"}],"about":[{"href":"https:\/\/www.africa-press.net\/cameroun\/wp-json\/wp\/v2\/types\/post"}],"author":[{"embeddable":true,"href":"https:\/\/www.africa-press.net\/cameroun\/wp-json\/wp\/v2\/users\/82"}],"replies":[{"embeddable":true,"href":"https:\/\/www.africa-press.net\/cameroun\/wp-json\/wp\/v2\/comments?post=39198"}],"version-history":[{"count":0,"href":"https:\/\/www.africa-press.net\/cameroun\/wp-json\/wp\/v2\/posts\/39198\/revisions"}],"wp:featuredmedia":[{"embeddable":true,"href":"https:\/\/www.africa-press.net\/cameroun\/wp-json\/wp\/v2\/media\/39197"}],"wp:attachment":[{"href":"https:\/\/www.africa-press.net\/cameroun\/wp-json\/wp\/v2\/media?parent=39198"}],"wp:term":[{"taxonomy":"category","embeddable":true,"href":"https:\/\/www.africa-press.net\/cameroun\/wp-json\/wp\/v2\/categories?post=39198"},{"taxonomy":"post_tag","embeddable":true,"href":"https:\/\/www.africa-press.net\/cameroun\/wp-json\/wp\/v2\/tags?post=39198"}],"curies":[{"name":"wp","href":"https:\/\/api.w.org\/{rel}","templated":true}]}}