{"id":39237,"date":"2023-03-14T11:48:17","date_gmt":"2023-03-14T11:48:17","guid":{"rendered":"https:\/\/www.africa-press.net\/cameroun\/politique\/bafoussam-1-er-la-date-de-la-pose-de-la-premiere-pierre-de-la-construction-de-lhotel-de-ville-connue"},"modified":"2023-03-14T12:17:53","modified_gmt":"2023-03-14T12:17:53","slug":"bafoussam-1-er-la-date-de-la-pose-de-la-premiere-pierre-de-la-construction-de-lhotel-de-ville-connue","status":"publish","type":"post","link":"https:\/\/www.africa-press.net\/cameroun\/toutes-les-actualites\/bafoussam-1-er-la-date-de-la-pose-de-la-premiere-pierre-de-la-construction-de-lhotel-de-ville-connue","title":{"rendered":"Bafoussam 1 er : La date de la pose de la premi\u00e8re pierre de la construction de l&rsquo;H\u00f4tel de ville connue"},"content":{"rendered":"<p><span style=\"color: #ff6600\"><strong>Africa-Press &#8211; Cameroun. <\/strong><\/span>La ce\u0301re\u0301monie y relative se tiendra a\u0300 08 heures au quartier Ndiengso 2 en face de l&rsquo;e\u0301cole primaire de cette localite\u0301 du de\u0301partement de la Mifi a\u0300 l&rsquo;Ouest Cameroun.<\/p>\n<p>Dans un communique\u0301 rendu public hier lundi 13 mars 2023, le Maire Ngnang Cyrille de la Commune d&rsquo;arrondissement de Bafoussam 1er porte a\u0300 la connaissance du grand public que Sa Majeste\u0301 Njitack Ngompe Pele\u0301, Roi des Fussep proce\u0301dera a\u0300 la pose de la pierre en vue des travaux de construction de cet e\u0301difice. L&rsquo;e\u0301ve\u0301nement aura donc pour cadre le quartier Ndiengso 2 en face de l&rsquo;e\u0301cole primaire.<\/p>\n<p>Le Maire de la Commune d&rsquo;arrondissement de Bafoussam 1er invite par conse\u0301quent toute la population a\u0300 s&rsquo;y rendre massivement. Ceci afin d&rsquo;e\u0302tre des te\u0301moins de cette e\u0301tape de l&rsquo;histoire. Celle-ci va ainsi repre\u0301senter une des aspirations de tous les habitants de cette municipalite\u0301 du de\u0301partement de la Mifi a\u0300 l&rsquo;Ouest Cameroun.<\/p>\n<p><strong>Pour plus d&rsquo;informations et d&rsquo;analyses sur la <a href=\"https:\/\/www.africa-press.net\/cameroun\">Cameroun<\/a>, suivez <a href=\"https:\/\/www.africa-press.net\/\">Africa-Press<\/a><\/strong><\/p>\n","protected":false},"excerpt":{"rendered":"<p>Africa-Press &#8211; Cameroun. La ce\u0301re\u0301monie y relative se tiendra a\u0300 08 heures au quartier Ndiengso 2 en face de l&rsquo;e\u0301cole primaire de cette localite\u0301 du de\u0301partement de la Mifi a\u0300 l&rsquo;Ouest Cameroun. Dans un communique\u0301 rendu public hier lundi 13 mars 2023, le Maire Ngnang Cyrille de la Commune d&rsquo;arrondissement de Bafoussam 1er porte a\u0300 [&hellip;]<\/p>\n","protected":false},"author":82,"featured_media":39234,"comment_status":"open","ping_status":"closed","sticky":false,"template":"","format":"standard","meta":{"footnotes":""},"categories":[21,10],"tags":[36,50,49],"class_list":["post-39237","post","type-post","status-publish","format-standard","has-post-thumbnail","hentry","category-communaute","category-toutes-les-actualites","tag-africa-press","tag-africa-press-cameroun","tag-cameroun"],"yoast_head":"<!-- This site is optimized with the Yoast SEO Premium plugin v26.1 (Yoast SEO v27.0) - https:\/\/yoast.com\/product\/yoast-seo-premium-wordpress\/ -->\n<title>Bafoussam 1 er : La date de la pose de la premi\u00e8re pierre de la construction de l&#039;H\u00f4tel de ville connue - Cameroun<\/title>\n<meta name=\"description\" content=\"La ce\u0301re\u0301monie y relative se tiendra a\u0300 08 heures au quartier Ndiengso 2 en face de l&#039;e\u0301cole primaire de cette localite\u0301 ...\" \/>\n<meta name=\"robots\" content=\"index, follow, max-snippet:-1, max-image-preview:large, max-video-preview:-1\" \/>\n<link rel=\"canonical\" href=\"https:\/\/www.africa-press.net\/cameroun\/toutes-les-actualites\/bafoussam-1-er-la-date-de-la-pose-de-la-premiere-pierre-de-la-construction-de-lhotel-de-ville-connue\" \/>\n<meta property=\"og:locale\" content=\"fr_FR\" \/>\n<meta property=\"og:type\" content=\"article\" \/>\n<meta property=\"og:title\" content=\"Bafoussam 1 er : La date de la pose de la premi\u00e8re pierre de la construction de l&#039;H\u00f4tel de ville connue\" \/>\n<meta property=\"og:description\" content=\"La ce\u0301re\u0301monie y relative se tiendra a\u0300 08 heures au quartier Ndiengso 2 en face de l&#039;e\u0301cole primaire de cette localite\u0301 ...\" \/>\n<meta property=\"og:url\" content=\"https:\/\/www.africa-press.net\/cameroun\/toutes-les-actualites\/bafoussam-1-er-la-date-de-la-pose-de-la-premiere-pierre-de-la-construction-de-lhotel-de-ville-connue\" \/>\n<meta property=\"og:site_name\" content=\"Cameroun\" \/>\n<meta property=\"article:published_time\" content=\"2023-03-14T11:48:17+00:00\" \/>\n<meta property=\"article:modified_time\" content=\"2023-03-14T12:17:53+00:00\" \/>\n<meta property=\"og:image\" content=\"https:\/\/static.africa-press.net\/cameroun\/sites\/57\/2023\/03\/postQueueImg_1678781904.34.jpg\" \/>\n\t<meta property=\"og:image:width\" content=\"1280\" \/>\n\t<meta property=\"og:image:height\" content=\"720\" \/>\n\t<meta property=\"og:image:type\" content=\"image\/jpeg\" \/>\n<meta name=\"author\" content=\"cfeditorfr\" \/>\n<meta name=\"twitter:card\" content=\"summary_large_image\" \/>\n<meta name=\"twitter:label1\" content=\"\u00c9crit par\" \/>\n\t<meta name=\"twitter:data1\" content=\"cfeditorfr\" \/>\n\t<meta name=\"twitter:label2\" content=\"Dur\u00e9e de lecture estim\u00e9e\" \/>\n\t<meta name=\"twitter:data2\" content=\"1 minute\" \/>\n<script type=\"application\/ld+json\" class=\"yoast-schema-graph\">{\"@context\":\"https:\/\/schema.org\",\"@graph\":[{\"@type\":\"Article\",\"@id\":\"https:\/\/www.africa-press.net\/cameroun\/toutes-les-actualites\/bafoussam-1-er-la-date-de-la-pose-de-la-premiere-pierre-de-la-construction-de-lhotel-de-ville-connue#article\",\"isPartOf\":{\"@id\":\"https:\/\/www.africa-press.net\/cameroun\/toutes-les-actualites\/bafoussam-1-er-la-date-de-la-pose-de-la-premiere-pierre-de-la-construction-de-lhotel-de-ville-connue\"},\"author\":{\"name\":\"cfeditorfr\",\"@id\":\"https:\/\/www.africa-press.net\/cameroun\/#\/schema\/person\/2b1cf3cd81a31e3cd26889ca66d677f1\"},\"headline\":\"Bafoussam 1 er : La date de la pose de la premi\u00e8re pierre de la construction de l&rsquo;H\u00f4tel de ville connue\",\"datePublished\":\"2023-03-14T11:48:17+00:00\",\"dateModified\":\"2023-03-14T12:17:53+00:00\",\"mainEntityOfPage\":{\"@id\":\"https:\/\/www.africa-press.net\/cameroun\/toutes-les-actualites\/bafoussam-1-er-la-date-de-la-pose-de-la-premiere-pierre-de-la-construction-de-lhotel-de-ville-connue\"},\"wordCount\":204,\"commentCount\":0,\"image\":{\"@id\":\"https:\/\/www.africa-press.net\/cameroun\/toutes-les-actualites\/bafoussam-1-er-la-date-de-la-pose-de-la-premiere-pierre-de-la-construction-de-lhotel-de-ville-connue#primaryimage\"},\"thumbnailUrl\":\"https:\/\/static.africa-press.net\/cameroun\/sites\/57\/2023\/03\/postQueueImg_1678781904.34.jpg\",\"keywords\":[\"Africa Press\",\"Africa Press-Cameroun\",\"Cameroun\"],\"articleSection\":[\"Communaut\u00e9\",\"Toutes les actualit\u00e9s\"],\"inLanguage\":\"fr-FR\",\"potentialAction\":[{\"@type\":\"CommentAction\",\"name\":\"Comment\",\"target\":[\"https:\/\/www.africa-press.net\/cameroun\/toutes-les-actualites\/bafoussam-1-er-la-date-de-la-pose-de-la-premiere-pierre-de-la-construction-de-lhotel-de-ville-connue#respond\"]}]},{\"@type\":\"WebPage\",\"@id\":\"https:\/\/www.africa-press.net\/cameroun\/toutes-les-actualites\/bafoussam-1-er-la-date-de-la-pose-de-la-premiere-pierre-de-la-construction-de-lhotel-de-ville-connue\",\"url\":\"https:\/\/www.africa-press.net\/cameroun\/toutes-les-actualites\/bafoussam-1-er-la-date-de-la-pose-de-la-premiere-pierre-de-la-construction-de-lhotel-de-ville-connue\",\"name\":\"Bafoussam 1 er : La date de la pose de la premi\u00e8re pierre de la construction de l'H\u00f4tel de ville connue - Cameroun\",\"isPartOf\":{\"@id\":\"https:\/\/www.africa-press.net\/cameroun\/#website\"},\"primaryImageOfPage\":{\"@id\":\"https:\/\/www.africa-press.net\/cameroun\/toutes-les-actualites\/bafoussam-1-er-la-date-de-la-pose-de-la-premiere-pierre-de-la-construction-de-lhotel-de-ville-connue#primaryimage\"},\"image\":{\"@id\":\"https:\/\/www.africa-press.net\/cameroun\/toutes-les-actualites\/bafoussam-1-er-la-date-de-la-pose-de-la-premiere-pierre-de-la-construction-de-lhotel-de-ville-connue#primaryimage\"},\"thumbnailUrl\":\"https:\/\/static.africa-press.net\/cameroun\/sites\/57\/2023\/03\/postQueueImg_1678781904.34.jpg\",\"datePublished\":\"2023-03-14T11:48:17+00:00\",\"dateModified\":\"2023-03-14T12:17:53+00:00\",\"author\":{\"@id\":\"https:\/\/www.africa-press.net\/cameroun\/#\/schema\/person\/2b1cf3cd81a31e3cd26889ca66d677f1\"},\"description\":\"La ce\u0301re\u0301monie y relative se tiendra a\u0300 08 heures au quartier Ndiengso 2 en face de l'e\u0301cole primaire de cette localite\u0301 ...\",\"breadcrumb\":{\"@id\":\"https:\/\/www.africa-press.net\/cameroun\/toutes-les-actualites\/bafoussam-1-er-la-date-de-la-pose-de-la-premiere-pierre-de-la-construction-de-lhotel-de-ville-connue#breadcrumb\"},\"inLanguage\":\"fr-FR\",\"potentialAction\":[{\"@type\":\"ReadAction\",\"target\":[\"https:\/\/www.africa-press.net\/cameroun\/toutes-les-actualites\/bafoussam-1-er-la-date-de-la-pose-de-la-premiere-pierre-de-la-construction-de-lhotel-de-ville-connue\"]}]},{\"@type\":\"ImageObject\",\"inLanguage\":\"fr-FR\",\"@id\":\"https:\/\/www.africa-press.net\/cameroun\/toutes-les-actualites\/bafoussam-1-er-la-date-de-la-pose-de-la-premiere-pierre-de-la-construction-de-lhotel-de-ville-connue#primaryimage\",\"url\":\"https:\/\/static.africa-press.net\/cameroun\/sites\/57\/2023\/03\/postQueueImg_1678781904.34.jpg\",\"contentUrl\":\"https:\/\/static.africa-press.net\/cameroun\/sites\/57\/2023\/03\/postQueueImg_1678781904.34.jpg\",\"width\":1280,\"height\":720,\"caption\":\"Bafoussam 1 er : La date de la pose de la premi\u00e8re pierre de la construction de l'H\u00f4tel de ville connue\"},{\"@type\":\"BreadcrumbList\",\"@id\":\"https:\/\/www.africa-press.net\/cameroun\/toutes-les-actualites\/bafoussam-1-er-la-date-de-la-pose-de-la-premiere-pierre-de-la-construction-de-lhotel-de-ville-connue#breadcrumb\",\"itemListElement\":[{\"@type\":\"ListItem\",\"position\":1,\"name\":\"Accueil\",\"item\":\"https:\/\/www.africa-press.net\/cameroun\/\"},{\"@type\":\"ListItem\",\"position\":2,\"name\":\"Bafoussam 1 er : La date de la pose de la premi\u00e8re pierre de la construction de l&rsquo;H\u00f4tel de ville connue\"}]},{\"@type\":\"WebSite\",\"@id\":\"https:\/\/www.africa-press.net\/cameroun\/#website\",\"url\":\"https:\/\/www.africa-press.net\/cameroun\/\",\"name\":\"Cameroun\",\"description\":\"Just another Africa News Agency Sites site\",\"potentialAction\":[{\"@type\":\"SearchAction\",\"target\":{\"@type\":\"EntryPoint\",\"urlTemplate\":\"https:\/\/www.africa-press.net\/cameroun\/?s={search_term_string}\"},\"query-input\":{\"@type\":\"PropertyValueSpecification\",\"valueRequired\":true,\"valueName\":\"search_term_string\"}}],\"inLanguage\":\"fr-FR\"},{\"@type\":\"Person\",\"@id\":\"https:\/\/www.africa-press.net\/cameroun\/#\/schema\/person\/2b1cf3cd81a31e3cd26889ca66d677f1\",\"name\":\"cfeditorfr\"}]}<\/script>\n<!-- \/ Yoast SEO Premium plugin. -->","yoast_head_json":{"title":"Bafoussam 1 er : La date de la pose de la premi\u00e8re pierre de la construction de l'H\u00f4tel de ville connue - Cameroun","description":"La ce\u0301re\u0301monie y relative se tiendra a\u0300 08 heures au quartier Ndiengso 2 en face de l'e\u0301cole primaire de cette localite\u0301 ...","robots":{"index":"index","follow":"follow","max-snippet":"max-snippet:-1","max-image-preview":"max-image-preview:large","max-video-preview":"max-video-preview:-1"},"canonical":"https:\/\/www.africa-press.net\/cameroun\/toutes-les-actualites\/bafoussam-1-er-la-date-de-la-pose-de-la-premiere-pierre-de-la-construction-de-lhotel-de-ville-connue","og_locale":"fr_FR","og_type":"article","og_title":"Bafoussam 1 er : La date de la pose de la premi\u00e8re pierre de la construction de l'H\u00f4tel de ville connue","og_description":"La ce\u0301re\u0301monie y relative se tiendra a\u0300 08 heures au quartier Ndiengso 2 en face de l'e\u0301cole primaire de cette localite\u0301 ...","og_url":"https:\/\/www.africa-press.net\/cameroun\/toutes-les-actualites\/bafoussam-1-er-la-date-de-la-pose-de-la-premiere-pierre-de-la-construction-de-lhotel-de-ville-connue","og_site_name":"Cameroun","article_published_time":"2023-03-14T11:48:17+00:00","article_modified_time":"2023-03-14T12:17:53+00:00","og_image":[{"width":1280,"height":720,"url":"https:\/\/static.africa-press.net\/cameroun\/sites\/57\/2023\/03\/postQueueImg_1678781904.34.jpg","type":"image\/jpeg"}],"author":"cfeditorfr","twitter_card":"summary_large_image","twitter_misc":{"\u00c9crit par":"cfeditorfr","Dur\u00e9e de lecture estim\u00e9e":"1 minute"},"schema":{"@context":"https:\/\/schema.org","@graph":[{"@type":"Article","@id":"https:\/\/www.africa-press.net\/cameroun\/toutes-les-actualites\/bafoussam-1-er-la-date-de-la-pose-de-la-premiere-pierre-de-la-construction-de-lhotel-de-ville-connue#article","isPartOf":{"@id":"https:\/\/www.africa-press.net\/cameroun\/toutes-les-actualites\/bafoussam-1-er-la-date-de-la-pose-de-la-premiere-pierre-de-la-construction-de-lhotel-de-ville-connue"},"author":{"name":"cfeditorfr","@id":"https:\/\/www.africa-press.net\/cameroun\/#\/schema\/person\/2b1cf3cd81a31e3cd26889ca66d677f1"},"headline":"Bafoussam 1 er : La date de la pose de la premi\u00e8re pierre de la construction de l&rsquo;H\u00f4tel de ville connue","datePublished":"2023-03-14T11:48:17+00:00","dateModified":"2023-03-14T12:17:53+00:00","mainEntityOfPage":{"@id":"https:\/\/www.africa-press.net\/cameroun\/toutes-les-actualites\/bafoussam-1-er-la-date-de-la-pose-de-la-premiere-pierre-de-la-construction-de-lhotel-de-ville-connue"},"wordCount":204,"commentCount":0,"image":{"@id":"https:\/\/www.africa-press.net\/cameroun\/toutes-les-actualites\/bafoussam-1-er-la-date-de-la-pose-de-la-premiere-pierre-de-la-construction-de-lhotel-de-ville-connue#primaryimage"},"thumbnailUrl":"https:\/\/static.africa-press.net\/cameroun\/sites\/57\/2023\/03\/postQueueImg_1678781904.34.jpg","keywords":["Africa Press","Africa Press-Cameroun","Cameroun"],"articleSection":["Communaut\u00e9","Toutes les actualit\u00e9s"],"inLanguage":"fr-FR","potentialAction":[{"@type":"CommentAction","name":"Comment","target":["https:\/\/www.africa-press.net\/cameroun\/toutes-les-actualites\/bafoussam-1-er-la-date-de-la-pose-de-la-premiere-pierre-de-la-construction-de-lhotel-de-ville-connue#respond"]}]},{"@type":"WebPage","@id":"https:\/\/www.africa-press.net\/cameroun\/toutes-les-actualites\/bafoussam-1-er-la-date-de-la-pose-de-la-premiere-pierre-de-la-construction-de-lhotel-de-ville-connue","url":"https:\/\/www.africa-press.net\/cameroun\/toutes-les-actualites\/bafoussam-1-er-la-date-de-la-pose-de-la-premiere-pierre-de-la-construction-de-lhotel-de-ville-connue","name":"Bafoussam 1 er : La date de la pose de la premi\u00e8re pierre de la construction de l'H\u00f4tel de ville connue - Cameroun","isPartOf":{"@id":"https:\/\/www.africa-press.net\/cameroun\/#website"},"primaryImageOfPage":{"@id":"https:\/\/www.africa-press.net\/cameroun\/toutes-les-actualites\/bafoussam-1-er-la-date-de-la-pose-de-la-premiere-pierre-de-la-construction-de-lhotel-de-ville-connue#primaryimage"},"image":{"@id":"https:\/\/www.africa-press.net\/cameroun\/toutes-les-actualites\/bafoussam-1-er-la-date-de-la-pose-de-la-premiere-pierre-de-la-construction-de-lhotel-de-ville-connue#primaryimage"},"thumbnailUrl":"https:\/\/static.africa-press.net\/cameroun\/sites\/57\/2023\/03\/postQueueImg_1678781904.34.jpg","datePublished":"2023-03-14T11:48:17+00:00","dateModified":"2023-03-14T12:17:53+00:00","author":{"@id":"https:\/\/www.africa-press.net\/cameroun\/#\/schema\/person\/2b1cf3cd81a31e3cd26889ca66d677f1"},"description":"La ce\u0301re\u0301monie y relative se tiendra a\u0300 08 heures au quartier Ndiengso 2 en face de l'e\u0301cole primaire de cette localite\u0301 ...","breadcrumb":{"@id":"https:\/\/www.africa-press.net\/cameroun\/toutes-les-actualites\/bafoussam-1-er-la-date-de-la-pose-de-la-premiere-pierre-de-la-construction-de-lhotel-de-ville-connue#breadcrumb"},"inLanguage":"fr-FR","potentialAction":[{"@type":"ReadAction","target":["https:\/\/www.africa-press.net\/cameroun\/toutes-les-actualites\/bafoussam-1-er-la-date-de-la-pose-de-la-premiere-pierre-de-la-construction-de-lhotel-de-ville-connue"]}]},{"@type":"ImageObject","inLanguage":"fr-FR","@id":"https:\/\/www.africa-press.net\/cameroun\/toutes-les-actualites\/bafoussam-1-er-la-date-de-la-pose-de-la-premiere-pierre-de-la-construction-de-lhotel-de-ville-connue#primaryimage","url":"https:\/\/static.africa-press.net\/cameroun\/sites\/57\/2023\/03\/postQueueImg_1678781904.34.jpg","contentUrl":"https:\/\/static.africa-press.net\/cameroun\/sites\/57\/2023\/03\/postQueueImg_1678781904.34.jpg","width":1280,"height":720,"caption":"Bafoussam 1 er : La date de la pose de la premi\u00e8re pierre de la construction de l'H\u00f4tel de ville connue"},{"@type":"BreadcrumbList","@id":"https:\/\/www.africa-press.net\/cameroun\/toutes-les-actualites\/bafoussam-1-er-la-date-de-la-pose-de-la-premiere-pierre-de-la-construction-de-lhotel-de-ville-connue#breadcrumb","itemListElement":[{"@type":"ListItem","position":1,"name":"Accueil","item":"https:\/\/www.africa-press.net\/cameroun\/"},{"@type":"ListItem","position":2,"name":"Bafoussam 1 er : La date de la pose de la premi\u00e8re pierre de la construction de l&rsquo;H\u00f4tel de ville connue"}]},{"@type":"WebSite","@id":"https:\/\/www.africa-press.net\/cameroun\/#website","url":"https:\/\/www.africa-press.net\/cameroun\/","name":"Cameroun","description":"Just another Africa News Agency Sites site","potentialAction":[{"@type":"SearchAction","target":{"@type":"EntryPoint","urlTemplate":"https:\/\/www.africa-press.net\/cameroun\/?s={search_term_string}"},"query-input":{"@type":"PropertyValueSpecification","valueRequired":true,"valueName":"search_term_string"}}],"inLanguage":"fr-FR"},{"@type":"Person","@id":"https:\/\/www.africa-press.net\/cameroun\/#\/schema\/person\/2b1cf3cd81a31e3cd26889ca66d677f1","name":"cfeditorfr"}]}},"_links":{"self":[{"href":"https:\/\/www.africa-press.net\/cameroun\/wp-json\/wp\/v2\/posts\/39237","targetHints":{"allow":["GET"]}}],"collection":[{"href":"https:\/\/www.africa-press.net\/cameroun\/wp-json\/wp\/v2\/posts"}],"about":[{"href":"https:\/\/www.africa-press.net\/cameroun\/wp-json\/wp\/v2\/types\/post"}],"author":[{"embeddable":true,"href":"https:\/\/www.africa-press.net\/cameroun\/wp-json\/wp\/v2\/users\/82"}],"replies":[{"embeddable":true,"href":"https:\/\/www.africa-press.net\/cameroun\/wp-json\/wp\/v2\/comments?post=39237"}],"version-history":[{"count":0,"href":"https:\/\/www.africa-press.net\/cameroun\/wp-json\/wp\/v2\/posts\/39237\/revisions"}],"wp:featuredmedia":[{"embeddable":true,"href":"https:\/\/www.africa-press.net\/cameroun\/wp-json\/wp\/v2\/media\/39234"}],"wp:attachment":[{"href":"https:\/\/www.africa-press.net\/cameroun\/wp-json\/wp\/v2\/media?parent=39237"}],"wp:term":[{"taxonomy":"category","embeddable":true,"href":"https:\/\/www.africa-press.net\/cameroun\/wp-json\/wp\/v2\/categories?post=39237"},{"taxonomy":"post_tag","embeddable":true,"href":"https:\/\/www.africa-press.net\/cameroun\/wp-json\/wp\/v2\/tags?post=39237"}],"curies":[{"name":"wp","href":"https:\/\/api.w.org\/{rel}","templated":true}]}}