{"id":39249,"date":"2023-03-14T11:48:33","date_gmt":"2023-03-14T11:48:33","guid":{"rendered":"https:\/\/www.africa-press.net\/cameroun\/politique\/manifestation-geante-cabral-libii-fait-paniquer-le-ministre-eloundou-essomba"},"modified":"2023-03-14T12:20:16","modified_gmt":"2023-03-14T12:20:16","slug":"manifestation-geante-cabral-libii-fait-paniquer-le-ministre-eloundou-essomba","status":"publish","type":"post","link":"https:\/\/www.africa-press.net\/cameroun\/politique\/manifestation-geante-cabral-libii-fait-paniquer-le-ministre-eloundou-essomba","title":{"rendered":"Manifestation g\u00e9ante : Cabral Libii fait paniquer le ministre Eloundou Essomba"},"content":{"rendered":"<p><span style=\"color: #ff6600\"><strong>Africa-Press &#8211; Cameroun. <\/strong><\/span>Cabral Libii serait-il sur le point de faire bouger les lignes ? De\u0301passe\u0301 par les coupures d\u2019e\u0301lectricite\u0301 intempestives au Cameroun, le de\u0301pute\u0301 du PCRN a entrepris une marche ge\u0301ante pour re\u0301clamer de l\u2019e\u0301lectricite\u0301 pour les populations. Interdite une premie\u0300re fois par le sous-pre\u0301fet de Yaounde\u0301 5e\u0300me, la manifestation devraient finalement se tenir ce 19 mars 2023. A quelques jours de cette grande manifestation qui pourrait e\u0302tre sans pre\u0301ce\u0301dent vu le nombre de Camerounais impacte\u0301s par les coupures d\u2019e\u0301lectricite\u0301, le ministre de l\u2019e\u0301nergie a adresse\u0301 une lettre au pre\u0301sident du PCRN l\u2019invitant a\u0300 une re\u0301union d\u2019information.<\/p>\n<p>\u00ab J&rsquo;ai l&rsquo;honneur de vous demander de bien vouloir prendre part a\u0300 la re\u0301union d&rsquo;information que je pre\u0301siderai le mercredi 15 mars 2023 a\u0300 11h dans la salle de re\u0301union de mon cabinet sis au 4e\u0300me e\u0301tage de l&rsquo;immeuble ministe\u0301riel n\u00b01. Veillez agre\u0301er, Honorable, l&rsquo;expression de ma parfaite conside\u0301ration \u00bb, indique la note du ministre Gaston Eloundou Essomba.<\/p>\n<p>Cabral Libii mettra-t-il de l\u2019eau dans son vin apre\u0300s cette rencontre avec le ministre de Paul Biya ? Pour l\u2019heure rien n\u2019est su\u0302r. Les Camerounais sont de plus en plus nombreux a\u0300 ne plus supporter les coupures d\u2019e\u0301lectricite\u0301 presque anarchique d\u2019Eneo.<\/p>\n<p>Le pre\u0301sident du PCRN dans sa pre\u0301ce\u0301dente lettre, invite le sous-pre\u0301fet e\u0301galement impacte\u0301 par les coupures d\u2019e\u0301lectricite\u0301 a\u0300 faire preuve de compre\u0301hension en autorisant la manifestation du 19 mars 2023.<\/p>\n<p>\u00ab Nous comptons sur le sous-prefet de Yaounde\u0301 5e\u0300me afin qu&rsquo;il se montre le\u0301galiste, compre\u0301hensif et re\u0301publicain comme nous l&rsquo;avons e\u0301te\u0301. Nous nous doutons que le citoyen qu&rsquo;il est n&rsquo;est point e\u0301pargne\u0301 par cette privation insupportable d&rsquo;e\u0301lectricite\u0301. D&rsquo;ailleurs au moment ou\u0300 nous e\u0301crivons ces lignes dans notre cabinet, il y a une coupure d&rsquo;e\u0301lectricite\u0301. Nous ne pouvons produire ce communique\u0301 que gra\u0302ce au dispositif d&rsquo;appoint d&rsquo;un groupe e\u0301lectroge\u0300ne, luxe accessible a\u0300 un parlementaire et hors de porte\u0301e de ces millions de Camerounais dont je me dois par devoir de porter les aspirations en ma qualite\u0301 d&rsquo;e\u0301lu \u00bb, e\u0301crit le de\u0301pute\u0301<\/p>\n<p><strong>Pour plus d&rsquo;informations et d&rsquo;analyses sur la <a href=\"https:\/\/www.africa-press.net\/cameroun\">Cameroun<\/a>, suivez <a href=\"https:\/\/www.africa-press.net\/\">Africa-Press<\/a><\/strong><\/p>\n","protected":false},"excerpt":{"rendered":"<p>Africa-Press &#8211; Cameroun. Cabral Libii serait-il sur le point de faire bouger les lignes ? De\u0301passe\u0301 par les coupures d\u2019e\u0301lectricite\u0301 intempestives au Cameroun, le de\u0301pute\u0301 du PCRN a entrepris une marche ge\u0301ante pour re\u0301clamer de l\u2019e\u0301lectricite\u0301 pour les populations. Interdite une premie\u0300re fois par le sous-pre\u0301fet de Yaounde\u0301 5e\u0300me, la manifestation devraient finalement se tenir [&hellip;]<\/p>\n","protected":false},"author":82,"featured_media":39247,"comment_status":"open","ping_status":"closed","sticky":false,"template":"","format":"standard","meta":{"footnotes":""},"categories":[2,10],"tags":[36,50,49],"class_list":["post-39249","post","type-post","status-publish","format-standard","has-post-thumbnail","hentry","category-politique","category-toutes-les-actualites","tag-africa-press","tag-africa-press-cameroun","tag-cameroun"],"yoast_head":"<!-- This site is optimized with the Yoast SEO Premium plugin v26.1 (Yoast SEO v27.0) - https:\/\/yoast.com\/product\/yoast-seo-premium-wordpress\/ -->\n<title>Manifestation g\u00e9ante : Cabral Libii fait paniquer le ministre Eloundou Essomba - Cameroun<\/title>\n<meta name=\"description\" content=\"Cabral Libii serait-il sur le point de faire bouger les lignes ? De\u0301passe\u0301 par les coupures d\u2019e\u0301lectricite\u0301 intempestive ...\" \/>\n<meta name=\"robots\" content=\"index, follow, max-snippet:-1, max-image-preview:large, max-video-preview:-1\" \/>\n<link rel=\"canonical\" href=\"https:\/\/www.africa-press.net\/cameroun\/politique\/manifestation-geante-cabral-libii-fait-paniquer-le-ministre-eloundou-essomba\" \/>\n<meta property=\"og:locale\" content=\"fr_FR\" \/>\n<meta property=\"og:type\" content=\"article\" \/>\n<meta property=\"og:title\" content=\"Manifestation g\u00e9ante : Cabral Libii fait paniquer le ministre Eloundou Essomba\" \/>\n<meta property=\"og:description\" content=\"Cabral Libii serait-il sur le point de faire bouger les lignes ? De\u0301passe\u0301 par les coupures d\u2019e\u0301lectricite\u0301 intempestive ...\" \/>\n<meta property=\"og:url\" content=\"https:\/\/www.africa-press.net\/cameroun\/politique\/manifestation-geante-cabral-libii-fait-paniquer-le-ministre-eloundou-essomba\" \/>\n<meta property=\"og:site_name\" content=\"Cameroun\" \/>\n<meta property=\"article:published_time\" content=\"2023-03-14T11:48:33+00:00\" \/>\n<meta property=\"article:modified_time\" content=\"2023-03-14T12:20:16+00:00\" \/>\n<meta property=\"og:image\" content=\"https:\/\/static.africa-press.net\/cameroun\/sites\/57\/2023\/03\/postQueueImg_1678781916.76.jpg\" \/>\n\t<meta property=\"og:image:width\" content=\"720\" \/>\n\t<meta property=\"og:image:height\" content=\"358\" \/>\n\t<meta property=\"og:image:type\" content=\"image\/jpeg\" \/>\n<meta name=\"author\" content=\"cfeditorfr\" \/>\n<meta name=\"twitter:card\" content=\"summary_large_image\" \/>\n<meta name=\"twitter:label1\" content=\"\u00c9crit par\" \/>\n\t<meta name=\"twitter:data1\" content=\"cfeditorfr\" \/>\n\t<meta name=\"twitter:label2\" content=\"Dur\u00e9e de lecture estim\u00e9e\" \/>\n\t<meta name=\"twitter:data2\" content=\"2 minutes\" \/>\n<script type=\"application\/ld+json\" class=\"yoast-schema-graph\">{\"@context\":\"https:\/\/schema.org\",\"@graph\":[{\"@type\":\"Article\",\"@id\":\"https:\/\/www.africa-press.net\/cameroun\/politique\/manifestation-geante-cabral-libii-fait-paniquer-le-ministre-eloundou-essomba#article\",\"isPartOf\":{\"@id\":\"https:\/\/www.africa-press.net\/cameroun\/politique\/manifestation-geante-cabral-libii-fait-paniquer-le-ministre-eloundou-essomba\"},\"author\":{\"name\":\"cfeditorfr\",\"@id\":\"https:\/\/www.africa-press.net\/cameroun\/#\/schema\/person\/2b1cf3cd81a31e3cd26889ca66d677f1\"},\"headline\":\"Manifestation g\u00e9ante : Cabral Libii fait paniquer le ministre Eloundou Essomba\",\"datePublished\":\"2023-03-14T11:48:33+00:00\",\"dateModified\":\"2023-03-14T12:20:16+00:00\",\"mainEntityOfPage\":{\"@id\":\"https:\/\/www.africa-press.net\/cameroun\/politique\/manifestation-geante-cabral-libii-fait-paniquer-le-ministre-eloundou-essomba\"},\"wordCount\":416,\"commentCount\":0,\"image\":{\"@id\":\"https:\/\/www.africa-press.net\/cameroun\/politique\/manifestation-geante-cabral-libii-fait-paniquer-le-ministre-eloundou-essomba#primaryimage\"},\"thumbnailUrl\":\"https:\/\/static.africa-press.net\/cameroun\/sites\/57\/2023\/03\/postQueueImg_1678781916.76.jpg\",\"keywords\":[\"Africa Press\",\"Africa Press-Cameroun\",\"Cameroun\"],\"articleSection\":[\"Politique\",\"Toutes les actualit\u00e9s\"],\"inLanguage\":\"fr-FR\",\"potentialAction\":[{\"@type\":\"CommentAction\",\"name\":\"Comment\",\"target\":[\"https:\/\/www.africa-press.net\/cameroun\/politique\/manifestation-geante-cabral-libii-fait-paniquer-le-ministre-eloundou-essomba#respond\"]}]},{\"@type\":\"WebPage\",\"@id\":\"https:\/\/www.africa-press.net\/cameroun\/politique\/manifestation-geante-cabral-libii-fait-paniquer-le-ministre-eloundou-essomba\",\"url\":\"https:\/\/www.africa-press.net\/cameroun\/politique\/manifestation-geante-cabral-libii-fait-paniquer-le-ministre-eloundou-essomba\",\"name\":\"Manifestation g\u00e9ante : Cabral Libii fait paniquer le ministre Eloundou Essomba - Cameroun\",\"isPartOf\":{\"@id\":\"https:\/\/www.africa-press.net\/cameroun\/#website\"},\"primaryImageOfPage\":{\"@id\":\"https:\/\/www.africa-press.net\/cameroun\/politique\/manifestation-geante-cabral-libii-fait-paniquer-le-ministre-eloundou-essomba#primaryimage\"},\"image\":{\"@id\":\"https:\/\/www.africa-press.net\/cameroun\/politique\/manifestation-geante-cabral-libii-fait-paniquer-le-ministre-eloundou-essomba#primaryimage\"},\"thumbnailUrl\":\"https:\/\/static.africa-press.net\/cameroun\/sites\/57\/2023\/03\/postQueueImg_1678781916.76.jpg\",\"datePublished\":\"2023-03-14T11:48:33+00:00\",\"dateModified\":\"2023-03-14T12:20:16+00:00\",\"author\":{\"@id\":\"https:\/\/www.africa-press.net\/cameroun\/#\/schema\/person\/2b1cf3cd81a31e3cd26889ca66d677f1\"},\"description\":\"Cabral Libii serait-il sur le point de faire bouger les lignes ? De\u0301passe\u0301 par les coupures d\u2019e\u0301lectricite\u0301 intempestive ...\",\"breadcrumb\":{\"@id\":\"https:\/\/www.africa-press.net\/cameroun\/politique\/manifestation-geante-cabral-libii-fait-paniquer-le-ministre-eloundou-essomba#breadcrumb\"},\"inLanguage\":\"fr-FR\",\"potentialAction\":[{\"@type\":\"ReadAction\",\"target\":[\"https:\/\/www.africa-press.net\/cameroun\/politique\/manifestation-geante-cabral-libii-fait-paniquer-le-ministre-eloundou-essomba\"]}]},{\"@type\":\"ImageObject\",\"inLanguage\":\"fr-FR\",\"@id\":\"https:\/\/www.africa-press.net\/cameroun\/politique\/manifestation-geante-cabral-libii-fait-paniquer-le-ministre-eloundou-essomba#primaryimage\",\"url\":\"https:\/\/static.africa-press.net\/cameroun\/sites\/57\/2023\/03\/postQueueImg_1678781916.76.jpg\",\"contentUrl\":\"https:\/\/static.africa-press.net\/cameroun\/sites\/57\/2023\/03\/postQueueImg_1678781916.76.jpg\",\"width\":720,\"height\":358,\"caption\":\"Manifestation g\u00e9ante : Cabral Libii fait paniquer le ministre Eloundou Essomba\"},{\"@type\":\"BreadcrumbList\",\"@id\":\"https:\/\/www.africa-press.net\/cameroun\/politique\/manifestation-geante-cabral-libii-fait-paniquer-le-ministre-eloundou-essomba#breadcrumb\",\"itemListElement\":[{\"@type\":\"ListItem\",\"position\":1,\"name\":\"Accueil\",\"item\":\"https:\/\/www.africa-press.net\/cameroun\/\"},{\"@type\":\"ListItem\",\"position\":2,\"name\":\"Manifestation g\u00e9ante : Cabral Libii fait paniquer le ministre Eloundou Essomba\"}]},{\"@type\":\"WebSite\",\"@id\":\"https:\/\/www.africa-press.net\/cameroun\/#website\",\"url\":\"https:\/\/www.africa-press.net\/cameroun\/\",\"name\":\"Cameroun\",\"description\":\"Just another Africa News Agency Sites site\",\"potentialAction\":[{\"@type\":\"SearchAction\",\"target\":{\"@type\":\"EntryPoint\",\"urlTemplate\":\"https:\/\/www.africa-press.net\/cameroun\/?s={search_term_string}\"},\"query-input\":{\"@type\":\"PropertyValueSpecification\",\"valueRequired\":true,\"valueName\":\"search_term_string\"}}],\"inLanguage\":\"fr-FR\"},{\"@type\":\"Person\",\"@id\":\"https:\/\/www.africa-press.net\/cameroun\/#\/schema\/person\/2b1cf3cd81a31e3cd26889ca66d677f1\",\"name\":\"cfeditorfr\"}]}<\/script>\n<!-- \/ Yoast SEO Premium plugin. -->","yoast_head_json":{"title":"Manifestation g\u00e9ante : Cabral Libii fait paniquer le ministre Eloundou Essomba - Cameroun","description":"Cabral Libii serait-il sur le point de faire bouger les lignes ? De\u0301passe\u0301 par les coupures d\u2019e\u0301lectricite\u0301 intempestive ...","robots":{"index":"index","follow":"follow","max-snippet":"max-snippet:-1","max-image-preview":"max-image-preview:large","max-video-preview":"max-video-preview:-1"},"canonical":"https:\/\/www.africa-press.net\/cameroun\/politique\/manifestation-geante-cabral-libii-fait-paniquer-le-ministre-eloundou-essomba","og_locale":"fr_FR","og_type":"article","og_title":"Manifestation g\u00e9ante : Cabral Libii fait paniquer le ministre Eloundou Essomba","og_description":"Cabral Libii serait-il sur le point de faire bouger les lignes ? De\u0301passe\u0301 par les coupures d\u2019e\u0301lectricite\u0301 intempestive ...","og_url":"https:\/\/www.africa-press.net\/cameroun\/politique\/manifestation-geante-cabral-libii-fait-paniquer-le-ministre-eloundou-essomba","og_site_name":"Cameroun","article_published_time":"2023-03-14T11:48:33+00:00","article_modified_time":"2023-03-14T12:20:16+00:00","og_image":[{"width":720,"height":358,"url":"https:\/\/static.africa-press.net\/cameroun\/sites\/57\/2023\/03\/postQueueImg_1678781916.76.jpg","type":"image\/jpeg"}],"author":"cfeditorfr","twitter_card":"summary_large_image","twitter_misc":{"\u00c9crit par":"cfeditorfr","Dur\u00e9e de lecture estim\u00e9e":"2 minutes"},"schema":{"@context":"https:\/\/schema.org","@graph":[{"@type":"Article","@id":"https:\/\/www.africa-press.net\/cameroun\/politique\/manifestation-geante-cabral-libii-fait-paniquer-le-ministre-eloundou-essomba#article","isPartOf":{"@id":"https:\/\/www.africa-press.net\/cameroun\/politique\/manifestation-geante-cabral-libii-fait-paniquer-le-ministre-eloundou-essomba"},"author":{"name":"cfeditorfr","@id":"https:\/\/www.africa-press.net\/cameroun\/#\/schema\/person\/2b1cf3cd81a31e3cd26889ca66d677f1"},"headline":"Manifestation g\u00e9ante : Cabral Libii fait paniquer le ministre Eloundou Essomba","datePublished":"2023-03-14T11:48:33+00:00","dateModified":"2023-03-14T12:20:16+00:00","mainEntityOfPage":{"@id":"https:\/\/www.africa-press.net\/cameroun\/politique\/manifestation-geante-cabral-libii-fait-paniquer-le-ministre-eloundou-essomba"},"wordCount":416,"commentCount":0,"image":{"@id":"https:\/\/www.africa-press.net\/cameroun\/politique\/manifestation-geante-cabral-libii-fait-paniquer-le-ministre-eloundou-essomba#primaryimage"},"thumbnailUrl":"https:\/\/static.africa-press.net\/cameroun\/sites\/57\/2023\/03\/postQueueImg_1678781916.76.jpg","keywords":["Africa Press","Africa Press-Cameroun","Cameroun"],"articleSection":["Politique","Toutes les actualit\u00e9s"],"inLanguage":"fr-FR","potentialAction":[{"@type":"CommentAction","name":"Comment","target":["https:\/\/www.africa-press.net\/cameroun\/politique\/manifestation-geante-cabral-libii-fait-paniquer-le-ministre-eloundou-essomba#respond"]}]},{"@type":"WebPage","@id":"https:\/\/www.africa-press.net\/cameroun\/politique\/manifestation-geante-cabral-libii-fait-paniquer-le-ministre-eloundou-essomba","url":"https:\/\/www.africa-press.net\/cameroun\/politique\/manifestation-geante-cabral-libii-fait-paniquer-le-ministre-eloundou-essomba","name":"Manifestation g\u00e9ante : Cabral Libii fait paniquer le ministre Eloundou Essomba - Cameroun","isPartOf":{"@id":"https:\/\/www.africa-press.net\/cameroun\/#website"},"primaryImageOfPage":{"@id":"https:\/\/www.africa-press.net\/cameroun\/politique\/manifestation-geante-cabral-libii-fait-paniquer-le-ministre-eloundou-essomba#primaryimage"},"image":{"@id":"https:\/\/www.africa-press.net\/cameroun\/politique\/manifestation-geante-cabral-libii-fait-paniquer-le-ministre-eloundou-essomba#primaryimage"},"thumbnailUrl":"https:\/\/static.africa-press.net\/cameroun\/sites\/57\/2023\/03\/postQueueImg_1678781916.76.jpg","datePublished":"2023-03-14T11:48:33+00:00","dateModified":"2023-03-14T12:20:16+00:00","author":{"@id":"https:\/\/www.africa-press.net\/cameroun\/#\/schema\/person\/2b1cf3cd81a31e3cd26889ca66d677f1"},"description":"Cabral Libii serait-il sur le point de faire bouger les lignes ? De\u0301passe\u0301 par les coupures d\u2019e\u0301lectricite\u0301 intempestive ...","breadcrumb":{"@id":"https:\/\/www.africa-press.net\/cameroun\/politique\/manifestation-geante-cabral-libii-fait-paniquer-le-ministre-eloundou-essomba#breadcrumb"},"inLanguage":"fr-FR","potentialAction":[{"@type":"ReadAction","target":["https:\/\/www.africa-press.net\/cameroun\/politique\/manifestation-geante-cabral-libii-fait-paniquer-le-ministre-eloundou-essomba"]}]},{"@type":"ImageObject","inLanguage":"fr-FR","@id":"https:\/\/www.africa-press.net\/cameroun\/politique\/manifestation-geante-cabral-libii-fait-paniquer-le-ministre-eloundou-essomba#primaryimage","url":"https:\/\/static.africa-press.net\/cameroun\/sites\/57\/2023\/03\/postQueueImg_1678781916.76.jpg","contentUrl":"https:\/\/static.africa-press.net\/cameroun\/sites\/57\/2023\/03\/postQueueImg_1678781916.76.jpg","width":720,"height":358,"caption":"Manifestation g\u00e9ante : Cabral Libii fait paniquer le ministre Eloundou Essomba"},{"@type":"BreadcrumbList","@id":"https:\/\/www.africa-press.net\/cameroun\/politique\/manifestation-geante-cabral-libii-fait-paniquer-le-ministre-eloundou-essomba#breadcrumb","itemListElement":[{"@type":"ListItem","position":1,"name":"Accueil","item":"https:\/\/www.africa-press.net\/cameroun\/"},{"@type":"ListItem","position":2,"name":"Manifestation g\u00e9ante : Cabral Libii fait paniquer le ministre Eloundou Essomba"}]},{"@type":"WebSite","@id":"https:\/\/www.africa-press.net\/cameroun\/#website","url":"https:\/\/www.africa-press.net\/cameroun\/","name":"Cameroun","description":"Just another Africa News Agency Sites site","potentialAction":[{"@type":"SearchAction","target":{"@type":"EntryPoint","urlTemplate":"https:\/\/www.africa-press.net\/cameroun\/?s={search_term_string}"},"query-input":{"@type":"PropertyValueSpecification","valueRequired":true,"valueName":"search_term_string"}}],"inLanguage":"fr-FR"},{"@type":"Person","@id":"https:\/\/www.africa-press.net\/cameroun\/#\/schema\/person\/2b1cf3cd81a31e3cd26889ca66d677f1","name":"cfeditorfr"}]}},"_links":{"self":[{"href":"https:\/\/www.africa-press.net\/cameroun\/wp-json\/wp\/v2\/posts\/39249","targetHints":{"allow":["GET"]}}],"collection":[{"href":"https:\/\/www.africa-press.net\/cameroun\/wp-json\/wp\/v2\/posts"}],"about":[{"href":"https:\/\/www.africa-press.net\/cameroun\/wp-json\/wp\/v2\/types\/post"}],"author":[{"embeddable":true,"href":"https:\/\/www.africa-press.net\/cameroun\/wp-json\/wp\/v2\/users\/82"}],"replies":[{"embeddable":true,"href":"https:\/\/www.africa-press.net\/cameroun\/wp-json\/wp\/v2\/comments?post=39249"}],"version-history":[{"count":0,"href":"https:\/\/www.africa-press.net\/cameroun\/wp-json\/wp\/v2\/posts\/39249\/revisions"}],"wp:featuredmedia":[{"embeddable":true,"href":"https:\/\/www.africa-press.net\/cameroun\/wp-json\/wp\/v2\/media\/39247"}],"wp:attachment":[{"href":"https:\/\/www.africa-press.net\/cameroun\/wp-json\/wp\/v2\/media?parent=39249"}],"wp:term":[{"taxonomy":"category","embeddable":true,"href":"https:\/\/www.africa-press.net\/cameroun\/wp-json\/wp\/v2\/categories?post=39249"},{"taxonomy":"post_tag","embeddable":true,"href":"https:\/\/www.africa-press.net\/cameroun\/wp-json\/wp\/v2\/tags?post=39249"}],"curies":[{"name":"wp","href":"https:\/\/api.w.org\/{rel}","templated":true}]}}