{"id":39254,"date":"2023-03-14T11:48:37","date_gmt":"2023-03-14T11:48:37","guid":{"rendered":"https:\/\/www.africa-press.net\/cameroun\/politique\/rebondissement-enorme-la-liberation-damougou-belinga-reclamee-en-urgence"},"modified":"2023-03-14T12:20:51","modified_gmt":"2023-03-14T12:20:51","slug":"rebondissement-enorme-la-liberation-damougou-belinga-reclamee-en-urgence","status":"publish","type":"post","link":"https:\/\/www.africa-press.net\/cameroun\/politique\/rebondissement-enorme-la-liberation-damougou-belinga-reclamee-en-urgence","title":{"rendered":"Rebondissement \u00e9norme : la lib\u00e9ration d&rsquo;Amougou Belinga r\u00e9clam\u00e9e en urgence"},"content":{"rendered":"<p><span style=\"color: #ff6600\"><strong>Africa-Press &#8211; Cameroun. <\/strong><\/span>La re\u0301daction de Camerounweb vient d&rsquo;apprendre ce mardi matin la demande de libe\u0301ration de Jean-Pierre Amougou Belinga. Re\u0301clame\u0301e en urgence, cette demande est faite par les ressortissants de la communaute\u0301 Mvog Belinga Ekang 2.<\/p>\n<p>En effet, a\u0300 en croire Boris Bertolt, les diffe\u0301rents ressortissants de cette zone culturelle du pays envoient un message fort au juge d&rsquo;instruction de ce dossier tre\u0300s sensible ayant de\u0301fraye\u0301 la chronique et alimente\u0301 l&rsquo;actualite\u0301 depuis le de\u0301but de l&rsquo;anne\u0301e 2023.<\/p>\n<p>\u00ab Dans un myste\u0301rieux communique\u0301 qui aurait e\u0301te\u0301 produit par une organisation appele\u0301e Cercle de Re\u0301flexion pour l\u2019orthodoxie MVOG Belinga, des personnes pre\u0301tendant parler pour la communaute\u0301 \u00ab MVOG Belinga &#8211; EKANG\u00bb demandent la liberte\u0301 provisoire pour Jean Pierre Amougou Belinga. Ils appellent par ailleurs le juge d\u2019instruction a\u0300 faire preuve de responsabilite\u0301 et neutralite\u0301; Objectivite\u0301 et inde\u0301pendance \u00bb indique Boris Bertolt.<\/p>\n<p>Vision 4 risque la fermeture de\u0301finitive, le SED prend les choses en main<\/p>\n<p>Quelques jours apre\u0300s l&rsquo;envoi en de\u0301tention provisoire de Jean-Pierre Amougou Belinga, Pdg du groupe l&rsquo;Anecdote dont fait partie Vision 4, les nouvelles ne sont pas bonnes du co\u0302te\u0301 de l&rsquo;immeuble Ekang a\u0300 Yaounde\u0301. Plusieurs nouveaux e\u0301le\u0301ments indiqueraient que le me\u0301dia risquerait une fermeture de\u0301finitive a\u0300 venir.<\/p>\n<p>Dans une courte se\u0301quence vide\u0301o de quelques secondes diffuse\u0301e sur la chaine YouTube de Michel Biem Tong, Bachirou qui est tre\u0300s connu pour avoir eu des de\u0301me\u0302le\u0301s avec le Pdg de l&rsquo;Anecdote, Jean-Pierre Amougou Belinga indique que l&rsquo;immeuble Ekang ainsi que l&rsquo;immeuble Ekang vont biento\u0302t devenir des proprie\u0301te\u0301s de l&rsquo;Etat camerounais. Pour l&rsquo;ancien homme d&rsquo;affaires, l&rsquo;Etat camerounais a finance\u0301 une grosse partie de ces e\u0301difices. De ce fait, l&rsquo;Etat peut jouir de son droit de disposer de ce patrimoine.<\/p>\n<p>Plus loin, le journal Kalara indique les enque\u0302teurs du Secre\u0301tariat d\u2019E\u0301tat a\u0300 la de\u0301fense en charge de la gendarmerie (SED) ont en ligne de mire ces deux immeubles mais surtout leur fiscalite\u0301 en particularite\u0301 Vision 4.<\/p>\n<p>\u00ab Certains paiements effectue\u0301s au profit de l\u2019homme d\u2019affaires a\u0300 travers les chapitres 65 et 94 de la loi de Finances font aussi l\u2019objet d\u2019une enque\u0302te, tout comme certaines transactions signe\u0301es entre l\u2019homme d\u2019affaires et le ministe\u0300re des Finances ayant induit des paiements mirobolants dont la le\u0301galite\u0301 est questionne\u0301e. (&#8230;) Suite aux contro\u0302les fiscaux de\u0301clenche\u0301s sur la base des de\u0301nonciations de l\u2019Anif, l\u2019homme d\u2019affaires est sous le coup d\u2019une dette fiscale de presque 28 milliards de francs, dont un reliquat de 17,8 milliards de francs concernant ses entreprises localise\u0301es dans la zone de responsabilite\u0301 du Re\u0301gional des impo\u0302ts du Centre 2, dont le paiement est gele\u0301 par une intervention du ministre des Finances. Et le fisc n\u2019a pas encore acheve\u0301 de chercher, aupre\u0300s de nombreuses autres entreprises de M. Amougou Belinga si des droits fiscaux n\u2019ont pas e\u0301te\u0301 dissimule\u0301s \u00bb e\u0301crit le confre\u0300re.<\/p>\n<p><strong>Pour plus d&rsquo;informations et d&rsquo;analyses sur la <a href=\"https:\/\/www.africa-press.net\/cameroun\">Cameroun<\/a>, suivez <a href=\"https:\/\/www.africa-press.net\/\">Africa-Press<\/a><\/strong><\/p>\n","protected":false},"excerpt":{"rendered":"<p>Africa-Press &#8211; Cameroun. La re\u0301daction de Camerounweb vient d&rsquo;apprendre ce mardi matin la demande de libe\u0301ration de Jean-Pierre Amougou Belinga. Re\u0301clame\u0301e en urgence, cette demande est faite par les ressortissants de la communaute\u0301 Mvog Belinga Ekang 2. En effet, a\u0300 en croire Boris Bertolt, les diffe\u0301rents ressortissants de cette zone culturelle du pays envoient un [&hellip;]<\/p>\n","protected":false},"author":82,"featured_media":39251,"comment_status":"open","ping_status":"closed","sticky":false,"template":"","format":"standard","meta":{"footnotes":""},"categories":[2,10],"tags":[36,50,49],"class_list":["post-39254","post","type-post","status-publish","format-standard","has-post-thumbnail","hentry","category-politique","category-toutes-les-actualites","tag-africa-press","tag-africa-press-cameroun","tag-cameroun"],"yoast_head":"<!-- This site is optimized with the Yoast SEO Premium plugin v26.1 (Yoast SEO v27.0) - https:\/\/yoast.com\/product\/yoast-seo-premium-wordpress\/ -->\n<title>Rebondissement \u00e9norme : la lib\u00e9ration d&#039;Amougou Belinga r\u00e9clam\u00e9e en urgence - Cameroun<\/title>\n<meta name=\"description\" content=\"La re\u0301daction de Camerounweb vient d&#039;apprendre ce mardi matin la demande de libe\u0301ration de Jean-Pierre Amougou Belinga. ...\" \/>\n<meta name=\"robots\" content=\"index, follow, max-snippet:-1, max-image-preview:large, max-video-preview:-1\" \/>\n<link rel=\"canonical\" href=\"https:\/\/www.africa-press.net\/cameroun\/politique\/rebondissement-enorme-la-liberation-damougou-belinga-reclamee-en-urgence\" \/>\n<meta property=\"og:locale\" content=\"fr_FR\" \/>\n<meta property=\"og:type\" content=\"article\" \/>\n<meta property=\"og:title\" content=\"Rebondissement \u00e9norme : la lib\u00e9ration d&#039;Amougou Belinga r\u00e9clam\u00e9e en urgence\" \/>\n<meta property=\"og:description\" content=\"La re\u0301daction de Camerounweb vient d&#039;apprendre ce mardi matin la demande de libe\u0301ration de Jean-Pierre Amougou Belinga. ...\" \/>\n<meta property=\"og:url\" content=\"https:\/\/www.africa-press.net\/cameroun\/politique\/rebondissement-enorme-la-liberation-damougou-belinga-reclamee-en-urgence\" \/>\n<meta property=\"og:site_name\" content=\"Cameroun\" \/>\n<meta property=\"article:published_time\" content=\"2023-03-14T11:48:37+00:00\" \/>\n<meta property=\"article:modified_time\" content=\"2023-03-14T12:20:51+00:00\" \/>\n<meta property=\"og:image\" content=\"https:\/\/static.africa-press.net\/cameroun\/sites\/57\/2023\/03\/postQueueImg_1678781919.98.jpg\" \/>\n\t<meta property=\"og:image:width\" content=\"720\" \/>\n\t<meta property=\"og:image:height\" content=\"440\" \/>\n\t<meta property=\"og:image:type\" content=\"image\/jpeg\" \/>\n<meta name=\"author\" content=\"cfeditorfr\" \/>\n<meta name=\"twitter:card\" content=\"summary_large_image\" \/>\n<meta name=\"twitter:label1\" content=\"\u00c9crit par\" \/>\n\t<meta name=\"twitter:data1\" content=\"cfeditorfr\" \/>\n\t<meta name=\"twitter:label2\" content=\"Dur\u00e9e de lecture estim\u00e9e\" \/>\n\t<meta name=\"twitter:data2\" content=\"3 minutes\" \/>\n<script type=\"application\/ld+json\" class=\"yoast-schema-graph\">{\"@context\":\"https:\/\/schema.org\",\"@graph\":[{\"@type\":\"Article\",\"@id\":\"https:\/\/www.africa-press.net\/cameroun\/politique\/rebondissement-enorme-la-liberation-damougou-belinga-reclamee-en-urgence#article\",\"isPartOf\":{\"@id\":\"https:\/\/www.africa-press.net\/cameroun\/politique\/rebondissement-enorme-la-liberation-damougou-belinga-reclamee-en-urgence\"},\"author\":{\"name\":\"cfeditorfr\",\"@id\":\"https:\/\/www.africa-press.net\/cameroun\/#\/schema\/person\/2b1cf3cd81a31e3cd26889ca66d677f1\"},\"headline\":\"Rebondissement \u00e9norme : la lib\u00e9ration d&rsquo;Amougou Belinga r\u00e9clam\u00e9e en urgence\",\"datePublished\":\"2023-03-14T11:48:37+00:00\",\"dateModified\":\"2023-03-14T12:20:51+00:00\",\"mainEntityOfPage\":{\"@id\":\"https:\/\/www.africa-press.net\/cameroun\/politique\/rebondissement-enorme-la-liberation-damougou-belinga-reclamee-en-urgence\"},\"wordCount\":552,\"commentCount\":0,\"image\":{\"@id\":\"https:\/\/www.africa-press.net\/cameroun\/politique\/rebondissement-enorme-la-liberation-damougou-belinga-reclamee-en-urgence#primaryimage\"},\"thumbnailUrl\":\"https:\/\/static.africa-press.net\/cameroun\/sites\/57\/2023\/03\/postQueueImg_1678781919.98.jpg\",\"keywords\":[\"Africa Press\",\"Africa Press-Cameroun\",\"Cameroun\"],\"articleSection\":[\"Politique\",\"Toutes les actualit\u00e9s\"],\"inLanguage\":\"fr-FR\",\"potentialAction\":[{\"@type\":\"CommentAction\",\"name\":\"Comment\",\"target\":[\"https:\/\/www.africa-press.net\/cameroun\/politique\/rebondissement-enorme-la-liberation-damougou-belinga-reclamee-en-urgence#respond\"]}]},{\"@type\":\"WebPage\",\"@id\":\"https:\/\/www.africa-press.net\/cameroun\/politique\/rebondissement-enorme-la-liberation-damougou-belinga-reclamee-en-urgence\",\"url\":\"https:\/\/www.africa-press.net\/cameroun\/politique\/rebondissement-enorme-la-liberation-damougou-belinga-reclamee-en-urgence\",\"name\":\"Rebondissement \u00e9norme : la lib\u00e9ration d'Amougou Belinga r\u00e9clam\u00e9e en urgence - Cameroun\",\"isPartOf\":{\"@id\":\"https:\/\/www.africa-press.net\/cameroun\/#website\"},\"primaryImageOfPage\":{\"@id\":\"https:\/\/www.africa-press.net\/cameroun\/politique\/rebondissement-enorme-la-liberation-damougou-belinga-reclamee-en-urgence#primaryimage\"},\"image\":{\"@id\":\"https:\/\/www.africa-press.net\/cameroun\/politique\/rebondissement-enorme-la-liberation-damougou-belinga-reclamee-en-urgence#primaryimage\"},\"thumbnailUrl\":\"https:\/\/static.africa-press.net\/cameroun\/sites\/57\/2023\/03\/postQueueImg_1678781919.98.jpg\",\"datePublished\":\"2023-03-14T11:48:37+00:00\",\"dateModified\":\"2023-03-14T12:20:51+00:00\",\"author\":{\"@id\":\"https:\/\/www.africa-press.net\/cameroun\/#\/schema\/person\/2b1cf3cd81a31e3cd26889ca66d677f1\"},\"description\":\"La re\u0301daction de Camerounweb vient d'apprendre ce mardi matin la demande de libe\u0301ration de Jean-Pierre Amougou Belinga. ...\",\"breadcrumb\":{\"@id\":\"https:\/\/www.africa-press.net\/cameroun\/politique\/rebondissement-enorme-la-liberation-damougou-belinga-reclamee-en-urgence#breadcrumb\"},\"inLanguage\":\"fr-FR\",\"potentialAction\":[{\"@type\":\"ReadAction\",\"target\":[\"https:\/\/www.africa-press.net\/cameroun\/politique\/rebondissement-enorme-la-liberation-damougou-belinga-reclamee-en-urgence\"]}]},{\"@type\":\"ImageObject\",\"inLanguage\":\"fr-FR\",\"@id\":\"https:\/\/www.africa-press.net\/cameroun\/politique\/rebondissement-enorme-la-liberation-damougou-belinga-reclamee-en-urgence#primaryimage\",\"url\":\"https:\/\/static.africa-press.net\/cameroun\/sites\/57\/2023\/03\/postQueueImg_1678781919.98.jpg\",\"contentUrl\":\"https:\/\/static.africa-press.net\/cameroun\/sites\/57\/2023\/03\/postQueueImg_1678781919.98.jpg\",\"width\":720,\"height\":440,\"caption\":\"Rebondissement \u00e9norme : la lib\u00e9ration d'Amougou Belinga r\u00e9clam\u00e9e en urgence\"},{\"@type\":\"BreadcrumbList\",\"@id\":\"https:\/\/www.africa-press.net\/cameroun\/politique\/rebondissement-enorme-la-liberation-damougou-belinga-reclamee-en-urgence#breadcrumb\",\"itemListElement\":[{\"@type\":\"ListItem\",\"position\":1,\"name\":\"Accueil\",\"item\":\"https:\/\/www.africa-press.net\/cameroun\/\"},{\"@type\":\"ListItem\",\"position\":2,\"name\":\"Rebondissement \u00e9norme : la lib\u00e9ration d&rsquo;Amougou Belinga r\u00e9clam\u00e9e en urgence\"}]},{\"@type\":\"WebSite\",\"@id\":\"https:\/\/www.africa-press.net\/cameroun\/#website\",\"url\":\"https:\/\/www.africa-press.net\/cameroun\/\",\"name\":\"Cameroun\",\"description\":\"Just another Africa News Agency Sites site\",\"potentialAction\":[{\"@type\":\"SearchAction\",\"target\":{\"@type\":\"EntryPoint\",\"urlTemplate\":\"https:\/\/www.africa-press.net\/cameroun\/?s={search_term_string}\"},\"query-input\":{\"@type\":\"PropertyValueSpecification\",\"valueRequired\":true,\"valueName\":\"search_term_string\"}}],\"inLanguage\":\"fr-FR\"},{\"@type\":\"Person\",\"@id\":\"https:\/\/www.africa-press.net\/cameroun\/#\/schema\/person\/2b1cf3cd81a31e3cd26889ca66d677f1\",\"name\":\"cfeditorfr\"}]}<\/script>\n<!-- \/ Yoast SEO Premium plugin. -->","yoast_head_json":{"title":"Rebondissement \u00e9norme : la lib\u00e9ration d'Amougou Belinga r\u00e9clam\u00e9e en urgence - Cameroun","description":"La re\u0301daction de Camerounweb vient d'apprendre ce mardi matin la demande de libe\u0301ration de Jean-Pierre Amougou Belinga. ...","robots":{"index":"index","follow":"follow","max-snippet":"max-snippet:-1","max-image-preview":"max-image-preview:large","max-video-preview":"max-video-preview:-1"},"canonical":"https:\/\/www.africa-press.net\/cameroun\/politique\/rebondissement-enorme-la-liberation-damougou-belinga-reclamee-en-urgence","og_locale":"fr_FR","og_type":"article","og_title":"Rebondissement \u00e9norme : la lib\u00e9ration d'Amougou Belinga r\u00e9clam\u00e9e en urgence","og_description":"La re\u0301daction de Camerounweb vient d'apprendre ce mardi matin la demande de libe\u0301ration de Jean-Pierre Amougou Belinga. ...","og_url":"https:\/\/www.africa-press.net\/cameroun\/politique\/rebondissement-enorme-la-liberation-damougou-belinga-reclamee-en-urgence","og_site_name":"Cameroun","article_published_time":"2023-03-14T11:48:37+00:00","article_modified_time":"2023-03-14T12:20:51+00:00","og_image":[{"width":720,"height":440,"url":"https:\/\/static.africa-press.net\/cameroun\/sites\/57\/2023\/03\/postQueueImg_1678781919.98.jpg","type":"image\/jpeg"}],"author":"cfeditorfr","twitter_card":"summary_large_image","twitter_misc":{"\u00c9crit par":"cfeditorfr","Dur\u00e9e de lecture estim\u00e9e":"3 minutes"},"schema":{"@context":"https:\/\/schema.org","@graph":[{"@type":"Article","@id":"https:\/\/www.africa-press.net\/cameroun\/politique\/rebondissement-enorme-la-liberation-damougou-belinga-reclamee-en-urgence#article","isPartOf":{"@id":"https:\/\/www.africa-press.net\/cameroun\/politique\/rebondissement-enorme-la-liberation-damougou-belinga-reclamee-en-urgence"},"author":{"name":"cfeditorfr","@id":"https:\/\/www.africa-press.net\/cameroun\/#\/schema\/person\/2b1cf3cd81a31e3cd26889ca66d677f1"},"headline":"Rebondissement \u00e9norme : la lib\u00e9ration d&rsquo;Amougou Belinga r\u00e9clam\u00e9e en urgence","datePublished":"2023-03-14T11:48:37+00:00","dateModified":"2023-03-14T12:20:51+00:00","mainEntityOfPage":{"@id":"https:\/\/www.africa-press.net\/cameroun\/politique\/rebondissement-enorme-la-liberation-damougou-belinga-reclamee-en-urgence"},"wordCount":552,"commentCount":0,"image":{"@id":"https:\/\/www.africa-press.net\/cameroun\/politique\/rebondissement-enorme-la-liberation-damougou-belinga-reclamee-en-urgence#primaryimage"},"thumbnailUrl":"https:\/\/static.africa-press.net\/cameroun\/sites\/57\/2023\/03\/postQueueImg_1678781919.98.jpg","keywords":["Africa Press","Africa Press-Cameroun","Cameroun"],"articleSection":["Politique","Toutes les actualit\u00e9s"],"inLanguage":"fr-FR","potentialAction":[{"@type":"CommentAction","name":"Comment","target":["https:\/\/www.africa-press.net\/cameroun\/politique\/rebondissement-enorme-la-liberation-damougou-belinga-reclamee-en-urgence#respond"]}]},{"@type":"WebPage","@id":"https:\/\/www.africa-press.net\/cameroun\/politique\/rebondissement-enorme-la-liberation-damougou-belinga-reclamee-en-urgence","url":"https:\/\/www.africa-press.net\/cameroun\/politique\/rebondissement-enorme-la-liberation-damougou-belinga-reclamee-en-urgence","name":"Rebondissement \u00e9norme : la lib\u00e9ration d'Amougou Belinga r\u00e9clam\u00e9e en urgence - Cameroun","isPartOf":{"@id":"https:\/\/www.africa-press.net\/cameroun\/#website"},"primaryImageOfPage":{"@id":"https:\/\/www.africa-press.net\/cameroun\/politique\/rebondissement-enorme-la-liberation-damougou-belinga-reclamee-en-urgence#primaryimage"},"image":{"@id":"https:\/\/www.africa-press.net\/cameroun\/politique\/rebondissement-enorme-la-liberation-damougou-belinga-reclamee-en-urgence#primaryimage"},"thumbnailUrl":"https:\/\/static.africa-press.net\/cameroun\/sites\/57\/2023\/03\/postQueueImg_1678781919.98.jpg","datePublished":"2023-03-14T11:48:37+00:00","dateModified":"2023-03-14T12:20:51+00:00","author":{"@id":"https:\/\/www.africa-press.net\/cameroun\/#\/schema\/person\/2b1cf3cd81a31e3cd26889ca66d677f1"},"description":"La re\u0301daction de Camerounweb vient d'apprendre ce mardi matin la demande de libe\u0301ration de Jean-Pierre Amougou Belinga. ...","breadcrumb":{"@id":"https:\/\/www.africa-press.net\/cameroun\/politique\/rebondissement-enorme-la-liberation-damougou-belinga-reclamee-en-urgence#breadcrumb"},"inLanguage":"fr-FR","potentialAction":[{"@type":"ReadAction","target":["https:\/\/www.africa-press.net\/cameroun\/politique\/rebondissement-enorme-la-liberation-damougou-belinga-reclamee-en-urgence"]}]},{"@type":"ImageObject","inLanguage":"fr-FR","@id":"https:\/\/www.africa-press.net\/cameroun\/politique\/rebondissement-enorme-la-liberation-damougou-belinga-reclamee-en-urgence#primaryimage","url":"https:\/\/static.africa-press.net\/cameroun\/sites\/57\/2023\/03\/postQueueImg_1678781919.98.jpg","contentUrl":"https:\/\/static.africa-press.net\/cameroun\/sites\/57\/2023\/03\/postQueueImg_1678781919.98.jpg","width":720,"height":440,"caption":"Rebondissement \u00e9norme : la lib\u00e9ration d'Amougou Belinga r\u00e9clam\u00e9e en urgence"},{"@type":"BreadcrumbList","@id":"https:\/\/www.africa-press.net\/cameroun\/politique\/rebondissement-enorme-la-liberation-damougou-belinga-reclamee-en-urgence#breadcrumb","itemListElement":[{"@type":"ListItem","position":1,"name":"Accueil","item":"https:\/\/www.africa-press.net\/cameroun\/"},{"@type":"ListItem","position":2,"name":"Rebondissement \u00e9norme : la lib\u00e9ration d&rsquo;Amougou Belinga r\u00e9clam\u00e9e en urgence"}]},{"@type":"WebSite","@id":"https:\/\/www.africa-press.net\/cameroun\/#website","url":"https:\/\/www.africa-press.net\/cameroun\/","name":"Cameroun","description":"Just another Africa News Agency Sites site","potentialAction":[{"@type":"SearchAction","target":{"@type":"EntryPoint","urlTemplate":"https:\/\/www.africa-press.net\/cameroun\/?s={search_term_string}"},"query-input":{"@type":"PropertyValueSpecification","valueRequired":true,"valueName":"search_term_string"}}],"inLanguage":"fr-FR"},{"@type":"Person","@id":"https:\/\/www.africa-press.net\/cameroun\/#\/schema\/person\/2b1cf3cd81a31e3cd26889ca66d677f1","name":"cfeditorfr"}]}},"_links":{"self":[{"href":"https:\/\/www.africa-press.net\/cameroun\/wp-json\/wp\/v2\/posts\/39254","targetHints":{"allow":["GET"]}}],"collection":[{"href":"https:\/\/www.africa-press.net\/cameroun\/wp-json\/wp\/v2\/posts"}],"about":[{"href":"https:\/\/www.africa-press.net\/cameroun\/wp-json\/wp\/v2\/types\/post"}],"author":[{"embeddable":true,"href":"https:\/\/www.africa-press.net\/cameroun\/wp-json\/wp\/v2\/users\/82"}],"replies":[{"embeddable":true,"href":"https:\/\/www.africa-press.net\/cameroun\/wp-json\/wp\/v2\/comments?post=39254"}],"version-history":[{"count":0,"href":"https:\/\/www.africa-press.net\/cameroun\/wp-json\/wp\/v2\/posts\/39254\/revisions"}],"wp:featuredmedia":[{"embeddable":true,"href":"https:\/\/www.africa-press.net\/cameroun\/wp-json\/wp\/v2\/media\/39251"}],"wp:attachment":[{"href":"https:\/\/www.africa-press.net\/cameroun\/wp-json\/wp\/v2\/media?parent=39254"}],"wp:term":[{"taxonomy":"category","embeddable":true,"href":"https:\/\/www.africa-press.net\/cameroun\/wp-json\/wp\/v2\/categories?post=39254"},{"taxonomy":"post_tag","embeddable":true,"href":"https:\/\/www.africa-press.net\/cameroun\/wp-json\/wp\/v2\/tags?post=39254"}],"curies":[{"name":"wp","href":"https:\/\/api.w.org\/{rel}","templated":true}]}}