{"id":39266,"date":"2023-03-14T11:48:48","date_gmt":"2023-03-14T11:48:48","guid":{"rendered":"https:\/\/www.africa-press.net\/cameroun\/politique\/senatoriales-le-ministre-paul-atanga-nji-jubile"},"modified":"2023-03-14T12:21:51","modified_gmt":"2023-03-14T12:21:51","slug":"senatoriales-le-ministre-paul-atanga-nji-jubile","status":"publish","type":"post","link":"https:\/\/www.africa-press.net\/cameroun\/politique\/senatoriales-le-ministre-paul-atanga-nji-jubile","title":{"rendered":"S\u00e9natoriales: le ministre Paul Atanga Nji jubile"},"content":{"rendered":"<p><span style=\"color: #ff6600\"><strong>Africa-Press &#8211; Cameroun. <\/strong><\/span>Les e\u0301lections se sont de\u0301roule\u0301es dans un climat de paix et de se\u0301curite\u0301.C&rsquo;est ce qui est ressortii de la de\u0301claration du Ministre de l&rsquo;Administration Territoriale,Paul ATANGA NJI hier 12 mars 2023 quelques minutes seulement apre\u0300s la clo\u0302ture des bureaux de vote. Face aux hommes de me\u0301dias,le membre du gouvernement a parle\u0301 d&rsquo;une e\u0301lection libre, transparente et cre\u0301dible. Paul ATANGA NJI a ensuite indique\u0301 que :\u00a0\u00bb &#8230;les e\u0301lections se\u0301natoriales de cette anne\u0301e ont suscite\u0301 un engouement et un engagement sans pre\u0301ce\u0301dent.C&rsquo;est une preuve irre\u0301futable que le se\u0301nat est une institution strate\u0301gique qui joue pleinement son ro\u0302le dans un Cameroun re\u0301solument engage\u0301 sur la voie de l&rsquo;e\u0301mergence sous la conduite e\u0301claire\u0301e de Son Excellence M .Paul BIYA&#8230;\u00a0\u00bb Fin de citation. L&rsquo;inte\u0301gralite\u0301 de la de\u0301claration du MINAT en franc\u0327ais et en anglais a\u0300 lire dans cette e\u0301dition.<\/p>\n<p>Quelques minutes apre\u0300s la clo\u0302ture des ope\u0301rations lie\u0301es a\u0300 l\u2019e\u0301lection des membres du Se\u0301nat ce 12 mars 2023, Atanga Nji Paul s\u2019est adresse\u0301 a\u0300 la presse nationale et internationale dans la salle des Confe\u0301rences du MINAT. Au menu de sa prise de parole, le de\u0301roulement et l\u2019encadrement se\u0301curitaire de ces ope\u0301rations e\u0301lectorales dans l\u2019ensemble des 58 de\u0301partements et des 10 re\u0301gions du pays. Selon le MINAT, cette e\u0301lection s\u2019est de\u0301roule\u0301e globalement, dans un climat de paix et de se\u0301curite\u0301 dans toutes les circonscriptions e\u0301lectorales.<\/p>\n<p>Aucun incident majeur de nature a\u0300 porter atteinte a\u0300 la cre\u0301dibilite\u0301 du scrutin n\u2019a e\u0301te\u0301 signale\u0301. Il a ajoute\u0301 que, plus de 3.000 observateurs nationaux et internationaux ont couvert cette e\u0301lection et il espe\u0300re qu\u2019ils produiront, a\u0300 propos, des rapports objectifs te\u0301moignant de son caracte\u0300re libre, transparent et cre\u0301dible. Il a en outre de\u0301clare\u0301 qu\u2019en tant qu\u2019agent du Gouvernement dans les processus e\u0301lectoraux, le ministe\u0300re de l\u2019Administration Territoriale a pris des mesures approprie\u0301es pour apporter a\u0300 ELECAM, l\u2019encadrement se\u0301curitaire ne\u0301cessaire au bon de\u0301roulement des ope\u0301rations e\u0301lectorales. Il a par ailleurs prie\u0301 les partis politiques ayant pris part a\u0300 cette e\u0301lection, d\u2019attendre les re\u0301sultats officiels dans l\u2019apaisement puis de les accueillir dans un esprit de fair-play et de maturite\u0301 politique.<\/p>\n<p>\u00ab Ce scrutin a e\u0301te\u0301 pre\u0301ce\u0301de\u0301 par une campagne e\u0301lectorale intense au cours de laquelle les dix partis politiques ayant pre\u0301sente\u0301 des listes de candidats se sont librement exprime\u0301s de manie\u0300re e\u0301quitable dans les me\u0301dias de service public pour vendre leurs projets politiques respectifs et convaincre le plus grand nombre d\u2019e\u0301lecteurs. Je rappelle que le colle\u0300ge e\u0301lectoral e\u0301tait compose\u0301 de conseillers re\u0301gionaux et de conseillers municipaux. Cela dit, les me\u0301dias de service public ont fait preuve d\u2019e\u0301quite\u0301 en respectant scrupuleusement le temps d\u2019antenne consacre\u0301e a\u0300 chaque parti politique pendant la campagne e\u0301lectorale. Par contre, certains me\u0301dias prive\u0301s ont pluto\u0302t fait le contraire, en accordant plus d\u2019espace a\u0300 certaines formations politiques, rendant ainsi le de\u0301bat politique moins contradictoire et partisan. Ne\u0301anmoins, les se\u0301natoriales 2023 ont suscite\u0301 un engouement et un engagement sans pre\u0301ce\u0301dent \u00bb, a de\u0301clare\u0301 le Minat Paul Atanga Nji.<\/p>\n<p><strong>Pour plus d&rsquo;informations et d&rsquo;analyses sur la <a href=\"https:\/\/www.africa-press.net\/cameroun\">Cameroun<\/a>, suivez <a href=\"https:\/\/www.africa-press.net\/\">Africa-Press<\/a><\/strong><\/p>\n","protected":false},"excerpt":{"rendered":"<p>Africa-Press &#8211; Cameroun. Les e\u0301lections se sont de\u0301roule\u0301es dans un climat de paix et de se\u0301curite\u0301.C&rsquo;est ce qui est ressortii de la de\u0301claration du Ministre de l&rsquo;Administration Territoriale,Paul ATANGA NJI hier 12 mars 2023 quelques minutes seulement apre\u0300s la clo\u0302ture des bureaux de vote. Face aux hommes de me\u0301dias,le membre du gouvernement a parle\u0301 d&rsquo;une [&hellip;]<\/p>\n","protected":false},"author":82,"featured_media":39264,"comment_status":"open","ping_status":"closed","sticky":false,"template":"","format":"standard","meta":{"footnotes":""},"categories":[2,10],"tags":[36,50,49],"class_list":["post-39266","post","type-post","status-publish","format-standard","has-post-thumbnail","hentry","category-politique","category-toutes-les-actualites","tag-africa-press","tag-africa-press-cameroun","tag-cameroun"],"yoast_head":"<!-- This site is optimized with the Yoast SEO Premium plugin v26.1 (Yoast SEO v27.0) - https:\/\/yoast.com\/product\/yoast-seo-premium-wordpress\/ -->\n<title>S\u00e9natoriales: le ministre Paul Atanga Nji jubile - Cameroun<\/title>\n<meta name=\"description\" content=\"Les e\u0301lections se sont de\u0301roule\u0301es dans un climat de paix et de se\u0301curite\u0301.C&#039;est ce qui est ressortii de la de\u0301claration ...\" \/>\n<meta name=\"robots\" content=\"index, follow, max-snippet:-1, max-image-preview:large, max-video-preview:-1\" \/>\n<link rel=\"canonical\" href=\"https:\/\/www.africa-press.net\/cameroun\/politique\/senatoriales-le-ministre-paul-atanga-nji-jubile\" \/>\n<meta property=\"og:locale\" content=\"fr_FR\" \/>\n<meta property=\"og:type\" content=\"article\" \/>\n<meta property=\"og:title\" content=\"S\u00e9natoriales: le ministre Paul Atanga Nji jubile\" \/>\n<meta property=\"og:description\" content=\"Les e\u0301lections se sont de\u0301roule\u0301es dans un climat de paix et de se\u0301curite\u0301.C&#039;est ce qui est ressortii de la de\u0301claration ...\" \/>\n<meta property=\"og:url\" content=\"https:\/\/www.africa-press.net\/cameroun\/politique\/senatoriales-le-ministre-paul-atanga-nji-jubile\" \/>\n<meta property=\"og:site_name\" content=\"Cameroun\" \/>\n<meta property=\"article:published_time\" content=\"2023-03-14T11:48:48+00:00\" \/>\n<meta property=\"article:modified_time\" content=\"2023-03-14T12:21:51+00:00\" \/>\n<meta property=\"og:image\" content=\"https:\/\/static.africa-press.net\/cameroun\/sites\/57\/2023\/03\/postQueueImg_1678781931.79.jpg\" \/>\n\t<meta property=\"og:image:width\" content=\"720\" \/>\n\t<meta property=\"og:image:height\" content=\"356\" \/>\n\t<meta property=\"og:image:type\" content=\"image\/jpeg\" \/>\n<meta name=\"author\" content=\"cfeditorfr\" \/>\n<meta name=\"twitter:card\" content=\"summary_large_image\" \/>\n<meta name=\"twitter:label1\" content=\"\u00c9crit par\" \/>\n\t<meta name=\"twitter:data1\" content=\"cfeditorfr\" \/>\n\t<meta name=\"twitter:label2\" content=\"Dur\u00e9e de lecture estim\u00e9e\" \/>\n\t<meta name=\"twitter:data2\" content=\"3 minutes\" \/>\n<script type=\"application\/ld+json\" class=\"yoast-schema-graph\">{\"@context\":\"https:\/\/schema.org\",\"@graph\":[{\"@type\":\"Article\",\"@id\":\"https:\/\/www.africa-press.net\/cameroun\/politique\/senatoriales-le-ministre-paul-atanga-nji-jubile#article\",\"isPartOf\":{\"@id\":\"https:\/\/www.africa-press.net\/cameroun\/politique\/senatoriales-le-ministre-paul-atanga-nji-jubile\"},\"author\":{\"name\":\"cfeditorfr\",\"@id\":\"https:\/\/www.africa-press.net\/cameroun\/#\/schema\/person\/2b1cf3cd81a31e3cd26889ca66d677f1\"},\"headline\":\"S\u00e9natoriales: le ministre Paul Atanga Nji jubile\",\"datePublished\":\"2023-03-14T11:48:48+00:00\",\"dateModified\":\"2023-03-14T12:21:51+00:00\",\"mainEntityOfPage\":{\"@id\":\"https:\/\/www.africa-press.net\/cameroun\/politique\/senatoriales-le-ministre-paul-atanga-nji-jubile\"},\"wordCount\":606,\"commentCount\":0,\"image\":{\"@id\":\"https:\/\/www.africa-press.net\/cameroun\/politique\/senatoriales-le-ministre-paul-atanga-nji-jubile#primaryimage\"},\"thumbnailUrl\":\"https:\/\/static.africa-press.net\/cameroun\/sites\/57\/2023\/03\/postQueueImg_1678781931.79.jpg\",\"keywords\":[\"Africa Press\",\"Africa Press-Cameroun\",\"Cameroun\"],\"articleSection\":[\"Politique\",\"Toutes les actualit\u00e9s\"],\"inLanguage\":\"fr-FR\",\"potentialAction\":[{\"@type\":\"CommentAction\",\"name\":\"Comment\",\"target\":[\"https:\/\/www.africa-press.net\/cameroun\/politique\/senatoriales-le-ministre-paul-atanga-nji-jubile#respond\"]}]},{\"@type\":\"WebPage\",\"@id\":\"https:\/\/www.africa-press.net\/cameroun\/politique\/senatoriales-le-ministre-paul-atanga-nji-jubile\",\"url\":\"https:\/\/www.africa-press.net\/cameroun\/politique\/senatoriales-le-ministre-paul-atanga-nji-jubile\",\"name\":\"S\u00e9natoriales: le ministre Paul Atanga Nji jubile - Cameroun\",\"isPartOf\":{\"@id\":\"https:\/\/www.africa-press.net\/cameroun\/#website\"},\"primaryImageOfPage\":{\"@id\":\"https:\/\/www.africa-press.net\/cameroun\/politique\/senatoriales-le-ministre-paul-atanga-nji-jubile#primaryimage\"},\"image\":{\"@id\":\"https:\/\/www.africa-press.net\/cameroun\/politique\/senatoriales-le-ministre-paul-atanga-nji-jubile#primaryimage\"},\"thumbnailUrl\":\"https:\/\/static.africa-press.net\/cameroun\/sites\/57\/2023\/03\/postQueueImg_1678781931.79.jpg\",\"datePublished\":\"2023-03-14T11:48:48+00:00\",\"dateModified\":\"2023-03-14T12:21:51+00:00\",\"author\":{\"@id\":\"https:\/\/www.africa-press.net\/cameroun\/#\/schema\/person\/2b1cf3cd81a31e3cd26889ca66d677f1\"},\"description\":\"Les e\u0301lections se sont de\u0301roule\u0301es dans un climat de paix et de se\u0301curite\u0301.C'est ce qui est ressortii de la de\u0301claration ...\",\"breadcrumb\":{\"@id\":\"https:\/\/www.africa-press.net\/cameroun\/politique\/senatoriales-le-ministre-paul-atanga-nji-jubile#breadcrumb\"},\"inLanguage\":\"fr-FR\",\"potentialAction\":[{\"@type\":\"ReadAction\",\"target\":[\"https:\/\/www.africa-press.net\/cameroun\/politique\/senatoriales-le-ministre-paul-atanga-nji-jubile\"]}]},{\"@type\":\"ImageObject\",\"inLanguage\":\"fr-FR\",\"@id\":\"https:\/\/www.africa-press.net\/cameroun\/politique\/senatoriales-le-ministre-paul-atanga-nji-jubile#primaryimage\",\"url\":\"https:\/\/static.africa-press.net\/cameroun\/sites\/57\/2023\/03\/postQueueImg_1678781931.79.jpg\",\"contentUrl\":\"https:\/\/static.africa-press.net\/cameroun\/sites\/57\/2023\/03\/postQueueImg_1678781931.79.jpg\",\"width\":720,\"height\":356,\"caption\":\"S\u00e9natoriales: le ministre Paul Atanga Nji jubile\"},{\"@type\":\"BreadcrumbList\",\"@id\":\"https:\/\/www.africa-press.net\/cameroun\/politique\/senatoriales-le-ministre-paul-atanga-nji-jubile#breadcrumb\",\"itemListElement\":[{\"@type\":\"ListItem\",\"position\":1,\"name\":\"Accueil\",\"item\":\"https:\/\/www.africa-press.net\/cameroun\/\"},{\"@type\":\"ListItem\",\"position\":2,\"name\":\"S\u00e9natoriales: le ministre Paul Atanga Nji jubile\"}]},{\"@type\":\"WebSite\",\"@id\":\"https:\/\/www.africa-press.net\/cameroun\/#website\",\"url\":\"https:\/\/www.africa-press.net\/cameroun\/\",\"name\":\"Cameroun\",\"description\":\"Just another Africa News Agency Sites site\",\"potentialAction\":[{\"@type\":\"SearchAction\",\"target\":{\"@type\":\"EntryPoint\",\"urlTemplate\":\"https:\/\/www.africa-press.net\/cameroun\/?s={search_term_string}\"},\"query-input\":{\"@type\":\"PropertyValueSpecification\",\"valueRequired\":true,\"valueName\":\"search_term_string\"}}],\"inLanguage\":\"fr-FR\"},{\"@type\":\"Person\",\"@id\":\"https:\/\/www.africa-press.net\/cameroun\/#\/schema\/person\/2b1cf3cd81a31e3cd26889ca66d677f1\",\"name\":\"cfeditorfr\"}]}<\/script>\n<!-- \/ Yoast SEO Premium plugin. -->","yoast_head_json":{"title":"S\u00e9natoriales: le ministre Paul Atanga Nji jubile - Cameroun","description":"Les e\u0301lections se sont de\u0301roule\u0301es dans un climat de paix et de se\u0301curite\u0301.C'est ce qui est ressortii de la de\u0301claration ...","robots":{"index":"index","follow":"follow","max-snippet":"max-snippet:-1","max-image-preview":"max-image-preview:large","max-video-preview":"max-video-preview:-1"},"canonical":"https:\/\/www.africa-press.net\/cameroun\/politique\/senatoriales-le-ministre-paul-atanga-nji-jubile","og_locale":"fr_FR","og_type":"article","og_title":"S\u00e9natoriales: le ministre Paul Atanga Nji jubile","og_description":"Les e\u0301lections se sont de\u0301roule\u0301es dans un climat de paix et de se\u0301curite\u0301.C'est ce qui est ressortii de la de\u0301claration ...","og_url":"https:\/\/www.africa-press.net\/cameroun\/politique\/senatoriales-le-ministre-paul-atanga-nji-jubile","og_site_name":"Cameroun","article_published_time":"2023-03-14T11:48:48+00:00","article_modified_time":"2023-03-14T12:21:51+00:00","og_image":[{"width":720,"height":356,"url":"https:\/\/static.africa-press.net\/cameroun\/sites\/57\/2023\/03\/postQueueImg_1678781931.79.jpg","type":"image\/jpeg"}],"author":"cfeditorfr","twitter_card":"summary_large_image","twitter_misc":{"\u00c9crit par":"cfeditorfr","Dur\u00e9e de lecture estim\u00e9e":"3 minutes"},"schema":{"@context":"https:\/\/schema.org","@graph":[{"@type":"Article","@id":"https:\/\/www.africa-press.net\/cameroun\/politique\/senatoriales-le-ministre-paul-atanga-nji-jubile#article","isPartOf":{"@id":"https:\/\/www.africa-press.net\/cameroun\/politique\/senatoriales-le-ministre-paul-atanga-nji-jubile"},"author":{"name":"cfeditorfr","@id":"https:\/\/www.africa-press.net\/cameroun\/#\/schema\/person\/2b1cf3cd81a31e3cd26889ca66d677f1"},"headline":"S\u00e9natoriales: le ministre Paul Atanga Nji jubile","datePublished":"2023-03-14T11:48:48+00:00","dateModified":"2023-03-14T12:21:51+00:00","mainEntityOfPage":{"@id":"https:\/\/www.africa-press.net\/cameroun\/politique\/senatoriales-le-ministre-paul-atanga-nji-jubile"},"wordCount":606,"commentCount":0,"image":{"@id":"https:\/\/www.africa-press.net\/cameroun\/politique\/senatoriales-le-ministre-paul-atanga-nji-jubile#primaryimage"},"thumbnailUrl":"https:\/\/static.africa-press.net\/cameroun\/sites\/57\/2023\/03\/postQueueImg_1678781931.79.jpg","keywords":["Africa Press","Africa Press-Cameroun","Cameroun"],"articleSection":["Politique","Toutes les actualit\u00e9s"],"inLanguage":"fr-FR","potentialAction":[{"@type":"CommentAction","name":"Comment","target":["https:\/\/www.africa-press.net\/cameroun\/politique\/senatoriales-le-ministre-paul-atanga-nji-jubile#respond"]}]},{"@type":"WebPage","@id":"https:\/\/www.africa-press.net\/cameroun\/politique\/senatoriales-le-ministre-paul-atanga-nji-jubile","url":"https:\/\/www.africa-press.net\/cameroun\/politique\/senatoriales-le-ministre-paul-atanga-nji-jubile","name":"S\u00e9natoriales: le ministre Paul Atanga Nji jubile - Cameroun","isPartOf":{"@id":"https:\/\/www.africa-press.net\/cameroun\/#website"},"primaryImageOfPage":{"@id":"https:\/\/www.africa-press.net\/cameroun\/politique\/senatoriales-le-ministre-paul-atanga-nji-jubile#primaryimage"},"image":{"@id":"https:\/\/www.africa-press.net\/cameroun\/politique\/senatoriales-le-ministre-paul-atanga-nji-jubile#primaryimage"},"thumbnailUrl":"https:\/\/static.africa-press.net\/cameroun\/sites\/57\/2023\/03\/postQueueImg_1678781931.79.jpg","datePublished":"2023-03-14T11:48:48+00:00","dateModified":"2023-03-14T12:21:51+00:00","author":{"@id":"https:\/\/www.africa-press.net\/cameroun\/#\/schema\/person\/2b1cf3cd81a31e3cd26889ca66d677f1"},"description":"Les e\u0301lections se sont de\u0301roule\u0301es dans un climat de paix et de se\u0301curite\u0301.C'est ce qui est ressortii de la de\u0301claration ...","breadcrumb":{"@id":"https:\/\/www.africa-press.net\/cameroun\/politique\/senatoriales-le-ministre-paul-atanga-nji-jubile#breadcrumb"},"inLanguage":"fr-FR","potentialAction":[{"@type":"ReadAction","target":["https:\/\/www.africa-press.net\/cameroun\/politique\/senatoriales-le-ministre-paul-atanga-nji-jubile"]}]},{"@type":"ImageObject","inLanguage":"fr-FR","@id":"https:\/\/www.africa-press.net\/cameroun\/politique\/senatoriales-le-ministre-paul-atanga-nji-jubile#primaryimage","url":"https:\/\/static.africa-press.net\/cameroun\/sites\/57\/2023\/03\/postQueueImg_1678781931.79.jpg","contentUrl":"https:\/\/static.africa-press.net\/cameroun\/sites\/57\/2023\/03\/postQueueImg_1678781931.79.jpg","width":720,"height":356,"caption":"S\u00e9natoriales: le ministre Paul Atanga Nji jubile"},{"@type":"BreadcrumbList","@id":"https:\/\/www.africa-press.net\/cameroun\/politique\/senatoriales-le-ministre-paul-atanga-nji-jubile#breadcrumb","itemListElement":[{"@type":"ListItem","position":1,"name":"Accueil","item":"https:\/\/www.africa-press.net\/cameroun\/"},{"@type":"ListItem","position":2,"name":"S\u00e9natoriales: le ministre Paul Atanga Nji jubile"}]},{"@type":"WebSite","@id":"https:\/\/www.africa-press.net\/cameroun\/#website","url":"https:\/\/www.africa-press.net\/cameroun\/","name":"Cameroun","description":"Just another Africa News Agency Sites site","potentialAction":[{"@type":"SearchAction","target":{"@type":"EntryPoint","urlTemplate":"https:\/\/www.africa-press.net\/cameroun\/?s={search_term_string}"},"query-input":{"@type":"PropertyValueSpecification","valueRequired":true,"valueName":"search_term_string"}}],"inLanguage":"fr-FR"},{"@type":"Person","@id":"https:\/\/www.africa-press.net\/cameroun\/#\/schema\/person\/2b1cf3cd81a31e3cd26889ca66d677f1","name":"cfeditorfr"}]}},"_links":{"self":[{"href":"https:\/\/www.africa-press.net\/cameroun\/wp-json\/wp\/v2\/posts\/39266","targetHints":{"allow":["GET"]}}],"collection":[{"href":"https:\/\/www.africa-press.net\/cameroun\/wp-json\/wp\/v2\/posts"}],"about":[{"href":"https:\/\/www.africa-press.net\/cameroun\/wp-json\/wp\/v2\/types\/post"}],"author":[{"embeddable":true,"href":"https:\/\/www.africa-press.net\/cameroun\/wp-json\/wp\/v2\/users\/82"}],"replies":[{"embeddable":true,"href":"https:\/\/www.africa-press.net\/cameroun\/wp-json\/wp\/v2\/comments?post=39266"}],"version-history":[{"count":0,"href":"https:\/\/www.africa-press.net\/cameroun\/wp-json\/wp\/v2\/posts\/39266\/revisions"}],"wp:featuredmedia":[{"embeddable":true,"href":"https:\/\/www.africa-press.net\/cameroun\/wp-json\/wp\/v2\/media\/39264"}],"wp:attachment":[{"href":"https:\/\/www.africa-press.net\/cameroun\/wp-json\/wp\/v2\/media?parent=39266"}],"wp:term":[{"taxonomy":"category","embeddable":true,"href":"https:\/\/www.africa-press.net\/cameroun\/wp-json\/wp\/v2\/categories?post=39266"},{"taxonomy":"post_tag","embeddable":true,"href":"https:\/\/www.africa-press.net\/cameroun\/wp-json\/wp\/v2\/tags?post=39266"}],"curies":[{"name":"wp","href":"https:\/\/api.w.org\/{rel}","templated":true}]}}