{"id":39278,"date":"2023-03-14T11:49:00","date_gmt":"2023-03-14T11:49:00","guid":{"rendered":"https:\/\/www.africa-press.net\/cameroun\/politique\/necrologie-atangana-quitte-definitivement-la-scene"},"modified":"2023-03-14T12:23:07","modified_gmt":"2023-03-14T12:23:07","slug":"necrologie-atangana-quitte-definitivement-la-scene","status":"publish","type":"post","link":"https:\/\/www.africa-press.net\/cameroun\/toutes-les-actualites\/necrologie-atangana-quitte-definitivement-la-scene","title":{"rendered":"N\u00e9crologie :  Atangana quitte d\u00e9finitivement la sc\u00e8ne"},"content":{"rendered":"<p><span style=\"color: #ff6600\"><strong>Africa-Press &#8211; Cameroun. <\/strong><\/span>L\u2019ancien pre\u0301sident de l\u2019Ordre national des experts comptables du Cameroun est inhume\u0301 dans son village natal a\u0300 Binguela.<\/p>\n<p>C\u2019est de\u0301sormais a\u0300 Benguela, un village a\u0300 quelques encablures de Yaounde\u0301 que se repose de\u0301finitivement Benoi\u0302t Atangana Onana, expert comptable de\u0301ce\u0301de\u0301 le 27 janvier 2023 a\u0300 Paris. C\u2019est une foule immense et un parter des personnalite\u0301s nationales et internationales qui ont fait le de\u0301placement de Binguela pour accompagner le patriarche Benoi\u0302t Atangana a\u0300 sa dernie\u0300re demeure. Apre\u0300s les ce\u0301re\u0301monies traditionnelles fune\u0300bres tellesque pre\u0301vois la culture Ewondo, la messe d\u2019inhumation a e\u0301te\u0301 dite par mon Seigneur Jean Mbarga, Archeve\u0302ques de Yaounde\u0301. Pendant son aumelie, le pre\u0301lat a retrace\u0301 le parcours chre\u0301tien de Benoi\u0302t Atangana de son vivant avant de confier l\u2019a\u0302me du de\u0301funt a\u0300 Dieu. L\u2019on retiendra de l\u2019illustre disparu des qualite\u0301s propre a\u0300 un ba\u0302tisseur de la Re\u0301publique et un exemple a\u0300 suivre pour les jeunes experts comptables. Ne\u0301 le 10 juin 1938 a\u0300 Nkong Binguela dans l\u2019arrondissement de Mbankomo, celui qui e\u0301tait l\u2019un des experts comptables les plus renomme\u0301s au Cameroun s\u2019est e\u0301teint a\u0300 l\u2019a\u0302ge je 85 ans, laissant dernie\u0300re lui une carrie\u0300re bien remplie mais aussi, un nombre important de personnes pre\u0301sents a\u0300 son enterrement gardent de lui le souvenir d\u2019un homme d\u2019une grande intelligence, mais aussi d\u2019une grande ge\u0301ne\u0301rosite\u0301.<\/p>\n<p>Actif et de\u0301voue\u0301<\/p>\n<p>Benoi\u0302t Atangana e\u0301tait un homme tre\u0300s actif et de\u0301voue\u0301. Il a tout fait sur le plan technique et professionnel. Nous sommes arrive\u0301s a\u0300 le place\u0301 dans l\u2019equipe de la cre\u0301ation des normes internationales. Il a contribue\u0301 a\u0300 la cre\u0301ation de l\u2019Ordre au Cameroun\u201d explique Daniel Kapssu, ancien pre\u0301sident de l\u2019Orde des experts comptables du Cameroun.Pionnier de la coope\u0301ration internationale au niveau professionnel, il a notamment contribue\u0301 au de\u0301veloppement du re\u0301seau des Experts comptables francophones dans le monde. Il est l\u2019un des ba\u0302tisseurs du Centre de formation Onecca-Intec qui participe a\u0300 la formation de futurs Experts Comptables diplo\u0302me\u0301s franc\u0327ais et canadiens, ve\u0301ritable re\u0301ussite des mode\u0300les de coope\u0301rations acade\u0301miques et professionnelles. Son attachement a\u0300 la transmission et a\u0300 la formation prend sa source au de\u0301but de sa carrie\u0300re professionnelle. Il a en effet e\u0301te\u0301 Enseignant et Chercheur a\u0300 l\u2019Institut Panafricain pour le De\u0301veloppement (Ipd), dont il a pre\u0301side\u0301 le comite\u0301 scientifique. Il a en outre e\u0301te\u0301 le Directeur du centre d\u2019appui au programme de la me\u0302me institution avant de s\u2019installer a\u0300 son propre compte.<\/p>\n<p><strong>Pour plus d&rsquo;informations et d&rsquo;analyses sur la <a href=\"https:\/\/www.africa-press.net\/cameroun\">Cameroun<\/a>, suivez <a href=\"https:\/\/www.africa-press.net\/\">Africa-Press<\/a><\/strong><\/p>\n","protected":false},"excerpt":{"rendered":"<p>Africa-Press &#8211; Cameroun. L\u2019ancien pre\u0301sident de l\u2019Ordre national des experts comptables du Cameroun est inhume\u0301 dans son village natal a\u0300 Binguela. C\u2019est de\u0301sormais a\u0300 Benguela, un village a\u0300 quelques encablures de Yaounde\u0301 que se repose de\u0301finitivement Benoi\u0302t Atangana Onana, expert comptable de\u0301ce\u0301de\u0301 le 27 janvier 2023 a\u0300 Paris. C\u2019est une foule immense et un parter [&hellip;]<\/p>\n","protected":false},"author":82,"featured_media":39274,"comment_status":"open","ping_status":"closed","sticky":false,"template":"","format":"standard","meta":{"footnotes":""},"categories":[21,10],"tags":[36,50,49],"class_list":["post-39278","post","type-post","status-publish","format-standard","has-post-thumbnail","hentry","category-communaute","category-toutes-les-actualites","tag-africa-press","tag-africa-press-cameroun","tag-cameroun"],"yoast_head":"<!-- This site is optimized with the Yoast SEO Premium plugin v26.1 (Yoast SEO v27.0) - https:\/\/yoast.com\/product\/yoast-seo-premium-wordpress\/ -->\n<title>N\u00e9crologie : Atangana quitte d\u00e9finitivement la sc\u00e8ne - Cameroun<\/title>\n<meta name=\"description\" content=\"L\u2019ancien pre\u0301sident de l\u2019Ordre national des experts comptables du Cameroun est inhume\u0301 dans son village natal a\u0300 Binguel ...\" \/>\n<meta name=\"robots\" content=\"index, follow, max-snippet:-1, max-image-preview:large, max-video-preview:-1\" \/>\n<link rel=\"canonical\" href=\"https:\/\/www.africa-press.net\/cameroun\/toutes-les-actualites\/necrologie-atangana-quitte-definitivement-la-scene\" \/>\n<meta property=\"og:locale\" content=\"fr_FR\" \/>\n<meta property=\"og:type\" content=\"article\" \/>\n<meta property=\"og:title\" content=\"N\u00e9crologie : Atangana quitte d\u00e9finitivement la sc\u00e8ne\" \/>\n<meta property=\"og:description\" content=\"L\u2019ancien pre\u0301sident de l\u2019Ordre national des experts comptables du Cameroun est inhume\u0301 dans son village natal a\u0300 Binguel ...\" \/>\n<meta property=\"og:url\" content=\"https:\/\/www.africa-press.net\/cameroun\/toutes-les-actualites\/necrologie-atangana-quitte-definitivement-la-scene\" \/>\n<meta property=\"og:site_name\" content=\"Cameroun\" \/>\n<meta property=\"article:published_time\" content=\"2023-03-14T11:49:00+00:00\" \/>\n<meta property=\"article:modified_time\" content=\"2023-03-14T12:23:07+00:00\" \/>\n<meta property=\"og:image\" content=\"https:\/\/static.africa-press.net\/cameroun\/sites\/57\/2023\/03\/postQueueImg_1678781949.67.jpg\" \/>\n\t<meta property=\"og:image:width\" content=\"720\" \/>\n\t<meta property=\"og:image:height\" content=\"360\" \/>\n\t<meta property=\"og:image:type\" content=\"image\/jpeg\" \/>\n<meta name=\"author\" content=\"cfeditorfr\" \/>\n<meta name=\"twitter:card\" content=\"summary_large_image\" \/>\n<meta name=\"twitter:label1\" content=\"\u00c9crit par\" \/>\n\t<meta name=\"twitter:data1\" content=\"cfeditorfr\" \/>\n\t<meta name=\"twitter:label2\" content=\"Dur\u00e9e de lecture estim\u00e9e\" \/>\n\t<meta name=\"twitter:data2\" content=\"2 minutes\" \/>\n<script type=\"application\/ld+json\" class=\"yoast-schema-graph\">{\"@context\":\"https:\/\/schema.org\",\"@graph\":[{\"@type\":\"Article\",\"@id\":\"https:\/\/www.africa-press.net\/cameroun\/toutes-les-actualites\/necrologie-atangana-quitte-definitivement-la-scene#article\",\"isPartOf\":{\"@id\":\"https:\/\/www.africa-press.net\/cameroun\/toutes-les-actualites\/necrologie-atangana-quitte-definitivement-la-scene\"},\"author\":{\"name\":\"cfeditorfr\",\"@id\":\"https:\/\/www.africa-press.net\/cameroun\/#\/schema\/person\/2b1cf3cd81a31e3cd26889ca66d677f1\"},\"headline\":\"N\u00e9crologie : Atangana quitte d\u00e9finitivement la sc\u00e8ne\",\"datePublished\":\"2023-03-14T11:49:00+00:00\",\"dateModified\":\"2023-03-14T12:23:07+00:00\",\"mainEntityOfPage\":{\"@id\":\"https:\/\/www.africa-press.net\/cameroun\/toutes-les-actualites\/necrologie-atangana-quitte-definitivement-la-scene\"},\"wordCount\":489,\"commentCount\":0,\"image\":{\"@id\":\"https:\/\/www.africa-press.net\/cameroun\/toutes-les-actualites\/necrologie-atangana-quitte-definitivement-la-scene#primaryimage\"},\"thumbnailUrl\":\"https:\/\/static.africa-press.net\/cameroun\/sites\/57\/2023\/03\/postQueueImg_1678781949.67.jpg\",\"keywords\":[\"Africa Press\",\"Africa Press-Cameroun\",\"Cameroun\"],\"articleSection\":[\"Communaut\u00e9\",\"Toutes les actualit\u00e9s\"],\"inLanguage\":\"fr-FR\",\"potentialAction\":[{\"@type\":\"CommentAction\",\"name\":\"Comment\",\"target\":[\"https:\/\/www.africa-press.net\/cameroun\/toutes-les-actualites\/necrologie-atangana-quitte-definitivement-la-scene#respond\"]}]},{\"@type\":\"WebPage\",\"@id\":\"https:\/\/www.africa-press.net\/cameroun\/toutes-les-actualites\/necrologie-atangana-quitte-definitivement-la-scene\",\"url\":\"https:\/\/www.africa-press.net\/cameroun\/toutes-les-actualites\/necrologie-atangana-quitte-definitivement-la-scene\",\"name\":\"N\u00e9crologie : Atangana quitte d\u00e9finitivement la sc\u00e8ne - Cameroun\",\"isPartOf\":{\"@id\":\"https:\/\/www.africa-press.net\/cameroun\/#website\"},\"primaryImageOfPage\":{\"@id\":\"https:\/\/www.africa-press.net\/cameroun\/toutes-les-actualites\/necrologie-atangana-quitte-definitivement-la-scene#primaryimage\"},\"image\":{\"@id\":\"https:\/\/www.africa-press.net\/cameroun\/toutes-les-actualites\/necrologie-atangana-quitte-definitivement-la-scene#primaryimage\"},\"thumbnailUrl\":\"https:\/\/static.africa-press.net\/cameroun\/sites\/57\/2023\/03\/postQueueImg_1678781949.67.jpg\",\"datePublished\":\"2023-03-14T11:49:00+00:00\",\"dateModified\":\"2023-03-14T12:23:07+00:00\",\"author\":{\"@id\":\"https:\/\/www.africa-press.net\/cameroun\/#\/schema\/person\/2b1cf3cd81a31e3cd26889ca66d677f1\"},\"description\":\"L\u2019ancien pre\u0301sident de l\u2019Ordre national des experts comptables du Cameroun est inhume\u0301 dans son village natal a\u0300 Binguel ...\",\"breadcrumb\":{\"@id\":\"https:\/\/www.africa-press.net\/cameroun\/toutes-les-actualites\/necrologie-atangana-quitte-definitivement-la-scene#breadcrumb\"},\"inLanguage\":\"fr-FR\",\"potentialAction\":[{\"@type\":\"ReadAction\",\"target\":[\"https:\/\/www.africa-press.net\/cameroun\/toutes-les-actualites\/necrologie-atangana-quitte-definitivement-la-scene\"]}]},{\"@type\":\"ImageObject\",\"inLanguage\":\"fr-FR\",\"@id\":\"https:\/\/www.africa-press.net\/cameroun\/toutes-les-actualites\/necrologie-atangana-quitte-definitivement-la-scene#primaryimage\",\"url\":\"https:\/\/static.africa-press.net\/cameroun\/sites\/57\/2023\/03\/postQueueImg_1678781949.67.jpg\",\"contentUrl\":\"https:\/\/static.africa-press.net\/cameroun\/sites\/57\/2023\/03\/postQueueImg_1678781949.67.jpg\",\"width\":720,\"height\":360,\"caption\":\"N\u00e9crologie : Atangana quitte d\u00e9finitivement la sc\u00e8ne\"},{\"@type\":\"BreadcrumbList\",\"@id\":\"https:\/\/www.africa-press.net\/cameroun\/toutes-les-actualites\/necrologie-atangana-quitte-definitivement-la-scene#breadcrumb\",\"itemListElement\":[{\"@type\":\"ListItem\",\"position\":1,\"name\":\"Accueil\",\"item\":\"https:\/\/www.africa-press.net\/cameroun\/\"},{\"@type\":\"ListItem\",\"position\":2,\"name\":\"N\u00e9crologie : Atangana quitte d\u00e9finitivement la sc\u00e8ne\"}]},{\"@type\":\"WebSite\",\"@id\":\"https:\/\/www.africa-press.net\/cameroun\/#website\",\"url\":\"https:\/\/www.africa-press.net\/cameroun\/\",\"name\":\"Cameroun\",\"description\":\"Just another Africa News Agency Sites site\",\"potentialAction\":[{\"@type\":\"SearchAction\",\"target\":{\"@type\":\"EntryPoint\",\"urlTemplate\":\"https:\/\/www.africa-press.net\/cameroun\/?s={search_term_string}\"},\"query-input\":{\"@type\":\"PropertyValueSpecification\",\"valueRequired\":true,\"valueName\":\"search_term_string\"}}],\"inLanguage\":\"fr-FR\"},{\"@type\":\"Person\",\"@id\":\"https:\/\/www.africa-press.net\/cameroun\/#\/schema\/person\/2b1cf3cd81a31e3cd26889ca66d677f1\",\"name\":\"cfeditorfr\"}]}<\/script>\n<!-- \/ Yoast SEO Premium plugin. -->","yoast_head_json":{"title":"N\u00e9crologie : Atangana quitte d\u00e9finitivement la sc\u00e8ne - Cameroun","description":"L\u2019ancien pre\u0301sident de l\u2019Ordre national des experts comptables du Cameroun est inhume\u0301 dans son village natal a\u0300 Binguel ...","robots":{"index":"index","follow":"follow","max-snippet":"max-snippet:-1","max-image-preview":"max-image-preview:large","max-video-preview":"max-video-preview:-1"},"canonical":"https:\/\/www.africa-press.net\/cameroun\/toutes-les-actualites\/necrologie-atangana-quitte-definitivement-la-scene","og_locale":"fr_FR","og_type":"article","og_title":"N\u00e9crologie : Atangana quitte d\u00e9finitivement la sc\u00e8ne","og_description":"L\u2019ancien pre\u0301sident de l\u2019Ordre national des experts comptables du Cameroun est inhume\u0301 dans son village natal a\u0300 Binguel ...","og_url":"https:\/\/www.africa-press.net\/cameroun\/toutes-les-actualites\/necrologie-atangana-quitte-definitivement-la-scene","og_site_name":"Cameroun","article_published_time":"2023-03-14T11:49:00+00:00","article_modified_time":"2023-03-14T12:23:07+00:00","og_image":[{"width":720,"height":360,"url":"https:\/\/static.africa-press.net\/cameroun\/sites\/57\/2023\/03\/postQueueImg_1678781949.67.jpg","type":"image\/jpeg"}],"author":"cfeditorfr","twitter_card":"summary_large_image","twitter_misc":{"\u00c9crit par":"cfeditorfr","Dur\u00e9e de lecture estim\u00e9e":"2 minutes"},"schema":{"@context":"https:\/\/schema.org","@graph":[{"@type":"Article","@id":"https:\/\/www.africa-press.net\/cameroun\/toutes-les-actualites\/necrologie-atangana-quitte-definitivement-la-scene#article","isPartOf":{"@id":"https:\/\/www.africa-press.net\/cameroun\/toutes-les-actualites\/necrologie-atangana-quitte-definitivement-la-scene"},"author":{"name":"cfeditorfr","@id":"https:\/\/www.africa-press.net\/cameroun\/#\/schema\/person\/2b1cf3cd81a31e3cd26889ca66d677f1"},"headline":"N\u00e9crologie : Atangana quitte d\u00e9finitivement la sc\u00e8ne","datePublished":"2023-03-14T11:49:00+00:00","dateModified":"2023-03-14T12:23:07+00:00","mainEntityOfPage":{"@id":"https:\/\/www.africa-press.net\/cameroun\/toutes-les-actualites\/necrologie-atangana-quitte-definitivement-la-scene"},"wordCount":489,"commentCount":0,"image":{"@id":"https:\/\/www.africa-press.net\/cameroun\/toutes-les-actualites\/necrologie-atangana-quitte-definitivement-la-scene#primaryimage"},"thumbnailUrl":"https:\/\/static.africa-press.net\/cameroun\/sites\/57\/2023\/03\/postQueueImg_1678781949.67.jpg","keywords":["Africa Press","Africa Press-Cameroun","Cameroun"],"articleSection":["Communaut\u00e9","Toutes les actualit\u00e9s"],"inLanguage":"fr-FR","potentialAction":[{"@type":"CommentAction","name":"Comment","target":["https:\/\/www.africa-press.net\/cameroun\/toutes-les-actualites\/necrologie-atangana-quitte-definitivement-la-scene#respond"]}]},{"@type":"WebPage","@id":"https:\/\/www.africa-press.net\/cameroun\/toutes-les-actualites\/necrologie-atangana-quitte-definitivement-la-scene","url":"https:\/\/www.africa-press.net\/cameroun\/toutes-les-actualites\/necrologie-atangana-quitte-definitivement-la-scene","name":"N\u00e9crologie : Atangana quitte d\u00e9finitivement la sc\u00e8ne - Cameroun","isPartOf":{"@id":"https:\/\/www.africa-press.net\/cameroun\/#website"},"primaryImageOfPage":{"@id":"https:\/\/www.africa-press.net\/cameroun\/toutes-les-actualites\/necrologie-atangana-quitte-definitivement-la-scene#primaryimage"},"image":{"@id":"https:\/\/www.africa-press.net\/cameroun\/toutes-les-actualites\/necrologie-atangana-quitte-definitivement-la-scene#primaryimage"},"thumbnailUrl":"https:\/\/static.africa-press.net\/cameroun\/sites\/57\/2023\/03\/postQueueImg_1678781949.67.jpg","datePublished":"2023-03-14T11:49:00+00:00","dateModified":"2023-03-14T12:23:07+00:00","author":{"@id":"https:\/\/www.africa-press.net\/cameroun\/#\/schema\/person\/2b1cf3cd81a31e3cd26889ca66d677f1"},"description":"L\u2019ancien pre\u0301sident de l\u2019Ordre national des experts comptables du Cameroun est inhume\u0301 dans son village natal a\u0300 Binguel ...","breadcrumb":{"@id":"https:\/\/www.africa-press.net\/cameroun\/toutes-les-actualites\/necrologie-atangana-quitte-definitivement-la-scene#breadcrumb"},"inLanguage":"fr-FR","potentialAction":[{"@type":"ReadAction","target":["https:\/\/www.africa-press.net\/cameroun\/toutes-les-actualites\/necrologie-atangana-quitte-definitivement-la-scene"]}]},{"@type":"ImageObject","inLanguage":"fr-FR","@id":"https:\/\/www.africa-press.net\/cameroun\/toutes-les-actualites\/necrologie-atangana-quitte-definitivement-la-scene#primaryimage","url":"https:\/\/static.africa-press.net\/cameroun\/sites\/57\/2023\/03\/postQueueImg_1678781949.67.jpg","contentUrl":"https:\/\/static.africa-press.net\/cameroun\/sites\/57\/2023\/03\/postQueueImg_1678781949.67.jpg","width":720,"height":360,"caption":"N\u00e9crologie : Atangana quitte d\u00e9finitivement la sc\u00e8ne"},{"@type":"BreadcrumbList","@id":"https:\/\/www.africa-press.net\/cameroun\/toutes-les-actualites\/necrologie-atangana-quitte-definitivement-la-scene#breadcrumb","itemListElement":[{"@type":"ListItem","position":1,"name":"Accueil","item":"https:\/\/www.africa-press.net\/cameroun\/"},{"@type":"ListItem","position":2,"name":"N\u00e9crologie : Atangana quitte d\u00e9finitivement la sc\u00e8ne"}]},{"@type":"WebSite","@id":"https:\/\/www.africa-press.net\/cameroun\/#website","url":"https:\/\/www.africa-press.net\/cameroun\/","name":"Cameroun","description":"Just another Africa News Agency Sites site","potentialAction":[{"@type":"SearchAction","target":{"@type":"EntryPoint","urlTemplate":"https:\/\/www.africa-press.net\/cameroun\/?s={search_term_string}"},"query-input":{"@type":"PropertyValueSpecification","valueRequired":true,"valueName":"search_term_string"}}],"inLanguage":"fr-FR"},{"@type":"Person","@id":"https:\/\/www.africa-press.net\/cameroun\/#\/schema\/person\/2b1cf3cd81a31e3cd26889ca66d677f1","name":"cfeditorfr"}]}},"_links":{"self":[{"href":"https:\/\/www.africa-press.net\/cameroun\/wp-json\/wp\/v2\/posts\/39278","targetHints":{"allow":["GET"]}}],"collection":[{"href":"https:\/\/www.africa-press.net\/cameroun\/wp-json\/wp\/v2\/posts"}],"about":[{"href":"https:\/\/www.africa-press.net\/cameroun\/wp-json\/wp\/v2\/types\/post"}],"author":[{"embeddable":true,"href":"https:\/\/www.africa-press.net\/cameroun\/wp-json\/wp\/v2\/users\/82"}],"replies":[{"embeddable":true,"href":"https:\/\/www.africa-press.net\/cameroun\/wp-json\/wp\/v2\/comments?post=39278"}],"version-history":[{"count":0,"href":"https:\/\/www.africa-press.net\/cameroun\/wp-json\/wp\/v2\/posts\/39278\/revisions"}],"wp:featuredmedia":[{"embeddable":true,"href":"https:\/\/www.africa-press.net\/cameroun\/wp-json\/wp\/v2\/media\/39274"}],"wp:attachment":[{"href":"https:\/\/www.africa-press.net\/cameroun\/wp-json\/wp\/v2\/media?parent=39278"}],"wp:term":[{"taxonomy":"category","embeddable":true,"href":"https:\/\/www.africa-press.net\/cameroun\/wp-json\/wp\/v2\/categories?post=39278"},{"taxonomy":"post_tag","embeddable":true,"href":"https:\/\/www.africa-press.net\/cameroun\/wp-json\/wp\/v2\/tags?post=39278"}],"curies":[{"name":"wp","href":"https:\/\/api.w.org\/{rel}","templated":true}]}}