{"id":39283,"date":"2023-03-14T11:49:10","date_gmt":"2023-03-14T11:49:10","guid":{"rendered":"https:\/\/www.africa-press.net\/cameroun\/politique\/humiliation-amougou-belinga-encore-ridiculise-a-kondengui"},"modified":"2023-03-14T12:23:48","modified_gmt":"2023-03-14T12:23:48","slug":"humiliation-amougou-belinga-encore-ridiculise-a-kondengui","status":"publish","type":"post","link":"https:\/\/www.africa-press.net\/cameroun\/video\/humiliation-amougou-belinga-encore-ridiculise-a-kondengui","title":{"rendered":"Humiliation : Amougou B\u00e9linga encore ridiculis\u00e9 \u00e0 Kondengui"},"content":{"rendered":"<p><span style=\"color: #ff6600\"><strong>Africa-Press &#8211; Cameroun. <\/strong><\/span>Les temps sont durs pour Amougou Belinga a\u0300 la prison centrale de Yaounde\u0301 Kondengui. La pe\u0301riode des privile\u0300ges n\u2019a dure\u0301 que quelques jours. L\u2019homme d\u2019affaires a beaucoup d\u2019ennemis dans cette maison de de\u0301tention. Ces derniers ont pris plaisir a\u0300 relayer point par point les faits et gestes du de\u0301tenu Amougou Belinga sur les re\u0301seaux sociaux. La situation devenant explosive, les autorite\u0301s pe\u0301nitentiaires mises sous pression par Etoudi ont fini par faire du patron du groupe l\u2019Anecdote un prisonnier ordinaire qui loge de\u0301sormais dans une cellule banale qui avait accueilli les cadres du parti politique le MRC en 2019.<\/p>\n<p>Amougou Belinga ne be\u0301ne\u0301ficie d\u2019aucun privile\u0300ge. Il n\u2019a pas pu changer son lit comme il l\u2019aurait souhait avec un matelas de deux places. Sa femme Melissa ne pourra plus partager des moments d\u2019intimite\u0301 avec lui comme ce fut le cas au de\u0301but.<\/p>\n<p>Des anecdotes, des de\u0301tenus en racontent sur le Zomloa des Zomloas. Selon l\u2019un des anciens amis d\u2019Amougou Belinga de\u0301nomme\u0301 Bachir, le pre\u0301sident du groupe l\u2019Anecdote a voulu e\u0302tre plus malin que les e\u0301missaires du commissaire du gouvernement venus re\u0301cupe\u0301rer son te\u0301le\u0301phone portage qu\u2019il utilisait dans sa cellule. Bien informe\u0301 de la marque de te\u0301le\u0301phone qu\u2019utilisait Amougou Belinga (Iphone 14), les agents lui ont tendu un pie\u0300ge. Ils lui ont demande\u0301 d\u2019apporter son te\u0301le\u0301phone calmement s\u2019il souhaite e\u0301viter une fouille approfondie et humiliante dans sa cellule. Se croyant malin, Amougou Belinga obtempe\u0300re et remet aux agents un te\u0301le\u0301phone de marque Samsung.<\/p>\n<p>Malheureusement pour lui, les hommes en uniformes sont bien informe\u0301s de la marque de te\u0301le\u0301phone qu\u2019il utilisait me\u0302me dans la cour pour narguer les autres de\u0301tenus. Ils lui demandent de sortir son Iphone 14. Ne voulant pas se retrouver au c\u0153ur d\u2019un scandale qui va encore alimenter les re\u0301seaux sociaux, il se plie aux injonctions des agents et rapporte son second te\u0301le\u0301phone. C\u2019est alors que de\u0301sespe\u0301re\u0301, il demande aux agents de lui remettre le te\u0301le\u0301phone Samsung qu\u2019il leur avait pre\u0301ce\u0301demment remis. Un non cate\u0301gorique lui fit servi.<\/p>\n<p>Amougou Belinga est accuse\u0301 de complicite\u0301 de torture sur la personne du journaliste Martinez Zogo qui a e\u0301te\u0301 torture\u0301 puis assassine\u0301.<\/p>\n<p><iframe loading=\"lazy\" title=\"Amougou Belinga et ses soutients\" width=\"696\" height=\"392\" src=\"https:\/\/www.youtube.com\/embed\/kJ_LBBeR6KQ?feature=oembed\" frameborder=\"0\" allow=\"accelerometer; autoplay; clipboard-write; encrypted-media; gyroscope; picture-in-picture; web-share\" allowfullscreen><\/iframe><\/p>\n<p><strong>Pour plus d&rsquo;informations et d&rsquo;analyses sur la <a href=\"https:\/\/www.africa-press.net\/cameroun\">Cameroun<\/a>, suivez <a href=\"https:\/\/www.africa-press.net\/\">Africa-Press<\/a><\/strong><\/p>\n","protected":false},"excerpt":{"rendered":"<p>Africa-Press &#8211; Cameroun. Les temps sont durs pour Amougou Belinga a\u0300 la prison centrale de Yaounde\u0301 Kondengui. La pe\u0301riode des privile\u0300ges n\u2019a dure\u0301 que quelques jours. L\u2019homme d\u2019affaires a beaucoup d\u2019ennemis dans cette maison de de\u0301tention. Ces derniers ont pris plaisir a\u0300 relayer point par point les faits et gestes du de\u0301tenu Amougou Belinga sur [&hellip;]<\/p>\n","protected":false},"author":82,"featured_media":39280,"comment_status":"open","ping_status":"closed","sticky":false,"template":"","format":"standard","meta":{"footnotes":""},"categories":[21,10,9],"tags":[36,50,49],"class_list":["post-39283","post","type-post","status-publish","format-standard","has-post-thumbnail","hentry","category-communaute","category-toutes-les-actualites","category-video","tag-africa-press","tag-africa-press-cameroun","tag-cameroun"],"yoast_head":"<!-- This site is optimized with the Yoast SEO Premium plugin v26.1 (Yoast SEO v27.0) - https:\/\/yoast.com\/product\/yoast-seo-premium-wordpress\/ -->\n<title>Humiliation : Amougou B\u00e9linga encore ridiculis\u00e9 \u00e0 Kondengui - Cameroun<\/title>\n<meta name=\"description\" content=\"Les temps sont durs pour Amougou Belinga a\u0300 la prison centrale de Yaounde\u0301 Kondengui. La pe\u0301riode des privile\u0300ges n\u2019a du ...\" \/>\n<meta name=\"robots\" content=\"index, follow, max-snippet:-1, max-image-preview:large, max-video-preview:-1\" \/>\n<link rel=\"canonical\" href=\"https:\/\/www.africa-press.net\/cameroun\/video\/humiliation-amougou-belinga-encore-ridiculise-a-kondengui\" \/>\n<meta property=\"og:locale\" content=\"fr_FR\" \/>\n<meta property=\"og:type\" content=\"article\" \/>\n<meta property=\"og:title\" content=\"Humiliation : Amougou B\u00e9linga encore ridiculis\u00e9 \u00e0 Kondengui\" \/>\n<meta property=\"og:description\" content=\"Les temps sont durs pour Amougou Belinga a\u0300 la prison centrale de Yaounde\u0301 Kondengui. La pe\u0301riode des privile\u0300ges n\u2019a du ...\" \/>\n<meta property=\"og:url\" content=\"https:\/\/www.africa-press.net\/cameroun\/video\/humiliation-amougou-belinga-encore-ridiculise-a-kondengui\" \/>\n<meta property=\"og:site_name\" content=\"Cameroun\" \/>\n<meta property=\"article:published_time\" content=\"2023-03-14T11:49:10+00:00\" \/>\n<meta property=\"article:modified_time\" content=\"2023-03-14T12:23:48+00:00\" \/>\n<meta property=\"og:image\" content=\"https:\/\/static.africa-press.net\/cameroun\/sites\/57\/2023\/03\/postQueueImg_1678781957.05.jpg\" \/>\n\t<meta property=\"og:image:width\" content=\"814\" \/>\n\t<meta property=\"og:image:height\" content=\"526\" \/>\n\t<meta property=\"og:image:type\" content=\"image\/jpeg\" \/>\n<meta name=\"author\" content=\"cfeditorfr\" \/>\n<meta name=\"twitter:card\" content=\"summary_large_image\" \/>\n<meta name=\"twitter:label1\" content=\"\u00c9crit par\" \/>\n\t<meta name=\"twitter:data1\" content=\"cfeditorfr\" \/>\n\t<meta name=\"twitter:label2\" content=\"Dur\u00e9e de lecture estim\u00e9e\" \/>\n\t<meta name=\"twitter:data2\" content=\"2 minutes\" \/>\n<script type=\"application\/ld+json\" class=\"yoast-schema-graph\">{\"@context\":\"https:\/\/schema.org\",\"@graph\":[{\"@type\":\"Article\",\"@id\":\"https:\/\/www.africa-press.net\/cameroun\/video\/humiliation-amougou-belinga-encore-ridiculise-a-kondengui#article\",\"isPartOf\":{\"@id\":\"https:\/\/www.africa-press.net\/cameroun\/video\/humiliation-amougou-belinga-encore-ridiculise-a-kondengui\"},\"author\":{\"name\":\"cfeditorfr\",\"@id\":\"https:\/\/www.africa-press.net\/cameroun\/#\/schema\/person\/2b1cf3cd81a31e3cd26889ca66d677f1\"},\"headline\":\"Humiliation : Amougou B\u00e9linga encore ridiculis\u00e9 \u00e0 Kondengui\",\"datePublished\":\"2023-03-14T11:49:10+00:00\",\"dateModified\":\"2023-03-14T12:23:48+00:00\",\"mainEntityOfPage\":{\"@id\":\"https:\/\/www.africa-press.net\/cameroun\/video\/humiliation-amougou-belinga-encore-ridiculise-a-kondengui\"},\"wordCount\":443,\"commentCount\":0,\"image\":{\"@id\":\"https:\/\/www.africa-press.net\/cameroun\/video\/humiliation-amougou-belinga-encore-ridiculise-a-kondengui#primaryimage\"},\"thumbnailUrl\":\"https:\/\/static.africa-press.net\/cameroun\/sites\/57\/2023\/03\/postQueueImg_1678781957.05.jpg\",\"keywords\":[\"Africa Press\",\"Africa Press-Cameroun\",\"Cameroun\"],\"articleSection\":[\"Communaut\u00e9\",\"Toutes les actualit\u00e9s\",\"vid\u00e9o\"],\"inLanguage\":\"fr-FR\",\"potentialAction\":[{\"@type\":\"CommentAction\",\"name\":\"Comment\",\"target\":[\"https:\/\/www.africa-press.net\/cameroun\/video\/humiliation-amougou-belinga-encore-ridiculise-a-kondengui#respond\"]}]},{\"@type\":\"WebPage\",\"@id\":\"https:\/\/www.africa-press.net\/cameroun\/video\/humiliation-amougou-belinga-encore-ridiculise-a-kondengui\",\"url\":\"https:\/\/www.africa-press.net\/cameroun\/video\/humiliation-amougou-belinga-encore-ridiculise-a-kondengui\",\"name\":\"Humiliation : Amougou B\u00e9linga encore ridiculis\u00e9 \u00e0 Kondengui - Cameroun\",\"isPartOf\":{\"@id\":\"https:\/\/www.africa-press.net\/cameroun\/#website\"},\"primaryImageOfPage\":{\"@id\":\"https:\/\/www.africa-press.net\/cameroun\/video\/humiliation-amougou-belinga-encore-ridiculise-a-kondengui#primaryimage\"},\"image\":{\"@id\":\"https:\/\/www.africa-press.net\/cameroun\/video\/humiliation-amougou-belinga-encore-ridiculise-a-kondengui#primaryimage\"},\"thumbnailUrl\":\"https:\/\/static.africa-press.net\/cameroun\/sites\/57\/2023\/03\/postQueueImg_1678781957.05.jpg\",\"datePublished\":\"2023-03-14T11:49:10+00:00\",\"dateModified\":\"2023-03-14T12:23:48+00:00\",\"author\":{\"@id\":\"https:\/\/www.africa-press.net\/cameroun\/#\/schema\/person\/2b1cf3cd81a31e3cd26889ca66d677f1\"},\"description\":\"Les temps sont durs pour Amougou Belinga a\u0300 la prison centrale de Yaounde\u0301 Kondengui. La pe\u0301riode des privile\u0300ges n\u2019a du ...\",\"breadcrumb\":{\"@id\":\"https:\/\/www.africa-press.net\/cameroun\/video\/humiliation-amougou-belinga-encore-ridiculise-a-kondengui#breadcrumb\"},\"inLanguage\":\"fr-FR\",\"potentialAction\":[{\"@type\":\"ReadAction\",\"target\":[\"https:\/\/www.africa-press.net\/cameroun\/video\/humiliation-amougou-belinga-encore-ridiculise-a-kondengui\"]}]},{\"@type\":\"ImageObject\",\"inLanguage\":\"fr-FR\",\"@id\":\"https:\/\/www.africa-press.net\/cameroun\/video\/humiliation-amougou-belinga-encore-ridiculise-a-kondengui#primaryimage\",\"url\":\"https:\/\/static.africa-press.net\/cameroun\/sites\/57\/2023\/03\/postQueueImg_1678781957.05.jpg\",\"contentUrl\":\"https:\/\/static.africa-press.net\/cameroun\/sites\/57\/2023\/03\/postQueueImg_1678781957.05.jpg\",\"width\":814,\"height\":526,\"caption\":\"Humiliation : Amougou B\u00e9linga encore ridiculis\u00e9 \u00e0 Kondengui\"},{\"@type\":\"BreadcrumbList\",\"@id\":\"https:\/\/www.africa-press.net\/cameroun\/video\/humiliation-amougou-belinga-encore-ridiculise-a-kondengui#breadcrumb\",\"itemListElement\":[{\"@type\":\"ListItem\",\"position\":1,\"name\":\"Accueil\",\"item\":\"https:\/\/www.africa-press.net\/cameroun\/\"},{\"@type\":\"ListItem\",\"position\":2,\"name\":\"Humiliation : Amougou B\u00e9linga encore ridiculis\u00e9 \u00e0 Kondengui\"}]},{\"@type\":\"WebSite\",\"@id\":\"https:\/\/www.africa-press.net\/cameroun\/#website\",\"url\":\"https:\/\/www.africa-press.net\/cameroun\/\",\"name\":\"Cameroun\",\"description\":\"Just another Africa News Agency Sites site\",\"potentialAction\":[{\"@type\":\"SearchAction\",\"target\":{\"@type\":\"EntryPoint\",\"urlTemplate\":\"https:\/\/www.africa-press.net\/cameroun\/?s={search_term_string}\"},\"query-input\":{\"@type\":\"PropertyValueSpecification\",\"valueRequired\":true,\"valueName\":\"search_term_string\"}}],\"inLanguage\":\"fr-FR\"},{\"@type\":\"Person\",\"@id\":\"https:\/\/www.africa-press.net\/cameroun\/#\/schema\/person\/2b1cf3cd81a31e3cd26889ca66d677f1\",\"name\":\"cfeditorfr\"}]}<\/script>\n<!-- \/ Yoast SEO Premium plugin. -->","yoast_head_json":{"title":"Humiliation : Amougou B\u00e9linga encore ridiculis\u00e9 \u00e0 Kondengui - Cameroun","description":"Les temps sont durs pour Amougou Belinga a\u0300 la prison centrale de Yaounde\u0301 Kondengui. La pe\u0301riode des privile\u0300ges n\u2019a du ...","robots":{"index":"index","follow":"follow","max-snippet":"max-snippet:-1","max-image-preview":"max-image-preview:large","max-video-preview":"max-video-preview:-1"},"canonical":"https:\/\/www.africa-press.net\/cameroun\/video\/humiliation-amougou-belinga-encore-ridiculise-a-kondengui","og_locale":"fr_FR","og_type":"article","og_title":"Humiliation : Amougou B\u00e9linga encore ridiculis\u00e9 \u00e0 Kondengui","og_description":"Les temps sont durs pour Amougou Belinga a\u0300 la prison centrale de Yaounde\u0301 Kondengui. La pe\u0301riode des privile\u0300ges n\u2019a du ...","og_url":"https:\/\/www.africa-press.net\/cameroun\/video\/humiliation-amougou-belinga-encore-ridiculise-a-kondengui","og_site_name":"Cameroun","article_published_time":"2023-03-14T11:49:10+00:00","article_modified_time":"2023-03-14T12:23:48+00:00","og_image":[{"width":814,"height":526,"url":"https:\/\/static.africa-press.net\/cameroun\/sites\/57\/2023\/03\/postQueueImg_1678781957.05.jpg","type":"image\/jpeg"}],"author":"cfeditorfr","twitter_card":"summary_large_image","twitter_misc":{"\u00c9crit par":"cfeditorfr","Dur\u00e9e de lecture estim\u00e9e":"2 minutes"},"schema":{"@context":"https:\/\/schema.org","@graph":[{"@type":"Article","@id":"https:\/\/www.africa-press.net\/cameroun\/video\/humiliation-amougou-belinga-encore-ridiculise-a-kondengui#article","isPartOf":{"@id":"https:\/\/www.africa-press.net\/cameroun\/video\/humiliation-amougou-belinga-encore-ridiculise-a-kondengui"},"author":{"name":"cfeditorfr","@id":"https:\/\/www.africa-press.net\/cameroun\/#\/schema\/person\/2b1cf3cd81a31e3cd26889ca66d677f1"},"headline":"Humiliation : Amougou B\u00e9linga encore ridiculis\u00e9 \u00e0 Kondengui","datePublished":"2023-03-14T11:49:10+00:00","dateModified":"2023-03-14T12:23:48+00:00","mainEntityOfPage":{"@id":"https:\/\/www.africa-press.net\/cameroun\/video\/humiliation-amougou-belinga-encore-ridiculise-a-kondengui"},"wordCount":443,"commentCount":0,"image":{"@id":"https:\/\/www.africa-press.net\/cameroun\/video\/humiliation-amougou-belinga-encore-ridiculise-a-kondengui#primaryimage"},"thumbnailUrl":"https:\/\/static.africa-press.net\/cameroun\/sites\/57\/2023\/03\/postQueueImg_1678781957.05.jpg","keywords":["Africa Press","Africa Press-Cameroun","Cameroun"],"articleSection":["Communaut\u00e9","Toutes les actualit\u00e9s","vid\u00e9o"],"inLanguage":"fr-FR","potentialAction":[{"@type":"CommentAction","name":"Comment","target":["https:\/\/www.africa-press.net\/cameroun\/video\/humiliation-amougou-belinga-encore-ridiculise-a-kondengui#respond"]}]},{"@type":"WebPage","@id":"https:\/\/www.africa-press.net\/cameroun\/video\/humiliation-amougou-belinga-encore-ridiculise-a-kondengui","url":"https:\/\/www.africa-press.net\/cameroun\/video\/humiliation-amougou-belinga-encore-ridiculise-a-kondengui","name":"Humiliation : Amougou B\u00e9linga encore ridiculis\u00e9 \u00e0 Kondengui - Cameroun","isPartOf":{"@id":"https:\/\/www.africa-press.net\/cameroun\/#website"},"primaryImageOfPage":{"@id":"https:\/\/www.africa-press.net\/cameroun\/video\/humiliation-amougou-belinga-encore-ridiculise-a-kondengui#primaryimage"},"image":{"@id":"https:\/\/www.africa-press.net\/cameroun\/video\/humiliation-amougou-belinga-encore-ridiculise-a-kondengui#primaryimage"},"thumbnailUrl":"https:\/\/static.africa-press.net\/cameroun\/sites\/57\/2023\/03\/postQueueImg_1678781957.05.jpg","datePublished":"2023-03-14T11:49:10+00:00","dateModified":"2023-03-14T12:23:48+00:00","author":{"@id":"https:\/\/www.africa-press.net\/cameroun\/#\/schema\/person\/2b1cf3cd81a31e3cd26889ca66d677f1"},"description":"Les temps sont durs pour Amougou Belinga a\u0300 la prison centrale de Yaounde\u0301 Kondengui. La pe\u0301riode des privile\u0300ges n\u2019a du ...","breadcrumb":{"@id":"https:\/\/www.africa-press.net\/cameroun\/video\/humiliation-amougou-belinga-encore-ridiculise-a-kondengui#breadcrumb"},"inLanguage":"fr-FR","potentialAction":[{"@type":"ReadAction","target":["https:\/\/www.africa-press.net\/cameroun\/video\/humiliation-amougou-belinga-encore-ridiculise-a-kondengui"]}]},{"@type":"ImageObject","inLanguage":"fr-FR","@id":"https:\/\/www.africa-press.net\/cameroun\/video\/humiliation-amougou-belinga-encore-ridiculise-a-kondengui#primaryimage","url":"https:\/\/static.africa-press.net\/cameroun\/sites\/57\/2023\/03\/postQueueImg_1678781957.05.jpg","contentUrl":"https:\/\/static.africa-press.net\/cameroun\/sites\/57\/2023\/03\/postQueueImg_1678781957.05.jpg","width":814,"height":526,"caption":"Humiliation : Amougou B\u00e9linga encore ridiculis\u00e9 \u00e0 Kondengui"},{"@type":"BreadcrumbList","@id":"https:\/\/www.africa-press.net\/cameroun\/video\/humiliation-amougou-belinga-encore-ridiculise-a-kondengui#breadcrumb","itemListElement":[{"@type":"ListItem","position":1,"name":"Accueil","item":"https:\/\/www.africa-press.net\/cameroun\/"},{"@type":"ListItem","position":2,"name":"Humiliation : Amougou B\u00e9linga encore ridiculis\u00e9 \u00e0 Kondengui"}]},{"@type":"WebSite","@id":"https:\/\/www.africa-press.net\/cameroun\/#website","url":"https:\/\/www.africa-press.net\/cameroun\/","name":"Cameroun","description":"Just another Africa News Agency Sites site","potentialAction":[{"@type":"SearchAction","target":{"@type":"EntryPoint","urlTemplate":"https:\/\/www.africa-press.net\/cameroun\/?s={search_term_string}"},"query-input":{"@type":"PropertyValueSpecification","valueRequired":true,"valueName":"search_term_string"}}],"inLanguage":"fr-FR"},{"@type":"Person","@id":"https:\/\/www.africa-press.net\/cameroun\/#\/schema\/person\/2b1cf3cd81a31e3cd26889ca66d677f1","name":"cfeditorfr"}]}},"_links":{"self":[{"href":"https:\/\/www.africa-press.net\/cameroun\/wp-json\/wp\/v2\/posts\/39283","targetHints":{"allow":["GET"]}}],"collection":[{"href":"https:\/\/www.africa-press.net\/cameroun\/wp-json\/wp\/v2\/posts"}],"about":[{"href":"https:\/\/www.africa-press.net\/cameroun\/wp-json\/wp\/v2\/types\/post"}],"author":[{"embeddable":true,"href":"https:\/\/www.africa-press.net\/cameroun\/wp-json\/wp\/v2\/users\/82"}],"replies":[{"embeddable":true,"href":"https:\/\/www.africa-press.net\/cameroun\/wp-json\/wp\/v2\/comments?post=39283"}],"version-history":[{"count":0,"href":"https:\/\/www.africa-press.net\/cameroun\/wp-json\/wp\/v2\/posts\/39283\/revisions"}],"wp:featuredmedia":[{"embeddable":true,"href":"https:\/\/www.africa-press.net\/cameroun\/wp-json\/wp\/v2\/media\/39280"}],"wp:attachment":[{"href":"https:\/\/www.africa-press.net\/cameroun\/wp-json\/wp\/v2\/media?parent=39283"}],"wp:term":[{"taxonomy":"category","embeddable":true,"href":"https:\/\/www.africa-press.net\/cameroun\/wp-json\/wp\/v2\/categories?post=39283"},{"taxonomy":"post_tag","embeddable":true,"href":"https:\/\/www.africa-press.net\/cameroun\/wp-json\/wp\/v2\/tags?post=39283"}],"curies":[{"name":"wp","href":"https:\/\/api.w.org\/{rel}","templated":true}]}}