{"id":39288,"date":"2023-03-14T11:49:20","date_gmt":"2023-03-14T11:49:20","guid":{"rendered":"https:\/\/www.africa-press.net\/cameroun\/politique\/confidentiel-un-depart-de-la-prison-de-kondengui-deja-envisage-pour-amougou-belinga-et-maxime-eko-eko"},"modified":"2023-03-14T12:24:45","modified_gmt":"2023-03-14T12:24:45","slug":"confidentiel-un-depart-de-la-prison-de-kondengui-deja-envisage-pour-amougou-belinga-et-maxime-eko-eko","status":"publish","type":"post","link":"https:\/\/www.africa-press.net\/cameroun\/toutes-les-actualites\/confidentiel-un-depart-de-la-prison-de-kondengui-deja-envisage-pour-amougou-belinga-et-maxime-eko-eko","title":{"rendered":"CONFIDENTIEL : un d\u00e9part de la prison de Kondengui d\u00e9j\u00e0 envisag\u00e9 pour Amougou Belinga et Maxime Eko Eko"},"content":{"rendered":"<p><span style=\"color: #ff6600\"><strong>Africa-Press &#8211; Cameroun. <\/strong><\/span>Est-il possible de voir l\u2019actuel prisonnier le plus ce\u0301le\u0300bre du Cameroun, Jean-Pierre Amougou Belinga, sortir de la Prison centrale de Kondengui pour un nouveau lieu de de\u0301tention ? Le sujet n\u2019est manifestement pas a\u0300 l\u2019ordre du jour, mais l\u2019ide\u0301e fait son chemin. Selon le confe\u0300re Actu Cameroun, les circonstances font qu\u2019un retour me\u0302me dans les prisons secondaires du SED serait envisage\u0301 pour Amougou Belinga et Maxime Eko Eko. Mais pour le moment, il ne s\u2019agit que des hypothe\u0300ses.<\/p>\n<p>En effet, Amougou Belinga et Maxime Eko Eko jusqu\u2019a\u0300 un passe\u0301 tre\u0300s re\u0301cent, be\u0301ne\u0301ficiaient des privile\u0300ges qui n\u2019e\u0301taient pas accorde\u0301s aux prisonnier ordinaire. Il s\u2019agit en effet de leur lieu de re\u0301ception qui a te\u0301 change\u0301.<\/p>\n<p>\u00ab Il e\u0301tait question de signifier a\u0300 ces deux suspects dans le cadre de l\u2019affaire Martinez Zogo le traitement de faveur qu\u2019ils be\u0301ne\u0301ficiaient a\u0300 la prison principale de Kondengui, notamment, gra\u0302ce a\u0300 leurs relations.Ainsi, depuis la semaine dernie\u0300re, ces deux de\u0301tenus rec\u0327oivent leurs visiteurs dans la cour d\u2019honneur de la prison principale de Kondengui comme tous les autres prisonniers.L\u2019on signalait aussi la semaine dernie\u0300re la suspension de\u0301finitive de leur cellule. Pour le besoin de la circonstance, un nouveau hangar avec des nouveaux bancs a e\u0301te\u0301 construit pour ces deux. L\u2019on signalait aussi la semaine dernie\u0300re la suspension de\u0301finitive de la construction de leur cellule \u00bb, a souligne\u0301 le confre\u0300re Actu Cameroun.<\/p>\n<p>Selon le confre\u0300re, il a e\u0301te\u0301 signifie\u0301 aux deux de\u0301tenus que si ces derniers ne respectaient pas les consignes ils pourraient se voir transfe\u0301rer dans une prison secondaire au niveau du SED. Il s\u2019agit la\u0300 d\u2019une mise en garde a\u0300 prendre au se\u0301rieux.<\/p>\n<p><strong>Pour plus d&rsquo;informations et d&rsquo;analyses sur la <a href=\"https:\/\/www.africa-press.net\/cameroun\">Cameroun<\/a>, suivez <a href=\"https:\/\/www.africa-press.net\/\">Africa-Press<\/a><\/strong><\/p>\n","protected":false},"excerpt":{"rendered":"<p>Africa-Press &#8211; Cameroun. Est-il possible de voir l\u2019actuel prisonnier le plus ce\u0301le\u0300bre du Cameroun, Jean-Pierre Amougou Belinga, sortir de la Prison centrale de Kondengui pour un nouveau lieu de de\u0301tention ? Le sujet n\u2019est manifestement pas a\u0300 l\u2019ordre du jour, mais l\u2019ide\u0301e fait son chemin. Selon le confe\u0300re Actu Cameroun, les circonstances font qu\u2019un retour [&hellip;]<\/p>\n","protected":false},"author":82,"featured_media":39285,"comment_status":"open","ping_status":"closed","sticky":false,"template":"","format":"standard","meta":{"footnotes":""},"categories":[21,10],"tags":[36,50,49],"class_list":["post-39288","post","type-post","status-publish","format-standard","has-post-thumbnail","hentry","category-communaute","category-toutes-les-actualites","tag-africa-press","tag-africa-press-cameroun","tag-cameroun"],"yoast_head":"<!-- This site is optimized with the Yoast SEO Premium plugin v26.1 (Yoast SEO v27.0) - https:\/\/yoast.com\/product\/yoast-seo-premium-wordpress\/ -->\n<title>CONFIDENTIEL : un d\u00e9part de la prison de Kondengui d\u00e9j\u00e0 envisag\u00e9 pour Amougou Belinga et Maxime Eko Eko - Cameroun<\/title>\n<meta name=\"description\" content=\"Est-il possible de voir l\u2019actuel prisonnier le plus ce\u0301le\u0300bre du Cameroun, Jean-Pierre Amougou Belinga, sortir de la Pri ...\" \/>\n<meta name=\"robots\" content=\"index, follow, max-snippet:-1, max-image-preview:large, max-video-preview:-1\" \/>\n<link rel=\"canonical\" href=\"https:\/\/www.africa-press.net\/cameroun\/toutes-les-actualites\/confidentiel-un-depart-de-la-prison-de-kondengui-deja-envisage-pour-amougou-belinga-et-maxime-eko-eko\" \/>\n<meta property=\"og:locale\" content=\"fr_FR\" \/>\n<meta property=\"og:type\" content=\"article\" \/>\n<meta property=\"og:title\" content=\"CONFIDENTIEL : un d\u00e9part de la prison de Kondengui d\u00e9j\u00e0 envisag\u00e9 pour Amougou Belinga et Maxime Eko Eko\" \/>\n<meta property=\"og:description\" content=\"Est-il possible de voir l\u2019actuel prisonnier le plus ce\u0301le\u0300bre du Cameroun, Jean-Pierre Amougou Belinga, sortir de la Pri ...\" \/>\n<meta property=\"og:url\" content=\"https:\/\/www.africa-press.net\/cameroun\/toutes-les-actualites\/confidentiel-un-depart-de-la-prison-de-kondengui-deja-envisage-pour-amougou-belinga-et-maxime-eko-eko\" \/>\n<meta property=\"og:site_name\" content=\"Cameroun\" \/>\n<meta property=\"article:published_time\" content=\"2023-03-14T11:49:20+00:00\" \/>\n<meta property=\"article:modified_time\" content=\"2023-03-14T12:24:45+00:00\" \/>\n<meta property=\"og:image\" content=\"https:\/\/static.africa-press.net\/cameroun\/sites\/57\/2023\/03\/postQueueImg_1678781962.99.jpg\" \/>\n\t<meta property=\"og:image:width\" content=\"720\" \/>\n\t<meta property=\"og:image:height\" content=\"369\" \/>\n\t<meta property=\"og:image:type\" content=\"image\/jpeg\" \/>\n<meta name=\"author\" content=\"cfeditorfr\" \/>\n<meta name=\"twitter:card\" content=\"summary_large_image\" \/>\n<meta name=\"twitter:label1\" content=\"\u00c9crit par\" \/>\n\t<meta name=\"twitter:data1\" content=\"cfeditorfr\" \/>\n\t<meta name=\"twitter:label2\" content=\"Dur\u00e9e de lecture estim\u00e9e\" \/>\n\t<meta name=\"twitter:data2\" content=\"2 minutes\" \/>\n<script type=\"application\/ld+json\" class=\"yoast-schema-graph\">{\"@context\":\"https:\/\/schema.org\",\"@graph\":[{\"@type\":\"Article\",\"@id\":\"https:\/\/www.africa-press.net\/cameroun\/toutes-les-actualites\/confidentiel-un-depart-de-la-prison-de-kondengui-deja-envisage-pour-amougou-belinga-et-maxime-eko-eko#article\",\"isPartOf\":{\"@id\":\"https:\/\/www.africa-press.net\/cameroun\/toutes-les-actualites\/confidentiel-un-depart-de-la-prison-de-kondengui-deja-envisage-pour-amougou-belinga-et-maxime-eko-eko\"},\"author\":{\"name\":\"cfeditorfr\",\"@id\":\"https:\/\/www.africa-press.net\/cameroun\/#\/schema\/person\/2b1cf3cd81a31e3cd26889ca66d677f1\"},\"headline\":\"CONFIDENTIEL : un d\u00e9part de la prison de Kondengui d\u00e9j\u00e0 envisag\u00e9 pour Amougou Belinga et Maxime Eko Eko\",\"datePublished\":\"2023-03-14T11:49:20+00:00\",\"dateModified\":\"2023-03-14T12:24:45+00:00\",\"mainEntityOfPage\":{\"@id\":\"https:\/\/www.africa-press.net\/cameroun\/toutes-les-actualites\/confidentiel-un-depart-de-la-prison-de-kondengui-deja-envisage-pour-amougou-belinga-et-maxime-eko-eko\"},\"wordCount\":350,\"commentCount\":0,\"image\":{\"@id\":\"https:\/\/www.africa-press.net\/cameroun\/toutes-les-actualites\/confidentiel-un-depart-de-la-prison-de-kondengui-deja-envisage-pour-amougou-belinga-et-maxime-eko-eko#primaryimage\"},\"thumbnailUrl\":\"https:\/\/static.africa-press.net\/cameroun\/sites\/57\/2023\/03\/postQueueImg_1678781962.99.jpg\",\"keywords\":[\"Africa Press\",\"Africa Press-Cameroun\",\"Cameroun\"],\"articleSection\":[\"Communaut\u00e9\",\"Toutes les actualit\u00e9s\"],\"inLanguage\":\"fr-FR\",\"potentialAction\":[{\"@type\":\"CommentAction\",\"name\":\"Comment\",\"target\":[\"https:\/\/www.africa-press.net\/cameroun\/toutes-les-actualites\/confidentiel-un-depart-de-la-prison-de-kondengui-deja-envisage-pour-amougou-belinga-et-maxime-eko-eko#respond\"]}]},{\"@type\":\"WebPage\",\"@id\":\"https:\/\/www.africa-press.net\/cameroun\/toutes-les-actualites\/confidentiel-un-depart-de-la-prison-de-kondengui-deja-envisage-pour-amougou-belinga-et-maxime-eko-eko\",\"url\":\"https:\/\/www.africa-press.net\/cameroun\/toutes-les-actualites\/confidentiel-un-depart-de-la-prison-de-kondengui-deja-envisage-pour-amougou-belinga-et-maxime-eko-eko\",\"name\":\"CONFIDENTIEL : un d\u00e9part de la prison de Kondengui d\u00e9j\u00e0 envisag\u00e9 pour Amougou Belinga et Maxime Eko Eko - Cameroun\",\"isPartOf\":{\"@id\":\"https:\/\/www.africa-press.net\/cameroun\/#website\"},\"primaryImageOfPage\":{\"@id\":\"https:\/\/www.africa-press.net\/cameroun\/toutes-les-actualites\/confidentiel-un-depart-de-la-prison-de-kondengui-deja-envisage-pour-amougou-belinga-et-maxime-eko-eko#primaryimage\"},\"image\":{\"@id\":\"https:\/\/www.africa-press.net\/cameroun\/toutes-les-actualites\/confidentiel-un-depart-de-la-prison-de-kondengui-deja-envisage-pour-amougou-belinga-et-maxime-eko-eko#primaryimage\"},\"thumbnailUrl\":\"https:\/\/static.africa-press.net\/cameroun\/sites\/57\/2023\/03\/postQueueImg_1678781962.99.jpg\",\"datePublished\":\"2023-03-14T11:49:20+00:00\",\"dateModified\":\"2023-03-14T12:24:45+00:00\",\"author\":{\"@id\":\"https:\/\/www.africa-press.net\/cameroun\/#\/schema\/person\/2b1cf3cd81a31e3cd26889ca66d677f1\"},\"description\":\"Est-il possible de voir l\u2019actuel prisonnier le plus ce\u0301le\u0300bre du Cameroun, Jean-Pierre Amougou Belinga, sortir de la Pri ...\",\"breadcrumb\":{\"@id\":\"https:\/\/www.africa-press.net\/cameroun\/toutes-les-actualites\/confidentiel-un-depart-de-la-prison-de-kondengui-deja-envisage-pour-amougou-belinga-et-maxime-eko-eko#breadcrumb\"},\"inLanguage\":\"fr-FR\",\"potentialAction\":[{\"@type\":\"ReadAction\",\"target\":[\"https:\/\/www.africa-press.net\/cameroun\/toutes-les-actualites\/confidentiel-un-depart-de-la-prison-de-kondengui-deja-envisage-pour-amougou-belinga-et-maxime-eko-eko\"]}]},{\"@type\":\"ImageObject\",\"inLanguage\":\"fr-FR\",\"@id\":\"https:\/\/www.africa-press.net\/cameroun\/toutes-les-actualites\/confidentiel-un-depart-de-la-prison-de-kondengui-deja-envisage-pour-amougou-belinga-et-maxime-eko-eko#primaryimage\",\"url\":\"https:\/\/static.africa-press.net\/cameroun\/sites\/57\/2023\/03\/postQueueImg_1678781962.99.jpg\",\"contentUrl\":\"https:\/\/static.africa-press.net\/cameroun\/sites\/57\/2023\/03\/postQueueImg_1678781962.99.jpg\",\"width\":720,\"height\":369,\"caption\":\"CONFIDENTIEL : un d\u00e9part de la prison de Kondengui d\u00e9j\u00e0 envisag\u00e9 pour Amougou Belinga et Maxime Eko Eko\"},{\"@type\":\"BreadcrumbList\",\"@id\":\"https:\/\/www.africa-press.net\/cameroun\/toutes-les-actualites\/confidentiel-un-depart-de-la-prison-de-kondengui-deja-envisage-pour-amougou-belinga-et-maxime-eko-eko#breadcrumb\",\"itemListElement\":[{\"@type\":\"ListItem\",\"position\":1,\"name\":\"Accueil\",\"item\":\"https:\/\/www.africa-press.net\/cameroun\/\"},{\"@type\":\"ListItem\",\"position\":2,\"name\":\"CONFIDENTIEL : un d\u00e9part de la prison de Kondengui d\u00e9j\u00e0 envisag\u00e9 pour Amougou Belinga et Maxime Eko Eko\"}]},{\"@type\":\"WebSite\",\"@id\":\"https:\/\/www.africa-press.net\/cameroun\/#website\",\"url\":\"https:\/\/www.africa-press.net\/cameroun\/\",\"name\":\"Cameroun\",\"description\":\"Just another Africa News Agency Sites site\",\"potentialAction\":[{\"@type\":\"SearchAction\",\"target\":{\"@type\":\"EntryPoint\",\"urlTemplate\":\"https:\/\/www.africa-press.net\/cameroun\/?s={search_term_string}\"},\"query-input\":{\"@type\":\"PropertyValueSpecification\",\"valueRequired\":true,\"valueName\":\"search_term_string\"}}],\"inLanguage\":\"fr-FR\"},{\"@type\":\"Person\",\"@id\":\"https:\/\/www.africa-press.net\/cameroun\/#\/schema\/person\/2b1cf3cd81a31e3cd26889ca66d677f1\",\"name\":\"cfeditorfr\"}]}<\/script>\n<!-- \/ Yoast SEO Premium plugin. -->","yoast_head_json":{"title":"CONFIDENTIEL : un d\u00e9part de la prison de Kondengui d\u00e9j\u00e0 envisag\u00e9 pour Amougou Belinga et Maxime Eko Eko - Cameroun","description":"Est-il possible de voir l\u2019actuel prisonnier le plus ce\u0301le\u0300bre du Cameroun, Jean-Pierre Amougou Belinga, sortir de la Pri ...","robots":{"index":"index","follow":"follow","max-snippet":"max-snippet:-1","max-image-preview":"max-image-preview:large","max-video-preview":"max-video-preview:-1"},"canonical":"https:\/\/www.africa-press.net\/cameroun\/toutes-les-actualites\/confidentiel-un-depart-de-la-prison-de-kondengui-deja-envisage-pour-amougou-belinga-et-maxime-eko-eko","og_locale":"fr_FR","og_type":"article","og_title":"CONFIDENTIEL : un d\u00e9part de la prison de Kondengui d\u00e9j\u00e0 envisag\u00e9 pour Amougou Belinga et Maxime Eko Eko","og_description":"Est-il possible de voir l\u2019actuel prisonnier le plus ce\u0301le\u0300bre du Cameroun, Jean-Pierre Amougou Belinga, sortir de la Pri ...","og_url":"https:\/\/www.africa-press.net\/cameroun\/toutes-les-actualites\/confidentiel-un-depart-de-la-prison-de-kondengui-deja-envisage-pour-amougou-belinga-et-maxime-eko-eko","og_site_name":"Cameroun","article_published_time":"2023-03-14T11:49:20+00:00","article_modified_time":"2023-03-14T12:24:45+00:00","og_image":[{"width":720,"height":369,"url":"https:\/\/static.africa-press.net\/cameroun\/sites\/57\/2023\/03\/postQueueImg_1678781962.99.jpg","type":"image\/jpeg"}],"author":"cfeditorfr","twitter_card":"summary_large_image","twitter_misc":{"\u00c9crit par":"cfeditorfr","Dur\u00e9e de lecture estim\u00e9e":"2 minutes"},"schema":{"@context":"https:\/\/schema.org","@graph":[{"@type":"Article","@id":"https:\/\/www.africa-press.net\/cameroun\/toutes-les-actualites\/confidentiel-un-depart-de-la-prison-de-kondengui-deja-envisage-pour-amougou-belinga-et-maxime-eko-eko#article","isPartOf":{"@id":"https:\/\/www.africa-press.net\/cameroun\/toutes-les-actualites\/confidentiel-un-depart-de-la-prison-de-kondengui-deja-envisage-pour-amougou-belinga-et-maxime-eko-eko"},"author":{"name":"cfeditorfr","@id":"https:\/\/www.africa-press.net\/cameroun\/#\/schema\/person\/2b1cf3cd81a31e3cd26889ca66d677f1"},"headline":"CONFIDENTIEL : un d\u00e9part de la prison de Kondengui d\u00e9j\u00e0 envisag\u00e9 pour Amougou Belinga et Maxime Eko Eko","datePublished":"2023-03-14T11:49:20+00:00","dateModified":"2023-03-14T12:24:45+00:00","mainEntityOfPage":{"@id":"https:\/\/www.africa-press.net\/cameroun\/toutes-les-actualites\/confidentiel-un-depart-de-la-prison-de-kondengui-deja-envisage-pour-amougou-belinga-et-maxime-eko-eko"},"wordCount":350,"commentCount":0,"image":{"@id":"https:\/\/www.africa-press.net\/cameroun\/toutes-les-actualites\/confidentiel-un-depart-de-la-prison-de-kondengui-deja-envisage-pour-amougou-belinga-et-maxime-eko-eko#primaryimage"},"thumbnailUrl":"https:\/\/static.africa-press.net\/cameroun\/sites\/57\/2023\/03\/postQueueImg_1678781962.99.jpg","keywords":["Africa Press","Africa Press-Cameroun","Cameroun"],"articleSection":["Communaut\u00e9","Toutes les actualit\u00e9s"],"inLanguage":"fr-FR","potentialAction":[{"@type":"CommentAction","name":"Comment","target":["https:\/\/www.africa-press.net\/cameroun\/toutes-les-actualites\/confidentiel-un-depart-de-la-prison-de-kondengui-deja-envisage-pour-amougou-belinga-et-maxime-eko-eko#respond"]}]},{"@type":"WebPage","@id":"https:\/\/www.africa-press.net\/cameroun\/toutes-les-actualites\/confidentiel-un-depart-de-la-prison-de-kondengui-deja-envisage-pour-amougou-belinga-et-maxime-eko-eko","url":"https:\/\/www.africa-press.net\/cameroun\/toutes-les-actualites\/confidentiel-un-depart-de-la-prison-de-kondengui-deja-envisage-pour-amougou-belinga-et-maxime-eko-eko","name":"CONFIDENTIEL : un d\u00e9part de la prison de Kondengui d\u00e9j\u00e0 envisag\u00e9 pour Amougou Belinga et Maxime Eko Eko - Cameroun","isPartOf":{"@id":"https:\/\/www.africa-press.net\/cameroun\/#website"},"primaryImageOfPage":{"@id":"https:\/\/www.africa-press.net\/cameroun\/toutes-les-actualites\/confidentiel-un-depart-de-la-prison-de-kondengui-deja-envisage-pour-amougou-belinga-et-maxime-eko-eko#primaryimage"},"image":{"@id":"https:\/\/www.africa-press.net\/cameroun\/toutes-les-actualites\/confidentiel-un-depart-de-la-prison-de-kondengui-deja-envisage-pour-amougou-belinga-et-maxime-eko-eko#primaryimage"},"thumbnailUrl":"https:\/\/static.africa-press.net\/cameroun\/sites\/57\/2023\/03\/postQueueImg_1678781962.99.jpg","datePublished":"2023-03-14T11:49:20+00:00","dateModified":"2023-03-14T12:24:45+00:00","author":{"@id":"https:\/\/www.africa-press.net\/cameroun\/#\/schema\/person\/2b1cf3cd81a31e3cd26889ca66d677f1"},"description":"Est-il possible de voir l\u2019actuel prisonnier le plus ce\u0301le\u0300bre du Cameroun, Jean-Pierre Amougou Belinga, sortir de la Pri ...","breadcrumb":{"@id":"https:\/\/www.africa-press.net\/cameroun\/toutes-les-actualites\/confidentiel-un-depart-de-la-prison-de-kondengui-deja-envisage-pour-amougou-belinga-et-maxime-eko-eko#breadcrumb"},"inLanguage":"fr-FR","potentialAction":[{"@type":"ReadAction","target":["https:\/\/www.africa-press.net\/cameroun\/toutes-les-actualites\/confidentiel-un-depart-de-la-prison-de-kondengui-deja-envisage-pour-amougou-belinga-et-maxime-eko-eko"]}]},{"@type":"ImageObject","inLanguage":"fr-FR","@id":"https:\/\/www.africa-press.net\/cameroun\/toutes-les-actualites\/confidentiel-un-depart-de-la-prison-de-kondengui-deja-envisage-pour-amougou-belinga-et-maxime-eko-eko#primaryimage","url":"https:\/\/static.africa-press.net\/cameroun\/sites\/57\/2023\/03\/postQueueImg_1678781962.99.jpg","contentUrl":"https:\/\/static.africa-press.net\/cameroun\/sites\/57\/2023\/03\/postQueueImg_1678781962.99.jpg","width":720,"height":369,"caption":"CONFIDENTIEL : un d\u00e9part de la prison de Kondengui d\u00e9j\u00e0 envisag\u00e9 pour Amougou Belinga et Maxime Eko Eko"},{"@type":"BreadcrumbList","@id":"https:\/\/www.africa-press.net\/cameroun\/toutes-les-actualites\/confidentiel-un-depart-de-la-prison-de-kondengui-deja-envisage-pour-amougou-belinga-et-maxime-eko-eko#breadcrumb","itemListElement":[{"@type":"ListItem","position":1,"name":"Accueil","item":"https:\/\/www.africa-press.net\/cameroun\/"},{"@type":"ListItem","position":2,"name":"CONFIDENTIEL : un d\u00e9part de la prison de Kondengui d\u00e9j\u00e0 envisag\u00e9 pour Amougou Belinga et Maxime Eko Eko"}]},{"@type":"WebSite","@id":"https:\/\/www.africa-press.net\/cameroun\/#website","url":"https:\/\/www.africa-press.net\/cameroun\/","name":"Cameroun","description":"Just another Africa News Agency Sites site","potentialAction":[{"@type":"SearchAction","target":{"@type":"EntryPoint","urlTemplate":"https:\/\/www.africa-press.net\/cameroun\/?s={search_term_string}"},"query-input":{"@type":"PropertyValueSpecification","valueRequired":true,"valueName":"search_term_string"}}],"inLanguage":"fr-FR"},{"@type":"Person","@id":"https:\/\/www.africa-press.net\/cameroun\/#\/schema\/person\/2b1cf3cd81a31e3cd26889ca66d677f1","name":"cfeditorfr"}]}},"_links":{"self":[{"href":"https:\/\/www.africa-press.net\/cameroun\/wp-json\/wp\/v2\/posts\/39288","targetHints":{"allow":["GET"]}}],"collection":[{"href":"https:\/\/www.africa-press.net\/cameroun\/wp-json\/wp\/v2\/posts"}],"about":[{"href":"https:\/\/www.africa-press.net\/cameroun\/wp-json\/wp\/v2\/types\/post"}],"author":[{"embeddable":true,"href":"https:\/\/www.africa-press.net\/cameroun\/wp-json\/wp\/v2\/users\/82"}],"replies":[{"embeddable":true,"href":"https:\/\/www.africa-press.net\/cameroun\/wp-json\/wp\/v2\/comments?post=39288"}],"version-history":[{"count":0,"href":"https:\/\/www.africa-press.net\/cameroun\/wp-json\/wp\/v2\/posts\/39288\/revisions"}],"wp:featuredmedia":[{"embeddable":true,"href":"https:\/\/www.africa-press.net\/cameroun\/wp-json\/wp\/v2\/media\/39285"}],"wp:attachment":[{"href":"https:\/\/www.africa-press.net\/cameroun\/wp-json\/wp\/v2\/media?parent=39288"}],"wp:term":[{"taxonomy":"category","embeddable":true,"href":"https:\/\/www.africa-press.net\/cameroun\/wp-json\/wp\/v2\/categories?post=39288"},{"taxonomy":"post_tag","embeddable":true,"href":"https:\/\/www.africa-press.net\/cameroun\/wp-json\/wp\/v2\/tags?post=39288"}],"curies":[{"name":"wp","href":"https:\/\/api.w.org\/{rel}","templated":true}]}}