{"id":39316,"date":"2023-03-14T17:56:23","date_gmt":"2023-03-14T17:56:23","guid":{"rendered":"https:\/\/www.africa-press.net\/cameroun\/politique\/lions-indomptables-sebastien-siani-ancien-lion-ngadeu-ngadjui-ne-reviendra-plus-jamais-en-equipe-nationale"},"modified":"2023-03-14T18:18:55","modified_gmt":"2023-03-14T18:18:55","slug":"lions-indomptables-sebastien-siani-ancien-lion-ngadeu-ngadjui-ne-reviendra-plus-jamais-en-equipe-nationale","status":"publish","type":"post","link":"https:\/\/www.africa-press.net\/cameroun\/sports\/lions-indomptables-sebastien-siani-ancien-lion-ngadeu-ngadjui-ne-reviendra-plus-jamais-en-equipe-nationale","title":{"rendered":"Lions Indomptables\/S\u00e9bastien Siani (ancien Lion): \u00abNgadeu Ngadjui ne reviendra plus jamais en \u00e9quipe nationale\u00bb"},"content":{"rendered":"<p><span style=\"color: #ff6600\"><strong>Africa-Press &#8211; Cameroun. <\/strong><\/span>Le Cameroun est rentre\u0301 au premier tour de la Coupe du monde organise\u0301e au Qatar. L&rsquo;une des grandes surprises a e\u0301te\u0301 la non se\u0301lection de Michael Ngadeu Ngadjui. Pourtant, il a e\u0301te\u0301 l&rsquo;un des artisans de la qualification du Cameroun a\u0300 cette compe\u0301tition. De\u0301fenseur de pointe, il s&rsquo;est distingue\u0301 par ses re\u0301cupe\u0301rations et surtout par ses coups de te\u0302te et des buts importants. Au regard de sa proximite\u0301 avec le concerne\u0301, Se\u0301bastien Siani affirme sur les ondes de RSI que \u00ab la mise a\u0300 l&rsquo;e\u0301cart de Ngadeu a e\u0301te\u0301 d&rsquo;une violence indescriptible&#8230;\u00bb<\/p>\n<p>Le champion d&rsquo;Afrique 2017 s&rsquo;est exprime\u0301 ce 14 mars 2023 sur les ondes de RSI, une radio e\u0301mettant a\u0300 Douala. \u00ab Humainement cela a e\u0301te\u0301 mal ge\u0301re\u0301 \u00bb, pense Siani. \u00ab Il (Ngadeu, NDLR) a fait semblant d&rsquo;aller bien,mais il ne se sentait pas bien.Il a e\u0301te\u0301 jette\u0301 comme un mal propre, il ne reviendra plus \u00bb, soutient-il.<\/p>\n<p>Aussi, Se\u0301bastien Siani a-t-il critique\u0301 le choix du se\u0301lectionneur Rigobert Song par rapport a\u0300 l&rsquo;effectif retenu pour le mondial. Surtout que rien ne pre\u0301sageait la non convocation de Ngadeu Ngadjui, jusqu&rsquo;a\u0300 la dernie\u0300re minute.<\/p>\n<p><strong>Pour plus d&rsquo;informations et d&rsquo;analyses sur la <a href=\"https:\/\/www.africa-press.net\/cameroun\">Cameroun<\/a>, suivez <a href=\"https:\/\/www.africa-press.net\/\">Africa-Press<\/a><\/strong><\/p>\n","protected":false},"excerpt":{"rendered":"<p>Africa-Press &#8211; Cameroun. Le Cameroun est rentre\u0301 au premier tour de la Coupe du monde organise\u0301e au Qatar. L&rsquo;une des grandes surprises a e\u0301te\u0301 la non se\u0301lection de Michael Ngadeu Ngadjui. Pourtant, il a e\u0301te\u0301 l&rsquo;un des artisans de la qualification du Cameroun a\u0300 cette compe\u0301tition. De\u0301fenseur de pointe, il s&rsquo;est distingue\u0301 par ses re\u0301cupe\u0301rations [&hellip;]<\/p>\n","protected":false},"author":82,"featured_media":39314,"comment_status":"open","ping_status":"closed","sticky":false,"template":"","format":"standard","meta":{"footnotes":""},"categories":[6,10],"tags":[36,50,49],"class_list":["post-39316","post","type-post","status-publish","format-standard","has-post-thumbnail","hentry","category-sports","category-toutes-les-actualites","tag-africa-press","tag-africa-press-cameroun","tag-cameroun"],"yoast_head":"<!-- This site is optimized with the Yoast SEO Premium plugin v26.1 (Yoast SEO v27.0) - https:\/\/yoast.com\/product\/yoast-seo-premium-wordpress\/ -->\n<title>Lions Indomptables\/S\u00e9bastien Siani (ancien Lion): \u00abNgadeu Ngadjui ne reviendra plus jamais en \u00e9quipe nationale\u00bb - Cameroun<\/title>\n<meta name=\"description\" content=\"Le Cameroun est rentre\u0301 au premier tour de la Coupe du monde organise\u0301e au Qatar. L&#039;une des grandes surprises a e\u0301te\u0301 la ...\" \/>\n<meta name=\"robots\" content=\"index, follow, max-snippet:-1, max-image-preview:large, max-video-preview:-1\" \/>\n<link rel=\"canonical\" href=\"https:\/\/www.africa-press.net\/cameroun\/sports\/lions-indomptables-sebastien-siani-ancien-lion-ngadeu-ngadjui-ne-reviendra-plus-jamais-en-equipe-nationale\" \/>\n<meta property=\"og:locale\" content=\"fr_FR\" \/>\n<meta property=\"og:type\" content=\"article\" \/>\n<meta property=\"og:title\" content=\"Lions Indomptables\/S\u00e9bastien Siani (ancien Lion): \u00abNgadeu Ngadjui ne reviendra plus jamais en \u00e9quipe nationale\u00bb\" \/>\n<meta property=\"og:description\" content=\"Le Cameroun est rentre\u0301 au premier tour de la Coupe du monde organise\u0301e au Qatar. L&#039;une des grandes surprises a e\u0301te\u0301 la ...\" \/>\n<meta property=\"og:url\" content=\"https:\/\/www.africa-press.net\/cameroun\/sports\/lions-indomptables-sebastien-siani-ancien-lion-ngadeu-ngadjui-ne-reviendra-plus-jamais-en-equipe-nationale\" \/>\n<meta property=\"og:site_name\" content=\"Cameroun\" \/>\n<meta property=\"article:published_time\" content=\"2023-03-14T17:56:23+00:00\" \/>\n<meta property=\"article:modified_time\" content=\"2023-03-14T18:18:55+00:00\" \/>\n<meta property=\"og:image\" content=\"https:\/\/static.africa-press.net\/cameroun\/sites\/57\/2023\/03\/postQueueImg_1678803997.98.jpg\" \/>\n\t<meta property=\"og:image:width\" content=\"800\" \/>\n\t<meta property=\"og:image:height\" content=\"476\" \/>\n\t<meta property=\"og:image:type\" content=\"image\/jpeg\" \/>\n<meta name=\"author\" content=\"cfeditorfr\" \/>\n<meta name=\"twitter:card\" content=\"summary_large_image\" \/>\n<meta name=\"twitter:label1\" content=\"\u00c9crit par\" \/>\n\t<meta name=\"twitter:data1\" content=\"cfeditorfr\" \/>\n\t<meta name=\"twitter:label2\" content=\"Dur\u00e9e de lecture estim\u00e9e\" \/>\n\t<meta name=\"twitter:data2\" content=\"1 minute\" \/>\n<script type=\"application\/ld+json\" class=\"yoast-schema-graph\">{\"@context\":\"https:\/\/schema.org\",\"@graph\":[{\"@type\":\"Article\",\"@id\":\"https:\/\/www.africa-press.net\/cameroun\/sports\/lions-indomptables-sebastien-siani-ancien-lion-ngadeu-ngadjui-ne-reviendra-plus-jamais-en-equipe-nationale#article\",\"isPartOf\":{\"@id\":\"https:\/\/www.africa-press.net\/cameroun\/sports\/lions-indomptables-sebastien-siani-ancien-lion-ngadeu-ngadjui-ne-reviendra-plus-jamais-en-equipe-nationale\"},\"author\":{\"name\":\"cfeditorfr\",\"@id\":\"https:\/\/www.africa-press.net\/cameroun\/#\/schema\/person\/2b1cf3cd81a31e3cd26889ca66d677f1\"},\"headline\":\"Lions Indomptables\/S\u00e9bastien Siani (ancien Lion): \u00abNgadeu Ngadjui ne reviendra plus jamais en \u00e9quipe nationale\u00bb\",\"datePublished\":\"2023-03-14T17:56:23+00:00\",\"dateModified\":\"2023-03-14T18:18:55+00:00\",\"mainEntityOfPage\":{\"@id\":\"https:\/\/www.africa-press.net\/cameroun\/sports\/lions-indomptables-sebastien-siani-ancien-lion-ngadeu-ngadjui-ne-reviendra-plus-jamais-en-equipe-nationale\"},\"wordCount\":239,\"commentCount\":0,\"image\":{\"@id\":\"https:\/\/www.africa-press.net\/cameroun\/sports\/lions-indomptables-sebastien-siani-ancien-lion-ngadeu-ngadjui-ne-reviendra-plus-jamais-en-equipe-nationale#primaryimage\"},\"thumbnailUrl\":\"https:\/\/static.africa-press.net\/cameroun\/sites\/57\/2023\/03\/postQueueImg_1678803997.98.jpg\",\"keywords\":[\"Africa Press\",\"Africa Press-Cameroun\",\"Cameroun\"],\"articleSection\":[\"Sports\",\"Toutes les actualit\u00e9s\"],\"inLanguage\":\"fr-FR\",\"potentialAction\":[{\"@type\":\"CommentAction\",\"name\":\"Comment\",\"target\":[\"https:\/\/www.africa-press.net\/cameroun\/sports\/lions-indomptables-sebastien-siani-ancien-lion-ngadeu-ngadjui-ne-reviendra-plus-jamais-en-equipe-nationale#respond\"]}]},{\"@type\":\"WebPage\",\"@id\":\"https:\/\/www.africa-press.net\/cameroun\/sports\/lions-indomptables-sebastien-siani-ancien-lion-ngadeu-ngadjui-ne-reviendra-plus-jamais-en-equipe-nationale\",\"url\":\"https:\/\/www.africa-press.net\/cameroun\/sports\/lions-indomptables-sebastien-siani-ancien-lion-ngadeu-ngadjui-ne-reviendra-plus-jamais-en-equipe-nationale\",\"name\":\"Lions Indomptables\/S\u00e9bastien Siani (ancien Lion): \u00abNgadeu Ngadjui ne reviendra plus jamais en \u00e9quipe nationale\u00bb - Cameroun\",\"isPartOf\":{\"@id\":\"https:\/\/www.africa-press.net\/cameroun\/#website\"},\"primaryImageOfPage\":{\"@id\":\"https:\/\/www.africa-press.net\/cameroun\/sports\/lions-indomptables-sebastien-siani-ancien-lion-ngadeu-ngadjui-ne-reviendra-plus-jamais-en-equipe-nationale#primaryimage\"},\"image\":{\"@id\":\"https:\/\/www.africa-press.net\/cameroun\/sports\/lions-indomptables-sebastien-siani-ancien-lion-ngadeu-ngadjui-ne-reviendra-plus-jamais-en-equipe-nationale#primaryimage\"},\"thumbnailUrl\":\"https:\/\/static.africa-press.net\/cameroun\/sites\/57\/2023\/03\/postQueueImg_1678803997.98.jpg\",\"datePublished\":\"2023-03-14T17:56:23+00:00\",\"dateModified\":\"2023-03-14T18:18:55+00:00\",\"author\":{\"@id\":\"https:\/\/www.africa-press.net\/cameroun\/#\/schema\/person\/2b1cf3cd81a31e3cd26889ca66d677f1\"},\"description\":\"Le Cameroun est rentre\u0301 au premier tour de la Coupe du monde organise\u0301e au Qatar. L'une des grandes surprises a e\u0301te\u0301 la ...\",\"breadcrumb\":{\"@id\":\"https:\/\/www.africa-press.net\/cameroun\/sports\/lions-indomptables-sebastien-siani-ancien-lion-ngadeu-ngadjui-ne-reviendra-plus-jamais-en-equipe-nationale#breadcrumb\"},\"inLanguage\":\"fr-FR\",\"potentialAction\":[{\"@type\":\"ReadAction\",\"target\":[\"https:\/\/www.africa-press.net\/cameroun\/sports\/lions-indomptables-sebastien-siani-ancien-lion-ngadeu-ngadjui-ne-reviendra-plus-jamais-en-equipe-nationale\"]}]},{\"@type\":\"ImageObject\",\"inLanguage\":\"fr-FR\",\"@id\":\"https:\/\/www.africa-press.net\/cameroun\/sports\/lions-indomptables-sebastien-siani-ancien-lion-ngadeu-ngadjui-ne-reviendra-plus-jamais-en-equipe-nationale#primaryimage\",\"url\":\"https:\/\/static.africa-press.net\/cameroun\/sites\/57\/2023\/03\/postQueueImg_1678803997.98.jpg\",\"contentUrl\":\"https:\/\/static.africa-press.net\/cameroun\/sites\/57\/2023\/03\/postQueueImg_1678803997.98.jpg\",\"width\":800,\"height\":476,\"caption\":\"Lions Indomptables\/S\u00e9bastien Siani (ancien Lion): \u00abNgadeu Ngadjui ne reviendra plus jamais en \u00e9quipe nationale\u00bb\"},{\"@type\":\"BreadcrumbList\",\"@id\":\"https:\/\/www.africa-press.net\/cameroun\/sports\/lions-indomptables-sebastien-siani-ancien-lion-ngadeu-ngadjui-ne-reviendra-plus-jamais-en-equipe-nationale#breadcrumb\",\"itemListElement\":[{\"@type\":\"ListItem\",\"position\":1,\"name\":\"Accueil\",\"item\":\"https:\/\/www.africa-press.net\/cameroun\/\"},{\"@type\":\"ListItem\",\"position\":2,\"name\":\"Lions Indomptables\/S\u00e9bastien Siani (ancien Lion): \u00abNgadeu Ngadjui ne reviendra plus jamais en \u00e9quipe nationale\u00bb\"}]},{\"@type\":\"WebSite\",\"@id\":\"https:\/\/www.africa-press.net\/cameroun\/#website\",\"url\":\"https:\/\/www.africa-press.net\/cameroun\/\",\"name\":\"Cameroun\",\"description\":\"Just another Africa News Agency Sites site\",\"potentialAction\":[{\"@type\":\"SearchAction\",\"target\":{\"@type\":\"EntryPoint\",\"urlTemplate\":\"https:\/\/www.africa-press.net\/cameroun\/?s={search_term_string}\"},\"query-input\":{\"@type\":\"PropertyValueSpecification\",\"valueRequired\":true,\"valueName\":\"search_term_string\"}}],\"inLanguage\":\"fr-FR\"},{\"@type\":\"Person\",\"@id\":\"https:\/\/www.africa-press.net\/cameroun\/#\/schema\/person\/2b1cf3cd81a31e3cd26889ca66d677f1\",\"name\":\"cfeditorfr\"}]}<\/script>\n<!-- \/ Yoast SEO Premium plugin. -->","yoast_head_json":{"title":"Lions Indomptables\/S\u00e9bastien Siani (ancien Lion): \u00abNgadeu Ngadjui ne reviendra plus jamais en \u00e9quipe nationale\u00bb - Cameroun","description":"Le Cameroun est rentre\u0301 au premier tour de la Coupe du monde organise\u0301e au Qatar. L'une des grandes surprises a e\u0301te\u0301 la ...","robots":{"index":"index","follow":"follow","max-snippet":"max-snippet:-1","max-image-preview":"max-image-preview:large","max-video-preview":"max-video-preview:-1"},"canonical":"https:\/\/www.africa-press.net\/cameroun\/sports\/lions-indomptables-sebastien-siani-ancien-lion-ngadeu-ngadjui-ne-reviendra-plus-jamais-en-equipe-nationale","og_locale":"fr_FR","og_type":"article","og_title":"Lions Indomptables\/S\u00e9bastien Siani (ancien Lion): \u00abNgadeu Ngadjui ne reviendra plus jamais en \u00e9quipe nationale\u00bb","og_description":"Le Cameroun est rentre\u0301 au premier tour de la Coupe du monde organise\u0301e au Qatar. L'une des grandes surprises a e\u0301te\u0301 la ...","og_url":"https:\/\/www.africa-press.net\/cameroun\/sports\/lions-indomptables-sebastien-siani-ancien-lion-ngadeu-ngadjui-ne-reviendra-plus-jamais-en-equipe-nationale","og_site_name":"Cameroun","article_published_time":"2023-03-14T17:56:23+00:00","article_modified_time":"2023-03-14T18:18:55+00:00","og_image":[{"width":800,"height":476,"url":"https:\/\/static.africa-press.net\/cameroun\/sites\/57\/2023\/03\/postQueueImg_1678803997.98.jpg","type":"image\/jpeg"}],"author":"cfeditorfr","twitter_card":"summary_large_image","twitter_misc":{"\u00c9crit par":"cfeditorfr","Dur\u00e9e de lecture estim\u00e9e":"1 minute"},"schema":{"@context":"https:\/\/schema.org","@graph":[{"@type":"Article","@id":"https:\/\/www.africa-press.net\/cameroun\/sports\/lions-indomptables-sebastien-siani-ancien-lion-ngadeu-ngadjui-ne-reviendra-plus-jamais-en-equipe-nationale#article","isPartOf":{"@id":"https:\/\/www.africa-press.net\/cameroun\/sports\/lions-indomptables-sebastien-siani-ancien-lion-ngadeu-ngadjui-ne-reviendra-plus-jamais-en-equipe-nationale"},"author":{"name":"cfeditorfr","@id":"https:\/\/www.africa-press.net\/cameroun\/#\/schema\/person\/2b1cf3cd81a31e3cd26889ca66d677f1"},"headline":"Lions Indomptables\/S\u00e9bastien Siani (ancien Lion): \u00abNgadeu Ngadjui ne reviendra plus jamais en \u00e9quipe nationale\u00bb","datePublished":"2023-03-14T17:56:23+00:00","dateModified":"2023-03-14T18:18:55+00:00","mainEntityOfPage":{"@id":"https:\/\/www.africa-press.net\/cameroun\/sports\/lions-indomptables-sebastien-siani-ancien-lion-ngadeu-ngadjui-ne-reviendra-plus-jamais-en-equipe-nationale"},"wordCount":239,"commentCount":0,"image":{"@id":"https:\/\/www.africa-press.net\/cameroun\/sports\/lions-indomptables-sebastien-siani-ancien-lion-ngadeu-ngadjui-ne-reviendra-plus-jamais-en-equipe-nationale#primaryimage"},"thumbnailUrl":"https:\/\/static.africa-press.net\/cameroun\/sites\/57\/2023\/03\/postQueueImg_1678803997.98.jpg","keywords":["Africa Press","Africa Press-Cameroun","Cameroun"],"articleSection":["Sports","Toutes les actualit\u00e9s"],"inLanguage":"fr-FR","potentialAction":[{"@type":"CommentAction","name":"Comment","target":["https:\/\/www.africa-press.net\/cameroun\/sports\/lions-indomptables-sebastien-siani-ancien-lion-ngadeu-ngadjui-ne-reviendra-plus-jamais-en-equipe-nationale#respond"]}]},{"@type":"WebPage","@id":"https:\/\/www.africa-press.net\/cameroun\/sports\/lions-indomptables-sebastien-siani-ancien-lion-ngadeu-ngadjui-ne-reviendra-plus-jamais-en-equipe-nationale","url":"https:\/\/www.africa-press.net\/cameroun\/sports\/lions-indomptables-sebastien-siani-ancien-lion-ngadeu-ngadjui-ne-reviendra-plus-jamais-en-equipe-nationale","name":"Lions Indomptables\/S\u00e9bastien Siani (ancien Lion): \u00abNgadeu Ngadjui ne reviendra plus jamais en \u00e9quipe nationale\u00bb - Cameroun","isPartOf":{"@id":"https:\/\/www.africa-press.net\/cameroun\/#website"},"primaryImageOfPage":{"@id":"https:\/\/www.africa-press.net\/cameroun\/sports\/lions-indomptables-sebastien-siani-ancien-lion-ngadeu-ngadjui-ne-reviendra-plus-jamais-en-equipe-nationale#primaryimage"},"image":{"@id":"https:\/\/www.africa-press.net\/cameroun\/sports\/lions-indomptables-sebastien-siani-ancien-lion-ngadeu-ngadjui-ne-reviendra-plus-jamais-en-equipe-nationale#primaryimage"},"thumbnailUrl":"https:\/\/static.africa-press.net\/cameroun\/sites\/57\/2023\/03\/postQueueImg_1678803997.98.jpg","datePublished":"2023-03-14T17:56:23+00:00","dateModified":"2023-03-14T18:18:55+00:00","author":{"@id":"https:\/\/www.africa-press.net\/cameroun\/#\/schema\/person\/2b1cf3cd81a31e3cd26889ca66d677f1"},"description":"Le Cameroun est rentre\u0301 au premier tour de la Coupe du monde organise\u0301e au Qatar. L'une des grandes surprises a e\u0301te\u0301 la ...","breadcrumb":{"@id":"https:\/\/www.africa-press.net\/cameroun\/sports\/lions-indomptables-sebastien-siani-ancien-lion-ngadeu-ngadjui-ne-reviendra-plus-jamais-en-equipe-nationale#breadcrumb"},"inLanguage":"fr-FR","potentialAction":[{"@type":"ReadAction","target":["https:\/\/www.africa-press.net\/cameroun\/sports\/lions-indomptables-sebastien-siani-ancien-lion-ngadeu-ngadjui-ne-reviendra-plus-jamais-en-equipe-nationale"]}]},{"@type":"ImageObject","inLanguage":"fr-FR","@id":"https:\/\/www.africa-press.net\/cameroun\/sports\/lions-indomptables-sebastien-siani-ancien-lion-ngadeu-ngadjui-ne-reviendra-plus-jamais-en-equipe-nationale#primaryimage","url":"https:\/\/static.africa-press.net\/cameroun\/sites\/57\/2023\/03\/postQueueImg_1678803997.98.jpg","contentUrl":"https:\/\/static.africa-press.net\/cameroun\/sites\/57\/2023\/03\/postQueueImg_1678803997.98.jpg","width":800,"height":476,"caption":"Lions Indomptables\/S\u00e9bastien Siani (ancien Lion): \u00abNgadeu Ngadjui ne reviendra plus jamais en \u00e9quipe nationale\u00bb"},{"@type":"BreadcrumbList","@id":"https:\/\/www.africa-press.net\/cameroun\/sports\/lions-indomptables-sebastien-siani-ancien-lion-ngadeu-ngadjui-ne-reviendra-plus-jamais-en-equipe-nationale#breadcrumb","itemListElement":[{"@type":"ListItem","position":1,"name":"Accueil","item":"https:\/\/www.africa-press.net\/cameroun\/"},{"@type":"ListItem","position":2,"name":"Lions Indomptables\/S\u00e9bastien Siani (ancien Lion): \u00abNgadeu Ngadjui ne reviendra plus jamais en \u00e9quipe nationale\u00bb"}]},{"@type":"WebSite","@id":"https:\/\/www.africa-press.net\/cameroun\/#website","url":"https:\/\/www.africa-press.net\/cameroun\/","name":"Cameroun","description":"Just another Africa News Agency Sites site","potentialAction":[{"@type":"SearchAction","target":{"@type":"EntryPoint","urlTemplate":"https:\/\/www.africa-press.net\/cameroun\/?s={search_term_string}"},"query-input":{"@type":"PropertyValueSpecification","valueRequired":true,"valueName":"search_term_string"}}],"inLanguage":"fr-FR"},{"@type":"Person","@id":"https:\/\/www.africa-press.net\/cameroun\/#\/schema\/person\/2b1cf3cd81a31e3cd26889ca66d677f1","name":"cfeditorfr"}]}},"_links":{"self":[{"href":"https:\/\/www.africa-press.net\/cameroun\/wp-json\/wp\/v2\/posts\/39316","targetHints":{"allow":["GET"]}}],"collection":[{"href":"https:\/\/www.africa-press.net\/cameroun\/wp-json\/wp\/v2\/posts"}],"about":[{"href":"https:\/\/www.africa-press.net\/cameroun\/wp-json\/wp\/v2\/types\/post"}],"author":[{"embeddable":true,"href":"https:\/\/www.africa-press.net\/cameroun\/wp-json\/wp\/v2\/users\/82"}],"replies":[{"embeddable":true,"href":"https:\/\/www.africa-press.net\/cameroun\/wp-json\/wp\/v2\/comments?post=39316"}],"version-history":[{"count":0,"href":"https:\/\/www.africa-press.net\/cameroun\/wp-json\/wp\/v2\/posts\/39316\/revisions"}],"wp:featuredmedia":[{"embeddable":true,"href":"https:\/\/www.africa-press.net\/cameroun\/wp-json\/wp\/v2\/media\/39314"}],"wp:attachment":[{"href":"https:\/\/www.africa-press.net\/cameroun\/wp-json\/wp\/v2\/media?parent=39316"}],"wp:term":[{"taxonomy":"category","embeddable":true,"href":"https:\/\/www.africa-press.net\/cameroun\/wp-json\/wp\/v2\/categories?post=39316"},{"taxonomy":"post_tag","embeddable":true,"href":"https:\/\/www.africa-press.net\/cameroun\/wp-json\/wp\/v2\/tags?post=39316"}],"curies":[{"name":"wp","href":"https:\/\/api.w.org\/{rel}","templated":true}]}}