{"id":39319,"date":"2023-03-14T17:57:01","date_gmt":"2023-03-14T17:57:01","guid":{"rendered":"https:\/\/www.africa-press.net\/cameroun\/politique\/affaire-martinez-zogo-les-mvog-belinga-la-communaute-de-jean-pierre-amougou-belinga-plaident-pour-sa-remise-en-liberte"},"modified":"2023-03-14T18:19:43","modified_gmt":"2023-03-14T18:19:43","slug":"affaire-martinez-zogo-les-mvog-belinga-la-communaute-de-jean-pierre-amougou-belinga-plaident-pour-sa-remise-en-liberte","status":"publish","type":"post","link":"https:\/\/www.africa-press.net\/cameroun\/toutes-les-actualites\/affaire-martinez-zogo-les-mvog-belinga-la-communaute-de-jean-pierre-amougou-belinga-plaident-pour-sa-remise-en-liberte","title":{"rendered":"Affaire Martinez Zogo: Les Mvog Belinga, la communaut\u00e9 de Jean Pierre Amougou Belinga, plaident pour sa remise en libert\u00e9"},"content":{"rendered":"<p><span style=\"color: #ff6600\"><strong>Africa-Press &#8211; Cameroun. <\/strong><\/span>L\u2019affaire Martinez Zogo est loin d\u2019e\u0302tre clause. Deux mois apre\u0300s l\u2019enle\u0300vement, suivi de l\u2019horrible assassinat du journaliste, chef de chai\u0302ne de la radio Amplitude FM e\u0301mettant a\u0300 partir de Yaounde\u0301, le myste\u0300re demeure entier sur l\u2019identite\u0301 des auteurs, complices et commanditaires.<\/p>\n<p>Dans la nuit du 3 au 4 mars 2023, plusieurs suspects ont e\u0301te\u0301 mis en de\u0301tention provisoire a\u0300 la prison centrale de Yaounde\u0301-Kondengui. Parmi eux, des responsables et e\u0301le\u0301ments de la DGRE (Direction Ge\u0301ne\u0301rale de la Recherche Exte\u0301rieure), les services d\u2019intelligence dont les membres sont soupc\u0327onne\u0301s d\u2019avoir joue\u0301 un ro\u0302le autour de l\u2019assassinat. Y figurent notamment le commissaire de police Maxime Eko Eko; le patron dudit service et le colonel Justin Danwe, le directeur des Ope\u0301rations du me\u0302me service, qui avoue avoir dirige\u0301 le commando qui aurait tue\u0301 le journaliste.<\/p>\n<p>E\u0301galement e\u0301croue\u0301 en prison, l\u2019homme d\u2019affaires Jean Pierre Amougou Belinga, que le colonel Danwe pre\u0301sente comme le commanditaire de l\u2019assassinat. Dix jours apre\u0300s la de\u0301cision du commissaire du gouvernement pre\u0300s le Tribunal Militaire de Yaounde\u0301, les Mvog-Belinga, la communaute\u0301 d\u2019origine du patron du Groupe l\u2019Anecdote ont re\u0301agi.<\/p>\n<p>Dans un communique\u0301 publie\u0301 le 13 mars 2023, ce groupe ethnique, apre\u0300s avoir rappele\u0301 sa confiance aux institutions de la Re\u0301publique, invite les autorite\u0301s judiciaires, notamment le juge d\u2019instruction qui est charge\u0301 de la proce\u0301dure, a\u0300 faire preuve d\u2019impartialite\u0301 et de responsabilite\u0301. Les auteurs du document sollicitent aussi la remise en liberte\u0301 de M. Amougou Belinga, tout en restant a\u0300 la disposition de la justice.<\/p>\n<p><strong>Pour plus d&rsquo;informations et d&rsquo;analyses sur la <a href=\"https:\/\/www.africa-press.net\/cameroun\">Cameroun<\/a>, suivez <a href=\"https:\/\/www.africa-press.net\/\">Africa-Press<\/a><\/strong><\/p>\n","protected":false},"excerpt":{"rendered":"<p>Africa-Press &#8211; Cameroun. L\u2019affaire Martinez Zogo est loin d\u2019e\u0302tre clause. Deux mois apre\u0300s l\u2019enle\u0300vement, suivi de l\u2019horrible assassinat du journaliste, chef de chai\u0302ne de la radio Amplitude FM e\u0301mettant a\u0300 partir de Yaounde\u0301, le myste\u0300re demeure entier sur l\u2019identite\u0301 des auteurs, complices et commanditaires. Dans la nuit du 3 au 4 mars 2023, plusieurs suspects [&hellip;]<\/p>\n","protected":false},"author":82,"featured_media":39317,"comment_status":"open","ping_status":"closed","sticky":false,"template":"","format":"standard","meta":{"footnotes":""},"categories":[21,20,10],"tags":[36,50,49],"class_list":["post-39319","post","type-post","status-publish","format-standard","has-post-thumbnail","hentry","category-communaute","category-top-nouvelles","category-toutes-les-actualites","tag-africa-press","tag-africa-press-cameroun","tag-cameroun"],"yoast_head":"<!-- This site is optimized with the Yoast SEO Premium plugin v26.1 (Yoast SEO v27.0) - https:\/\/yoast.com\/product\/yoast-seo-premium-wordpress\/ -->\n<title>Affaire Martinez Zogo: Les Mvog Belinga, la communaut\u00e9 de Jean Pierre Amougou Belinga, plaident pour sa remise en libert\u00e9 - Cameroun<\/title>\n<meta name=\"description\" content=\"L\u2019affaire Martinez Zogo est loin d\u2019e\u0302tre clause. Deux mois apre\u0300s l\u2019enle\u0300vement, suivi de l\u2019horrible assassinat du journ ...\" \/>\n<meta name=\"robots\" content=\"index, follow, max-snippet:-1, max-image-preview:large, max-video-preview:-1\" \/>\n<link rel=\"canonical\" href=\"https:\/\/www.africa-press.net\/cameroun\/toutes-les-actualites\/affaire-martinez-zogo-les-mvog-belinga-la-communaute-de-jean-pierre-amougou-belinga-plaident-pour-sa-remise-en-liberte\" \/>\n<meta property=\"og:locale\" content=\"fr_FR\" \/>\n<meta property=\"og:type\" content=\"article\" \/>\n<meta property=\"og:title\" content=\"Affaire Martinez Zogo: Les Mvog Belinga, la communaut\u00e9 de Jean Pierre Amougou Belinga, plaident pour sa remise en libert\u00e9\" \/>\n<meta property=\"og:description\" content=\"L\u2019affaire Martinez Zogo est loin d\u2019e\u0302tre clause. Deux mois apre\u0300s l\u2019enle\u0300vement, suivi de l\u2019horrible assassinat du journ ...\" \/>\n<meta property=\"og:url\" content=\"https:\/\/www.africa-press.net\/cameroun\/toutes-les-actualites\/affaire-martinez-zogo-les-mvog-belinga-la-communaute-de-jean-pierre-amougou-belinga-plaident-pour-sa-remise-en-liberte\" \/>\n<meta property=\"og:site_name\" content=\"Cameroun\" \/>\n<meta property=\"article:published_time\" content=\"2023-03-14T17:57:01+00:00\" \/>\n<meta property=\"article:modified_time\" content=\"2023-03-14T18:19:43+00:00\" \/>\n<meta property=\"og:image\" content=\"https:\/\/static.africa-press.net\/cameroun\/sites\/57\/2023\/03\/postQueueImg_1678804077.60.jpg\" \/>\n\t<meta property=\"og:image:width\" content=\"1280\" \/>\n\t<meta property=\"og:image:height\" content=\"720\" \/>\n\t<meta property=\"og:image:type\" content=\"image\/jpeg\" \/>\n<meta name=\"author\" content=\"cfeditorfr\" \/>\n<meta name=\"twitter:card\" content=\"summary_large_image\" \/>\n<meta name=\"twitter:label1\" content=\"\u00c9crit par\" \/>\n\t<meta name=\"twitter:data1\" content=\"cfeditorfr\" \/>\n\t<meta name=\"twitter:label2\" content=\"Dur\u00e9e de lecture estim\u00e9e\" \/>\n\t<meta name=\"twitter:data2\" content=\"1 minute\" \/>\n<script type=\"application\/ld+json\" class=\"yoast-schema-graph\">{\"@context\":\"https:\/\/schema.org\",\"@graph\":[{\"@type\":\"Article\",\"@id\":\"https:\/\/www.africa-press.net\/cameroun\/toutes-les-actualites\/affaire-martinez-zogo-les-mvog-belinga-la-communaute-de-jean-pierre-amougou-belinga-plaident-pour-sa-remise-en-liberte#article\",\"isPartOf\":{\"@id\":\"https:\/\/www.africa-press.net\/cameroun\/toutes-les-actualites\/affaire-martinez-zogo-les-mvog-belinga-la-communaute-de-jean-pierre-amougou-belinga-plaident-pour-sa-remise-en-liberte\"},\"author\":{\"name\":\"cfeditorfr\",\"@id\":\"https:\/\/www.africa-press.net\/cameroun\/#\/schema\/person\/2b1cf3cd81a31e3cd26889ca66d677f1\"},\"headline\":\"Affaire Martinez Zogo: Les Mvog Belinga, la communaut\u00e9 de Jean Pierre Amougou Belinga, plaident pour sa remise en libert\u00e9\",\"datePublished\":\"2023-03-14T17:57:01+00:00\",\"dateModified\":\"2023-03-14T18:19:43+00:00\",\"mainEntityOfPage\":{\"@id\":\"https:\/\/www.africa-press.net\/cameroun\/toutes-les-actualites\/affaire-martinez-zogo-les-mvog-belinga-la-communaute-de-jean-pierre-amougou-belinga-plaident-pour-sa-remise-en-liberte\"},\"wordCount\":317,\"commentCount\":0,\"image\":{\"@id\":\"https:\/\/www.africa-press.net\/cameroun\/toutes-les-actualites\/affaire-martinez-zogo-les-mvog-belinga-la-communaute-de-jean-pierre-amougou-belinga-plaident-pour-sa-remise-en-liberte#primaryimage\"},\"thumbnailUrl\":\"https:\/\/static.africa-press.net\/cameroun\/sites\/57\/2023\/03\/postQueueImg_1678804077.60.jpg\",\"keywords\":[\"Africa Press\",\"Africa Press-Cameroun\",\"Cameroun\"],\"articleSection\":[\"Communaut\u00e9\",\"Top Nouvelles\",\"Toutes les actualit\u00e9s\"],\"inLanguage\":\"fr-FR\",\"potentialAction\":[{\"@type\":\"CommentAction\",\"name\":\"Comment\",\"target\":[\"https:\/\/www.africa-press.net\/cameroun\/toutes-les-actualites\/affaire-martinez-zogo-les-mvog-belinga-la-communaute-de-jean-pierre-amougou-belinga-plaident-pour-sa-remise-en-liberte#respond\"]}]},{\"@type\":\"WebPage\",\"@id\":\"https:\/\/www.africa-press.net\/cameroun\/toutes-les-actualites\/affaire-martinez-zogo-les-mvog-belinga-la-communaute-de-jean-pierre-amougou-belinga-plaident-pour-sa-remise-en-liberte\",\"url\":\"https:\/\/www.africa-press.net\/cameroun\/toutes-les-actualites\/affaire-martinez-zogo-les-mvog-belinga-la-communaute-de-jean-pierre-amougou-belinga-plaident-pour-sa-remise-en-liberte\",\"name\":\"Affaire Martinez Zogo: Les Mvog Belinga, la communaut\u00e9 de Jean Pierre Amougou Belinga, plaident pour sa remise en libert\u00e9 - Cameroun\",\"isPartOf\":{\"@id\":\"https:\/\/www.africa-press.net\/cameroun\/#website\"},\"primaryImageOfPage\":{\"@id\":\"https:\/\/www.africa-press.net\/cameroun\/toutes-les-actualites\/affaire-martinez-zogo-les-mvog-belinga-la-communaute-de-jean-pierre-amougou-belinga-plaident-pour-sa-remise-en-liberte#primaryimage\"},\"image\":{\"@id\":\"https:\/\/www.africa-press.net\/cameroun\/toutes-les-actualites\/affaire-martinez-zogo-les-mvog-belinga-la-communaute-de-jean-pierre-amougou-belinga-plaident-pour-sa-remise-en-liberte#primaryimage\"},\"thumbnailUrl\":\"https:\/\/static.africa-press.net\/cameroun\/sites\/57\/2023\/03\/postQueueImg_1678804077.60.jpg\",\"datePublished\":\"2023-03-14T17:57:01+00:00\",\"dateModified\":\"2023-03-14T18:19:43+00:00\",\"author\":{\"@id\":\"https:\/\/www.africa-press.net\/cameroun\/#\/schema\/person\/2b1cf3cd81a31e3cd26889ca66d677f1\"},\"description\":\"L\u2019affaire Martinez Zogo est loin d\u2019e\u0302tre clause. Deux mois apre\u0300s l\u2019enle\u0300vement, suivi de l\u2019horrible assassinat du journ ...\",\"breadcrumb\":{\"@id\":\"https:\/\/www.africa-press.net\/cameroun\/toutes-les-actualites\/affaire-martinez-zogo-les-mvog-belinga-la-communaute-de-jean-pierre-amougou-belinga-plaident-pour-sa-remise-en-liberte#breadcrumb\"},\"inLanguage\":\"fr-FR\",\"potentialAction\":[{\"@type\":\"ReadAction\",\"target\":[\"https:\/\/www.africa-press.net\/cameroun\/toutes-les-actualites\/affaire-martinez-zogo-les-mvog-belinga-la-communaute-de-jean-pierre-amougou-belinga-plaident-pour-sa-remise-en-liberte\"]}]},{\"@type\":\"ImageObject\",\"inLanguage\":\"fr-FR\",\"@id\":\"https:\/\/www.africa-press.net\/cameroun\/toutes-les-actualites\/affaire-martinez-zogo-les-mvog-belinga-la-communaute-de-jean-pierre-amougou-belinga-plaident-pour-sa-remise-en-liberte#primaryimage\",\"url\":\"https:\/\/static.africa-press.net\/cameroun\/sites\/57\/2023\/03\/postQueueImg_1678804077.60.jpg\",\"contentUrl\":\"https:\/\/static.africa-press.net\/cameroun\/sites\/57\/2023\/03\/postQueueImg_1678804077.60.jpg\",\"width\":1280,\"height\":720,\"caption\":\"Affaire Martinez Zogo: Les Mvog Belinga, la communaut\u00e9 de Jean Pierre Amougou Belinga, plaident pour sa remise en libert\u00e9\"},{\"@type\":\"BreadcrumbList\",\"@id\":\"https:\/\/www.africa-press.net\/cameroun\/toutes-les-actualites\/affaire-martinez-zogo-les-mvog-belinga-la-communaute-de-jean-pierre-amougou-belinga-plaident-pour-sa-remise-en-liberte#breadcrumb\",\"itemListElement\":[{\"@type\":\"ListItem\",\"position\":1,\"name\":\"Accueil\",\"item\":\"https:\/\/www.africa-press.net\/cameroun\/\"},{\"@type\":\"ListItem\",\"position\":2,\"name\":\"Affaire Martinez Zogo: Les Mvog Belinga, la communaut\u00e9 de Jean Pierre Amougou Belinga, plaident pour sa remise en libert\u00e9\"}]},{\"@type\":\"WebSite\",\"@id\":\"https:\/\/www.africa-press.net\/cameroun\/#website\",\"url\":\"https:\/\/www.africa-press.net\/cameroun\/\",\"name\":\"Cameroun\",\"description\":\"Just another Africa News Agency Sites site\",\"potentialAction\":[{\"@type\":\"SearchAction\",\"target\":{\"@type\":\"EntryPoint\",\"urlTemplate\":\"https:\/\/www.africa-press.net\/cameroun\/?s={search_term_string}\"},\"query-input\":{\"@type\":\"PropertyValueSpecification\",\"valueRequired\":true,\"valueName\":\"search_term_string\"}}],\"inLanguage\":\"fr-FR\"},{\"@type\":\"Person\",\"@id\":\"https:\/\/www.africa-press.net\/cameroun\/#\/schema\/person\/2b1cf3cd81a31e3cd26889ca66d677f1\",\"name\":\"cfeditorfr\"}]}<\/script>\n<!-- \/ Yoast SEO Premium plugin. -->","yoast_head_json":{"title":"Affaire Martinez Zogo: Les Mvog Belinga, la communaut\u00e9 de Jean Pierre Amougou Belinga, plaident pour sa remise en libert\u00e9 - Cameroun","description":"L\u2019affaire Martinez Zogo est loin d\u2019e\u0302tre clause. Deux mois apre\u0300s l\u2019enle\u0300vement, suivi de l\u2019horrible assassinat du journ ...","robots":{"index":"index","follow":"follow","max-snippet":"max-snippet:-1","max-image-preview":"max-image-preview:large","max-video-preview":"max-video-preview:-1"},"canonical":"https:\/\/www.africa-press.net\/cameroun\/toutes-les-actualites\/affaire-martinez-zogo-les-mvog-belinga-la-communaute-de-jean-pierre-amougou-belinga-plaident-pour-sa-remise-en-liberte","og_locale":"fr_FR","og_type":"article","og_title":"Affaire Martinez Zogo: Les Mvog Belinga, la communaut\u00e9 de Jean Pierre Amougou Belinga, plaident pour sa remise en libert\u00e9","og_description":"L\u2019affaire Martinez Zogo est loin d\u2019e\u0302tre clause. Deux mois apre\u0300s l\u2019enle\u0300vement, suivi de l\u2019horrible assassinat du journ ...","og_url":"https:\/\/www.africa-press.net\/cameroun\/toutes-les-actualites\/affaire-martinez-zogo-les-mvog-belinga-la-communaute-de-jean-pierre-amougou-belinga-plaident-pour-sa-remise-en-liberte","og_site_name":"Cameroun","article_published_time":"2023-03-14T17:57:01+00:00","article_modified_time":"2023-03-14T18:19:43+00:00","og_image":[{"width":1280,"height":720,"url":"https:\/\/static.africa-press.net\/cameroun\/sites\/57\/2023\/03\/postQueueImg_1678804077.60.jpg","type":"image\/jpeg"}],"author":"cfeditorfr","twitter_card":"summary_large_image","twitter_misc":{"\u00c9crit par":"cfeditorfr","Dur\u00e9e de lecture estim\u00e9e":"1 minute"},"schema":{"@context":"https:\/\/schema.org","@graph":[{"@type":"Article","@id":"https:\/\/www.africa-press.net\/cameroun\/toutes-les-actualites\/affaire-martinez-zogo-les-mvog-belinga-la-communaute-de-jean-pierre-amougou-belinga-plaident-pour-sa-remise-en-liberte#article","isPartOf":{"@id":"https:\/\/www.africa-press.net\/cameroun\/toutes-les-actualites\/affaire-martinez-zogo-les-mvog-belinga-la-communaute-de-jean-pierre-amougou-belinga-plaident-pour-sa-remise-en-liberte"},"author":{"name":"cfeditorfr","@id":"https:\/\/www.africa-press.net\/cameroun\/#\/schema\/person\/2b1cf3cd81a31e3cd26889ca66d677f1"},"headline":"Affaire Martinez Zogo: Les Mvog Belinga, la communaut\u00e9 de Jean Pierre Amougou Belinga, plaident pour sa remise en libert\u00e9","datePublished":"2023-03-14T17:57:01+00:00","dateModified":"2023-03-14T18:19:43+00:00","mainEntityOfPage":{"@id":"https:\/\/www.africa-press.net\/cameroun\/toutes-les-actualites\/affaire-martinez-zogo-les-mvog-belinga-la-communaute-de-jean-pierre-amougou-belinga-plaident-pour-sa-remise-en-liberte"},"wordCount":317,"commentCount":0,"image":{"@id":"https:\/\/www.africa-press.net\/cameroun\/toutes-les-actualites\/affaire-martinez-zogo-les-mvog-belinga-la-communaute-de-jean-pierre-amougou-belinga-plaident-pour-sa-remise-en-liberte#primaryimage"},"thumbnailUrl":"https:\/\/static.africa-press.net\/cameroun\/sites\/57\/2023\/03\/postQueueImg_1678804077.60.jpg","keywords":["Africa Press","Africa Press-Cameroun","Cameroun"],"articleSection":["Communaut\u00e9","Top Nouvelles","Toutes les actualit\u00e9s"],"inLanguage":"fr-FR","potentialAction":[{"@type":"CommentAction","name":"Comment","target":["https:\/\/www.africa-press.net\/cameroun\/toutes-les-actualites\/affaire-martinez-zogo-les-mvog-belinga-la-communaute-de-jean-pierre-amougou-belinga-plaident-pour-sa-remise-en-liberte#respond"]}]},{"@type":"WebPage","@id":"https:\/\/www.africa-press.net\/cameroun\/toutes-les-actualites\/affaire-martinez-zogo-les-mvog-belinga-la-communaute-de-jean-pierre-amougou-belinga-plaident-pour-sa-remise-en-liberte","url":"https:\/\/www.africa-press.net\/cameroun\/toutes-les-actualites\/affaire-martinez-zogo-les-mvog-belinga-la-communaute-de-jean-pierre-amougou-belinga-plaident-pour-sa-remise-en-liberte","name":"Affaire Martinez Zogo: Les Mvog Belinga, la communaut\u00e9 de Jean Pierre Amougou Belinga, plaident pour sa remise en libert\u00e9 - Cameroun","isPartOf":{"@id":"https:\/\/www.africa-press.net\/cameroun\/#website"},"primaryImageOfPage":{"@id":"https:\/\/www.africa-press.net\/cameroun\/toutes-les-actualites\/affaire-martinez-zogo-les-mvog-belinga-la-communaute-de-jean-pierre-amougou-belinga-plaident-pour-sa-remise-en-liberte#primaryimage"},"image":{"@id":"https:\/\/www.africa-press.net\/cameroun\/toutes-les-actualites\/affaire-martinez-zogo-les-mvog-belinga-la-communaute-de-jean-pierre-amougou-belinga-plaident-pour-sa-remise-en-liberte#primaryimage"},"thumbnailUrl":"https:\/\/static.africa-press.net\/cameroun\/sites\/57\/2023\/03\/postQueueImg_1678804077.60.jpg","datePublished":"2023-03-14T17:57:01+00:00","dateModified":"2023-03-14T18:19:43+00:00","author":{"@id":"https:\/\/www.africa-press.net\/cameroun\/#\/schema\/person\/2b1cf3cd81a31e3cd26889ca66d677f1"},"description":"L\u2019affaire Martinez Zogo est loin d\u2019e\u0302tre clause. Deux mois apre\u0300s l\u2019enle\u0300vement, suivi de l\u2019horrible assassinat du journ ...","breadcrumb":{"@id":"https:\/\/www.africa-press.net\/cameroun\/toutes-les-actualites\/affaire-martinez-zogo-les-mvog-belinga-la-communaute-de-jean-pierre-amougou-belinga-plaident-pour-sa-remise-en-liberte#breadcrumb"},"inLanguage":"fr-FR","potentialAction":[{"@type":"ReadAction","target":["https:\/\/www.africa-press.net\/cameroun\/toutes-les-actualites\/affaire-martinez-zogo-les-mvog-belinga-la-communaute-de-jean-pierre-amougou-belinga-plaident-pour-sa-remise-en-liberte"]}]},{"@type":"ImageObject","inLanguage":"fr-FR","@id":"https:\/\/www.africa-press.net\/cameroun\/toutes-les-actualites\/affaire-martinez-zogo-les-mvog-belinga-la-communaute-de-jean-pierre-amougou-belinga-plaident-pour-sa-remise-en-liberte#primaryimage","url":"https:\/\/static.africa-press.net\/cameroun\/sites\/57\/2023\/03\/postQueueImg_1678804077.60.jpg","contentUrl":"https:\/\/static.africa-press.net\/cameroun\/sites\/57\/2023\/03\/postQueueImg_1678804077.60.jpg","width":1280,"height":720,"caption":"Affaire Martinez Zogo: Les Mvog Belinga, la communaut\u00e9 de Jean Pierre Amougou Belinga, plaident pour sa remise en libert\u00e9"},{"@type":"BreadcrumbList","@id":"https:\/\/www.africa-press.net\/cameroun\/toutes-les-actualites\/affaire-martinez-zogo-les-mvog-belinga-la-communaute-de-jean-pierre-amougou-belinga-plaident-pour-sa-remise-en-liberte#breadcrumb","itemListElement":[{"@type":"ListItem","position":1,"name":"Accueil","item":"https:\/\/www.africa-press.net\/cameroun\/"},{"@type":"ListItem","position":2,"name":"Affaire Martinez Zogo: Les Mvog Belinga, la communaut\u00e9 de Jean Pierre Amougou Belinga, plaident pour sa remise en libert\u00e9"}]},{"@type":"WebSite","@id":"https:\/\/www.africa-press.net\/cameroun\/#website","url":"https:\/\/www.africa-press.net\/cameroun\/","name":"Cameroun","description":"Just another Africa News Agency Sites site","potentialAction":[{"@type":"SearchAction","target":{"@type":"EntryPoint","urlTemplate":"https:\/\/www.africa-press.net\/cameroun\/?s={search_term_string}"},"query-input":{"@type":"PropertyValueSpecification","valueRequired":true,"valueName":"search_term_string"}}],"inLanguage":"fr-FR"},{"@type":"Person","@id":"https:\/\/www.africa-press.net\/cameroun\/#\/schema\/person\/2b1cf3cd81a31e3cd26889ca66d677f1","name":"cfeditorfr"}]}},"_links":{"self":[{"href":"https:\/\/www.africa-press.net\/cameroun\/wp-json\/wp\/v2\/posts\/39319","targetHints":{"allow":["GET"]}}],"collection":[{"href":"https:\/\/www.africa-press.net\/cameroun\/wp-json\/wp\/v2\/posts"}],"about":[{"href":"https:\/\/www.africa-press.net\/cameroun\/wp-json\/wp\/v2\/types\/post"}],"author":[{"embeddable":true,"href":"https:\/\/www.africa-press.net\/cameroun\/wp-json\/wp\/v2\/users\/82"}],"replies":[{"embeddable":true,"href":"https:\/\/www.africa-press.net\/cameroun\/wp-json\/wp\/v2\/comments?post=39319"}],"version-history":[{"count":0,"href":"https:\/\/www.africa-press.net\/cameroun\/wp-json\/wp\/v2\/posts\/39319\/revisions"}],"wp:featuredmedia":[{"embeddable":true,"href":"https:\/\/www.africa-press.net\/cameroun\/wp-json\/wp\/v2\/media\/39317"}],"wp:attachment":[{"href":"https:\/\/www.africa-press.net\/cameroun\/wp-json\/wp\/v2\/media?parent=39319"}],"wp:term":[{"taxonomy":"category","embeddable":true,"href":"https:\/\/www.africa-press.net\/cameroun\/wp-json\/wp\/v2\/categories?post=39319"},{"taxonomy":"post_tag","embeddable":true,"href":"https:\/\/www.africa-press.net\/cameroun\/wp-json\/wp\/v2\/tags?post=39319"}],"curies":[{"name":"wp","href":"https:\/\/api.w.org\/{rel}","templated":true}]}}