{"id":39322,"date":"2023-03-14T17:57:37","date_gmt":"2023-03-14T17:57:37","guid":{"rendered":"https:\/\/www.africa-press.net\/cameroun\/politique\/impots-le-delai-de-transmission-des-declarations-statistiques-et-fiscales-dsf-proroge"},"modified":"2023-03-14T18:20:29","modified_gmt":"2023-03-14T18:20:29","slug":"impots-le-delai-de-transmission-des-declarations-statistiques-et-fiscales-dsf-proroge","status":"publish","type":"post","link":"https:\/\/www.africa-press.net\/cameroun\/economie\/impots-le-delai-de-transmission-des-declarations-statistiques-et-fiscales-dsf-proroge","title":{"rendered":"Imp\u00f4ts: Le d\u00e9lai de transmission des d\u00e9clarations statistiques et fiscales (DSF) prorog\u00e9"},"content":{"rendered":"<p><span style=\"color: #ff6600\"><strong>Africa-Press &#8211; Cameroun. <\/strong><\/span>L\u2019information est contenue dans un communique\u0301 signe\u0301e ce 14 mars par le Ministre des Finances (MINFI), Louis Paul Motaze. Il rappelle par ailleurs que les soldes d\u2019impo\u0302ts pour l\u2019exercice 2022 aussi concerne\u0301s par la prorogation s\u2019acquittent uniquement par te\u0301le\u0301paiement pour les contribuables de la Direction des Grandes Entreprises (DGE), par te\u0301le\u0301paiement ou par virement bancaire pour les contribuables relevant des Centres des impo\u0302ts des Petites et Moyennes Entreprises (CIME) et des centres spe\u0301cialise\u0301s d\u2019impo\u0302ts. Quant aux contribuables sous l\u2019e\u0301gide des Centres Divisionnaires des Impo\u0302ts (CDI), ils ont le choix de payer par virement bancaire, par te\u0301le\u0301phone portable (mobile tax) ou en espe\u0300ces aupre\u0300s des guichets de banque.<\/p>\n<p>Le MINFI invite les concerne\u0301s a\u0300 respecter cette nouvelle e\u0301che\u0301ance \u00ab afin d\u2019e\u0301viter les de\u0301sagre\u0301ments qu\u2019engendreraient la mise en \u0153uvre des sanctions pour de\u0301faut de paiement \u00bb. Louis Paul Motaze pre\u0301cise aussi que le de\u0301lai pour les de\u0301clarations mensuelles de versement spontane\u0301 du mois de mars 2023 demeure le 15 mars.<\/p>\n<p>Dans un pre\u0301ce\u0300dent communique\u0301, le MINFI a rappele\u0301 que les formats de de\u0301clarations de DSF et le guide de souscription y affe\u0301rent sont te\u0301le\u0301chargeables sur le site web de la Direction Ge\u0301ne\u0301rale des Impo\u0302ts (DGI) a\u0300 l\u2019adresse www.impots.cm.<\/p>\n<p><strong>Pour plus d&rsquo;informations et d&rsquo;analyses sur la <a href=\"https:\/\/www.africa-press.net\/cameroun\">Cameroun<\/a>, suivez <a href=\"https:\/\/www.africa-press.net\/\">Africa-Press<\/a><\/strong><\/p>\n","protected":false},"excerpt":{"rendered":"<p>Africa-Press &#8211; Cameroun. L\u2019information est contenue dans un communique\u0301 signe\u0301e ce 14 mars par le Ministre des Finances (MINFI), Louis Paul Motaze. Il rappelle par ailleurs que les soldes d\u2019impo\u0302ts pour l\u2019exercice 2022 aussi concerne\u0301s par la prorogation s\u2019acquittent uniquement par te\u0301le\u0301paiement pour les contribuables de la Direction des Grandes Entreprises (DGE), par te\u0301le\u0301paiement ou [&hellip;]<\/p>\n","protected":false},"author":82,"featured_media":39320,"comment_status":"open","ping_status":"closed","sticky":false,"template":"","format":"standard","meta":{"footnotes":""},"categories":[3,10],"tags":[36,50,49],"class_list":["post-39322","post","type-post","status-publish","format-standard","has-post-thumbnail","hentry","category-economie","category-toutes-les-actualites","tag-africa-press","tag-africa-press-cameroun","tag-cameroun"],"yoast_head":"<!-- This site is optimized with the Yoast SEO Premium plugin v26.1 (Yoast SEO v27.0) - https:\/\/yoast.com\/product\/yoast-seo-premium-wordpress\/ -->\n<title>Imp\u00f4ts: Le d\u00e9lai de transmission des d\u00e9clarations statistiques et fiscales (DSF) prorog\u00e9 - Cameroun<\/title>\n<meta name=\"description\" content=\"L\u2019information est contenue dans un communique\u0301 signe\u0301e ce 14 mars par le Ministre des Finances (MINFI), Louis Paul Motaz ...\" \/>\n<meta name=\"robots\" content=\"index, follow, max-snippet:-1, max-image-preview:large, max-video-preview:-1\" \/>\n<link rel=\"canonical\" href=\"https:\/\/www.africa-press.net\/cameroun\/economie\/impots-le-delai-de-transmission-des-declarations-statistiques-et-fiscales-dsf-proroge\" \/>\n<meta property=\"og:locale\" content=\"fr_FR\" \/>\n<meta property=\"og:type\" content=\"article\" \/>\n<meta property=\"og:title\" content=\"Imp\u00f4ts: Le d\u00e9lai de transmission des d\u00e9clarations statistiques et fiscales (DSF) prorog\u00e9\" \/>\n<meta property=\"og:description\" content=\"L\u2019information est contenue dans un communique\u0301 signe\u0301e ce 14 mars par le Ministre des Finances (MINFI), Louis Paul Motaz ...\" \/>\n<meta property=\"og:url\" content=\"https:\/\/www.africa-press.net\/cameroun\/economie\/impots-le-delai-de-transmission-des-declarations-statistiques-et-fiscales-dsf-proroge\" \/>\n<meta property=\"og:site_name\" content=\"Cameroun\" \/>\n<meta property=\"article:published_time\" content=\"2023-03-14T17:57:37+00:00\" \/>\n<meta property=\"article:modified_time\" content=\"2023-03-14T18:20:29+00:00\" \/>\n<meta property=\"og:image\" content=\"https:\/\/static.africa-press.net\/cameroun\/sites\/57\/2023\/03\/postQueueImg_1678804069.92.jpg\" \/>\n\t<meta property=\"og:image:width\" content=\"800\" \/>\n\t<meta property=\"og:image:height\" content=\"532\" \/>\n\t<meta property=\"og:image:type\" content=\"image\/jpeg\" \/>\n<meta name=\"author\" content=\"cfeditorfr\" \/>\n<meta name=\"twitter:card\" content=\"summary_large_image\" \/>\n<meta name=\"twitter:label1\" content=\"\u00c9crit par\" \/>\n\t<meta name=\"twitter:data1\" content=\"cfeditorfr\" \/>\n\t<meta name=\"twitter:label2\" content=\"Dur\u00e9e de lecture estim\u00e9e\" \/>\n\t<meta name=\"twitter:data2\" content=\"1 minute\" \/>\n<script type=\"application\/ld+json\" class=\"yoast-schema-graph\">{\"@context\":\"https:\/\/schema.org\",\"@graph\":[{\"@type\":\"Article\",\"@id\":\"https:\/\/www.africa-press.net\/cameroun\/economie\/impots-le-delai-de-transmission-des-declarations-statistiques-et-fiscales-dsf-proroge#article\",\"isPartOf\":{\"@id\":\"https:\/\/www.africa-press.net\/cameroun\/economie\/impots-le-delai-de-transmission-des-declarations-statistiques-et-fiscales-dsf-proroge\"},\"author\":{\"name\":\"cfeditorfr\",\"@id\":\"https:\/\/www.africa-press.net\/cameroun\/#\/schema\/person\/2b1cf3cd81a31e3cd26889ca66d677f1\"},\"headline\":\"Imp\u00f4ts: Le d\u00e9lai de transmission des d\u00e9clarations statistiques et fiscales (DSF) prorog\u00e9\",\"datePublished\":\"2023-03-14T17:57:37+00:00\",\"dateModified\":\"2023-03-14T18:20:29+00:00\",\"mainEntityOfPage\":{\"@id\":\"https:\/\/www.africa-press.net\/cameroun\/economie\/impots-le-delai-de-transmission-des-declarations-statistiques-et-fiscales-dsf-proroge\"},\"wordCount\":267,\"commentCount\":0,\"image\":{\"@id\":\"https:\/\/www.africa-press.net\/cameroun\/economie\/impots-le-delai-de-transmission-des-declarations-statistiques-et-fiscales-dsf-proroge#primaryimage\"},\"thumbnailUrl\":\"https:\/\/static.africa-press.net\/cameroun\/sites\/57\/2023\/03\/postQueueImg_1678804069.92.jpg\",\"keywords\":[\"Africa Press\",\"Africa Press-Cameroun\",\"Cameroun\"],\"articleSection\":[\"\u00c9conomie\",\"Toutes les actualit\u00e9s\"],\"inLanguage\":\"fr-FR\",\"potentialAction\":[{\"@type\":\"CommentAction\",\"name\":\"Comment\",\"target\":[\"https:\/\/www.africa-press.net\/cameroun\/economie\/impots-le-delai-de-transmission-des-declarations-statistiques-et-fiscales-dsf-proroge#respond\"]}]},{\"@type\":\"WebPage\",\"@id\":\"https:\/\/www.africa-press.net\/cameroun\/economie\/impots-le-delai-de-transmission-des-declarations-statistiques-et-fiscales-dsf-proroge\",\"url\":\"https:\/\/www.africa-press.net\/cameroun\/economie\/impots-le-delai-de-transmission-des-declarations-statistiques-et-fiscales-dsf-proroge\",\"name\":\"Imp\u00f4ts: Le d\u00e9lai de transmission des d\u00e9clarations statistiques et fiscales (DSF) prorog\u00e9 - Cameroun\",\"isPartOf\":{\"@id\":\"https:\/\/www.africa-press.net\/cameroun\/#website\"},\"primaryImageOfPage\":{\"@id\":\"https:\/\/www.africa-press.net\/cameroun\/economie\/impots-le-delai-de-transmission-des-declarations-statistiques-et-fiscales-dsf-proroge#primaryimage\"},\"image\":{\"@id\":\"https:\/\/www.africa-press.net\/cameroun\/economie\/impots-le-delai-de-transmission-des-declarations-statistiques-et-fiscales-dsf-proroge#primaryimage\"},\"thumbnailUrl\":\"https:\/\/static.africa-press.net\/cameroun\/sites\/57\/2023\/03\/postQueueImg_1678804069.92.jpg\",\"datePublished\":\"2023-03-14T17:57:37+00:00\",\"dateModified\":\"2023-03-14T18:20:29+00:00\",\"author\":{\"@id\":\"https:\/\/www.africa-press.net\/cameroun\/#\/schema\/person\/2b1cf3cd81a31e3cd26889ca66d677f1\"},\"description\":\"L\u2019information est contenue dans un communique\u0301 signe\u0301e ce 14 mars par le Ministre des Finances (MINFI), Louis Paul Motaz ...\",\"breadcrumb\":{\"@id\":\"https:\/\/www.africa-press.net\/cameroun\/economie\/impots-le-delai-de-transmission-des-declarations-statistiques-et-fiscales-dsf-proroge#breadcrumb\"},\"inLanguage\":\"fr-FR\",\"potentialAction\":[{\"@type\":\"ReadAction\",\"target\":[\"https:\/\/www.africa-press.net\/cameroun\/economie\/impots-le-delai-de-transmission-des-declarations-statistiques-et-fiscales-dsf-proroge\"]}]},{\"@type\":\"ImageObject\",\"inLanguage\":\"fr-FR\",\"@id\":\"https:\/\/www.africa-press.net\/cameroun\/economie\/impots-le-delai-de-transmission-des-declarations-statistiques-et-fiscales-dsf-proroge#primaryimage\",\"url\":\"https:\/\/static.africa-press.net\/cameroun\/sites\/57\/2023\/03\/postQueueImg_1678804069.92.jpg\",\"contentUrl\":\"https:\/\/static.africa-press.net\/cameroun\/sites\/57\/2023\/03\/postQueueImg_1678804069.92.jpg\",\"width\":800,\"height\":532,\"caption\":\"Imp\u00f4ts: Le d\u00e9lai de transmission des d\u00e9clarations statistiques et fiscales (DSF) prorog\u00e9\"},{\"@type\":\"BreadcrumbList\",\"@id\":\"https:\/\/www.africa-press.net\/cameroun\/economie\/impots-le-delai-de-transmission-des-declarations-statistiques-et-fiscales-dsf-proroge#breadcrumb\",\"itemListElement\":[{\"@type\":\"ListItem\",\"position\":1,\"name\":\"Accueil\",\"item\":\"https:\/\/www.africa-press.net\/cameroun\/\"},{\"@type\":\"ListItem\",\"position\":2,\"name\":\"Imp\u00f4ts: Le d\u00e9lai de transmission des d\u00e9clarations statistiques et fiscales (DSF) prorog\u00e9\"}]},{\"@type\":\"WebSite\",\"@id\":\"https:\/\/www.africa-press.net\/cameroun\/#website\",\"url\":\"https:\/\/www.africa-press.net\/cameroun\/\",\"name\":\"Cameroun\",\"description\":\"Just another Africa News Agency Sites site\",\"potentialAction\":[{\"@type\":\"SearchAction\",\"target\":{\"@type\":\"EntryPoint\",\"urlTemplate\":\"https:\/\/www.africa-press.net\/cameroun\/?s={search_term_string}\"},\"query-input\":{\"@type\":\"PropertyValueSpecification\",\"valueRequired\":true,\"valueName\":\"search_term_string\"}}],\"inLanguage\":\"fr-FR\"},{\"@type\":\"Person\",\"@id\":\"https:\/\/www.africa-press.net\/cameroun\/#\/schema\/person\/2b1cf3cd81a31e3cd26889ca66d677f1\",\"name\":\"cfeditorfr\"}]}<\/script>\n<!-- \/ Yoast SEO Premium plugin. -->","yoast_head_json":{"title":"Imp\u00f4ts: Le d\u00e9lai de transmission des d\u00e9clarations statistiques et fiscales (DSF) prorog\u00e9 - Cameroun","description":"L\u2019information est contenue dans un communique\u0301 signe\u0301e ce 14 mars par le Ministre des Finances (MINFI), Louis Paul Motaz ...","robots":{"index":"index","follow":"follow","max-snippet":"max-snippet:-1","max-image-preview":"max-image-preview:large","max-video-preview":"max-video-preview:-1"},"canonical":"https:\/\/www.africa-press.net\/cameroun\/economie\/impots-le-delai-de-transmission-des-declarations-statistiques-et-fiscales-dsf-proroge","og_locale":"fr_FR","og_type":"article","og_title":"Imp\u00f4ts: Le d\u00e9lai de transmission des d\u00e9clarations statistiques et fiscales (DSF) prorog\u00e9","og_description":"L\u2019information est contenue dans un communique\u0301 signe\u0301e ce 14 mars par le Ministre des Finances (MINFI), Louis Paul Motaz ...","og_url":"https:\/\/www.africa-press.net\/cameroun\/economie\/impots-le-delai-de-transmission-des-declarations-statistiques-et-fiscales-dsf-proroge","og_site_name":"Cameroun","article_published_time":"2023-03-14T17:57:37+00:00","article_modified_time":"2023-03-14T18:20:29+00:00","og_image":[{"width":800,"height":532,"url":"https:\/\/static.africa-press.net\/cameroun\/sites\/57\/2023\/03\/postQueueImg_1678804069.92.jpg","type":"image\/jpeg"}],"author":"cfeditorfr","twitter_card":"summary_large_image","twitter_misc":{"\u00c9crit par":"cfeditorfr","Dur\u00e9e de lecture estim\u00e9e":"1 minute"},"schema":{"@context":"https:\/\/schema.org","@graph":[{"@type":"Article","@id":"https:\/\/www.africa-press.net\/cameroun\/economie\/impots-le-delai-de-transmission-des-declarations-statistiques-et-fiscales-dsf-proroge#article","isPartOf":{"@id":"https:\/\/www.africa-press.net\/cameroun\/economie\/impots-le-delai-de-transmission-des-declarations-statistiques-et-fiscales-dsf-proroge"},"author":{"name":"cfeditorfr","@id":"https:\/\/www.africa-press.net\/cameroun\/#\/schema\/person\/2b1cf3cd81a31e3cd26889ca66d677f1"},"headline":"Imp\u00f4ts: Le d\u00e9lai de transmission des d\u00e9clarations statistiques et fiscales (DSF) prorog\u00e9","datePublished":"2023-03-14T17:57:37+00:00","dateModified":"2023-03-14T18:20:29+00:00","mainEntityOfPage":{"@id":"https:\/\/www.africa-press.net\/cameroun\/economie\/impots-le-delai-de-transmission-des-declarations-statistiques-et-fiscales-dsf-proroge"},"wordCount":267,"commentCount":0,"image":{"@id":"https:\/\/www.africa-press.net\/cameroun\/economie\/impots-le-delai-de-transmission-des-declarations-statistiques-et-fiscales-dsf-proroge#primaryimage"},"thumbnailUrl":"https:\/\/static.africa-press.net\/cameroun\/sites\/57\/2023\/03\/postQueueImg_1678804069.92.jpg","keywords":["Africa Press","Africa Press-Cameroun","Cameroun"],"articleSection":["\u00c9conomie","Toutes les actualit\u00e9s"],"inLanguage":"fr-FR","potentialAction":[{"@type":"CommentAction","name":"Comment","target":["https:\/\/www.africa-press.net\/cameroun\/economie\/impots-le-delai-de-transmission-des-declarations-statistiques-et-fiscales-dsf-proroge#respond"]}]},{"@type":"WebPage","@id":"https:\/\/www.africa-press.net\/cameroun\/economie\/impots-le-delai-de-transmission-des-declarations-statistiques-et-fiscales-dsf-proroge","url":"https:\/\/www.africa-press.net\/cameroun\/economie\/impots-le-delai-de-transmission-des-declarations-statistiques-et-fiscales-dsf-proroge","name":"Imp\u00f4ts: Le d\u00e9lai de transmission des d\u00e9clarations statistiques et fiscales (DSF) prorog\u00e9 - Cameroun","isPartOf":{"@id":"https:\/\/www.africa-press.net\/cameroun\/#website"},"primaryImageOfPage":{"@id":"https:\/\/www.africa-press.net\/cameroun\/economie\/impots-le-delai-de-transmission-des-declarations-statistiques-et-fiscales-dsf-proroge#primaryimage"},"image":{"@id":"https:\/\/www.africa-press.net\/cameroun\/economie\/impots-le-delai-de-transmission-des-declarations-statistiques-et-fiscales-dsf-proroge#primaryimage"},"thumbnailUrl":"https:\/\/static.africa-press.net\/cameroun\/sites\/57\/2023\/03\/postQueueImg_1678804069.92.jpg","datePublished":"2023-03-14T17:57:37+00:00","dateModified":"2023-03-14T18:20:29+00:00","author":{"@id":"https:\/\/www.africa-press.net\/cameroun\/#\/schema\/person\/2b1cf3cd81a31e3cd26889ca66d677f1"},"description":"L\u2019information est contenue dans un communique\u0301 signe\u0301e ce 14 mars par le Ministre des Finances (MINFI), Louis Paul Motaz ...","breadcrumb":{"@id":"https:\/\/www.africa-press.net\/cameroun\/economie\/impots-le-delai-de-transmission-des-declarations-statistiques-et-fiscales-dsf-proroge#breadcrumb"},"inLanguage":"fr-FR","potentialAction":[{"@type":"ReadAction","target":["https:\/\/www.africa-press.net\/cameroun\/economie\/impots-le-delai-de-transmission-des-declarations-statistiques-et-fiscales-dsf-proroge"]}]},{"@type":"ImageObject","inLanguage":"fr-FR","@id":"https:\/\/www.africa-press.net\/cameroun\/economie\/impots-le-delai-de-transmission-des-declarations-statistiques-et-fiscales-dsf-proroge#primaryimage","url":"https:\/\/static.africa-press.net\/cameroun\/sites\/57\/2023\/03\/postQueueImg_1678804069.92.jpg","contentUrl":"https:\/\/static.africa-press.net\/cameroun\/sites\/57\/2023\/03\/postQueueImg_1678804069.92.jpg","width":800,"height":532,"caption":"Imp\u00f4ts: Le d\u00e9lai de transmission des d\u00e9clarations statistiques et fiscales (DSF) prorog\u00e9"},{"@type":"BreadcrumbList","@id":"https:\/\/www.africa-press.net\/cameroun\/economie\/impots-le-delai-de-transmission-des-declarations-statistiques-et-fiscales-dsf-proroge#breadcrumb","itemListElement":[{"@type":"ListItem","position":1,"name":"Accueil","item":"https:\/\/www.africa-press.net\/cameroun\/"},{"@type":"ListItem","position":2,"name":"Imp\u00f4ts: Le d\u00e9lai de transmission des d\u00e9clarations statistiques et fiscales (DSF) prorog\u00e9"}]},{"@type":"WebSite","@id":"https:\/\/www.africa-press.net\/cameroun\/#website","url":"https:\/\/www.africa-press.net\/cameroun\/","name":"Cameroun","description":"Just another Africa News Agency Sites site","potentialAction":[{"@type":"SearchAction","target":{"@type":"EntryPoint","urlTemplate":"https:\/\/www.africa-press.net\/cameroun\/?s={search_term_string}"},"query-input":{"@type":"PropertyValueSpecification","valueRequired":true,"valueName":"search_term_string"}}],"inLanguage":"fr-FR"},{"@type":"Person","@id":"https:\/\/www.africa-press.net\/cameroun\/#\/schema\/person\/2b1cf3cd81a31e3cd26889ca66d677f1","name":"cfeditorfr"}]}},"_links":{"self":[{"href":"https:\/\/www.africa-press.net\/cameroun\/wp-json\/wp\/v2\/posts\/39322","targetHints":{"allow":["GET"]}}],"collection":[{"href":"https:\/\/www.africa-press.net\/cameroun\/wp-json\/wp\/v2\/posts"}],"about":[{"href":"https:\/\/www.africa-press.net\/cameroun\/wp-json\/wp\/v2\/types\/post"}],"author":[{"embeddable":true,"href":"https:\/\/www.africa-press.net\/cameroun\/wp-json\/wp\/v2\/users\/82"}],"replies":[{"embeddable":true,"href":"https:\/\/www.africa-press.net\/cameroun\/wp-json\/wp\/v2\/comments?post=39322"}],"version-history":[{"count":0,"href":"https:\/\/www.africa-press.net\/cameroun\/wp-json\/wp\/v2\/posts\/39322\/revisions"}],"wp:featuredmedia":[{"embeddable":true,"href":"https:\/\/www.africa-press.net\/cameroun\/wp-json\/wp\/v2\/media\/39320"}],"wp:attachment":[{"href":"https:\/\/www.africa-press.net\/cameroun\/wp-json\/wp\/v2\/media?parent=39322"}],"wp:term":[{"taxonomy":"category","embeddable":true,"href":"https:\/\/www.africa-press.net\/cameroun\/wp-json\/wp\/v2\/categories?post=39322"},{"taxonomy":"post_tag","embeddable":true,"href":"https:\/\/www.africa-press.net\/cameroun\/wp-json\/wp\/v2\/tags?post=39322"}],"curies":[{"name":"wp","href":"https:\/\/api.w.org\/{rel}","templated":true}]}}