{"id":39325,"date":"2023-03-14T17:58:23","date_gmt":"2023-03-14T17:58:23","guid":{"rendered":"https:\/\/www.africa-press.net\/cameroun\/politique\/denrees-alimentaires-36-000-emplois-projetes-dans-la-creation-dune-usine-de-conservation-de-loignon-dans-la-region-de-lextreme-nord"},"modified":"2023-03-14T18:21:16","modified_gmt":"2023-03-14T18:21:16","slug":"denrees-alimentaires-36-000-emplois-projetes-dans-la-creation-dune-usine-de-conservation-de-loignon-dans-la-region-de-lextreme-nord","status":"publish","type":"post","link":"https:\/\/www.africa-press.net\/cameroun\/economie\/denrees-alimentaires-36-000-emplois-projetes-dans-la-creation-dune-usine-de-conservation-de-loignon-dans-la-region-de-lextreme-nord","title":{"rendered":"Denr\u00e9es alimentaires: 36 000 emplois projet\u00e9s dans la cr\u00e9ation d\u2019une usine de conservation de l\u2019oignon dans la r\u00e9gion de l\u2019Extr\u00eame-Nord"},"content":{"rendered":"<p><span style=\"color: #ff6600\"><strong>Africa-Press &#8211; Cameroun. <\/strong><\/span>Un re\u0302ve qui deviendra biento\u0302t re\u0301alite\u0301 pour les agriculteurs de Tokombe\u0301re\u0301 dans la re\u0301gion de l&rsquo;Extre\u0302me-Nord ! Youssoupha Tamba, un ope\u0301rateur e\u0301conomique envisage d&rsquo;implanter, avec ses partenaires turcs, une unite\u0301 de conservation post-re\u0301colte de l\u2019oignon dans cette commune situe\u0301e dans le de\u0301partement du Mayo-Sava. Elle permettra aux agriculteurs de garder l\u2019inte\u0301gralite\u0301 de leurs re\u0301coltes.<\/p>\n<p>Jusqu&rsquo;ici, les plaintes e\u0301taient multiples quand a\u0300 l\u2019acquisition des semences, a\u0300 la production, et a\u0300 la conservation; ce qui induisait des pertes criarde apre\u0300s les re\u0301coltes.<\/p>\n<p>Des experts du ministe\u0300re de l&rsquo;Economie avaient ainsi re\u0301alise\u0301 une e\u0301tude de faisabilite\u0301 dans cette filie\u0300re entre 2019 et 2021, et des e\u0301tudes de marche\u0301 de 2021 a\u0300 2022. Il en ressort que les pertes post-re\u0301coltes s&rsquo;e\u0301valuent entre 50 et 70% chaque anne\u0301e. Il en de\u0301coule alors que la cre\u0301ation de cette unite\u0301 de conservation est une action idoine pour tous.<\/p>\n<p>Pour le porteur du projet, la collaboration camerouno-turc sera be\u0301ne\u0301fique pour les agriculteurs, mais aussi pour les populations, notamment en termes d&#8217;emplois pour les jeunes. Le projet devrait ge\u0301ne\u0301rer 36 000 emplois fixes, la possibilite\u0301 future de de\u0301river l\u2019oignon en poudre et en jus, des productions effectives. Conclusion, un pic e\u0301conomique de pre\u0300s de 500 milliards de FCFA.<\/p>\n<p>Ceci est la mate\u0301rialisation du processus de l\u2019import substitution pour re\u0301e\u0301quilibrer le de\u0301ficit de la balance commerciale.<\/p>\n<p><strong>Pour plus d&rsquo;informations et d&rsquo;analyses sur la <a href=\"https:\/\/www.africa-press.net\/cameroun\">Cameroun<\/a>, suivez <a href=\"https:\/\/www.africa-press.net\/\">Africa-Press<\/a><\/strong><\/p>\n","protected":false},"excerpt":{"rendered":"<p>Africa-Press &#8211; Cameroun. Un re\u0302ve qui deviendra biento\u0302t re\u0301alite\u0301 pour les agriculteurs de Tokombe\u0301re\u0301 dans la re\u0301gion de l&rsquo;Extre\u0302me-Nord ! Youssoupha Tamba, un ope\u0301rateur e\u0301conomique envisage d&rsquo;implanter, avec ses partenaires turcs, une unite\u0301 de conservation post-re\u0301colte de l\u2019oignon dans cette commune situe\u0301e dans le de\u0301partement du Mayo-Sava. Elle permettra aux agriculteurs de garder l\u2019inte\u0301gralite\u0301 de [&hellip;]<\/p>\n","protected":false},"author":82,"featured_media":39323,"comment_status":"open","ping_status":"closed","sticky":false,"template":"","format":"standard","meta":{"footnotes":""},"categories":[3,10],"tags":[36,50,49],"class_list":["post-39325","post","type-post","status-publish","format-standard","has-post-thumbnail","hentry","category-economie","category-toutes-les-actualites","tag-africa-press","tag-africa-press-cameroun","tag-cameroun"],"yoast_head":"<!-- This site is optimized with the Yoast SEO Premium plugin v26.1 (Yoast SEO v27.0) - https:\/\/yoast.com\/product\/yoast-seo-premium-wordpress\/ -->\n<title>Denr\u00e9es alimentaires: 36 000 emplois projet\u00e9s dans la cr\u00e9ation d\u2019une usine de conservation de l\u2019oignon dans la r\u00e9gion de l\u2019Extr\u00eame-Nord - Cameroun<\/title>\n<meta name=\"description\" content=\"Un re\u0302ve qui deviendra biento\u0302t re\u0301alite\u0301 pour les agriculteurs de Tokombe\u0301re\u0301 dans la re\u0301gion de l&#039;Extre\u0302me-Nord ! Yous ...\" \/>\n<meta name=\"robots\" content=\"index, follow, max-snippet:-1, max-image-preview:large, max-video-preview:-1\" \/>\n<link rel=\"canonical\" href=\"https:\/\/www.africa-press.net\/cameroun\/economie\/denrees-alimentaires-36-000-emplois-projetes-dans-la-creation-dune-usine-de-conservation-de-loignon-dans-la-region-de-lextreme-nord\" \/>\n<meta property=\"og:locale\" content=\"fr_FR\" \/>\n<meta property=\"og:type\" content=\"article\" \/>\n<meta property=\"og:title\" content=\"Denr\u00e9es alimentaires: 36 000 emplois projet\u00e9s dans la cr\u00e9ation d\u2019une usine de conservation de l\u2019oignon dans la r\u00e9gion de l\u2019Extr\u00eame-Nord\" \/>\n<meta property=\"og:description\" content=\"Un re\u0302ve qui deviendra biento\u0302t re\u0301alite\u0301 pour les agriculteurs de Tokombe\u0301re\u0301 dans la re\u0301gion de l&#039;Extre\u0302me-Nord ! Yous ...\" \/>\n<meta property=\"og:url\" content=\"https:\/\/www.africa-press.net\/cameroun\/economie\/denrees-alimentaires-36-000-emplois-projetes-dans-la-creation-dune-usine-de-conservation-de-loignon-dans-la-region-de-lextreme-nord\" \/>\n<meta property=\"og:site_name\" content=\"Cameroun\" \/>\n<meta property=\"article:published_time\" content=\"2023-03-14T17:58:23+00:00\" \/>\n<meta property=\"article:modified_time\" content=\"2023-03-14T18:21:16+00:00\" \/>\n<meta property=\"og:image\" content=\"https:\/\/static.africa-press.net\/cameroun\/sites\/57\/2023\/03\/postQueueImg_1678804116.25.jpg\" \/>\n\t<meta property=\"og:image:width\" content=\"1280\" \/>\n\t<meta property=\"og:image:height\" content=\"720\" \/>\n\t<meta property=\"og:image:type\" content=\"image\/jpeg\" \/>\n<meta name=\"author\" content=\"cfeditorfr\" \/>\n<meta name=\"twitter:card\" content=\"summary_large_image\" \/>\n<meta name=\"twitter:label1\" content=\"\u00c9crit par\" \/>\n\t<meta name=\"twitter:data1\" content=\"cfeditorfr\" \/>\n\t<meta name=\"twitter:label2\" content=\"Dur\u00e9e de lecture estim\u00e9e\" \/>\n\t<meta name=\"twitter:data2\" content=\"1 minute\" \/>\n<script type=\"application\/ld+json\" class=\"yoast-schema-graph\">{\"@context\":\"https:\/\/schema.org\",\"@graph\":[{\"@type\":\"Article\",\"@id\":\"https:\/\/www.africa-press.net\/cameroun\/economie\/denrees-alimentaires-36-000-emplois-projetes-dans-la-creation-dune-usine-de-conservation-de-loignon-dans-la-region-de-lextreme-nord#article\",\"isPartOf\":{\"@id\":\"https:\/\/www.africa-press.net\/cameroun\/economie\/denrees-alimentaires-36-000-emplois-projetes-dans-la-creation-dune-usine-de-conservation-de-loignon-dans-la-region-de-lextreme-nord\"},\"author\":{\"name\":\"cfeditorfr\",\"@id\":\"https:\/\/www.africa-press.net\/cameroun\/#\/schema\/person\/2b1cf3cd81a31e3cd26889ca66d677f1\"},\"headline\":\"Denr\u00e9es alimentaires: 36 000 emplois projet\u00e9s dans la cr\u00e9ation d\u2019une usine de conservation de l\u2019oignon dans la r\u00e9gion de l\u2019Extr\u00eame-Nord\",\"datePublished\":\"2023-03-14T17:58:23+00:00\",\"dateModified\":\"2023-03-14T18:21:16+00:00\",\"mainEntityOfPage\":{\"@id\":\"https:\/\/www.africa-press.net\/cameroun\/economie\/denrees-alimentaires-36-000-emplois-projetes-dans-la-creation-dune-usine-de-conservation-de-loignon-dans-la-region-de-lextreme-nord\"},\"wordCount\":295,\"commentCount\":0,\"image\":{\"@id\":\"https:\/\/www.africa-press.net\/cameroun\/economie\/denrees-alimentaires-36-000-emplois-projetes-dans-la-creation-dune-usine-de-conservation-de-loignon-dans-la-region-de-lextreme-nord#primaryimage\"},\"thumbnailUrl\":\"https:\/\/static.africa-press.net\/cameroun\/sites\/57\/2023\/03\/postQueueImg_1678804116.25.jpg\",\"keywords\":[\"Africa Press\",\"Africa Press-Cameroun\",\"Cameroun\"],\"articleSection\":[\"\u00c9conomie\",\"Toutes les actualit\u00e9s\"],\"inLanguage\":\"fr-FR\",\"potentialAction\":[{\"@type\":\"CommentAction\",\"name\":\"Comment\",\"target\":[\"https:\/\/www.africa-press.net\/cameroun\/economie\/denrees-alimentaires-36-000-emplois-projetes-dans-la-creation-dune-usine-de-conservation-de-loignon-dans-la-region-de-lextreme-nord#respond\"]}]},{\"@type\":\"WebPage\",\"@id\":\"https:\/\/www.africa-press.net\/cameroun\/economie\/denrees-alimentaires-36-000-emplois-projetes-dans-la-creation-dune-usine-de-conservation-de-loignon-dans-la-region-de-lextreme-nord\",\"url\":\"https:\/\/www.africa-press.net\/cameroun\/economie\/denrees-alimentaires-36-000-emplois-projetes-dans-la-creation-dune-usine-de-conservation-de-loignon-dans-la-region-de-lextreme-nord\",\"name\":\"Denr\u00e9es alimentaires: 36 000 emplois projet\u00e9s dans la cr\u00e9ation d\u2019une usine de conservation de l\u2019oignon dans la r\u00e9gion de l\u2019Extr\u00eame-Nord - Cameroun\",\"isPartOf\":{\"@id\":\"https:\/\/www.africa-press.net\/cameroun\/#website\"},\"primaryImageOfPage\":{\"@id\":\"https:\/\/www.africa-press.net\/cameroun\/economie\/denrees-alimentaires-36-000-emplois-projetes-dans-la-creation-dune-usine-de-conservation-de-loignon-dans-la-region-de-lextreme-nord#primaryimage\"},\"image\":{\"@id\":\"https:\/\/www.africa-press.net\/cameroun\/economie\/denrees-alimentaires-36-000-emplois-projetes-dans-la-creation-dune-usine-de-conservation-de-loignon-dans-la-region-de-lextreme-nord#primaryimage\"},\"thumbnailUrl\":\"https:\/\/static.africa-press.net\/cameroun\/sites\/57\/2023\/03\/postQueueImg_1678804116.25.jpg\",\"datePublished\":\"2023-03-14T17:58:23+00:00\",\"dateModified\":\"2023-03-14T18:21:16+00:00\",\"author\":{\"@id\":\"https:\/\/www.africa-press.net\/cameroun\/#\/schema\/person\/2b1cf3cd81a31e3cd26889ca66d677f1\"},\"description\":\"Un re\u0302ve qui deviendra biento\u0302t re\u0301alite\u0301 pour les agriculteurs de Tokombe\u0301re\u0301 dans la re\u0301gion de l'Extre\u0302me-Nord ! Yous ...\",\"breadcrumb\":{\"@id\":\"https:\/\/www.africa-press.net\/cameroun\/economie\/denrees-alimentaires-36-000-emplois-projetes-dans-la-creation-dune-usine-de-conservation-de-loignon-dans-la-region-de-lextreme-nord#breadcrumb\"},\"inLanguage\":\"fr-FR\",\"potentialAction\":[{\"@type\":\"ReadAction\",\"target\":[\"https:\/\/www.africa-press.net\/cameroun\/economie\/denrees-alimentaires-36-000-emplois-projetes-dans-la-creation-dune-usine-de-conservation-de-loignon-dans-la-region-de-lextreme-nord\"]}]},{\"@type\":\"ImageObject\",\"inLanguage\":\"fr-FR\",\"@id\":\"https:\/\/www.africa-press.net\/cameroun\/economie\/denrees-alimentaires-36-000-emplois-projetes-dans-la-creation-dune-usine-de-conservation-de-loignon-dans-la-region-de-lextreme-nord#primaryimage\",\"url\":\"https:\/\/static.africa-press.net\/cameroun\/sites\/57\/2023\/03\/postQueueImg_1678804116.25.jpg\",\"contentUrl\":\"https:\/\/static.africa-press.net\/cameroun\/sites\/57\/2023\/03\/postQueueImg_1678804116.25.jpg\",\"width\":1280,\"height\":720,\"caption\":\"Denr\u00e9es alimentaires: 36 000 emplois projet\u00e9s dans la cr\u00e9ation d\u2019une usine de conservation de l\u2019oignon dans la r\u00e9gion de l\u2019Extr\u00eame-Nord\"},{\"@type\":\"BreadcrumbList\",\"@id\":\"https:\/\/www.africa-press.net\/cameroun\/economie\/denrees-alimentaires-36-000-emplois-projetes-dans-la-creation-dune-usine-de-conservation-de-loignon-dans-la-region-de-lextreme-nord#breadcrumb\",\"itemListElement\":[{\"@type\":\"ListItem\",\"position\":1,\"name\":\"Accueil\",\"item\":\"https:\/\/www.africa-press.net\/cameroun\/\"},{\"@type\":\"ListItem\",\"position\":2,\"name\":\"Denr\u00e9es alimentaires: 36 000 emplois projet\u00e9s dans la cr\u00e9ation d\u2019une usine de conservation de l\u2019oignon dans la r\u00e9gion de l\u2019Extr\u00eame-Nord\"}]},{\"@type\":\"WebSite\",\"@id\":\"https:\/\/www.africa-press.net\/cameroun\/#website\",\"url\":\"https:\/\/www.africa-press.net\/cameroun\/\",\"name\":\"Cameroun\",\"description\":\"Just another Africa News Agency Sites site\",\"potentialAction\":[{\"@type\":\"SearchAction\",\"target\":{\"@type\":\"EntryPoint\",\"urlTemplate\":\"https:\/\/www.africa-press.net\/cameroun\/?s={search_term_string}\"},\"query-input\":{\"@type\":\"PropertyValueSpecification\",\"valueRequired\":true,\"valueName\":\"search_term_string\"}}],\"inLanguage\":\"fr-FR\"},{\"@type\":\"Person\",\"@id\":\"https:\/\/www.africa-press.net\/cameroun\/#\/schema\/person\/2b1cf3cd81a31e3cd26889ca66d677f1\",\"name\":\"cfeditorfr\"}]}<\/script>\n<!-- \/ Yoast SEO Premium plugin. -->","yoast_head_json":{"title":"Denr\u00e9es alimentaires: 36 000 emplois projet\u00e9s dans la cr\u00e9ation d\u2019une usine de conservation de l\u2019oignon dans la r\u00e9gion de l\u2019Extr\u00eame-Nord - Cameroun","description":"Un re\u0302ve qui deviendra biento\u0302t re\u0301alite\u0301 pour les agriculteurs de Tokombe\u0301re\u0301 dans la re\u0301gion de l'Extre\u0302me-Nord ! Yous ...","robots":{"index":"index","follow":"follow","max-snippet":"max-snippet:-1","max-image-preview":"max-image-preview:large","max-video-preview":"max-video-preview:-1"},"canonical":"https:\/\/www.africa-press.net\/cameroun\/economie\/denrees-alimentaires-36-000-emplois-projetes-dans-la-creation-dune-usine-de-conservation-de-loignon-dans-la-region-de-lextreme-nord","og_locale":"fr_FR","og_type":"article","og_title":"Denr\u00e9es alimentaires: 36 000 emplois projet\u00e9s dans la cr\u00e9ation d\u2019une usine de conservation de l\u2019oignon dans la r\u00e9gion de l\u2019Extr\u00eame-Nord","og_description":"Un re\u0302ve qui deviendra biento\u0302t re\u0301alite\u0301 pour les agriculteurs de Tokombe\u0301re\u0301 dans la re\u0301gion de l'Extre\u0302me-Nord ! Yous ...","og_url":"https:\/\/www.africa-press.net\/cameroun\/economie\/denrees-alimentaires-36-000-emplois-projetes-dans-la-creation-dune-usine-de-conservation-de-loignon-dans-la-region-de-lextreme-nord","og_site_name":"Cameroun","article_published_time":"2023-03-14T17:58:23+00:00","article_modified_time":"2023-03-14T18:21:16+00:00","og_image":[{"width":1280,"height":720,"url":"https:\/\/static.africa-press.net\/cameroun\/sites\/57\/2023\/03\/postQueueImg_1678804116.25.jpg","type":"image\/jpeg"}],"author":"cfeditorfr","twitter_card":"summary_large_image","twitter_misc":{"\u00c9crit par":"cfeditorfr","Dur\u00e9e de lecture estim\u00e9e":"1 minute"},"schema":{"@context":"https:\/\/schema.org","@graph":[{"@type":"Article","@id":"https:\/\/www.africa-press.net\/cameroun\/economie\/denrees-alimentaires-36-000-emplois-projetes-dans-la-creation-dune-usine-de-conservation-de-loignon-dans-la-region-de-lextreme-nord#article","isPartOf":{"@id":"https:\/\/www.africa-press.net\/cameroun\/economie\/denrees-alimentaires-36-000-emplois-projetes-dans-la-creation-dune-usine-de-conservation-de-loignon-dans-la-region-de-lextreme-nord"},"author":{"name":"cfeditorfr","@id":"https:\/\/www.africa-press.net\/cameroun\/#\/schema\/person\/2b1cf3cd81a31e3cd26889ca66d677f1"},"headline":"Denr\u00e9es alimentaires: 36 000 emplois projet\u00e9s dans la cr\u00e9ation d\u2019une usine de conservation de l\u2019oignon dans la r\u00e9gion de l\u2019Extr\u00eame-Nord","datePublished":"2023-03-14T17:58:23+00:00","dateModified":"2023-03-14T18:21:16+00:00","mainEntityOfPage":{"@id":"https:\/\/www.africa-press.net\/cameroun\/economie\/denrees-alimentaires-36-000-emplois-projetes-dans-la-creation-dune-usine-de-conservation-de-loignon-dans-la-region-de-lextreme-nord"},"wordCount":295,"commentCount":0,"image":{"@id":"https:\/\/www.africa-press.net\/cameroun\/economie\/denrees-alimentaires-36-000-emplois-projetes-dans-la-creation-dune-usine-de-conservation-de-loignon-dans-la-region-de-lextreme-nord#primaryimage"},"thumbnailUrl":"https:\/\/static.africa-press.net\/cameroun\/sites\/57\/2023\/03\/postQueueImg_1678804116.25.jpg","keywords":["Africa Press","Africa Press-Cameroun","Cameroun"],"articleSection":["\u00c9conomie","Toutes les actualit\u00e9s"],"inLanguage":"fr-FR","potentialAction":[{"@type":"CommentAction","name":"Comment","target":["https:\/\/www.africa-press.net\/cameroun\/economie\/denrees-alimentaires-36-000-emplois-projetes-dans-la-creation-dune-usine-de-conservation-de-loignon-dans-la-region-de-lextreme-nord#respond"]}]},{"@type":"WebPage","@id":"https:\/\/www.africa-press.net\/cameroun\/economie\/denrees-alimentaires-36-000-emplois-projetes-dans-la-creation-dune-usine-de-conservation-de-loignon-dans-la-region-de-lextreme-nord","url":"https:\/\/www.africa-press.net\/cameroun\/economie\/denrees-alimentaires-36-000-emplois-projetes-dans-la-creation-dune-usine-de-conservation-de-loignon-dans-la-region-de-lextreme-nord","name":"Denr\u00e9es alimentaires: 36 000 emplois projet\u00e9s dans la cr\u00e9ation d\u2019une usine de conservation de l\u2019oignon dans la r\u00e9gion de l\u2019Extr\u00eame-Nord - Cameroun","isPartOf":{"@id":"https:\/\/www.africa-press.net\/cameroun\/#website"},"primaryImageOfPage":{"@id":"https:\/\/www.africa-press.net\/cameroun\/economie\/denrees-alimentaires-36-000-emplois-projetes-dans-la-creation-dune-usine-de-conservation-de-loignon-dans-la-region-de-lextreme-nord#primaryimage"},"image":{"@id":"https:\/\/www.africa-press.net\/cameroun\/economie\/denrees-alimentaires-36-000-emplois-projetes-dans-la-creation-dune-usine-de-conservation-de-loignon-dans-la-region-de-lextreme-nord#primaryimage"},"thumbnailUrl":"https:\/\/static.africa-press.net\/cameroun\/sites\/57\/2023\/03\/postQueueImg_1678804116.25.jpg","datePublished":"2023-03-14T17:58:23+00:00","dateModified":"2023-03-14T18:21:16+00:00","author":{"@id":"https:\/\/www.africa-press.net\/cameroun\/#\/schema\/person\/2b1cf3cd81a31e3cd26889ca66d677f1"},"description":"Un re\u0302ve qui deviendra biento\u0302t re\u0301alite\u0301 pour les agriculteurs de Tokombe\u0301re\u0301 dans la re\u0301gion de l'Extre\u0302me-Nord ! Yous ...","breadcrumb":{"@id":"https:\/\/www.africa-press.net\/cameroun\/economie\/denrees-alimentaires-36-000-emplois-projetes-dans-la-creation-dune-usine-de-conservation-de-loignon-dans-la-region-de-lextreme-nord#breadcrumb"},"inLanguage":"fr-FR","potentialAction":[{"@type":"ReadAction","target":["https:\/\/www.africa-press.net\/cameroun\/economie\/denrees-alimentaires-36-000-emplois-projetes-dans-la-creation-dune-usine-de-conservation-de-loignon-dans-la-region-de-lextreme-nord"]}]},{"@type":"ImageObject","inLanguage":"fr-FR","@id":"https:\/\/www.africa-press.net\/cameroun\/economie\/denrees-alimentaires-36-000-emplois-projetes-dans-la-creation-dune-usine-de-conservation-de-loignon-dans-la-region-de-lextreme-nord#primaryimage","url":"https:\/\/static.africa-press.net\/cameroun\/sites\/57\/2023\/03\/postQueueImg_1678804116.25.jpg","contentUrl":"https:\/\/static.africa-press.net\/cameroun\/sites\/57\/2023\/03\/postQueueImg_1678804116.25.jpg","width":1280,"height":720,"caption":"Denr\u00e9es alimentaires: 36 000 emplois projet\u00e9s dans la cr\u00e9ation d\u2019une usine de conservation de l\u2019oignon dans la r\u00e9gion de l\u2019Extr\u00eame-Nord"},{"@type":"BreadcrumbList","@id":"https:\/\/www.africa-press.net\/cameroun\/economie\/denrees-alimentaires-36-000-emplois-projetes-dans-la-creation-dune-usine-de-conservation-de-loignon-dans-la-region-de-lextreme-nord#breadcrumb","itemListElement":[{"@type":"ListItem","position":1,"name":"Accueil","item":"https:\/\/www.africa-press.net\/cameroun\/"},{"@type":"ListItem","position":2,"name":"Denr\u00e9es alimentaires: 36 000 emplois projet\u00e9s dans la cr\u00e9ation d\u2019une usine de conservation de l\u2019oignon dans la r\u00e9gion de l\u2019Extr\u00eame-Nord"}]},{"@type":"WebSite","@id":"https:\/\/www.africa-press.net\/cameroun\/#website","url":"https:\/\/www.africa-press.net\/cameroun\/","name":"Cameroun","description":"Just another Africa News Agency Sites site","potentialAction":[{"@type":"SearchAction","target":{"@type":"EntryPoint","urlTemplate":"https:\/\/www.africa-press.net\/cameroun\/?s={search_term_string}"},"query-input":{"@type":"PropertyValueSpecification","valueRequired":true,"valueName":"search_term_string"}}],"inLanguage":"fr-FR"},{"@type":"Person","@id":"https:\/\/www.africa-press.net\/cameroun\/#\/schema\/person\/2b1cf3cd81a31e3cd26889ca66d677f1","name":"cfeditorfr"}]}},"_links":{"self":[{"href":"https:\/\/www.africa-press.net\/cameroun\/wp-json\/wp\/v2\/posts\/39325","targetHints":{"allow":["GET"]}}],"collection":[{"href":"https:\/\/www.africa-press.net\/cameroun\/wp-json\/wp\/v2\/posts"}],"about":[{"href":"https:\/\/www.africa-press.net\/cameroun\/wp-json\/wp\/v2\/types\/post"}],"author":[{"embeddable":true,"href":"https:\/\/www.africa-press.net\/cameroun\/wp-json\/wp\/v2\/users\/82"}],"replies":[{"embeddable":true,"href":"https:\/\/www.africa-press.net\/cameroun\/wp-json\/wp\/v2\/comments?post=39325"}],"version-history":[{"count":0,"href":"https:\/\/www.africa-press.net\/cameroun\/wp-json\/wp\/v2\/posts\/39325\/revisions"}],"wp:featuredmedia":[{"embeddable":true,"href":"https:\/\/www.africa-press.net\/cameroun\/wp-json\/wp\/v2\/media\/39323"}],"wp:attachment":[{"href":"https:\/\/www.africa-press.net\/cameroun\/wp-json\/wp\/v2\/media?parent=39325"}],"wp:term":[{"taxonomy":"category","embeddable":true,"href":"https:\/\/www.africa-press.net\/cameroun\/wp-json\/wp\/v2\/categories?post=39325"},{"taxonomy":"post_tag","embeddable":true,"href":"https:\/\/www.africa-press.net\/cameroun\/wp-json\/wp\/v2\/tags?post=39325"}],"curies":[{"name":"wp","href":"https:\/\/api.w.org\/{rel}","templated":true}]}}