{"id":39328,"date":"2023-03-14T17:59:05","date_gmt":"2023-03-14T17:59:05","guid":{"rendered":"https:\/\/www.africa-press.net\/cameroun\/politique\/universite-de-ngaoundere-le-bras-de-fer-entre-la-rectrice-et-le-controleur-financier-se-poursuit"},"modified":"2023-03-14T18:21:55","modified_gmt":"2023-03-14T18:21:55","slug":"universite-de-ngaoundere-le-bras-de-fer-entre-la-rectrice-et-le-controleur-financier-se-poursuit","status":"publish","type":"post","link":"https:\/\/www.africa-press.net\/cameroun\/toutes-les-actualites\/universite-de-ngaoundere-le-bras-de-fer-entre-la-rectrice-et-le-controleur-financier-se-poursuit","title":{"rendered":"Universit\u00e9 de Ngaound\u00e9r\u00e9: Le bras de fer entre la Rectrice et le Contr\u00f4leur financier se poursuit"},"content":{"rendered":"<p><span style=\"color: #ff6600\"><strong>Africa-Press &#8211; Cameroun. <\/strong><\/span>Par note de service n\u00b02023\/021\/UN\/R\/SG du 07 mars 2023 portant rede\u0301ploiement des personnels de l\u2019Universite\u0301 de Ngaounde\u0301re\u0301 vous avez bien voulu proce\u0301der a\u0300 un rede\u0301ploiement de votre personnel dans mes services d\u2019une part, en affecte\u0301 le nomme\u0301 Abessolo Nkili Henri au Contro\u0302le financier spe\u0301cialise\u0301. Y faisant suite, j\u2019ai l\u2019honneur de vous faire connaitre que, je n&rsquo;en ai pas besoin de ce personnel. L\u2019inte\u0301resse\u0301 doit aller prendre impe\u0301rativement service au Secre\u0301tariat ge\u0301ne\u0301ral de l\u2019Universite\u0301 de Ngaounde\u0301re\u0301 pour emploi\u00bb. Cet extrait est une partie de la re\u0301ponse par e\u0301crit du Contro\u0302leur financier de l\u2019universite\u0301 de Ngaounde\u0301re\u0301 suite a\u0300 une de\u0301cision de la Rectrice de cet e\u0301tablissment public d\u2019enseignement supe\u0301rieur.<\/p>\n<p>Il s\u2019agit d\u2019un nouvel e\u0301pisode dans la gue\u0301guerre qui oppose les 2 commis de l&rsquo;E\u0301tat. Tout est parti d\u2019une note de Joseph Nkili Abessolo date\u0301e du 3 mars 2023. Il y disait a\u0300 Florence Chinje Uphe qu\u2019a\u0300 de\u0301faut de pre\u0301senter \u00abun acte de prorogation d\u2019activite\u0301 signe\u0301 par l\u2019autorite\u0301 compe\u0301tente\u00bb, elle avait atteint l\u2019a\u0302ge de de\u0301part a\u0300 la retraite et ne pouvait par conse\u0301quent plus engager ni ordonner des de\u0301penses.<\/p>\n<p>Suite a\u0300 cela, la Rectrice de l\u2019Universite\u0301 de Ngaounde\u0301re\u0301 a porte\u0301 plainte au Contro\u0302leur financier. Dans la citation directe servie le 6 mars dernier a\u0300 Joseph Nkili Abessolo, il est mentionne\u0301 qu&rsquo;il est poursuivi pour \u00abde\u0301nonciation calomnieuse, diffamation, chantage, abus de fonction et outrage a\u0300 fonctionnaire\u00bb.<\/p>\n<p>Alors qu\u2019une audience est pre\u0301vue le lundi 27 mars 2023 au Tribunal de premie\u0300re instance de la capitale re\u0301gionale de l&rsquo;Adamaoua, cette \u00abbataille\u00bb qui fait les choux gras de la presse et alimentent les de\u0301bats sur les re\u0301seaux sociaux se de\u0301roule sans que jusqu\u2019ici le ministre de l\u2019Enseignement supe\u0301rieur, Jacques Fame Ndongo, et le ministre de Finances, Louis Paul Motaze, ne se prononcent.<\/p>\n<p><strong>Pour plus d&rsquo;informations et d&rsquo;analyses sur la <a href=\"https:\/\/www.africa-press.net\/cameroun\">Cameroun<\/a>, suivez <a href=\"https:\/\/www.africa-press.net\/\">Africa-Press<\/a><\/strong><\/p>\n","protected":false},"excerpt":{"rendered":"<p>Africa-Press &#8211; Cameroun. Par note de service n\u00b02023\/021\/UN\/R\/SG du 07 mars 2023 portant rede\u0301ploiement des personnels de l\u2019Universite\u0301 de Ngaounde\u0301re\u0301 vous avez bien voulu proce\u0301der a\u0300 un rede\u0301ploiement de votre personnel dans mes services d\u2019une part, en affecte\u0301 le nomme\u0301 Abessolo Nkili Henri au Contro\u0302le financier spe\u0301cialise\u0301. Y faisant suite, j\u2019ai l\u2019honneur de vous faire [&hellip;]<\/p>\n","protected":false},"author":82,"featured_media":39326,"comment_status":"open","ping_status":"closed","sticky":false,"template":"","format":"standard","meta":{"footnotes":""},"categories":[21,10],"tags":[36,50,49],"class_list":["post-39328","post","type-post","status-publish","format-standard","has-post-thumbnail","hentry","category-communaute","category-toutes-les-actualites","tag-africa-press","tag-africa-press-cameroun","tag-cameroun"],"yoast_head":"<!-- This site is optimized with the Yoast SEO Premium plugin v26.1 (Yoast SEO v27.0) - https:\/\/yoast.com\/product\/yoast-seo-premium-wordpress\/ -->\n<title>Universit\u00e9 de Ngaound\u00e9r\u00e9: Le bras de fer entre la Rectrice et le Contr\u00f4leur financier se poursuit - Cameroun<\/title>\n<meta name=\"description\" content=\"Par note de service n\u00b02023\/021\/UN\/R\/SG du 07 mars 2023 portant rede\u0301ploiement des personnels de l\u2019Universite\u0301 de Ngaound ...\" \/>\n<meta name=\"robots\" content=\"index, follow, max-snippet:-1, max-image-preview:large, max-video-preview:-1\" \/>\n<link rel=\"canonical\" href=\"https:\/\/www.africa-press.net\/cameroun\/toutes-les-actualites\/universite-de-ngaoundere-le-bras-de-fer-entre-la-rectrice-et-le-controleur-financier-se-poursuit\" \/>\n<meta property=\"og:locale\" content=\"fr_FR\" \/>\n<meta property=\"og:type\" content=\"article\" \/>\n<meta property=\"og:title\" content=\"Universit\u00e9 de Ngaound\u00e9r\u00e9: Le bras de fer entre la Rectrice et le Contr\u00f4leur financier se poursuit\" \/>\n<meta property=\"og:description\" content=\"Par note de service n\u00b02023\/021\/UN\/R\/SG du 07 mars 2023 portant rede\u0301ploiement des personnels de l\u2019Universite\u0301 de Ngaound ...\" \/>\n<meta property=\"og:url\" content=\"https:\/\/www.africa-press.net\/cameroun\/toutes-les-actualites\/universite-de-ngaoundere-le-bras-de-fer-entre-la-rectrice-et-le-controleur-financier-se-poursuit\" \/>\n<meta property=\"og:site_name\" content=\"Cameroun\" \/>\n<meta property=\"article:published_time\" content=\"2023-03-14T17:59:05+00:00\" \/>\n<meta property=\"article:modified_time\" content=\"2023-03-14T18:21:55+00:00\" \/>\n<meta property=\"og:image\" content=\"https:\/\/static.africa-press.net\/cameroun\/sites\/57\/2023\/03\/postQueueImg_1678804156.09.jpg\" \/>\n\t<meta property=\"og:image:width\" content=\"800\" \/>\n\t<meta property=\"og:image:height\" content=\"563\" \/>\n\t<meta property=\"og:image:type\" content=\"image\/jpeg\" \/>\n<meta name=\"author\" content=\"cfeditorfr\" \/>\n<meta name=\"twitter:card\" content=\"summary_large_image\" \/>\n<meta name=\"twitter:label1\" content=\"\u00c9crit par\" \/>\n\t<meta name=\"twitter:data1\" content=\"cfeditorfr\" \/>\n\t<meta name=\"twitter:label2\" content=\"Dur\u00e9e de lecture estim\u00e9e\" \/>\n\t<meta name=\"twitter:data2\" content=\"2 minutes\" \/>\n<script type=\"application\/ld+json\" class=\"yoast-schema-graph\">{\"@context\":\"https:\/\/schema.org\",\"@graph\":[{\"@type\":\"Article\",\"@id\":\"https:\/\/www.africa-press.net\/cameroun\/toutes-les-actualites\/universite-de-ngaoundere-le-bras-de-fer-entre-la-rectrice-et-le-controleur-financier-se-poursuit#article\",\"isPartOf\":{\"@id\":\"https:\/\/www.africa-press.net\/cameroun\/toutes-les-actualites\/universite-de-ngaoundere-le-bras-de-fer-entre-la-rectrice-et-le-controleur-financier-se-poursuit\"},\"author\":{\"name\":\"cfeditorfr\",\"@id\":\"https:\/\/www.africa-press.net\/cameroun\/#\/schema\/person\/2b1cf3cd81a31e3cd26889ca66d677f1\"},\"headline\":\"Universit\u00e9 de Ngaound\u00e9r\u00e9: Le bras de fer entre la Rectrice et le Contr\u00f4leur financier se poursuit\",\"datePublished\":\"2023-03-14T17:59:05+00:00\",\"dateModified\":\"2023-03-14T18:21:55+00:00\",\"mainEntityOfPage\":{\"@id\":\"https:\/\/www.africa-press.net\/cameroun\/toutes-les-actualites\/universite-de-ngaoundere-le-bras-de-fer-entre-la-rectrice-et-le-controleur-financier-se-poursuit\"},\"wordCount\":376,\"commentCount\":0,\"image\":{\"@id\":\"https:\/\/www.africa-press.net\/cameroun\/toutes-les-actualites\/universite-de-ngaoundere-le-bras-de-fer-entre-la-rectrice-et-le-controleur-financier-se-poursuit#primaryimage\"},\"thumbnailUrl\":\"https:\/\/static.africa-press.net\/cameroun\/sites\/57\/2023\/03\/postQueueImg_1678804156.09.jpg\",\"keywords\":[\"Africa Press\",\"Africa Press-Cameroun\",\"Cameroun\"],\"articleSection\":[\"Communaut\u00e9\",\"Toutes les actualit\u00e9s\"],\"inLanguage\":\"fr-FR\",\"potentialAction\":[{\"@type\":\"CommentAction\",\"name\":\"Comment\",\"target\":[\"https:\/\/www.africa-press.net\/cameroun\/toutes-les-actualites\/universite-de-ngaoundere-le-bras-de-fer-entre-la-rectrice-et-le-controleur-financier-se-poursuit#respond\"]}]},{\"@type\":\"WebPage\",\"@id\":\"https:\/\/www.africa-press.net\/cameroun\/toutes-les-actualites\/universite-de-ngaoundere-le-bras-de-fer-entre-la-rectrice-et-le-controleur-financier-se-poursuit\",\"url\":\"https:\/\/www.africa-press.net\/cameroun\/toutes-les-actualites\/universite-de-ngaoundere-le-bras-de-fer-entre-la-rectrice-et-le-controleur-financier-se-poursuit\",\"name\":\"Universit\u00e9 de Ngaound\u00e9r\u00e9: Le bras de fer entre la Rectrice et le Contr\u00f4leur financier se poursuit - Cameroun\",\"isPartOf\":{\"@id\":\"https:\/\/www.africa-press.net\/cameroun\/#website\"},\"primaryImageOfPage\":{\"@id\":\"https:\/\/www.africa-press.net\/cameroun\/toutes-les-actualites\/universite-de-ngaoundere-le-bras-de-fer-entre-la-rectrice-et-le-controleur-financier-se-poursuit#primaryimage\"},\"image\":{\"@id\":\"https:\/\/www.africa-press.net\/cameroun\/toutes-les-actualites\/universite-de-ngaoundere-le-bras-de-fer-entre-la-rectrice-et-le-controleur-financier-se-poursuit#primaryimage\"},\"thumbnailUrl\":\"https:\/\/static.africa-press.net\/cameroun\/sites\/57\/2023\/03\/postQueueImg_1678804156.09.jpg\",\"datePublished\":\"2023-03-14T17:59:05+00:00\",\"dateModified\":\"2023-03-14T18:21:55+00:00\",\"author\":{\"@id\":\"https:\/\/www.africa-press.net\/cameroun\/#\/schema\/person\/2b1cf3cd81a31e3cd26889ca66d677f1\"},\"description\":\"Par note de service n\u00b02023\/021\/UN\/R\/SG du 07 mars 2023 portant rede\u0301ploiement des personnels de l\u2019Universite\u0301 de Ngaound ...\",\"breadcrumb\":{\"@id\":\"https:\/\/www.africa-press.net\/cameroun\/toutes-les-actualites\/universite-de-ngaoundere-le-bras-de-fer-entre-la-rectrice-et-le-controleur-financier-se-poursuit#breadcrumb\"},\"inLanguage\":\"fr-FR\",\"potentialAction\":[{\"@type\":\"ReadAction\",\"target\":[\"https:\/\/www.africa-press.net\/cameroun\/toutes-les-actualites\/universite-de-ngaoundere-le-bras-de-fer-entre-la-rectrice-et-le-controleur-financier-se-poursuit\"]}]},{\"@type\":\"ImageObject\",\"inLanguage\":\"fr-FR\",\"@id\":\"https:\/\/www.africa-press.net\/cameroun\/toutes-les-actualites\/universite-de-ngaoundere-le-bras-de-fer-entre-la-rectrice-et-le-controleur-financier-se-poursuit#primaryimage\",\"url\":\"https:\/\/static.africa-press.net\/cameroun\/sites\/57\/2023\/03\/postQueueImg_1678804156.09.jpg\",\"contentUrl\":\"https:\/\/static.africa-press.net\/cameroun\/sites\/57\/2023\/03\/postQueueImg_1678804156.09.jpg\",\"width\":800,\"height\":563,\"caption\":\"Universit\u00e9 de Ngaound\u00e9r\u00e9: Le bras de fer entre la Rectrice et le Contr\u00f4leur financier se poursuit\"},{\"@type\":\"BreadcrumbList\",\"@id\":\"https:\/\/www.africa-press.net\/cameroun\/toutes-les-actualites\/universite-de-ngaoundere-le-bras-de-fer-entre-la-rectrice-et-le-controleur-financier-se-poursuit#breadcrumb\",\"itemListElement\":[{\"@type\":\"ListItem\",\"position\":1,\"name\":\"Accueil\",\"item\":\"https:\/\/www.africa-press.net\/cameroun\/\"},{\"@type\":\"ListItem\",\"position\":2,\"name\":\"Universit\u00e9 de Ngaound\u00e9r\u00e9: Le bras de fer entre la Rectrice et le Contr\u00f4leur financier se poursuit\"}]},{\"@type\":\"WebSite\",\"@id\":\"https:\/\/www.africa-press.net\/cameroun\/#website\",\"url\":\"https:\/\/www.africa-press.net\/cameroun\/\",\"name\":\"Cameroun\",\"description\":\"Just another Africa News Agency Sites site\",\"potentialAction\":[{\"@type\":\"SearchAction\",\"target\":{\"@type\":\"EntryPoint\",\"urlTemplate\":\"https:\/\/www.africa-press.net\/cameroun\/?s={search_term_string}\"},\"query-input\":{\"@type\":\"PropertyValueSpecification\",\"valueRequired\":true,\"valueName\":\"search_term_string\"}}],\"inLanguage\":\"fr-FR\"},{\"@type\":\"Person\",\"@id\":\"https:\/\/www.africa-press.net\/cameroun\/#\/schema\/person\/2b1cf3cd81a31e3cd26889ca66d677f1\",\"name\":\"cfeditorfr\"}]}<\/script>\n<!-- \/ Yoast SEO Premium plugin. -->","yoast_head_json":{"title":"Universit\u00e9 de Ngaound\u00e9r\u00e9: Le bras de fer entre la Rectrice et le Contr\u00f4leur financier se poursuit - Cameroun","description":"Par note de service n\u00b02023\/021\/UN\/R\/SG du 07 mars 2023 portant rede\u0301ploiement des personnels de l\u2019Universite\u0301 de Ngaound ...","robots":{"index":"index","follow":"follow","max-snippet":"max-snippet:-1","max-image-preview":"max-image-preview:large","max-video-preview":"max-video-preview:-1"},"canonical":"https:\/\/www.africa-press.net\/cameroun\/toutes-les-actualites\/universite-de-ngaoundere-le-bras-de-fer-entre-la-rectrice-et-le-controleur-financier-se-poursuit","og_locale":"fr_FR","og_type":"article","og_title":"Universit\u00e9 de Ngaound\u00e9r\u00e9: Le bras de fer entre la Rectrice et le Contr\u00f4leur financier se poursuit","og_description":"Par note de service n\u00b02023\/021\/UN\/R\/SG du 07 mars 2023 portant rede\u0301ploiement des personnels de l\u2019Universite\u0301 de Ngaound ...","og_url":"https:\/\/www.africa-press.net\/cameroun\/toutes-les-actualites\/universite-de-ngaoundere-le-bras-de-fer-entre-la-rectrice-et-le-controleur-financier-se-poursuit","og_site_name":"Cameroun","article_published_time":"2023-03-14T17:59:05+00:00","article_modified_time":"2023-03-14T18:21:55+00:00","og_image":[{"width":800,"height":563,"url":"https:\/\/static.africa-press.net\/cameroun\/sites\/57\/2023\/03\/postQueueImg_1678804156.09.jpg","type":"image\/jpeg"}],"author":"cfeditorfr","twitter_card":"summary_large_image","twitter_misc":{"\u00c9crit par":"cfeditorfr","Dur\u00e9e de lecture estim\u00e9e":"2 minutes"},"schema":{"@context":"https:\/\/schema.org","@graph":[{"@type":"Article","@id":"https:\/\/www.africa-press.net\/cameroun\/toutes-les-actualites\/universite-de-ngaoundere-le-bras-de-fer-entre-la-rectrice-et-le-controleur-financier-se-poursuit#article","isPartOf":{"@id":"https:\/\/www.africa-press.net\/cameroun\/toutes-les-actualites\/universite-de-ngaoundere-le-bras-de-fer-entre-la-rectrice-et-le-controleur-financier-se-poursuit"},"author":{"name":"cfeditorfr","@id":"https:\/\/www.africa-press.net\/cameroun\/#\/schema\/person\/2b1cf3cd81a31e3cd26889ca66d677f1"},"headline":"Universit\u00e9 de Ngaound\u00e9r\u00e9: Le bras de fer entre la Rectrice et le Contr\u00f4leur financier se poursuit","datePublished":"2023-03-14T17:59:05+00:00","dateModified":"2023-03-14T18:21:55+00:00","mainEntityOfPage":{"@id":"https:\/\/www.africa-press.net\/cameroun\/toutes-les-actualites\/universite-de-ngaoundere-le-bras-de-fer-entre-la-rectrice-et-le-controleur-financier-se-poursuit"},"wordCount":376,"commentCount":0,"image":{"@id":"https:\/\/www.africa-press.net\/cameroun\/toutes-les-actualites\/universite-de-ngaoundere-le-bras-de-fer-entre-la-rectrice-et-le-controleur-financier-se-poursuit#primaryimage"},"thumbnailUrl":"https:\/\/static.africa-press.net\/cameroun\/sites\/57\/2023\/03\/postQueueImg_1678804156.09.jpg","keywords":["Africa Press","Africa Press-Cameroun","Cameroun"],"articleSection":["Communaut\u00e9","Toutes les actualit\u00e9s"],"inLanguage":"fr-FR","potentialAction":[{"@type":"CommentAction","name":"Comment","target":["https:\/\/www.africa-press.net\/cameroun\/toutes-les-actualites\/universite-de-ngaoundere-le-bras-de-fer-entre-la-rectrice-et-le-controleur-financier-se-poursuit#respond"]}]},{"@type":"WebPage","@id":"https:\/\/www.africa-press.net\/cameroun\/toutes-les-actualites\/universite-de-ngaoundere-le-bras-de-fer-entre-la-rectrice-et-le-controleur-financier-se-poursuit","url":"https:\/\/www.africa-press.net\/cameroun\/toutes-les-actualites\/universite-de-ngaoundere-le-bras-de-fer-entre-la-rectrice-et-le-controleur-financier-se-poursuit","name":"Universit\u00e9 de Ngaound\u00e9r\u00e9: Le bras de fer entre la Rectrice et le Contr\u00f4leur financier se poursuit - Cameroun","isPartOf":{"@id":"https:\/\/www.africa-press.net\/cameroun\/#website"},"primaryImageOfPage":{"@id":"https:\/\/www.africa-press.net\/cameroun\/toutes-les-actualites\/universite-de-ngaoundere-le-bras-de-fer-entre-la-rectrice-et-le-controleur-financier-se-poursuit#primaryimage"},"image":{"@id":"https:\/\/www.africa-press.net\/cameroun\/toutes-les-actualites\/universite-de-ngaoundere-le-bras-de-fer-entre-la-rectrice-et-le-controleur-financier-se-poursuit#primaryimage"},"thumbnailUrl":"https:\/\/static.africa-press.net\/cameroun\/sites\/57\/2023\/03\/postQueueImg_1678804156.09.jpg","datePublished":"2023-03-14T17:59:05+00:00","dateModified":"2023-03-14T18:21:55+00:00","author":{"@id":"https:\/\/www.africa-press.net\/cameroun\/#\/schema\/person\/2b1cf3cd81a31e3cd26889ca66d677f1"},"description":"Par note de service n\u00b02023\/021\/UN\/R\/SG du 07 mars 2023 portant rede\u0301ploiement des personnels de l\u2019Universite\u0301 de Ngaound ...","breadcrumb":{"@id":"https:\/\/www.africa-press.net\/cameroun\/toutes-les-actualites\/universite-de-ngaoundere-le-bras-de-fer-entre-la-rectrice-et-le-controleur-financier-se-poursuit#breadcrumb"},"inLanguage":"fr-FR","potentialAction":[{"@type":"ReadAction","target":["https:\/\/www.africa-press.net\/cameroun\/toutes-les-actualites\/universite-de-ngaoundere-le-bras-de-fer-entre-la-rectrice-et-le-controleur-financier-se-poursuit"]}]},{"@type":"ImageObject","inLanguage":"fr-FR","@id":"https:\/\/www.africa-press.net\/cameroun\/toutes-les-actualites\/universite-de-ngaoundere-le-bras-de-fer-entre-la-rectrice-et-le-controleur-financier-se-poursuit#primaryimage","url":"https:\/\/static.africa-press.net\/cameroun\/sites\/57\/2023\/03\/postQueueImg_1678804156.09.jpg","contentUrl":"https:\/\/static.africa-press.net\/cameroun\/sites\/57\/2023\/03\/postQueueImg_1678804156.09.jpg","width":800,"height":563,"caption":"Universit\u00e9 de Ngaound\u00e9r\u00e9: Le bras de fer entre la Rectrice et le Contr\u00f4leur financier se poursuit"},{"@type":"BreadcrumbList","@id":"https:\/\/www.africa-press.net\/cameroun\/toutes-les-actualites\/universite-de-ngaoundere-le-bras-de-fer-entre-la-rectrice-et-le-controleur-financier-se-poursuit#breadcrumb","itemListElement":[{"@type":"ListItem","position":1,"name":"Accueil","item":"https:\/\/www.africa-press.net\/cameroun\/"},{"@type":"ListItem","position":2,"name":"Universit\u00e9 de Ngaound\u00e9r\u00e9: Le bras de fer entre la Rectrice et le Contr\u00f4leur financier se poursuit"}]},{"@type":"WebSite","@id":"https:\/\/www.africa-press.net\/cameroun\/#website","url":"https:\/\/www.africa-press.net\/cameroun\/","name":"Cameroun","description":"Just another Africa News Agency Sites site","potentialAction":[{"@type":"SearchAction","target":{"@type":"EntryPoint","urlTemplate":"https:\/\/www.africa-press.net\/cameroun\/?s={search_term_string}"},"query-input":{"@type":"PropertyValueSpecification","valueRequired":true,"valueName":"search_term_string"}}],"inLanguage":"fr-FR"},{"@type":"Person","@id":"https:\/\/www.africa-press.net\/cameroun\/#\/schema\/person\/2b1cf3cd81a31e3cd26889ca66d677f1","name":"cfeditorfr"}]}},"_links":{"self":[{"href":"https:\/\/www.africa-press.net\/cameroun\/wp-json\/wp\/v2\/posts\/39328","targetHints":{"allow":["GET"]}}],"collection":[{"href":"https:\/\/www.africa-press.net\/cameroun\/wp-json\/wp\/v2\/posts"}],"about":[{"href":"https:\/\/www.africa-press.net\/cameroun\/wp-json\/wp\/v2\/types\/post"}],"author":[{"embeddable":true,"href":"https:\/\/www.africa-press.net\/cameroun\/wp-json\/wp\/v2\/users\/82"}],"replies":[{"embeddable":true,"href":"https:\/\/www.africa-press.net\/cameroun\/wp-json\/wp\/v2\/comments?post=39328"}],"version-history":[{"count":0,"href":"https:\/\/www.africa-press.net\/cameroun\/wp-json\/wp\/v2\/posts\/39328\/revisions"}],"wp:featuredmedia":[{"embeddable":true,"href":"https:\/\/www.africa-press.net\/cameroun\/wp-json\/wp\/v2\/media\/39326"}],"wp:attachment":[{"href":"https:\/\/www.africa-press.net\/cameroun\/wp-json\/wp\/v2\/media?parent=39328"}],"wp:term":[{"taxonomy":"category","embeddable":true,"href":"https:\/\/www.africa-press.net\/cameroun\/wp-json\/wp\/v2\/categories?post=39328"},{"taxonomy":"post_tag","embeddable":true,"href":"https:\/\/www.africa-press.net\/cameroun\/wp-json\/wp\/v2\/tags?post=39328"}],"curies":[{"name":"wp","href":"https:\/\/api.w.org\/{rel}","templated":true}]}}