{"id":39367,"date":"2023-03-15T17:53:10","date_gmt":"2023-03-15T17:53:10","guid":{"rendered":"https:\/\/www.africa-press.net\/cameroun\/politique\/affaire-martinez-zogo-paul-biya-confirme-sa-mefiance-a-legard-des-magistrats-de-yaounde"},"modified":"2023-03-15T18:36:43","modified_gmt":"2023-03-15T18:36:43","slug":"affaire-martinez-zogo-paul-biya-confirme-sa-mefiance-a-legard-des-magistrats-de-yaounde","status":"publish","type":"post","link":"https:\/\/www.africa-press.net\/cameroun\/politique\/affaire-martinez-zogo-paul-biya-confirme-sa-mefiance-a-legard-des-magistrats-de-yaounde","title":{"rendered":"Affaire Martinez Zogo : Paul Biya confirme sa m\u00e9fiance \u00e0 l\u2019\u00e9gard des magistrats de Yaound\u00e9"},"content":{"rendered":"<p><span style=\"color: #ff6600\"><strong>Africa-Press &#8211; Cameroun. <\/strong><\/span>Apre\u0300s avoir fait recours a\u0300 un juge d\u2019Akonolinga pour inculper certains des suspects de l\u2019affaire Martinez Zogo, dont le lieutenant-colonel Justin Danwe, le Tribunal militaire de Yaounde\u0301 vient d\u2019accueillir un juge d\u2019instruction au moins aussi ancien que le Directeur des ope\u0301rations de la Dgre pour poursuivre l\u2019enque\u0302te. Un choix qui intrigue quand on sait que la commission d\u2019enque\u0302te mixte gendarmerie-police a travaille\u0301 loin des regards du parquet ge\u0301ne\u0301ral pre\u0300s la Cour d\u2019appel du Centre. Explication.<\/p>\n<p>M. Oyono Ebessa Prosper, juge d\u2019instruction en service au Tribunal de grande et de premie\u0300re instance d\u2019Akonolinga, n\u2019est pas reste\u0301 tre\u0300s longtemps sous les feux des projecteurs du Tribunal militaire de Yaounde\u0301 ou\u0300 l\u2019actualite\u0301 l\u2019a propulse\u0301. Moins d\u2019une semaine apre\u0300s avoir he\u0301rite\u0301 du dossier de l\u2019affaire Martinez Zogo et inculpe\u0301 dix suspects parmi les personnes que lui avait pre\u0301sente\u0301es le commissaire du gouvernement, le jeune juge a e\u0301te\u0301 appele\u0301 a\u0300 reprendre sa vie professionnelle normale. Par un de\u0301cret du pre\u0301sident de la Re\u0301publique signe\u0301 le 6 mars 2023, le lieutenant-colonel Sikati II Kamwo Florent aime\u0301, jusque-la\u0300 en service au Tribunal militaire de Bamenda, a e\u0301te\u0301 nomme\u0301 simultane\u0301ment aux postes de vice-pre\u0301sident et de juge d\u2019instruction du Tribunal militaire de Yaounde\u0301. Cette nomination a sonne\u0301 le glas de l\u2019arrive\u0301e quelque peu insolite du magistrat de 2e\u0300me grade au Tribunal militaire de Yaounde\u0301.<\/p>\n<p>Ainsi, la juridiction d\u2019exception qui ne comptait aucun juge militaire en capacite\u0301 d\u2019instruire le dossier concernant le lieutenant-colonel Justin Danwe, c\u2019est-a\u0300-dire d\u2019un grade et d\u2019une expe\u0301rience a\u0300 ce grade au moins e\u0301quivalents a e\u0301te\u0301 mise a\u0300 jour. L\u2019oiseau rare qu\u2019on semblait attendre depuis de longue semaines pour s\u2019occuper de l\u2019instruction du dossier de l\u2019affaire Martinez Zogo, mais dont la nomination avait e\u0301te\u0301 pre\u0301ce\u0301de\u0301e par la rumeur, s\u2019est donc enfin pose\u0301. Le lieutenant-colonel Sikati II Kamwo n\u2019aura pas le temps de souffler, puisque les Camerounais attendent avec impatience que l\u2019information judiciaire se fasse pour livrer son verdict sur les personnes accuse\u0301es d\u2019avoir participe\u0301 a\u0300 la fin brutale de l\u2019homme des me\u0301dias. De fait, alors que certains pronostiquent que les inculpe\u0301s de\u0301ja\u0300 connus sont inutilement emprisonne\u0301s et me\u0301ritent d\u2019e\u0302tre e\u0301largir, d\u2019autres s\u2019impatientent de voir leurs rangs s\u2019e\u0301paissir a\u0300 travers de nouvelles inculpations.<\/p>\n<p>Le juge militaire Sikati II Kamwo n\u2019a pas e\u0301te\u0301 nomme\u0301 de fac\u0327on solitaire dans le de\u0301cret pre\u0301sidentiel du 6 mars 2023. C\u2019est en fait en tout 14 juges, tous de l\u2019ordre militaire, qui ont be\u0301ne\u0301ficie\u0301 du rede\u0301ploiement de\u0301cide\u0301 par le chef de l\u2019Etat. Et d\u2019ailleurs, quatre jours plus tard, un autre texte du chef de l\u2019Etat de\u0301cidait des mouvements dans les parquets des juridictions militaires du pays. Personne n\u2019est cependant dupe, sur le fait que c\u2019est la gestion de l\u2019affaire Zogo qui a e\u0301te\u0301 a\u0300 l\u2019origine du rede\u0301ploiement par le haut commandement de l\u2019Arme\u0301e, en deux temps, des magistrats militaires. Mais tous ces mouvements, loin d\u2019e\u0302tre ine\u0301vitables, semblent s\u2019inscrire dans une logique de me\u0301fiance que la pre\u0301sidence de la Re\u0301publique affiche depuis quelques semaines a\u0300 l\u2019e\u0301gard des magistrats en service a\u0300 Yaounde\u0301.<\/p>\n<p>Commission mixte<\/p>\n<p>En effet, si la loi du 12 juillet 2017 portant code de justice militaire pre\u0301voit, en son article 17, que \u00able juge d\u2019instruction charge\u0301 d\u2019un dossier et les membres de la formation de jugement doivent, pour ceux qui font partie des forces de de\u0301fense, avoir au moins le grade de l\u2019inculpe\u0301, du pre\u0301venu ou de l\u2019accuse\u0301 le plus grade\u0301.\u00bb Cette disposition ne concerne gue\u0300re les juges de l\u2019ordre judiciaire civil lorsqu\u2019ils sont en service dans les juridictions militaires. Or, le Tribunal militaire de Yaounde\u0301 compte plusieurs juges de l\u2019ordre civil, parmi lesquels de hauts magistrats. Chose curieuse : tous ces juges civils ont e\u0301te\u0301 royalement esquive\u0301s par le dossier Martinez Zogo. Le pre\u0301sident de ladite juridiction, sans doute instruit de faire sans les juges d\u2019instructions a\u0300 sa disposition, s\u2019est donc repose\u0301 sur le pre\u0301sident Oyono Ebessa, avant que le juge Sikati II Kamwo ne be\u0301ne\u0301ficie de l\u2019onction pre\u0301sidentielle pour e\u0302tre commis a\u0300 la suite de la ta\u0302che.<\/p>\n<p>D\u2019ailleurs, aucun juge de la place de Yaounde\u0301, qui en compte pourtant des tonnes, ne semble avoir be\u0301ne\u0301ficie\u0301 d\u2019une quelconque gra\u0302ce devant le pre\u0301sident du Tribunal militaire de Yaounde\u0301 (et de la chaine administrative place\u0301e sur la verticale de sa hie\u0301rarchie), qui a donc du\u0302 aller chercher a\u0300 Akonolinga&#8230; En attendant.<\/p>\n<p>Pour curieuse qu\u2019elle puisse parai\u0302tre, l\u2019ide\u0301e de confier le dossier Zogo a\u0300 un juge d\u2019instruction venu d\u2019ailleurs et de faire nommer dans la foule\u0301e des magistrats dans l\u2019urgence, s\u2019inscrit dans la logique inaugure\u0301e par l\u2019entre\u0301e en sce\u0300ne du pre\u0301sident de la Re\u0301publique dans l\u2019affaire de la disparition effroyable de l\u2019homme des me\u0301dias. Rappelons que le 27 janvier 2023, alors que des enque\u0302tes concurrentes de la police et de la gendarmerie e\u0301taient de\u0301ja\u0300 lance\u0301es, une correspondance signe\u0301e du ministre d\u2019Etat, secre\u0301taire ge\u0301ne\u0301ral de la pre\u0301sidence de la Re\u0301publique, et adresse\u0301e \u00absur tre\u0300s hautes instructions du chef de M. le pre\u0301sident de la Re\u0301publique\u00bb au secre\u0301taire d\u2019Etat a\u0300 la De\u0301fense (SED) charge\u0301 de la gendarmerie, demandait a\u0300 ce dernier \u00abde bien vouloir ouvrir une enque\u0302te, en collaboration avec le Dgsn, sur les circonstances du de\u0301ce\u0300s [de M. Arse\u0300ne Salomon Mbani Zogo, dit Martinez Zogo] et d\u2019en e\u0301tablir les responsabilite\u0301s\u00bb.<\/p>\n<p>C\u2019est ainsi que naquit la fameuse commission d\u2019enque\u0302te mixte gendarmerie-police, qui a tenu l\u2019opinion publique nationale en haleine quasiment un mois durant, dans le cadre d\u2019une enque\u0302te pre\u0301liminaire palpitante jusqu\u2019au de\u0301ferrement de\u0301finitif, apre\u0300s deux tentatives infructueuses, des suspects de l\u2019affaire devant le commissaire du gouvernement. En fait, l\u2019activite\u0301 de cette commission d\u2019enque\u0302te mixte s\u2019est traduite par la mise a\u0300 l\u2019e\u0301cart total du parquet ge\u0301ne\u0301ral pre\u0300s la Cour d\u2019appel du Centre et tous les parquets des tribunaux d\u2019instance de son ressort de compe\u0301tence, de toute chose en rapport avec l\u2019affaire de la disparition brutale du ce\u0301le\u0300bre animateur radio. Il s\u2019agit donc a\u0300 tout le moins d\u2019un de\u0301saveu poli des responsables judiciaires de la re\u0301gion du Centre, mais aussi et surtout du ministre de la Justice, transforme\u0301 en simple spectateur de ce dossier sensible au be\u0301ne\u0301fice de la pre\u0301sidence de la Re\u0301publique.<\/p>\n<p>Parquets snobe\u0301s<\/p>\n<p>D\u2019ailleurs, le communique\u0301 du secre\u0301taire ge\u0301ne\u0301ral de la pre\u0301sidence de la Re\u0301publique rendu public le 2 fe\u0301vrier 2023, conforte aux yeux du public au moins la mise a\u0300 l\u2019e\u0301cart du Garde des Sceaux et de certains de ses hommes de confiance dans le suivi de l\u2019affaire Martinez Zogo. C\u2019est ce communique\u0301 qui rend publique \u00abl\u2019arrestation de plusieurs personnes dont l\u2019implication dans ce crime odieux est fortement suspecte\u00bb avant d\u2019annoncer que \u00ables auditions en cours et les proce\u0301dures judiciaires qui s\u2019en suivront permettront de circonscrire le degre\u0301 d\u2019implication des uns et des autres et d\u2019e\u0301tablir l\u2019identite\u0301 de toutes les personnes me\u0302le\u0301es a\u0300 un titre ou a\u0300 un autre a\u0300 l\u2019assassinat de Martinez Zogo\u00bb. Cette publicite\u0301 a\u0300 un moment ou\u0300 l\u2019opinion publique est informe\u0301e par diverses sources de la possible implication du Garde des Sceaux dans la disparition de l\u2019homme des me\u0301dias, n\u2019est pas pour atte\u0301nuer les choses.<\/p>\n<p>La situation ainsi cre\u0301e\u0301e de distance, a\u0300 de\u0301faut de la me\u0301fiance, entre la pre\u0301sidence de la Re\u0301publique et la Chancellerie ne va pas sans re\u0301duire la marge de man\u0153uvre des parquets de Yaounde\u0301 sur les activite\u0301s de certains officiers de police judiciaire, y compris sur des dossiers n\u2019ayant aucun rapport direct avec l\u2019assassinat de l\u2019animateur d\u2019Amplitude FM. En effet, le Service central des recherches judiciaires du SED va en profiter pour engager quantite\u0301s de dossiers en veilleuse en rapport avec certaines personnalite\u0301s soupc\u0327onne\u0301es interpelle\u0301es en snobant quasiment la justice. Il en est ainsi du dossier du de\u0301gre\u0300vement de la dette fiscale de Vision 4 Te\u0301le\u0301vision SA par le Minfi mais aussi une transaction ayant permis au me\u0302me homme d\u2019affaires de recevoir une indemnise\u0301 suspecte a\u0300 hauteur de 8 milliards de francs des caisses de l\u2019Etat dont votre journal rend compte depuis un moment.<\/p>\n<p>Dans les milieux de la magistrature, plusieurs personnes s\u2019interrogent sur le sort des enque\u0302tes ainsi de\u0301clenche\u0301es, qui sont du champ du Tribunal criminel spe\u0301cial (TCS), de\u0300s lors qu\u2019elles ne sont pas diligente\u0301es sous le contro\u0302le du parquet ge\u0301ne\u0301ral qui a a\u0300 ses cote\u0301 toute une unite\u0301 d\u2019officiers de police judiciaire commis aux enque\u0302tes touchant au rapt de la fortune publique. A ce jour, personne ne semble avoir la re\u0301ponse face a\u0300 cette question lancinante. Seule une redistribution des cartes dans les juridictions avec un rede\u0301ploiement, ailleurs, des magistrats suspecte\u0301s d\u2019e\u0302tre aux ordres du couple Laurent Esso\/Jean Pierre Amougou Be\u0301linga, est susceptible d\u2019e\u0301viter la grave crise judiciaire qui se noue tout doucement mais tre\u0300s su\u0302rement. Et la question devient incontournable : a\u0300 quand la tenue d\u2019une re\u0301union du Conseil supe\u0301rieur de la magistrature ? A quand le remaniement ministe\u0301riel ? Il n\u2019est pas su\u0302r que Paul Biya lui-me\u0302me ait la re\u0301ponse.<\/p>\n<p><strong>Pour plus d&rsquo;informations et d&rsquo;analyses sur la <a href=\"https:\/\/www.africa-press.net\/cameroun\">Cameroun<\/a>, suivez <a href=\"https:\/\/www.africa-press.net\/\">Africa-Press<\/a><\/strong><\/p>\n","protected":false},"excerpt":{"rendered":"<p>Africa-Press &#8211; Cameroun. Apre\u0300s avoir fait recours a\u0300 un juge d\u2019Akonolinga pour inculper certains des suspects de l\u2019affaire Martinez Zogo, dont le lieutenant-colonel Justin Danwe, le Tribunal militaire de Yaounde\u0301 vient d\u2019accueillir un juge d\u2019instruction au moins aussi ancien que le Directeur des ope\u0301rations de la Dgre pour poursuivre l\u2019enque\u0302te. Un choix qui intrigue quand [&hellip;]<\/p>\n","protected":false},"author":82,"featured_media":39366,"comment_status":"open","ping_status":"closed","sticky":false,"template":"","format":"standard","meta":{"footnotes":""},"categories":[2,10],"tags":[36,50,49],"class_list":["post-39367","post","type-post","status-publish","format-standard","has-post-thumbnail","hentry","category-politique","category-toutes-les-actualites","tag-africa-press","tag-africa-press-cameroun","tag-cameroun"],"yoast_head":"<!-- This site is optimized with the Yoast SEO Premium plugin v26.1 (Yoast SEO v27.0) - https:\/\/yoast.com\/product\/yoast-seo-premium-wordpress\/ -->\n<title>Affaire Martinez Zogo : Paul Biya confirme sa m\u00e9fiance \u00e0 l\u2019\u00e9gard des magistrats de Yaound\u00e9 - Cameroun<\/title>\n<meta name=\"description\" content=\"Apre\u0300s avoir fait recours a\u0300 un juge d\u2019Akonolinga pour inculper certains des suspects de l\u2019affaire Martinez Zogo, dont l ...\" \/>\n<meta name=\"robots\" content=\"index, follow, max-snippet:-1, max-image-preview:large, max-video-preview:-1\" \/>\n<link rel=\"canonical\" href=\"https:\/\/www.africa-press.net\/cameroun\/politique\/affaire-martinez-zogo-paul-biya-confirme-sa-mefiance-a-legard-des-magistrats-de-yaounde\" \/>\n<meta property=\"og:locale\" content=\"fr_FR\" \/>\n<meta property=\"og:type\" content=\"article\" \/>\n<meta property=\"og:title\" content=\"Affaire Martinez Zogo : Paul Biya confirme sa m\u00e9fiance \u00e0 l\u2019\u00e9gard des magistrats de Yaound\u00e9\" \/>\n<meta property=\"og:description\" content=\"Apre\u0300s avoir fait recours a\u0300 un juge d\u2019Akonolinga pour inculper certains des suspects de l\u2019affaire Martinez Zogo, dont l ...\" \/>\n<meta property=\"og:url\" content=\"https:\/\/www.africa-press.net\/cameroun\/politique\/affaire-martinez-zogo-paul-biya-confirme-sa-mefiance-a-legard-des-magistrats-de-yaounde\" \/>\n<meta property=\"og:site_name\" content=\"Cameroun\" \/>\n<meta property=\"article:published_time\" content=\"2023-03-15T17:53:10+00:00\" \/>\n<meta property=\"article:modified_time\" content=\"2023-03-15T18:36:43+00:00\" \/>\n<meta property=\"og:image\" content=\"https:\/\/static.africa-press.net\/cameroun\/sites\/57\/2023\/03\/postQueueImg_1678890197.12.jpg\" \/>\n\t<meta property=\"og:image:width\" content=\"720\" \/>\n\t<meta property=\"og:image:height\" content=\"404\" \/>\n\t<meta property=\"og:image:type\" content=\"image\/jpeg\" \/>\n<meta name=\"author\" content=\"cfeditorfr\" \/>\n<meta name=\"twitter:card\" content=\"summary_large_image\" \/>\n<meta name=\"twitter:label1\" content=\"\u00c9crit par\" \/>\n\t<meta name=\"twitter:data1\" content=\"cfeditorfr\" \/>\n\t<meta name=\"twitter:label2\" content=\"Dur\u00e9e de lecture estim\u00e9e\" \/>\n\t<meta name=\"twitter:data2\" content=\"9 minutes\" \/>\n<script type=\"application\/ld+json\" class=\"yoast-schema-graph\">{\"@context\":\"https:\/\/schema.org\",\"@graph\":[{\"@type\":\"Article\",\"@id\":\"https:\/\/www.africa-press.net\/cameroun\/politique\/affaire-martinez-zogo-paul-biya-confirme-sa-mefiance-a-legard-des-magistrats-de-yaounde#article\",\"isPartOf\":{\"@id\":\"https:\/\/www.africa-press.net\/cameroun\/politique\/affaire-martinez-zogo-paul-biya-confirme-sa-mefiance-a-legard-des-magistrats-de-yaounde\"},\"author\":{\"name\":\"cfeditorfr\",\"@id\":\"https:\/\/www.africa-press.net\/cameroun\/#\/schema\/person\/2b1cf3cd81a31e3cd26889ca66d677f1\"},\"headline\":\"Affaire Martinez Zogo : Paul Biya confirme sa m\u00e9fiance \u00e0 l\u2019\u00e9gard des magistrats de Yaound\u00e9\",\"datePublished\":\"2023-03-15T17:53:10+00:00\",\"dateModified\":\"2023-03-15T18:36:43+00:00\",\"mainEntityOfPage\":{\"@id\":\"https:\/\/www.africa-press.net\/cameroun\/politique\/affaire-martinez-zogo-paul-biya-confirme-sa-mefiance-a-legard-des-magistrats-de-yaounde\"},\"wordCount\":1740,\"commentCount\":0,\"image\":{\"@id\":\"https:\/\/www.africa-press.net\/cameroun\/politique\/affaire-martinez-zogo-paul-biya-confirme-sa-mefiance-a-legard-des-magistrats-de-yaounde#primaryimage\"},\"thumbnailUrl\":\"https:\/\/static.africa-press.net\/cameroun\/sites\/57\/2023\/03\/postQueueImg_1678890197.12.jpg\",\"keywords\":[\"Africa Press\",\"Africa Press-Cameroun\",\"Cameroun\"],\"articleSection\":[\"Politique\",\"Toutes les actualit\u00e9s\"],\"inLanguage\":\"fr-FR\",\"potentialAction\":[{\"@type\":\"CommentAction\",\"name\":\"Comment\",\"target\":[\"https:\/\/www.africa-press.net\/cameroun\/politique\/affaire-martinez-zogo-paul-biya-confirme-sa-mefiance-a-legard-des-magistrats-de-yaounde#respond\"]}]},{\"@type\":\"WebPage\",\"@id\":\"https:\/\/www.africa-press.net\/cameroun\/politique\/affaire-martinez-zogo-paul-biya-confirme-sa-mefiance-a-legard-des-magistrats-de-yaounde\",\"url\":\"https:\/\/www.africa-press.net\/cameroun\/politique\/affaire-martinez-zogo-paul-biya-confirme-sa-mefiance-a-legard-des-magistrats-de-yaounde\",\"name\":\"Affaire Martinez Zogo : Paul Biya confirme sa m\u00e9fiance \u00e0 l\u2019\u00e9gard des magistrats de Yaound\u00e9 - Cameroun\",\"isPartOf\":{\"@id\":\"https:\/\/www.africa-press.net\/cameroun\/#website\"},\"primaryImageOfPage\":{\"@id\":\"https:\/\/www.africa-press.net\/cameroun\/politique\/affaire-martinez-zogo-paul-biya-confirme-sa-mefiance-a-legard-des-magistrats-de-yaounde#primaryimage\"},\"image\":{\"@id\":\"https:\/\/www.africa-press.net\/cameroun\/politique\/affaire-martinez-zogo-paul-biya-confirme-sa-mefiance-a-legard-des-magistrats-de-yaounde#primaryimage\"},\"thumbnailUrl\":\"https:\/\/static.africa-press.net\/cameroun\/sites\/57\/2023\/03\/postQueueImg_1678890197.12.jpg\",\"datePublished\":\"2023-03-15T17:53:10+00:00\",\"dateModified\":\"2023-03-15T18:36:43+00:00\",\"author\":{\"@id\":\"https:\/\/www.africa-press.net\/cameroun\/#\/schema\/person\/2b1cf3cd81a31e3cd26889ca66d677f1\"},\"description\":\"Apre\u0300s avoir fait recours a\u0300 un juge d\u2019Akonolinga pour inculper certains des suspects de l\u2019affaire Martinez Zogo, dont l ...\",\"breadcrumb\":{\"@id\":\"https:\/\/www.africa-press.net\/cameroun\/politique\/affaire-martinez-zogo-paul-biya-confirme-sa-mefiance-a-legard-des-magistrats-de-yaounde#breadcrumb\"},\"inLanguage\":\"fr-FR\",\"potentialAction\":[{\"@type\":\"ReadAction\",\"target\":[\"https:\/\/www.africa-press.net\/cameroun\/politique\/affaire-martinez-zogo-paul-biya-confirme-sa-mefiance-a-legard-des-magistrats-de-yaounde\"]}]},{\"@type\":\"ImageObject\",\"inLanguage\":\"fr-FR\",\"@id\":\"https:\/\/www.africa-press.net\/cameroun\/politique\/affaire-martinez-zogo-paul-biya-confirme-sa-mefiance-a-legard-des-magistrats-de-yaounde#primaryimage\",\"url\":\"https:\/\/static.africa-press.net\/cameroun\/sites\/57\/2023\/03\/postQueueImg_1678890197.12.jpg\",\"contentUrl\":\"https:\/\/static.africa-press.net\/cameroun\/sites\/57\/2023\/03\/postQueueImg_1678890197.12.jpg\",\"width\":720,\"height\":404,\"caption\":\"Affaire Martinez Zogo : Paul Biya confirme sa m\u00e9fiance \u00e0 l\u2019\u00e9gard des magistrats de Yaound\u00e9\"},{\"@type\":\"BreadcrumbList\",\"@id\":\"https:\/\/www.africa-press.net\/cameroun\/politique\/affaire-martinez-zogo-paul-biya-confirme-sa-mefiance-a-legard-des-magistrats-de-yaounde#breadcrumb\",\"itemListElement\":[{\"@type\":\"ListItem\",\"position\":1,\"name\":\"Accueil\",\"item\":\"https:\/\/www.africa-press.net\/cameroun\/\"},{\"@type\":\"ListItem\",\"position\":2,\"name\":\"Affaire Martinez Zogo : Paul Biya confirme sa m\u00e9fiance \u00e0 l\u2019\u00e9gard des magistrats de Yaound\u00e9\"}]},{\"@type\":\"WebSite\",\"@id\":\"https:\/\/www.africa-press.net\/cameroun\/#website\",\"url\":\"https:\/\/www.africa-press.net\/cameroun\/\",\"name\":\"Cameroun\",\"description\":\"Just another Africa News Agency Sites site\",\"potentialAction\":[{\"@type\":\"SearchAction\",\"target\":{\"@type\":\"EntryPoint\",\"urlTemplate\":\"https:\/\/www.africa-press.net\/cameroun\/?s={search_term_string}\"},\"query-input\":{\"@type\":\"PropertyValueSpecification\",\"valueRequired\":true,\"valueName\":\"search_term_string\"}}],\"inLanguage\":\"fr-FR\"},{\"@type\":\"Person\",\"@id\":\"https:\/\/www.africa-press.net\/cameroun\/#\/schema\/person\/2b1cf3cd81a31e3cd26889ca66d677f1\",\"name\":\"cfeditorfr\"}]}<\/script>\n<!-- \/ Yoast SEO Premium plugin. -->","yoast_head_json":{"title":"Affaire Martinez Zogo : Paul Biya confirme sa m\u00e9fiance \u00e0 l\u2019\u00e9gard des magistrats de Yaound\u00e9 - Cameroun","description":"Apre\u0300s avoir fait recours a\u0300 un juge d\u2019Akonolinga pour inculper certains des suspects de l\u2019affaire Martinez Zogo, dont l ...","robots":{"index":"index","follow":"follow","max-snippet":"max-snippet:-1","max-image-preview":"max-image-preview:large","max-video-preview":"max-video-preview:-1"},"canonical":"https:\/\/www.africa-press.net\/cameroun\/politique\/affaire-martinez-zogo-paul-biya-confirme-sa-mefiance-a-legard-des-magistrats-de-yaounde","og_locale":"fr_FR","og_type":"article","og_title":"Affaire Martinez Zogo : Paul Biya confirme sa m\u00e9fiance \u00e0 l\u2019\u00e9gard des magistrats de Yaound\u00e9","og_description":"Apre\u0300s avoir fait recours a\u0300 un juge d\u2019Akonolinga pour inculper certains des suspects de l\u2019affaire Martinez Zogo, dont l ...","og_url":"https:\/\/www.africa-press.net\/cameroun\/politique\/affaire-martinez-zogo-paul-biya-confirme-sa-mefiance-a-legard-des-magistrats-de-yaounde","og_site_name":"Cameroun","article_published_time":"2023-03-15T17:53:10+00:00","article_modified_time":"2023-03-15T18:36:43+00:00","og_image":[{"width":720,"height":404,"url":"https:\/\/static.africa-press.net\/cameroun\/sites\/57\/2023\/03\/postQueueImg_1678890197.12.jpg","type":"image\/jpeg"}],"author":"cfeditorfr","twitter_card":"summary_large_image","twitter_misc":{"\u00c9crit par":"cfeditorfr","Dur\u00e9e de lecture estim\u00e9e":"9 minutes"},"schema":{"@context":"https:\/\/schema.org","@graph":[{"@type":"Article","@id":"https:\/\/www.africa-press.net\/cameroun\/politique\/affaire-martinez-zogo-paul-biya-confirme-sa-mefiance-a-legard-des-magistrats-de-yaounde#article","isPartOf":{"@id":"https:\/\/www.africa-press.net\/cameroun\/politique\/affaire-martinez-zogo-paul-biya-confirme-sa-mefiance-a-legard-des-magistrats-de-yaounde"},"author":{"name":"cfeditorfr","@id":"https:\/\/www.africa-press.net\/cameroun\/#\/schema\/person\/2b1cf3cd81a31e3cd26889ca66d677f1"},"headline":"Affaire Martinez Zogo : Paul Biya confirme sa m\u00e9fiance \u00e0 l\u2019\u00e9gard des magistrats de Yaound\u00e9","datePublished":"2023-03-15T17:53:10+00:00","dateModified":"2023-03-15T18:36:43+00:00","mainEntityOfPage":{"@id":"https:\/\/www.africa-press.net\/cameroun\/politique\/affaire-martinez-zogo-paul-biya-confirme-sa-mefiance-a-legard-des-magistrats-de-yaounde"},"wordCount":1740,"commentCount":0,"image":{"@id":"https:\/\/www.africa-press.net\/cameroun\/politique\/affaire-martinez-zogo-paul-biya-confirme-sa-mefiance-a-legard-des-magistrats-de-yaounde#primaryimage"},"thumbnailUrl":"https:\/\/static.africa-press.net\/cameroun\/sites\/57\/2023\/03\/postQueueImg_1678890197.12.jpg","keywords":["Africa Press","Africa Press-Cameroun","Cameroun"],"articleSection":["Politique","Toutes les actualit\u00e9s"],"inLanguage":"fr-FR","potentialAction":[{"@type":"CommentAction","name":"Comment","target":["https:\/\/www.africa-press.net\/cameroun\/politique\/affaire-martinez-zogo-paul-biya-confirme-sa-mefiance-a-legard-des-magistrats-de-yaounde#respond"]}]},{"@type":"WebPage","@id":"https:\/\/www.africa-press.net\/cameroun\/politique\/affaire-martinez-zogo-paul-biya-confirme-sa-mefiance-a-legard-des-magistrats-de-yaounde","url":"https:\/\/www.africa-press.net\/cameroun\/politique\/affaire-martinez-zogo-paul-biya-confirme-sa-mefiance-a-legard-des-magistrats-de-yaounde","name":"Affaire Martinez Zogo : Paul Biya confirme sa m\u00e9fiance \u00e0 l\u2019\u00e9gard des magistrats de Yaound\u00e9 - Cameroun","isPartOf":{"@id":"https:\/\/www.africa-press.net\/cameroun\/#website"},"primaryImageOfPage":{"@id":"https:\/\/www.africa-press.net\/cameroun\/politique\/affaire-martinez-zogo-paul-biya-confirme-sa-mefiance-a-legard-des-magistrats-de-yaounde#primaryimage"},"image":{"@id":"https:\/\/www.africa-press.net\/cameroun\/politique\/affaire-martinez-zogo-paul-biya-confirme-sa-mefiance-a-legard-des-magistrats-de-yaounde#primaryimage"},"thumbnailUrl":"https:\/\/static.africa-press.net\/cameroun\/sites\/57\/2023\/03\/postQueueImg_1678890197.12.jpg","datePublished":"2023-03-15T17:53:10+00:00","dateModified":"2023-03-15T18:36:43+00:00","author":{"@id":"https:\/\/www.africa-press.net\/cameroun\/#\/schema\/person\/2b1cf3cd81a31e3cd26889ca66d677f1"},"description":"Apre\u0300s avoir fait recours a\u0300 un juge d\u2019Akonolinga pour inculper certains des suspects de l\u2019affaire Martinez Zogo, dont l ...","breadcrumb":{"@id":"https:\/\/www.africa-press.net\/cameroun\/politique\/affaire-martinez-zogo-paul-biya-confirme-sa-mefiance-a-legard-des-magistrats-de-yaounde#breadcrumb"},"inLanguage":"fr-FR","potentialAction":[{"@type":"ReadAction","target":["https:\/\/www.africa-press.net\/cameroun\/politique\/affaire-martinez-zogo-paul-biya-confirme-sa-mefiance-a-legard-des-magistrats-de-yaounde"]}]},{"@type":"ImageObject","inLanguage":"fr-FR","@id":"https:\/\/www.africa-press.net\/cameroun\/politique\/affaire-martinez-zogo-paul-biya-confirme-sa-mefiance-a-legard-des-magistrats-de-yaounde#primaryimage","url":"https:\/\/static.africa-press.net\/cameroun\/sites\/57\/2023\/03\/postQueueImg_1678890197.12.jpg","contentUrl":"https:\/\/static.africa-press.net\/cameroun\/sites\/57\/2023\/03\/postQueueImg_1678890197.12.jpg","width":720,"height":404,"caption":"Affaire Martinez Zogo : Paul Biya confirme sa m\u00e9fiance \u00e0 l\u2019\u00e9gard des magistrats de Yaound\u00e9"},{"@type":"BreadcrumbList","@id":"https:\/\/www.africa-press.net\/cameroun\/politique\/affaire-martinez-zogo-paul-biya-confirme-sa-mefiance-a-legard-des-magistrats-de-yaounde#breadcrumb","itemListElement":[{"@type":"ListItem","position":1,"name":"Accueil","item":"https:\/\/www.africa-press.net\/cameroun\/"},{"@type":"ListItem","position":2,"name":"Affaire Martinez Zogo : Paul Biya confirme sa m\u00e9fiance \u00e0 l\u2019\u00e9gard des magistrats de Yaound\u00e9"}]},{"@type":"WebSite","@id":"https:\/\/www.africa-press.net\/cameroun\/#website","url":"https:\/\/www.africa-press.net\/cameroun\/","name":"Cameroun","description":"Just another Africa News Agency Sites site","potentialAction":[{"@type":"SearchAction","target":{"@type":"EntryPoint","urlTemplate":"https:\/\/www.africa-press.net\/cameroun\/?s={search_term_string}"},"query-input":{"@type":"PropertyValueSpecification","valueRequired":true,"valueName":"search_term_string"}}],"inLanguage":"fr-FR"},{"@type":"Person","@id":"https:\/\/www.africa-press.net\/cameroun\/#\/schema\/person\/2b1cf3cd81a31e3cd26889ca66d677f1","name":"cfeditorfr"}]}},"_links":{"self":[{"href":"https:\/\/www.africa-press.net\/cameroun\/wp-json\/wp\/v2\/posts\/39367","targetHints":{"allow":["GET"]}}],"collection":[{"href":"https:\/\/www.africa-press.net\/cameroun\/wp-json\/wp\/v2\/posts"}],"about":[{"href":"https:\/\/www.africa-press.net\/cameroun\/wp-json\/wp\/v2\/types\/post"}],"author":[{"embeddable":true,"href":"https:\/\/www.africa-press.net\/cameroun\/wp-json\/wp\/v2\/users\/82"}],"replies":[{"embeddable":true,"href":"https:\/\/www.africa-press.net\/cameroun\/wp-json\/wp\/v2\/comments?post=39367"}],"version-history":[{"count":0,"href":"https:\/\/www.africa-press.net\/cameroun\/wp-json\/wp\/v2\/posts\/39367\/revisions"}],"wp:featuredmedia":[{"embeddable":true,"href":"https:\/\/www.africa-press.net\/cameroun\/wp-json\/wp\/v2\/media\/39366"}],"wp:attachment":[{"href":"https:\/\/www.africa-press.net\/cameroun\/wp-json\/wp\/v2\/media?parent=39367"}],"wp:term":[{"taxonomy":"category","embeddable":true,"href":"https:\/\/www.africa-press.net\/cameroun\/wp-json\/wp\/v2\/categories?post=39367"},{"taxonomy":"post_tag","embeddable":true,"href":"https:\/\/www.africa-press.net\/cameroun\/wp-json\/wp\/v2\/tags?post=39367"}],"curies":[{"name":"wp","href":"https:\/\/api.w.org\/{rel}","templated":true}]}}