{"id":39369,"date":"2023-03-15T17:53:19","date_gmt":"2023-03-15T17:53:19","guid":{"rendered":"https:\/\/www.africa-press.net\/cameroun\/politique\/livre-par-son-agent-voici-lhistoire-du-footballeur-camerounais-accuse-de-faux-sur-son-age-en-allemagne"},"modified":"2023-03-15T18:37:34","modified_gmt":"2023-03-15T18:37:34","slug":"livre-par-son-agent-voici-lhistoire-du-footballeur-camerounais-accuse-de-faux-sur-son-age-en-allemagne","status":"publish","type":"post","link":"https:\/\/www.africa-press.net\/cameroun\/sports\/livre-par-son-agent-voici-lhistoire-du-footballeur-camerounais-accuse-de-faux-sur-son-age-en-allemagne","title":{"rendered":"Livr\u00e9 par son agent: voici l&rsquo;histoire du footballeur camerounais accus\u00e9 de faux sur son \u00e2ge en Allemagne"},"content":{"rendered":"<p><span style=\"color: #ff6600\"><strong>Africa-Press &#8211; Cameroun. <\/strong><\/span>Notre confre\u0300re Antoine Chirat du site ONZE MONDIAL e\u0301crit ceci: \u00ab\u00a0Officiellement ne\u0301 le 20 novembre 2004, Youssoufa Moukoko, l&rsquo;attaquant du Borussia Dortmund, enchai\u0302ne les records sous les couleurs du BVB. Tout juste a\u0302ge\u0301 de 18 ans, il a d&rsquo;ailleurs e\u0301te\u0301 appele\u0301 par Hansi Flick lors de la dernie\u0300re Coupe du Monde au Qatar, disputant ses premie\u0300res minutes avec la se\u0301lection.<\/p>\n<p>Mais tous ses records de pre\u0301cocite\u0301s sont entoure\u0301s par de nombreuses pole\u0301miques en Allemagne, ou\u0300 certains estiment qu&rsquo;il serait bien plus a\u0302ge\u0301 que ce qui est de\u0301clare\u0301.<\/p>\n<p>22 ans au lieu de 18 ?<\/p>\n<p>Aujourd&rsquo;hui, c&rsquo;est le journal allemand Bunte qui fait des re\u0301ve\u0301lations sur le joyau ne\u0301 au Cameroun. Et selon un acte de naissance pre\u0301sente\u0301 par le me\u0301dia, Youssoufa Moukoko serait en fait ne\u0301 le 19 juillet 2000, il aurait donc 22 ans et non pas 18.<\/p>\n<p>Sur l&rsquo;acte de naissance est inscrit le nom de \u00ab\u00a0Youssoufa Mohamadou\u00a0\u00bb. Autre interrogation suscite\u0301e par le document, les parents du joueur, qui ne sont pas les me\u0302mes que ceux de\u0301clare\u0301s.<\/p>\n<p>Ousman Mohamadou et une Youssoufa Harira sont les parents sur l&rsquo;acte de naissance, alors que Joseph Moukoko est pre\u0301sente\u0301 en Allemagne comme le pe\u0300re biologique.<\/p>\n<p>Du co\u0302te\u0301 du principal inte\u0301resse\u0301 et de ses avocats, l&rsquo;e\u0301tat civil d&rsquo;Hambourg avait confirme\u0301 en 2016 son a\u0302ge apre\u0300s la pre\u0301sentation de documents officiels. Pour autant, le doute semble toujours subsister en Allemagne ou le jeune prodige est re\u0301gulie\u0300rement au centre des interrogations\u00a0\u00bb.<\/p>\n<p>WEEK INFOS pour sa part a appris qu&rsquo;en re\u0301alite\u0301, le footballeur paye le prix d&rsquo;un bras de fer avec son agent. Il se dit que c&rsquo;est cet agent qui a encadre\u0301 Moukoko, l&rsquo;a me\u0302me fait voyager pour l&rsquo;Europe. Le joueur, de\u0301ja\u0300 au sommet de son art a donc voulu rompre le lien avec son mentor d&rsquo;hier. Et fa\u0302che\u0301, celui-ci aurait alors tout balance\u0301. Info ou Intox?<\/p>\n<p><strong>Pour plus d&rsquo;informations et d&rsquo;analyses sur la <a href=\"https:\/\/www.africa-press.net\/cameroun\">Cameroun<\/a>, suivez <a href=\"https:\/\/www.africa-press.net\/\">Africa-Press<\/a><\/strong><\/p>\n","protected":false},"excerpt":{"rendered":"<p>Africa-Press &#8211; Cameroun. Notre confre\u0300re Antoine Chirat du site ONZE MONDIAL e\u0301crit ceci: \u00ab\u00a0Officiellement ne\u0301 le 20 novembre 2004, Youssoufa Moukoko, l&rsquo;attaquant du Borussia Dortmund, enchai\u0302ne les records sous les couleurs du BVB. Tout juste a\u0302ge\u0301 de 18 ans, il a d&rsquo;ailleurs e\u0301te\u0301 appele\u0301 par Hansi Flick lors de la dernie\u0300re Coupe du Monde au [&hellip;]<\/p>\n","protected":false},"author":82,"featured_media":39368,"comment_status":"open","ping_status":"closed","sticky":false,"template":"","format":"standard","meta":{"footnotes":""},"categories":[6,10],"tags":[36,50,49],"class_list":["post-39369","post","type-post","status-publish","format-standard","has-post-thumbnail","hentry","category-sports","category-toutes-les-actualites","tag-africa-press","tag-africa-press-cameroun","tag-cameroun"],"yoast_head":"<!-- This site is optimized with the Yoast SEO Premium plugin v26.1 (Yoast SEO v27.0) - https:\/\/yoast.com\/product\/yoast-seo-premium-wordpress\/ -->\n<title>Livr\u00e9 par son agent: voici l&#039;histoire du footballeur camerounais accus\u00e9 de faux sur son \u00e2ge en Allemagne - Cameroun<\/title>\n<meta name=\"description\" content=\"Notre confre\u0300re Antoine Chirat du site ONZE MONDIAL e\u0301crit ceci: &quot;Officiellement ne\u0301 le 20 novembre 2004, Youssoufa Mouk ...\" \/>\n<meta name=\"robots\" content=\"index, follow, max-snippet:-1, max-image-preview:large, max-video-preview:-1\" \/>\n<link rel=\"canonical\" href=\"https:\/\/www.africa-press.net\/cameroun\/sports\/livre-par-son-agent-voici-lhistoire-du-footballeur-camerounais-accuse-de-faux-sur-son-age-en-allemagne\" \/>\n<meta property=\"og:locale\" content=\"fr_FR\" \/>\n<meta property=\"og:type\" content=\"article\" \/>\n<meta property=\"og:title\" content=\"Livr\u00e9 par son agent: voici l&#039;histoire du footballeur camerounais accus\u00e9 de faux sur son \u00e2ge en Allemagne\" \/>\n<meta property=\"og:description\" content=\"Notre confre\u0300re Antoine Chirat du site ONZE MONDIAL e\u0301crit ceci: &quot;Officiellement ne\u0301 le 20 novembre 2004, Youssoufa Mouk ...\" \/>\n<meta property=\"og:url\" content=\"https:\/\/www.africa-press.net\/cameroun\/sports\/livre-par-son-agent-voici-lhistoire-du-footballeur-camerounais-accuse-de-faux-sur-son-age-en-allemagne\" \/>\n<meta property=\"og:site_name\" content=\"Cameroun\" \/>\n<meta property=\"article:published_time\" content=\"2023-03-15T17:53:19+00:00\" \/>\n<meta property=\"article:modified_time\" content=\"2023-03-15T18:37:34+00:00\" \/>\n<meta property=\"og:image\" content=\"https:\/\/static.africa-press.net\/cameroun\/sites\/57\/2023\/03\/postQueueImg_1678890202.53.jpg\" \/>\n\t<meta property=\"og:image:width\" content=\"720\" \/>\n\t<meta property=\"og:image:height\" content=\"360\" \/>\n\t<meta property=\"og:image:type\" content=\"image\/jpeg\" \/>\n<meta name=\"author\" content=\"cfeditorfr\" \/>\n<meta name=\"twitter:card\" content=\"summary_large_image\" \/>\n<meta name=\"twitter:label1\" content=\"\u00c9crit par\" \/>\n\t<meta name=\"twitter:data1\" content=\"cfeditorfr\" \/>\n\t<meta name=\"twitter:label2\" content=\"Dur\u00e9e de lecture estim\u00e9e\" \/>\n\t<meta name=\"twitter:data2\" content=\"2 minutes\" \/>\n<script type=\"application\/ld+json\" class=\"yoast-schema-graph\">{\"@context\":\"https:\/\/schema.org\",\"@graph\":[{\"@type\":\"Article\",\"@id\":\"https:\/\/www.africa-press.net\/cameroun\/sports\/livre-par-son-agent-voici-lhistoire-du-footballeur-camerounais-accuse-de-faux-sur-son-age-en-allemagne#article\",\"isPartOf\":{\"@id\":\"https:\/\/www.africa-press.net\/cameroun\/sports\/livre-par-son-agent-voici-lhistoire-du-footballeur-camerounais-accuse-de-faux-sur-son-age-en-allemagne\"},\"author\":{\"name\":\"cfeditorfr\",\"@id\":\"https:\/\/www.africa-press.net\/cameroun\/#\/schema\/person\/2b1cf3cd81a31e3cd26889ca66d677f1\"},\"headline\":\"Livr\u00e9 par son agent: voici l&rsquo;histoire du footballeur camerounais accus\u00e9 de faux sur son \u00e2ge en Allemagne\",\"datePublished\":\"2023-03-15T17:53:19+00:00\",\"dateModified\":\"2023-03-15T18:37:34+00:00\",\"mainEntityOfPage\":{\"@id\":\"https:\/\/www.africa-press.net\/cameroun\/sports\/livre-par-son-agent-voici-lhistoire-du-footballeur-camerounais-accuse-de-faux-sur-son-age-en-allemagne\"},\"wordCount\":376,\"commentCount\":0,\"image\":{\"@id\":\"https:\/\/www.africa-press.net\/cameroun\/sports\/livre-par-son-agent-voici-lhistoire-du-footballeur-camerounais-accuse-de-faux-sur-son-age-en-allemagne#primaryimage\"},\"thumbnailUrl\":\"https:\/\/static.africa-press.net\/cameroun\/sites\/57\/2023\/03\/postQueueImg_1678890202.53.jpg\",\"keywords\":[\"Africa Press\",\"Africa Press-Cameroun\",\"Cameroun\"],\"articleSection\":[\"Sports\",\"Toutes les actualit\u00e9s\"],\"inLanguage\":\"fr-FR\",\"potentialAction\":[{\"@type\":\"CommentAction\",\"name\":\"Comment\",\"target\":[\"https:\/\/www.africa-press.net\/cameroun\/sports\/livre-par-son-agent-voici-lhistoire-du-footballeur-camerounais-accuse-de-faux-sur-son-age-en-allemagne#respond\"]}]},{\"@type\":\"WebPage\",\"@id\":\"https:\/\/www.africa-press.net\/cameroun\/sports\/livre-par-son-agent-voici-lhistoire-du-footballeur-camerounais-accuse-de-faux-sur-son-age-en-allemagne\",\"url\":\"https:\/\/www.africa-press.net\/cameroun\/sports\/livre-par-son-agent-voici-lhistoire-du-footballeur-camerounais-accuse-de-faux-sur-son-age-en-allemagne\",\"name\":\"Livr\u00e9 par son agent: voici l'histoire du footballeur camerounais accus\u00e9 de faux sur son \u00e2ge en Allemagne - Cameroun\",\"isPartOf\":{\"@id\":\"https:\/\/www.africa-press.net\/cameroun\/#website\"},\"primaryImageOfPage\":{\"@id\":\"https:\/\/www.africa-press.net\/cameroun\/sports\/livre-par-son-agent-voici-lhistoire-du-footballeur-camerounais-accuse-de-faux-sur-son-age-en-allemagne#primaryimage\"},\"image\":{\"@id\":\"https:\/\/www.africa-press.net\/cameroun\/sports\/livre-par-son-agent-voici-lhistoire-du-footballeur-camerounais-accuse-de-faux-sur-son-age-en-allemagne#primaryimage\"},\"thumbnailUrl\":\"https:\/\/static.africa-press.net\/cameroun\/sites\/57\/2023\/03\/postQueueImg_1678890202.53.jpg\",\"datePublished\":\"2023-03-15T17:53:19+00:00\",\"dateModified\":\"2023-03-15T18:37:34+00:00\",\"author\":{\"@id\":\"https:\/\/www.africa-press.net\/cameroun\/#\/schema\/person\/2b1cf3cd81a31e3cd26889ca66d677f1\"},\"description\":\"Notre confre\u0300re Antoine Chirat du site ONZE MONDIAL e\u0301crit ceci: \\\"Officiellement ne\u0301 le 20 novembre 2004, Youssoufa Mouk ...\",\"breadcrumb\":{\"@id\":\"https:\/\/www.africa-press.net\/cameroun\/sports\/livre-par-son-agent-voici-lhistoire-du-footballeur-camerounais-accuse-de-faux-sur-son-age-en-allemagne#breadcrumb\"},\"inLanguage\":\"fr-FR\",\"potentialAction\":[{\"@type\":\"ReadAction\",\"target\":[\"https:\/\/www.africa-press.net\/cameroun\/sports\/livre-par-son-agent-voici-lhistoire-du-footballeur-camerounais-accuse-de-faux-sur-son-age-en-allemagne\"]}]},{\"@type\":\"ImageObject\",\"inLanguage\":\"fr-FR\",\"@id\":\"https:\/\/www.africa-press.net\/cameroun\/sports\/livre-par-son-agent-voici-lhistoire-du-footballeur-camerounais-accuse-de-faux-sur-son-age-en-allemagne#primaryimage\",\"url\":\"https:\/\/static.africa-press.net\/cameroun\/sites\/57\/2023\/03\/postQueueImg_1678890202.53.jpg\",\"contentUrl\":\"https:\/\/static.africa-press.net\/cameroun\/sites\/57\/2023\/03\/postQueueImg_1678890202.53.jpg\",\"width\":720,\"height\":360,\"caption\":\"Livr\u00e9 par son agent: voici l'histoire du footballeur camerounais accus\u00e9 de faux sur son \u00e2ge en Allemagne\"},{\"@type\":\"BreadcrumbList\",\"@id\":\"https:\/\/www.africa-press.net\/cameroun\/sports\/livre-par-son-agent-voici-lhistoire-du-footballeur-camerounais-accuse-de-faux-sur-son-age-en-allemagne#breadcrumb\",\"itemListElement\":[{\"@type\":\"ListItem\",\"position\":1,\"name\":\"Accueil\",\"item\":\"https:\/\/www.africa-press.net\/cameroun\/\"},{\"@type\":\"ListItem\",\"position\":2,\"name\":\"Livr\u00e9 par son agent: voici l&rsquo;histoire du footballeur camerounais accus\u00e9 de faux sur son \u00e2ge en Allemagne\"}]},{\"@type\":\"WebSite\",\"@id\":\"https:\/\/www.africa-press.net\/cameroun\/#website\",\"url\":\"https:\/\/www.africa-press.net\/cameroun\/\",\"name\":\"Cameroun\",\"description\":\"Just another Africa News Agency Sites site\",\"potentialAction\":[{\"@type\":\"SearchAction\",\"target\":{\"@type\":\"EntryPoint\",\"urlTemplate\":\"https:\/\/www.africa-press.net\/cameroun\/?s={search_term_string}\"},\"query-input\":{\"@type\":\"PropertyValueSpecification\",\"valueRequired\":true,\"valueName\":\"search_term_string\"}}],\"inLanguage\":\"fr-FR\"},{\"@type\":\"Person\",\"@id\":\"https:\/\/www.africa-press.net\/cameroun\/#\/schema\/person\/2b1cf3cd81a31e3cd26889ca66d677f1\",\"name\":\"cfeditorfr\"}]}<\/script>\n<!-- \/ Yoast SEO Premium plugin. -->","yoast_head_json":{"title":"Livr\u00e9 par son agent: voici l'histoire du footballeur camerounais accus\u00e9 de faux sur son \u00e2ge en Allemagne - Cameroun","description":"Notre confre\u0300re Antoine Chirat du site ONZE MONDIAL e\u0301crit ceci: \"Officiellement ne\u0301 le 20 novembre 2004, Youssoufa Mouk ...","robots":{"index":"index","follow":"follow","max-snippet":"max-snippet:-1","max-image-preview":"max-image-preview:large","max-video-preview":"max-video-preview:-1"},"canonical":"https:\/\/www.africa-press.net\/cameroun\/sports\/livre-par-son-agent-voici-lhistoire-du-footballeur-camerounais-accuse-de-faux-sur-son-age-en-allemagne","og_locale":"fr_FR","og_type":"article","og_title":"Livr\u00e9 par son agent: voici l'histoire du footballeur camerounais accus\u00e9 de faux sur son \u00e2ge en Allemagne","og_description":"Notre confre\u0300re Antoine Chirat du site ONZE MONDIAL e\u0301crit ceci: \"Officiellement ne\u0301 le 20 novembre 2004, Youssoufa Mouk ...","og_url":"https:\/\/www.africa-press.net\/cameroun\/sports\/livre-par-son-agent-voici-lhistoire-du-footballeur-camerounais-accuse-de-faux-sur-son-age-en-allemagne","og_site_name":"Cameroun","article_published_time":"2023-03-15T17:53:19+00:00","article_modified_time":"2023-03-15T18:37:34+00:00","og_image":[{"width":720,"height":360,"url":"https:\/\/static.africa-press.net\/cameroun\/sites\/57\/2023\/03\/postQueueImg_1678890202.53.jpg","type":"image\/jpeg"}],"author":"cfeditorfr","twitter_card":"summary_large_image","twitter_misc":{"\u00c9crit par":"cfeditorfr","Dur\u00e9e de lecture estim\u00e9e":"2 minutes"},"schema":{"@context":"https:\/\/schema.org","@graph":[{"@type":"Article","@id":"https:\/\/www.africa-press.net\/cameroun\/sports\/livre-par-son-agent-voici-lhistoire-du-footballeur-camerounais-accuse-de-faux-sur-son-age-en-allemagne#article","isPartOf":{"@id":"https:\/\/www.africa-press.net\/cameroun\/sports\/livre-par-son-agent-voici-lhistoire-du-footballeur-camerounais-accuse-de-faux-sur-son-age-en-allemagne"},"author":{"name":"cfeditorfr","@id":"https:\/\/www.africa-press.net\/cameroun\/#\/schema\/person\/2b1cf3cd81a31e3cd26889ca66d677f1"},"headline":"Livr\u00e9 par son agent: voici l&rsquo;histoire du footballeur camerounais accus\u00e9 de faux sur son \u00e2ge en Allemagne","datePublished":"2023-03-15T17:53:19+00:00","dateModified":"2023-03-15T18:37:34+00:00","mainEntityOfPage":{"@id":"https:\/\/www.africa-press.net\/cameroun\/sports\/livre-par-son-agent-voici-lhistoire-du-footballeur-camerounais-accuse-de-faux-sur-son-age-en-allemagne"},"wordCount":376,"commentCount":0,"image":{"@id":"https:\/\/www.africa-press.net\/cameroun\/sports\/livre-par-son-agent-voici-lhistoire-du-footballeur-camerounais-accuse-de-faux-sur-son-age-en-allemagne#primaryimage"},"thumbnailUrl":"https:\/\/static.africa-press.net\/cameroun\/sites\/57\/2023\/03\/postQueueImg_1678890202.53.jpg","keywords":["Africa Press","Africa Press-Cameroun","Cameroun"],"articleSection":["Sports","Toutes les actualit\u00e9s"],"inLanguage":"fr-FR","potentialAction":[{"@type":"CommentAction","name":"Comment","target":["https:\/\/www.africa-press.net\/cameroun\/sports\/livre-par-son-agent-voici-lhistoire-du-footballeur-camerounais-accuse-de-faux-sur-son-age-en-allemagne#respond"]}]},{"@type":"WebPage","@id":"https:\/\/www.africa-press.net\/cameroun\/sports\/livre-par-son-agent-voici-lhistoire-du-footballeur-camerounais-accuse-de-faux-sur-son-age-en-allemagne","url":"https:\/\/www.africa-press.net\/cameroun\/sports\/livre-par-son-agent-voici-lhistoire-du-footballeur-camerounais-accuse-de-faux-sur-son-age-en-allemagne","name":"Livr\u00e9 par son agent: voici l'histoire du footballeur camerounais accus\u00e9 de faux sur son \u00e2ge en Allemagne - Cameroun","isPartOf":{"@id":"https:\/\/www.africa-press.net\/cameroun\/#website"},"primaryImageOfPage":{"@id":"https:\/\/www.africa-press.net\/cameroun\/sports\/livre-par-son-agent-voici-lhistoire-du-footballeur-camerounais-accuse-de-faux-sur-son-age-en-allemagne#primaryimage"},"image":{"@id":"https:\/\/www.africa-press.net\/cameroun\/sports\/livre-par-son-agent-voici-lhistoire-du-footballeur-camerounais-accuse-de-faux-sur-son-age-en-allemagne#primaryimage"},"thumbnailUrl":"https:\/\/static.africa-press.net\/cameroun\/sites\/57\/2023\/03\/postQueueImg_1678890202.53.jpg","datePublished":"2023-03-15T17:53:19+00:00","dateModified":"2023-03-15T18:37:34+00:00","author":{"@id":"https:\/\/www.africa-press.net\/cameroun\/#\/schema\/person\/2b1cf3cd81a31e3cd26889ca66d677f1"},"description":"Notre confre\u0300re Antoine Chirat du site ONZE MONDIAL e\u0301crit ceci: \"Officiellement ne\u0301 le 20 novembre 2004, Youssoufa Mouk ...","breadcrumb":{"@id":"https:\/\/www.africa-press.net\/cameroun\/sports\/livre-par-son-agent-voici-lhistoire-du-footballeur-camerounais-accuse-de-faux-sur-son-age-en-allemagne#breadcrumb"},"inLanguage":"fr-FR","potentialAction":[{"@type":"ReadAction","target":["https:\/\/www.africa-press.net\/cameroun\/sports\/livre-par-son-agent-voici-lhistoire-du-footballeur-camerounais-accuse-de-faux-sur-son-age-en-allemagne"]}]},{"@type":"ImageObject","inLanguage":"fr-FR","@id":"https:\/\/www.africa-press.net\/cameroun\/sports\/livre-par-son-agent-voici-lhistoire-du-footballeur-camerounais-accuse-de-faux-sur-son-age-en-allemagne#primaryimage","url":"https:\/\/static.africa-press.net\/cameroun\/sites\/57\/2023\/03\/postQueueImg_1678890202.53.jpg","contentUrl":"https:\/\/static.africa-press.net\/cameroun\/sites\/57\/2023\/03\/postQueueImg_1678890202.53.jpg","width":720,"height":360,"caption":"Livr\u00e9 par son agent: voici l'histoire du footballeur camerounais accus\u00e9 de faux sur son \u00e2ge en Allemagne"},{"@type":"BreadcrumbList","@id":"https:\/\/www.africa-press.net\/cameroun\/sports\/livre-par-son-agent-voici-lhistoire-du-footballeur-camerounais-accuse-de-faux-sur-son-age-en-allemagne#breadcrumb","itemListElement":[{"@type":"ListItem","position":1,"name":"Accueil","item":"https:\/\/www.africa-press.net\/cameroun\/"},{"@type":"ListItem","position":2,"name":"Livr\u00e9 par son agent: voici l&rsquo;histoire du footballeur camerounais accus\u00e9 de faux sur son \u00e2ge en Allemagne"}]},{"@type":"WebSite","@id":"https:\/\/www.africa-press.net\/cameroun\/#website","url":"https:\/\/www.africa-press.net\/cameroun\/","name":"Cameroun","description":"Just another Africa News Agency Sites site","potentialAction":[{"@type":"SearchAction","target":{"@type":"EntryPoint","urlTemplate":"https:\/\/www.africa-press.net\/cameroun\/?s={search_term_string}"},"query-input":{"@type":"PropertyValueSpecification","valueRequired":true,"valueName":"search_term_string"}}],"inLanguage":"fr-FR"},{"@type":"Person","@id":"https:\/\/www.africa-press.net\/cameroun\/#\/schema\/person\/2b1cf3cd81a31e3cd26889ca66d677f1","name":"cfeditorfr"}]}},"_links":{"self":[{"href":"https:\/\/www.africa-press.net\/cameroun\/wp-json\/wp\/v2\/posts\/39369","targetHints":{"allow":["GET"]}}],"collection":[{"href":"https:\/\/www.africa-press.net\/cameroun\/wp-json\/wp\/v2\/posts"}],"about":[{"href":"https:\/\/www.africa-press.net\/cameroun\/wp-json\/wp\/v2\/types\/post"}],"author":[{"embeddable":true,"href":"https:\/\/www.africa-press.net\/cameroun\/wp-json\/wp\/v2\/users\/82"}],"replies":[{"embeddable":true,"href":"https:\/\/www.africa-press.net\/cameroun\/wp-json\/wp\/v2\/comments?post=39369"}],"version-history":[{"count":0,"href":"https:\/\/www.africa-press.net\/cameroun\/wp-json\/wp\/v2\/posts\/39369\/revisions"}],"wp:featuredmedia":[{"embeddable":true,"href":"https:\/\/www.africa-press.net\/cameroun\/wp-json\/wp\/v2\/media\/39368"}],"wp:attachment":[{"href":"https:\/\/www.africa-press.net\/cameroun\/wp-json\/wp\/v2\/media?parent=39369"}],"wp:term":[{"taxonomy":"category","embeddable":true,"href":"https:\/\/www.africa-press.net\/cameroun\/wp-json\/wp\/v2\/categories?post=39369"},{"taxonomy":"post_tag","embeddable":true,"href":"https:\/\/www.africa-press.net\/cameroun\/wp-json\/wp\/v2\/tags?post=39369"}],"curies":[{"name":"wp","href":"https:\/\/api.w.org\/{rel}","templated":true}]}}