{"id":39371,"date":"2023-03-15T17:53:28","date_gmt":"2023-03-15T17:53:28","guid":{"rendered":"https:\/\/www.africa-press.net\/cameroun\/politique\/nous-avons-un-combat-raoul-bia-annonce-des-grandes-choses-a-vision4"},"modified":"2023-03-15T18:38:27","modified_gmt":"2023-03-15T18:38:27","slug":"nous-avons-un-combat-raoul-bia-annonce-des-grandes-choses-a-vision4","status":"publish","type":"post","link":"https:\/\/www.africa-press.net\/cameroun\/toutes-les-actualites\/nous-avons-un-combat-raoul-bia-annonce-des-grandes-choses-a-vision4","title":{"rendered":"&lsquo;Nous avons un combat &lsquo;: Raoul Bia annonce des grandes choses \u00e0 Vision4"},"content":{"rendered":"<p><span style=\"color: #ff6600\"><strong>Africa-Press &#8211; Cameroun. <\/strong><\/span>Le PDG du groupe l&rsquo;Anecdote sera pendant un bon bout de temps en prison. A Vision4, l&rsquo;une des chaines qu&rsquo;il posse\u0300de, cette situation va provoquer plusieurs changements.<\/p>\n<p>Alors que beaucoup imaginaient qu&rsquo;il a abandonne\u0301 Vision4 pour se lancer ailleurs, Raoul Christophe Bia, l&rsquo;un des journalistes vedettes de la te\u0301le\u0301vision a pris quelques jours de recul que lui aurait impose\u0301 une maladie.<\/p>\n<p>Dans une publication, il annonce son retour et les grands changements qu&rsquo;il y aura de\u0301sormais dans sa me\u0301thode de travail, et certainement dans toute l&rsquo;entreprise. Car M. Bia parle de\u0301sormais d&rsquo;un travail \u00ab\u00a0impartial\u00a0\u00bb et \u00ab\u00a0juste\u00a0\u00bb.<\/p>\n<p>\u00ab\u00a0Apre\u0300s plusieurs jours de maladie, nous suivons de nouveau l\u2019actualite\u0301 du Cameroun, de l\u2019Afrique et du monde. Nous la commenterons toujours dans un style satirique et caricatural. Paix &#8211; Travail- Patrie. Ne perdez jamais de vue que nous avons tous un combat commun. La justice impartiale et juste\u00a0\u00bb, e\u0301crit Raoul Christoph Bia.<\/p>\n<p>Changements importants a\u0300 l&rsquo;horizon a\u0300 Vision4<\/p>\n<p>Selon les informations publie\u0301es par le lanceur d\u2019alerte Boris Bertolt, l&rsquo;administrateur Directeur ge\u0301ne\u0301ral du groupe l&rsquo;Anecdote veut chasser des employe\u0301s ou diminuer les salaires. C&rsquo;est une mauvaise nouvelle pour la survie de l&rsquo;entreprise des me\u0301dias qu&rsquo;a fonde\u0301 Jean-Pierre Amougou Belinga avant d&rsquo;e\u0302tre envoye\u0301 a\u0300 Kondengui. Arlette Framboise Doumbe Ding se pose des questions le\u0301gitimes sur cette actualite\u0301. Elle n\u2019est gue\u0300re surprise.<\/p>\n<p>\u00ab Le PDG du groupe VISION 4, Jean Pierre AMOUGOU Belinga a e\u0301te\u0301 mis sous mandat de de\u0301po\u0302t samedi dernier dans l\u2019affaire Martinez Zogo. L\u2019homme qui a de\u0301sormais toutes les signatures s\u2019appelle Poney Isaac, l\u2019administrateur directeur ge\u0301ne\u0301ral du groupe. Le PDG, Amougou Belinga ne le sait peut-e\u0302tre pas, mais, une petite panique s\u2019est empare\u0301e mardi dernier des employe\u0301s notamment ceux du groupe l\u2019Anecdote qui abrite e\u0301galement VISION 4.Ainsi, Poney Issac a menace\u0301 d&rsquo;envoyer des gens en conge\u0301 technique ou de diminuer les salaires pour faire face aux difficulte\u0301s financie\u0300res qui pourraient rapidement pointer a\u0300 l\u2019horizon. Une situation qui a cre\u0301e\u0301e un de\u0301but de malaise au sein de l\u2019institution. Pour ce qui est de la perquisition, apre\u0300s ISSAM, les gendarmes devaient se rendre au groupe l\u2019Anecdote mais ont annule\u0301 a\u0300 la dernie\u0300re minute sans expliquer les raisons et sont retourne\u0301s au SED. Elle s\u2019est de\u0301roule\u0301e e\u0301galement en pre\u0301sence de Bruno Bidjang \u00bb a e\u0301crit Boris Bertolt<\/p>\n<p>\u00ab D&rsquo;apre\u0300s certaines sources, des baisses de salaire et des mises en conge\u0301s techniques envisage\u0301s a\u0300 vision4 et au sein du groupe l&rsquo;Anecdote. Ce n&rsquo;est que logique et c&rsquo;e\u0301tait pre\u0301visible surtout quand on imagine d&rsquo;ou\u0300 venait l&rsquo;argent pour payer ces salaires la\u0300. Et me\u0302me si ces salaires sont maintenus, c\u0327a sera pour un temps. Car ces charges salariales ne sont pas soutenables dans le cadre d&rsquo;une saine gestion entrepreneuriale. Quelles sont les sources de revenus de visions4 qui permettent de payer les gros salaires et d&rsquo;offrir des ve\u0301hicules neufs a\u0300 son personnel ? Voila\u0300 la question \u00bb, se questionne Arlette Framboise Doumbe Ding<\/p>\n<p><strong>Pour plus d&rsquo;informations et d&rsquo;analyses sur la <a href=\"https:\/\/www.africa-press.net\/cameroun\">Cameroun<\/a>, suivez <a href=\"https:\/\/www.africa-press.net\/\">Africa-Press<\/a><\/strong><\/p>\n","protected":false},"excerpt":{"rendered":"<p>Africa-Press &#8211; Cameroun. Le PDG du groupe l&rsquo;Anecdote sera pendant un bon bout de temps en prison. A Vision4, l&rsquo;une des chaines qu&rsquo;il posse\u0300de, cette situation va provoquer plusieurs changements. Alors que beaucoup imaginaient qu&rsquo;il a abandonne\u0301 Vision4 pour se lancer ailleurs, Raoul Christophe Bia, l&rsquo;un des journalistes vedettes de la te\u0301le\u0301vision a pris quelques [&hellip;]<\/p>\n","protected":false},"author":82,"featured_media":39370,"comment_status":"open","ping_status":"closed","sticky":false,"template":"","format":"standard","meta":{"footnotes":""},"categories":[21,10],"tags":[36,50,49],"class_list":["post-39371","post","type-post","status-publish","format-standard","has-post-thumbnail","hentry","category-communaute","category-toutes-les-actualites","tag-africa-press","tag-africa-press-cameroun","tag-cameroun"],"yoast_head":"<!-- This site is optimized with the Yoast SEO Premium plugin v26.1 (Yoast SEO v27.0) - https:\/\/yoast.com\/product\/yoast-seo-premium-wordpress\/ -->\n<title>&#039;Nous avons un combat &#039;: Raoul Bia annonce des grandes choses \u00e0 Vision4 - Cameroun<\/title>\n<meta name=\"description\" content=\"Le PDG du groupe l&#039;Anecdote sera pendant un bon bout de temps en prison. A Vision4, l&#039;une des chaines qu&#039;il posse\u0300de, ce ...\" \/>\n<meta name=\"robots\" content=\"index, follow, max-snippet:-1, max-image-preview:large, max-video-preview:-1\" \/>\n<link rel=\"canonical\" href=\"https:\/\/www.africa-press.net\/cameroun\/toutes-les-actualites\/nous-avons-un-combat-raoul-bia-annonce-des-grandes-choses-a-vision4\" \/>\n<meta property=\"og:locale\" content=\"fr_FR\" \/>\n<meta property=\"og:type\" content=\"article\" \/>\n<meta property=\"og:title\" content=\"&#039;Nous avons un combat &#039;: Raoul Bia annonce des grandes choses \u00e0 Vision4\" \/>\n<meta property=\"og:description\" content=\"Le PDG du groupe l&#039;Anecdote sera pendant un bon bout de temps en prison. A Vision4, l&#039;une des chaines qu&#039;il posse\u0300de, ce ...\" \/>\n<meta property=\"og:url\" content=\"https:\/\/www.africa-press.net\/cameroun\/toutes-les-actualites\/nous-avons-un-combat-raoul-bia-annonce-des-grandes-choses-a-vision4\" \/>\n<meta property=\"og:site_name\" content=\"Cameroun\" \/>\n<meta property=\"article:published_time\" content=\"2023-03-15T17:53:28+00:00\" \/>\n<meta property=\"article:modified_time\" content=\"2023-03-15T18:38:27+00:00\" \/>\n<meta property=\"og:image\" content=\"https:\/\/static.africa-press.net\/cameroun\/sites\/57\/2023\/03\/postQueueImg_1678890212.43.jpg\" \/>\n\t<meta property=\"og:image:width\" content=\"720\" \/>\n\t<meta property=\"og:image:height\" content=\"360\" \/>\n\t<meta property=\"og:image:type\" content=\"image\/jpeg\" \/>\n<meta name=\"author\" content=\"cfeditorfr\" \/>\n<meta name=\"twitter:card\" content=\"summary_large_image\" \/>\n<meta name=\"twitter:label1\" content=\"\u00c9crit par\" \/>\n\t<meta name=\"twitter:data1\" content=\"cfeditorfr\" \/>\n\t<meta name=\"twitter:label2\" content=\"Dur\u00e9e de lecture estim\u00e9e\" \/>\n\t<meta name=\"twitter:data2\" content=\"3 minutes\" \/>\n<script type=\"application\/ld+json\" class=\"yoast-schema-graph\">{\"@context\":\"https:\/\/schema.org\",\"@graph\":[{\"@type\":\"Article\",\"@id\":\"https:\/\/www.africa-press.net\/cameroun\/toutes-les-actualites\/nous-avons-un-combat-raoul-bia-annonce-des-grandes-choses-a-vision4#article\",\"isPartOf\":{\"@id\":\"https:\/\/www.africa-press.net\/cameroun\/toutes-les-actualites\/nous-avons-un-combat-raoul-bia-annonce-des-grandes-choses-a-vision4\"},\"author\":{\"name\":\"cfeditorfr\",\"@id\":\"https:\/\/www.africa-press.net\/cameroun\/#\/schema\/person\/2b1cf3cd81a31e3cd26889ca66d677f1\"},\"headline\":\"&lsquo;Nous avons un combat &lsquo;: Raoul Bia annonce des grandes choses \u00e0 Vision4\",\"datePublished\":\"2023-03-15T17:53:28+00:00\",\"dateModified\":\"2023-03-15T18:38:27+00:00\",\"mainEntityOfPage\":{\"@id\":\"https:\/\/www.africa-press.net\/cameroun\/toutes-les-actualites\/nous-avons-un-combat-raoul-bia-annonce-des-grandes-choses-a-vision4\"},\"wordCount\":578,\"commentCount\":0,\"image\":{\"@id\":\"https:\/\/www.africa-press.net\/cameroun\/toutes-les-actualites\/nous-avons-un-combat-raoul-bia-annonce-des-grandes-choses-a-vision4#primaryimage\"},\"thumbnailUrl\":\"https:\/\/static.africa-press.net\/cameroun\/sites\/57\/2023\/03\/postQueueImg_1678890212.43.jpg\",\"keywords\":[\"Africa Press\",\"Africa Press-Cameroun\",\"Cameroun\"],\"articleSection\":[\"Communaut\u00e9\",\"Toutes les actualit\u00e9s\"],\"inLanguage\":\"fr-FR\",\"potentialAction\":[{\"@type\":\"CommentAction\",\"name\":\"Comment\",\"target\":[\"https:\/\/www.africa-press.net\/cameroun\/toutes-les-actualites\/nous-avons-un-combat-raoul-bia-annonce-des-grandes-choses-a-vision4#respond\"]}]},{\"@type\":\"WebPage\",\"@id\":\"https:\/\/www.africa-press.net\/cameroun\/toutes-les-actualites\/nous-avons-un-combat-raoul-bia-annonce-des-grandes-choses-a-vision4\",\"url\":\"https:\/\/www.africa-press.net\/cameroun\/toutes-les-actualites\/nous-avons-un-combat-raoul-bia-annonce-des-grandes-choses-a-vision4\",\"name\":\"'Nous avons un combat ': Raoul Bia annonce des grandes choses \u00e0 Vision4 - Cameroun\",\"isPartOf\":{\"@id\":\"https:\/\/www.africa-press.net\/cameroun\/#website\"},\"primaryImageOfPage\":{\"@id\":\"https:\/\/www.africa-press.net\/cameroun\/toutes-les-actualites\/nous-avons-un-combat-raoul-bia-annonce-des-grandes-choses-a-vision4#primaryimage\"},\"image\":{\"@id\":\"https:\/\/www.africa-press.net\/cameroun\/toutes-les-actualites\/nous-avons-un-combat-raoul-bia-annonce-des-grandes-choses-a-vision4#primaryimage\"},\"thumbnailUrl\":\"https:\/\/static.africa-press.net\/cameroun\/sites\/57\/2023\/03\/postQueueImg_1678890212.43.jpg\",\"datePublished\":\"2023-03-15T17:53:28+00:00\",\"dateModified\":\"2023-03-15T18:38:27+00:00\",\"author\":{\"@id\":\"https:\/\/www.africa-press.net\/cameroun\/#\/schema\/person\/2b1cf3cd81a31e3cd26889ca66d677f1\"},\"description\":\"Le PDG du groupe l'Anecdote sera pendant un bon bout de temps en prison. A Vision4, l'une des chaines qu'il posse\u0300de, ce ...\",\"breadcrumb\":{\"@id\":\"https:\/\/www.africa-press.net\/cameroun\/toutes-les-actualites\/nous-avons-un-combat-raoul-bia-annonce-des-grandes-choses-a-vision4#breadcrumb\"},\"inLanguage\":\"fr-FR\",\"potentialAction\":[{\"@type\":\"ReadAction\",\"target\":[\"https:\/\/www.africa-press.net\/cameroun\/toutes-les-actualites\/nous-avons-un-combat-raoul-bia-annonce-des-grandes-choses-a-vision4\"]}]},{\"@type\":\"ImageObject\",\"inLanguage\":\"fr-FR\",\"@id\":\"https:\/\/www.africa-press.net\/cameroun\/toutes-les-actualites\/nous-avons-un-combat-raoul-bia-annonce-des-grandes-choses-a-vision4#primaryimage\",\"url\":\"https:\/\/static.africa-press.net\/cameroun\/sites\/57\/2023\/03\/postQueueImg_1678890212.43.jpg\",\"contentUrl\":\"https:\/\/static.africa-press.net\/cameroun\/sites\/57\/2023\/03\/postQueueImg_1678890212.43.jpg\",\"width\":720,\"height\":360,\"caption\":\"'Nous avons un combat ': Raoul Bia annonce des grandes choses \u00e0 Vision4\"},{\"@type\":\"BreadcrumbList\",\"@id\":\"https:\/\/www.africa-press.net\/cameroun\/toutes-les-actualites\/nous-avons-un-combat-raoul-bia-annonce-des-grandes-choses-a-vision4#breadcrumb\",\"itemListElement\":[{\"@type\":\"ListItem\",\"position\":1,\"name\":\"Accueil\",\"item\":\"https:\/\/www.africa-press.net\/cameroun\/\"},{\"@type\":\"ListItem\",\"position\":2,\"name\":\"&lsquo;Nous avons un combat &lsquo;: Raoul Bia annonce des grandes choses \u00e0 Vision4\"}]},{\"@type\":\"WebSite\",\"@id\":\"https:\/\/www.africa-press.net\/cameroun\/#website\",\"url\":\"https:\/\/www.africa-press.net\/cameroun\/\",\"name\":\"Cameroun\",\"description\":\"Just another Africa News Agency Sites site\",\"potentialAction\":[{\"@type\":\"SearchAction\",\"target\":{\"@type\":\"EntryPoint\",\"urlTemplate\":\"https:\/\/www.africa-press.net\/cameroun\/?s={search_term_string}\"},\"query-input\":{\"@type\":\"PropertyValueSpecification\",\"valueRequired\":true,\"valueName\":\"search_term_string\"}}],\"inLanguage\":\"fr-FR\"},{\"@type\":\"Person\",\"@id\":\"https:\/\/www.africa-press.net\/cameroun\/#\/schema\/person\/2b1cf3cd81a31e3cd26889ca66d677f1\",\"name\":\"cfeditorfr\"}]}<\/script>\n<!-- \/ Yoast SEO Premium plugin. -->","yoast_head_json":{"title":"'Nous avons un combat ': Raoul Bia annonce des grandes choses \u00e0 Vision4 - Cameroun","description":"Le PDG du groupe l'Anecdote sera pendant un bon bout de temps en prison. A Vision4, l'une des chaines qu'il posse\u0300de, ce ...","robots":{"index":"index","follow":"follow","max-snippet":"max-snippet:-1","max-image-preview":"max-image-preview:large","max-video-preview":"max-video-preview:-1"},"canonical":"https:\/\/www.africa-press.net\/cameroun\/toutes-les-actualites\/nous-avons-un-combat-raoul-bia-annonce-des-grandes-choses-a-vision4","og_locale":"fr_FR","og_type":"article","og_title":"'Nous avons un combat ': Raoul Bia annonce des grandes choses \u00e0 Vision4","og_description":"Le PDG du groupe l'Anecdote sera pendant un bon bout de temps en prison. A Vision4, l'une des chaines qu'il posse\u0300de, ce ...","og_url":"https:\/\/www.africa-press.net\/cameroun\/toutes-les-actualites\/nous-avons-un-combat-raoul-bia-annonce-des-grandes-choses-a-vision4","og_site_name":"Cameroun","article_published_time":"2023-03-15T17:53:28+00:00","article_modified_time":"2023-03-15T18:38:27+00:00","og_image":[{"width":720,"height":360,"url":"https:\/\/static.africa-press.net\/cameroun\/sites\/57\/2023\/03\/postQueueImg_1678890212.43.jpg","type":"image\/jpeg"}],"author":"cfeditorfr","twitter_card":"summary_large_image","twitter_misc":{"\u00c9crit par":"cfeditorfr","Dur\u00e9e de lecture estim\u00e9e":"3 minutes"},"schema":{"@context":"https:\/\/schema.org","@graph":[{"@type":"Article","@id":"https:\/\/www.africa-press.net\/cameroun\/toutes-les-actualites\/nous-avons-un-combat-raoul-bia-annonce-des-grandes-choses-a-vision4#article","isPartOf":{"@id":"https:\/\/www.africa-press.net\/cameroun\/toutes-les-actualites\/nous-avons-un-combat-raoul-bia-annonce-des-grandes-choses-a-vision4"},"author":{"name":"cfeditorfr","@id":"https:\/\/www.africa-press.net\/cameroun\/#\/schema\/person\/2b1cf3cd81a31e3cd26889ca66d677f1"},"headline":"&lsquo;Nous avons un combat &lsquo;: Raoul Bia annonce des grandes choses \u00e0 Vision4","datePublished":"2023-03-15T17:53:28+00:00","dateModified":"2023-03-15T18:38:27+00:00","mainEntityOfPage":{"@id":"https:\/\/www.africa-press.net\/cameroun\/toutes-les-actualites\/nous-avons-un-combat-raoul-bia-annonce-des-grandes-choses-a-vision4"},"wordCount":578,"commentCount":0,"image":{"@id":"https:\/\/www.africa-press.net\/cameroun\/toutes-les-actualites\/nous-avons-un-combat-raoul-bia-annonce-des-grandes-choses-a-vision4#primaryimage"},"thumbnailUrl":"https:\/\/static.africa-press.net\/cameroun\/sites\/57\/2023\/03\/postQueueImg_1678890212.43.jpg","keywords":["Africa Press","Africa Press-Cameroun","Cameroun"],"articleSection":["Communaut\u00e9","Toutes les actualit\u00e9s"],"inLanguage":"fr-FR","potentialAction":[{"@type":"CommentAction","name":"Comment","target":["https:\/\/www.africa-press.net\/cameroun\/toutes-les-actualites\/nous-avons-un-combat-raoul-bia-annonce-des-grandes-choses-a-vision4#respond"]}]},{"@type":"WebPage","@id":"https:\/\/www.africa-press.net\/cameroun\/toutes-les-actualites\/nous-avons-un-combat-raoul-bia-annonce-des-grandes-choses-a-vision4","url":"https:\/\/www.africa-press.net\/cameroun\/toutes-les-actualites\/nous-avons-un-combat-raoul-bia-annonce-des-grandes-choses-a-vision4","name":"'Nous avons un combat ': Raoul Bia annonce des grandes choses \u00e0 Vision4 - Cameroun","isPartOf":{"@id":"https:\/\/www.africa-press.net\/cameroun\/#website"},"primaryImageOfPage":{"@id":"https:\/\/www.africa-press.net\/cameroun\/toutes-les-actualites\/nous-avons-un-combat-raoul-bia-annonce-des-grandes-choses-a-vision4#primaryimage"},"image":{"@id":"https:\/\/www.africa-press.net\/cameroun\/toutes-les-actualites\/nous-avons-un-combat-raoul-bia-annonce-des-grandes-choses-a-vision4#primaryimage"},"thumbnailUrl":"https:\/\/static.africa-press.net\/cameroun\/sites\/57\/2023\/03\/postQueueImg_1678890212.43.jpg","datePublished":"2023-03-15T17:53:28+00:00","dateModified":"2023-03-15T18:38:27+00:00","author":{"@id":"https:\/\/www.africa-press.net\/cameroun\/#\/schema\/person\/2b1cf3cd81a31e3cd26889ca66d677f1"},"description":"Le PDG du groupe l'Anecdote sera pendant un bon bout de temps en prison. A Vision4, l'une des chaines qu'il posse\u0300de, ce ...","breadcrumb":{"@id":"https:\/\/www.africa-press.net\/cameroun\/toutes-les-actualites\/nous-avons-un-combat-raoul-bia-annonce-des-grandes-choses-a-vision4#breadcrumb"},"inLanguage":"fr-FR","potentialAction":[{"@type":"ReadAction","target":["https:\/\/www.africa-press.net\/cameroun\/toutes-les-actualites\/nous-avons-un-combat-raoul-bia-annonce-des-grandes-choses-a-vision4"]}]},{"@type":"ImageObject","inLanguage":"fr-FR","@id":"https:\/\/www.africa-press.net\/cameroun\/toutes-les-actualites\/nous-avons-un-combat-raoul-bia-annonce-des-grandes-choses-a-vision4#primaryimage","url":"https:\/\/static.africa-press.net\/cameroun\/sites\/57\/2023\/03\/postQueueImg_1678890212.43.jpg","contentUrl":"https:\/\/static.africa-press.net\/cameroun\/sites\/57\/2023\/03\/postQueueImg_1678890212.43.jpg","width":720,"height":360,"caption":"'Nous avons un combat ': Raoul Bia annonce des grandes choses \u00e0 Vision4"},{"@type":"BreadcrumbList","@id":"https:\/\/www.africa-press.net\/cameroun\/toutes-les-actualites\/nous-avons-un-combat-raoul-bia-annonce-des-grandes-choses-a-vision4#breadcrumb","itemListElement":[{"@type":"ListItem","position":1,"name":"Accueil","item":"https:\/\/www.africa-press.net\/cameroun\/"},{"@type":"ListItem","position":2,"name":"&lsquo;Nous avons un combat &lsquo;: Raoul Bia annonce des grandes choses \u00e0 Vision4"}]},{"@type":"WebSite","@id":"https:\/\/www.africa-press.net\/cameroun\/#website","url":"https:\/\/www.africa-press.net\/cameroun\/","name":"Cameroun","description":"Just another Africa News Agency Sites site","potentialAction":[{"@type":"SearchAction","target":{"@type":"EntryPoint","urlTemplate":"https:\/\/www.africa-press.net\/cameroun\/?s={search_term_string}"},"query-input":{"@type":"PropertyValueSpecification","valueRequired":true,"valueName":"search_term_string"}}],"inLanguage":"fr-FR"},{"@type":"Person","@id":"https:\/\/www.africa-press.net\/cameroun\/#\/schema\/person\/2b1cf3cd81a31e3cd26889ca66d677f1","name":"cfeditorfr"}]}},"_links":{"self":[{"href":"https:\/\/www.africa-press.net\/cameroun\/wp-json\/wp\/v2\/posts\/39371","targetHints":{"allow":["GET"]}}],"collection":[{"href":"https:\/\/www.africa-press.net\/cameroun\/wp-json\/wp\/v2\/posts"}],"about":[{"href":"https:\/\/www.africa-press.net\/cameroun\/wp-json\/wp\/v2\/types\/post"}],"author":[{"embeddable":true,"href":"https:\/\/www.africa-press.net\/cameroun\/wp-json\/wp\/v2\/users\/82"}],"replies":[{"embeddable":true,"href":"https:\/\/www.africa-press.net\/cameroun\/wp-json\/wp\/v2\/comments?post=39371"}],"version-history":[{"count":0,"href":"https:\/\/www.africa-press.net\/cameroun\/wp-json\/wp\/v2\/posts\/39371\/revisions"}],"wp:featuredmedia":[{"embeddable":true,"href":"https:\/\/www.africa-press.net\/cameroun\/wp-json\/wp\/v2\/media\/39370"}],"wp:attachment":[{"href":"https:\/\/www.africa-press.net\/cameroun\/wp-json\/wp\/v2\/media?parent=39371"}],"wp:term":[{"taxonomy":"category","embeddable":true,"href":"https:\/\/www.africa-press.net\/cameroun\/wp-json\/wp\/v2\/categories?post=39371"},{"taxonomy":"post_tag","embeddable":true,"href":"https:\/\/www.africa-press.net\/cameroun\/wp-json\/wp\/v2\/tags?post=39371"}],"curies":[{"name":"wp","href":"https:\/\/api.w.org\/{rel}","templated":true}]}}