{"id":39384,"date":"2023-03-15T17:54:17","date_gmt":"2023-03-15T17:54:17","guid":{"rendered":"https:\/\/www.africa-press.net\/cameroun\/politique\/le-fmi-le-lache-pas-le-cameroun-une-importante-delegation-recue-par-motaze"},"modified":"2023-03-15T18:42:45","modified_gmt":"2023-03-15T18:42:45","slug":"le-fmi-le-lache-pas-le-cameroun-une-importante-delegation-recue-par-motaze","status":"publish","type":"post","link":"https:\/\/www.africa-press.net\/cameroun\/politique\/le-fmi-le-lache-pas-le-cameroun-une-importante-delegation-recue-par-motaze","title":{"rendered":"Le FMI le l\u00e2che pas le Cameroun : une importante d\u00e9l\u00e9gation re\u00e7ue par Motaze"},"content":{"rendered":"<p><span style=\"color: #ff6600\"><strong>Africa-Press &#8211; Cameroun. <\/strong><\/span>Le FMI ne la\u0302che pas le Cameroun. Une forte de\u0301le\u0301gation de l\u2019institution financie\u0300re se\u0301journe au Cameroun de Paul Biya et effectue\u0301 d\u2019importante rencontre. En effet, le Directeur ge\u0301ne\u0301ral adjoint du Fonds mone\u0301taire international (FMI), Kenji Okamura, est au Cameroun pour une visite de travail. A e\u0301te\u0301 rec\u0327u comme convenu, par le ministre des Finances, Louis Paul Motaze ce mercredi 15 mars a\u0300 8 heures.<\/p>\n<p>Le Directeur ge\u0301ne\u0301ral adjoint du Fonds mone\u0301taire international (FMI), Kenji Okamura, en visite de travail au Cameroun, rencontre en ce moment au ministe\u0300re des Finances, le ministre des Finances, Louis Paul Motaze et le Ministre de l&rsquo;Economie, de la Planification et de l\u2019Ame\u0301nagement du Territoire, Alamine Ousmane Mey.<\/p>\n<p>\u00ab Sur la table des discussions ce mercredi entre le Directeur ge\u0301ne\u0301ral adjoint du Fonds mone\u0301taire international (FMI) et les ministres des Finances et de l\u2019Economie, plusieurs sujets dont le programme e\u0301conomique et financier du #Cameroun. Nous vous proposons ici, la traduction en franc\u0327ais des propos du DGA du FMI, Kenji Okamura, sur l\u2019essentiel a\u0300 retenir de cette rencontre \u00bb, a poste\u0301 la CRTV<\/p>\n<p><a href=\"https:\/\/www.facebook.com\/CRTVweb\/videos\/505146804953410\/\"><b>vide\u0301o<\/b><\/a><\/p>\n<p><strong>Pour plus d&rsquo;informations et d&rsquo;analyses sur la <a href=\"https:\/\/www.africa-press.net\/cameroun\">Cameroun<\/a>, suivez <a href=\"https:\/\/www.africa-press.net\/\">Africa-Press<\/a><\/strong><\/p>\n","protected":false},"excerpt":{"rendered":"<p>Africa-Press &#8211; Cameroun. Le FMI ne la\u0302che pas le Cameroun. Une forte de\u0301le\u0301gation de l\u2019institution financie\u0300re se\u0301journe au Cameroun de Paul Biya et effectue\u0301 d\u2019importante rencontre. En effet, le Directeur ge\u0301ne\u0301ral adjoint du Fonds mone\u0301taire international (FMI), Kenji Okamura, est au Cameroun pour une visite de travail. A e\u0301te\u0301 rec\u0327u comme convenu, par le ministre [&hellip;]<\/p>\n","protected":false},"author":82,"featured_media":39383,"comment_status":"open","ping_status":"closed","sticky":false,"template":"","format":"standard","meta":{"footnotes":""},"categories":[2,10,9],"tags":[36,50,49],"class_list":["post-39384","post","type-post","status-publish","format-standard","has-post-thumbnail","hentry","category-politique","category-toutes-les-actualites","category-video","tag-africa-press","tag-africa-press-cameroun","tag-cameroun"],"yoast_head":"<!-- This site is optimized with the Yoast SEO Premium plugin v26.1 (Yoast SEO v27.0) - https:\/\/yoast.com\/product\/yoast-seo-premium-wordpress\/ -->\n<title>Le FMI le l\u00e2che pas le Cameroun : une importante d\u00e9l\u00e9gation re\u00e7ue par Motaze - Cameroun<\/title>\n<meta name=\"description\" content=\"Le FMI ne la\u0302che pas le Cameroun. Une forte de\u0301le\u0301gation de l\u2019institution financie\u0300re se\u0301journe au Cameroun de Paul Biya ...\" \/>\n<meta name=\"robots\" content=\"index, follow, max-snippet:-1, max-image-preview:large, max-video-preview:-1\" \/>\n<link rel=\"canonical\" href=\"https:\/\/www.africa-press.net\/cameroun\/politique\/le-fmi-le-lache-pas-le-cameroun-une-importante-delegation-recue-par-motaze\" \/>\n<meta property=\"og:locale\" content=\"fr_FR\" \/>\n<meta property=\"og:type\" content=\"article\" \/>\n<meta property=\"og:title\" content=\"Le FMI le l\u00e2che pas le Cameroun : une importante d\u00e9l\u00e9gation re\u00e7ue par Motaze\" \/>\n<meta property=\"og:description\" content=\"Le FMI ne la\u0302che pas le Cameroun. Une forte de\u0301le\u0301gation de l\u2019institution financie\u0300re se\u0301journe au Cameroun de Paul Biya ...\" \/>\n<meta property=\"og:url\" content=\"https:\/\/www.africa-press.net\/cameroun\/politique\/le-fmi-le-lache-pas-le-cameroun-une-importante-delegation-recue-par-motaze\" \/>\n<meta property=\"og:site_name\" content=\"Cameroun\" \/>\n<meta property=\"article:published_time\" content=\"2023-03-15T17:54:17+00:00\" \/>\n<meta property=\"article:modified_time\" content=\"2023-03-15T18:42:45+00:00\" \/>\n<meta property=\"og:image\" content=\"https:\/\/static.africa-press.net\/cameroun\/sites\/57\/2023\/03\/postQueueImg_1678890262.77.jpg\" \/>\n\t<meta property=\"og:image:width\" content=\"720\" \/>\n\t<meta property=\"og:image:height\" content=\"360\" \/>\n\t<meta property=\"og:image:type\" content=\"image\/jpeg\" \/>\n<meta name=\"author\" content=\"cfeditorfr\" \/>\n<meta name=\"twitter:card\" content=\"summary_large_image\" \/>\n<meta name=\"twitter:label1\" content=\"\u00c9crit par\" \/>\n\t<meta name=\"twitter:data1\" content=\"cfeditorfr\" \/>\n\t<meta name=\"twitter:label2\" content=\"Dur\u00e9e de lecture estim\u00e9e\" \/>\n\t<meta name=\"twitter:data2\" content=\"1 minute\" \/>\n<script type=\"application\/ld+json\" class=\"yoast-schema-graph\">{\"@context\":\"https:\/\/schema.org\",\"@graph\":[{\"@type\":\"Article\",\"@id\":\"https:\/\/www.africa-press.net\/cameroun\/politique\/le-fmi-le-lache-pas-le-cameroun-une-importante-delegation-recue-par-motaze#article\",\"isPartOf\":{\"@id\":\"https:\/\/www.africa-press.net\/cameroun\/politique\/le-fmi-le-lache-pas-le-cameroun-une-importante-delegation-recue-par-motaze\"},\"author\":{\"name\":\"cfeditorfr\",\"@id\":\"https:\/\/www.africa-press.net\/cameroun\/#\/schema\/person\/2b1cf3cd81a31e3cd26889ca66d677f1\"},\"headline\":\"Le FMI le l\u00e2che pas le Cameroun : une importante d\u00e9l\u00e9gation re\u00e7ue par Motaze\",\"datePublished\":\"2023-03-15T17:54:17+00:00\",\"dateModified\":\"2023-03-15T18:42:45+00:00\",\"mainEntityOfPage\":{\"@id\":\"https:\/\/www.africa-press.net\/cameroun\/politique\/le-fmi-le-lache-pas-le-cameroun-une-importante-delegation-recue-par-motaze\"},\"wordCount\":232,\"commentCount\":0,\"image\":{\"@id\":\"https:\/\/www.africa-press.net\/cameroun\/politique\/le-fmi-le-lache-pas-le-cameroun-une-importante-delegation-recue-par-motaze#primaryimage\"},\"thumbnailUrl\":\"https:\/\/static.africa-press.net\/cameroun\/sites\/57\/2023\/03\/postQueueImg_1678890262.77.jpg\",\"keywords\":[\"Africa Press\",\"Africa Press-Cameroun\",\"Cameroun\"],\"articleSection\":[\"Politique\",\"Toutes les actualit\u00e9s\",\"vid\u00e9o\"],\"inLanguage\":\"fr-FR\",\"potentialAction\":[{\"@type\":\"CommentAction\",\"name\":\"Comment\",\"target\":[\"https:\/\/www.africa-press.net\/cameroun\/politique\/le-fmi-le-lache-pas-le-cameroun-une-importante-delegation-recue-par-motaze#respond\"]}]},{\"@type\":\"WebPage\",\"@id\":\"https:\/\/www.africa-press.net\/cameroun\/politique\/le-fmi-le-lache-pas-le-cameroun-une-importante-delegation-recue-par-motaze\",\"url\":\"https:\/\/www.africa-press.net\/cameroun\/politique\/le-fmi-le-lache-pas-le-cameroun-une-importante-delegation-recue-par-motaze\",\"name\":\"Le FMI le l\u00e2che pas le Cameroun : une importante d\u00e9l\u00e9gation re\u00e7ue par Motaze - Cameroun\",\"isPartOf\":{\"@id\":\"https:\/\/www.africa-press.net\/cameroun\/#website\"},\"primaryImageOfPage\":{\"@id\":\"https:\/\/www.africa-press.net\/cameroun\/politique\/le-fmi-le-lache-pas-le-cameroun-une-importante-delegation-recue-par-motaze#primaryimage\"},\"image\":{\"@id\":\"https:\/\/www.africa-press.net\/cameroun\/politique\/le-fmi-le-lache-pas-le-cameroun-une-importante-delegation-recue-par-motaze#primaryimage\"},\"thumbnailUrl\":\"https:\/\/static.africa-press.net\/cameroun\/sites\/57\/2023\/03\/postQueueImg_1678890262.77.jpg\",\"datePublished\":\"2023-03-15T17:54:17+00:00\",\"dateModified\":\"2023-03-15T18:42:45+00:00\",\"author\":{\"@id\":\"https:\/\/www.africa-press.net\/cameroun\/#\/schema\/person\/2b1cf3cd81a31e3cd26889ca66d677f1\"},\"description\":\"Le FMI ne la\u0302che pas le Cameroun. Une forte de\u0301le\u0301gation de l\u2019institution financie\u0300re se\u0301journe au Cameroun de Paul Biya ...\",\"breadcrumb\":{\"@id\":\"https:\/\/www.africa-press.net\/cameroun\/politique\/le-fmi-le-lache-pas-le-cameroun-une-importante-delegation-recue-par-motaze#breadcrumb\"},\"inLanguage\":\"fr-FR\",\"potentialAction\":[{\"@type\":\"ReadAction\",\"target\":[\"https:\/\/www.africa-press.net\/cameroun\/politique\/le-fmi-le-lache-pas-le-cameroun-une-importante-delegation-recue-par-motaze\"]}]},{\"@type\":\"ImageObject\",\"inLanguage\":\"fr-FR\",\"@id\":\"https:\/\/www.africa-press.net\/cameroun\/politique\/le-fmi-le-lache-pas-le-cameroun-une-importante-delegation-recue-par-motaze#primaryimage\",\"url\":\"https:\/\/static.africa-press.net\/cameroun\/sites\/57\/2023\/03\/postQueueImg_1678890262.77.jpg\",\"contentUrl\":\"https:\/\/static.africa-press.net\/cameroun\/sites\/57\/2023\/03\/postQueueImg_1678890262.77.jpg\",\"width\":720,\"height\":360,\"caption\":\"Le FMI le l\u00e2che pas le Cameroun : une importante d\u00e9l\u00e9gation re\u00e7ue par Motaze\"},{\"@type\":\"BreadcrumbList\",\"@id\":\"https:\/\/www.africa-press.net\/cameroun\/politique\/le-fmi-le-lache-pas-le-cameroun-une-importante-delegation-recue-par-motaze#breadcrumb\",\"itemListElement\":[{\"@type\":\"ListItem\",\"position\":1,\"name\":\"Accueil\",\"item\":\"https:\/\/www.africa-press.net\/cameroun\/\"},{\"@type\":\"ListItem\",\"position\":2,\"name\":\"Le FMI le l\u00e2che pas le Cameroun : une importante d\u00e9l\u00e9gation re\u00e7ue par Motaze\"}]},{\"@type\":\"WebSite\",\"@id\":\"https:\/\/www.africa-press.net\/cameroun\/#website\",\"url\":\"https:\/\/www.africa-press.net\/cameroun\/\",\"name\":\"Cameroun\",\"description\":\"Just another Africa News Agency Sites site\",\"potentialAction\":[{\"@type\":\"SearchAction\",\"target\":{\"@type\":\"EntryPoint\",\"urlTemplate\":\"https:\/\/www.africa-press.net\/cameroun\/?s={search_term_string}\"},\"query-input\":{\"@type\":\"PropertyValueSpecification\",\"valueRequired\":true,\"valueName\":\"search_term_string\"}}],\"inLanguage\":\"fr-FR\"},{\"@type\":\"Person\",\"@id\":\"https:\/\/www.africa-press.net\/cameroun\/#\/schema\/person\/2b1cf3cd81a31e3cd26889ca66d677f1\",\"name\":\"cfeditorfr\"}]}<\/script>\n<!-- \/ Yoast SEO Premium plugin. -->","yoast_head_json":{"title":"Le FMI le l\u00e2che pas le Cameroun : une importante d\u00e9l\u00e9gation re\u00e7ue par Motaze - Cameroun","description":"Le FMI ne la\u0302che pas le Cameroun. Une forte de\u0301le\u0301gation de l\u2019institution financie\u0300re se\u0301journe au Cameroun de Paul Biya ...","robots":{"index":"index","follow":"follow","max-snippet":"max-snippet:-1","max-image-preview":"max-image-preview:large","max-video-preview":"max-video-preview:-1"},"canonical":"https:\/\/www.africa-press.net\/cameroun\/politique\/le-fmi-le-lache-pas-le-cameroun-une-importante-delegation-recue-par-motaze","og_locale":"fr_FR","og_type":"article","og_title":"Le FMI le l\u00e2che pas le Cameroun : une importante d\u00e9l\u00e9gation re\u00e7ue par Motaze","og_description":"Le FMI ne la\u0302che pas le Cameroun. Une forte de\u0301le\u0301gation de l\u2019institution financie\u0300re se\u0301journe au Cameroun de Paul Biya ...","og_url":"https:\/\/www.africa-press.net\/cameroun\/politique\/le-fmi-le-lache-pas-le-cameroun-une-importante-delegation-recue-par-motaze","og_site_name":"Cameroun","article_published_time":"2023-03-15T17:54:17+00:00","article_modified_time":"2023-03-15T18:42:45+00:00","og_image":[{"width":720,"height":360,"url":"https:\/\/static.africa-press.net\/cameroun\/sites\/57\/2023\/03\/postQueueImg_1678890262.77.jpg","type":"image\/jpeg"}],"author":"cfeditorfr","twitter_card":"summary_large_image","twitter_misc":{"\u00c9crit par":"cfeditorfr","Dur\u00e9e de lecture estim\u00e9e":"1 minute"},"schema":{"@context":"https:\/\/schema.org","@graph":[{"@type":"Article","@id":"https:\/\/www.africa-press.net\/cameroun\/politique\/le-fmi-le-lache-pas-le-cameroun-une-importante-delegation-recue-par-motaze#article","isPartOf":{"@id":"https:\/\/www.africa-press.net\/cameroun\/politique\/le-fmi-le-lache-pas-le-cameroun-une-importante-delegation-recue-par-motaze"},"author":{"name":"cfeditorfr","@id":"https:\/\/www.africa-press.net\/cameroun\/#\/schema\/person\/2b1cf3cd81a31e3cd26889ca66d677f1"},"headline":"Le FMI le l\u00e2che pas le Cameroun : une importante d\u00e9l\u00e9gation re\u00e7ue par Motaze","datePublished":"2023-03-15T17:54:17+00:00","dateModified":"2023-03-15T18:42:45+00:00","mainEntityOfPage":{"@id":"https:\/\/www.africa-press.net\/cameroun\/politique\/le-fmi-le-lache-pas-le-cameroun-une-importante-delegation-recue-par-motaze"},"wordCount":232,"commentCount":0,"image":{"@id":"https:\/\/www.africa-press.net\/cameroun\/politique\/le-fmi-le-lache-pas-le-cameroun-une-importante-delegation-recue-par-motaze#primaryimage"},"thumbnailUrl":"https:\/\/static.africa-press.net\/cameroun\/sites\/57\/2023\/03\/postQueueImg_1678890262.77.jpg","keywords":["Africa Press","Africa Press-Cameroun","Cameroun"],"articleSection":["Politique","Toutes les actualit\u00e9s","vid\u00e9o"],"inLanguage":"fr-FR","potentialAction":[{"@type":"CommentAction","name":"Comment","target":["https:\/\/www.africa-press.net\/cameroun\/politique\/le-fmi-le-lache-pas-le-cameroun-une-importante-delegation-recue-par-motaze#respond"]}]},{"@type":"WebPage","@id":"https:\/\/www.africa-press.net\/cameroun\/politique\/le-fmi-le-lache-pas-le-cameroun-une-importante-delegation-recue-par-motaze","url":"https:\/\/www.africa-press.net\/cameroun\/politique\/le-fmi-le-lache-pas-le-cameroun-une-importante-delegation-recue-par-motaze","name":"Le FMI le l\u00e2che pas le Cameroun : une importante d\u00e9l\u00e9gation re\u00e7ue par Motaze - Cameroun","isPartOf":{"@id":"https:\/\/www.africa-press.net\/cameroun\/#website"},"primaryImageOfPage":{"@id":"https:\/\/www.africa-press.net\/cameroun\/politique\/le-fmi-le-lache-pas-le-cameroun-une-importante-delegation-recue-par-motaze#primaryimage"},"image":{"@id":"https:\/\/www.africa-press.net\/cameroun\/politique\/le-fmi-le-lache-pas-le-cameroun-une-importante-delegation-recue-par-motaze#primaryimage"},"thumbnailUrl":"https:\/\/static.africa-press.net\/cameroun\/sites\/57\/2023\/03\/postQueueImg_1678890262.77.jpg","datePublished":"2023-03-15T17:54:17+00:00","dateModified":"2023-03-15T18:42:45+00:00","author":{"@id":"https:\/\/www.africa-press.net\/cameroun\/#\/schema\/person\/2b1cf3cd81a31e3cd26889ca66d677f1"},"description":"Le FMI ne la\u0302che pas le Cameroun. Une forte de\u0301le\u0301gation de l\u2019institution financie\u0300re se\u0301journe au Cameroun de Paul Biya ...","breadcrumb":{"@id":"https:\/\/www.africa-press.net\/cameroun\/politique\/le-fmi-le-lache-pas-le-cameroun-une-importante-delegation-recue-par-motaze#breadcrumb"},"inLanguage":"fr-FR","potentialAction":[{"@type":"ReadAction","target":["https:\/\/www.africa-press.net\/cameroun\/politique\/le-fmi-le-lache-pas-le-cameroun-une-importante-delegation-recue-par-motaze"]}]},{"@type":"ImageObject","inLanguage":"fr-FR","@id":"https:\/\/www.africa-press.net\/cameroun\/politique\/le-fmi-le-lache-pas-le-cameroun-une-importante-delegation-recue-par-motaze#primaryimage","url":"https:\/\/static.africa-press.net\/cameroun\/sites\/57\/2023\/03\/postQueueImg_1678890262.77.jpg","contentUrl":"https:\/\/static.africa-press.net\/cameroun\/sites\/57\/2023\/03\/postQueueImg_1678890262.77.jpg","width":720,"height":360,"caption":"Le FMI le l\u00e2che pas le Cameroun : une importante d\u00e9l\u00e9gation re\u00e7ue par Motaze"},{"@type":"BreadcrumbList","@id":"https:\/\/www.africa-press.net\/cameroun\/politique\/le-fmi-le-lache-pas-le-cameroun-une-importante-delegation-recue-par-motaze#breadcrumb","itemListElement":[{"@type":"ListItem","position":1,"name":"Accueil","item":"https:\/\/www.africa-press.net\/cameroun\/"},{"@type":"ListItem","position":2,"name":"Le FMI le l\u00e2che pas le Cameroun : une importante d\u00e9l\u00e9gation re\u00e7ue par Motaze"}]},{"@type":"WebSite","@id":"https:\/\/www.africa-press.net\/cameroun\/#website","url":"https:\/\/www.africa-press.net\/cameroun\/","name":"Cameroun","description":"Just another Africa News Agency Sites site","potentialAction":[{"@type":"SearchAction","target":{"@type":"EntryPoint","urlTemplate":"https:\/\/www.africa-press.net\/cameroun\/?s={search_term_string}"},"query-input":{"@type":"PropertyValueSpecification","valueRequired":true,"valueName":"search_term_string"}}],"inLanguage":"fr-FR"},{"@type":"Person","@id":"https:\/\/www.africa-press.net\/cameroun\/#\/schema\/person\/2b1cf3cd81a31e3cd26889ca66d677f1","name":"cfeditorfr"}]}},"_links":{"self":[{"href":"https:\/\/www.africa-press.net\/cameroun\/wp-json\/wp\/v2\/posts\/39384","targetHints":{"allow":["GET"]}}],"collection":[{"href":"https:\/\/www.africa-press.net\/cameroun\/wp-json\/wp\/v2\/posts"}],"about":[{"href":"https:\/\/www.africa-press.net\/cameroun\/wp-json\/wp\/v2\/types\/post"}],"author":[{"embeddable":true,"href":"https:\/\/www.africa-press.net\/cameroun\/wp-json\/wp\/v2\/users\/82"}],"replies":[{"embeddable":true,"href":"https:\/\/www.africa-press.net\/cameroun\/wp-json\/wp\/v2\/comments?post=39384"}],"version-history":[{"count":0,"href":"https:\/\/www.africa-press.net\/cameroun\/wp-json\/wp\/v2\/posts\/39384\/revisions"}],"wp:featuredmedia":[{"embeddable":true,"href":"https:\/\/www.africa-press.net\/cameroun\/wp-json\/wp\/v2\/media\/39383"}],"wp:attachment":[{"href":"https:\/\/www.africa-press.net\/cameroun\/wp-json\/wp\/v2\/media?parent=39384"}],"wp:term":[{"taxonomy":"category","embeddable":true,"href":"https:\/\/www.africa-press.net\/cameroun\/wp-json\/wp\/v2\/categories?post=39384"},{"taxonomy":"post_tag","embeddable":true,"href":"https:\/\/www.africa-press.net\/cameroun\/wp-json\/wp\/v2\/tags?post=39384"}],"curies":[{"name":"wp","href":"https:\/\/api.w.org\/{rel}","templated":true}]}}