{"id":39387,"date":"2023-03-15T17:54:25","date_gmt":"2023-03-15T17:54:25","guid":{"rendered":"https:\/\/www.africa-press.net\/cameroun\/politique\/rattrape-par-le-passe-voici-lun-des-touts-premiers-crimes-dont-laurent-esso-est-accuse"},"modified":"2023-03-15T18:43:21","modified_gmt":"2023-03-15T18:43:21","slug":"rattrape-par-le-passe-voici-lun-des-touts-premiers-crimes-dont-laurent-esso-est-accuse","status":"publish","type":"post","link":"https:\/\/www.africa-press.net\/cameroun\/politique\/rattrape-par-le-passe-voici-lun-des-touts-premiers-crimes-dont-laurent-esso-est-accuse","title":{"rendered":"Rattrap\u00e9 par le pass\u00e9: voici l&rsquo;un des touts premiers &lsquo;crimes&rsquo; dont  Laurent Esso est accus\u00e9"},"content":{"rendered":"<p><span style=\"color: #ff6600\"><strong>Africa-Press &#8211; Cameroun. <\/strong><\/span>Aujourd&rsquo;hui cite\u0301 comme l&rsquo;un des commanditaires de l&rsquo;enle\u0300vement et la torture de feu Martinez Zogo, ce n&rsquo;est pas la premie\u0300re fois que le ministre des Finances, Louis-Paul Motaze est accuse\u0301 d&rsquo;avoir commandite\u0301 un meurtre.<\/p>\n<p>En 2010, Bibi Ngota, le directeur du journal \u00ab Cameroun Express \u00bb, un des trois journalistes camerounais e\u0301croue\u0301s pour \u00ab faux et usage de faux \u00bb et de\u0301tenu depuis le 10 mars, est de\u0301ce\u0301de\u0301 jeudi a\u0300 la prison de Yaounde\u0301.<\/p>\n<p>Alors que plusieurs camerounais parlaient de mort naturelle, certaines personnalite\u0301s ont sorti des preuves selon lesquelles, le journaliste avait e\u0301te\u0301 tue\u0301. L&rsquo;une des voix qui soutenaient cette the\u0300se, e\u0301tait feu Ateba Eyene. Ateba Yene affirmait sans ambages que Bibi Ngota avait e\u0301te\u0301 assassine\u0301 par Laurent Esso. Surprise, Ateba Eyene de\u0301ce\u0300de 6 mois plus tard, apre\u0300s qu&rsquo;il a commence\u0301 a\u0300 accuser le ministre.<\/p>\n<p>Dans une publication, Wilfried Ekanga revient sur ces deux meurtres dont le Minfi a e\u0301te\u0301 accuse\u0301, avant que n&rsquo;apparaisse l&rsquo;affaire Martinez Zogo, ou\u0300 son nom a e\u0301te\u0301 cite\u0301 par le colonel Justin Danwe\u0301, le chef du commando qui a enleve\u0301 et torture\u0301 le patron de Amplitude FM.<\/p>\n<p>\u00ab\u00a0Moi aussi j&rsquo;aimerais avoir le pouvoir d&rsquo;assassiner ceux qui me critiquent et m&rsquo;insultent tous les jours. Je n&rsquo;ai pas de Prado noir et c\u0327a m&rsquo;attriste e\u0301norme\u0301ment ! Je donnerais tout pour e\u0302tre de ceux-la\u0300 qui peuvent mobiliser des services entiers de la DGRE pour liquider leurs ennemis. Quel pouvoir ; quelle puissance ; quel charisme ! Et vous me demandez de ne pas e\u0302tre jaloux ? C&rsquo;est humainement impossible ! Quand Ateba Eyene affirme en juillet 2013 que Laurent Esso a tue\u0301 Bibi Ngotta, et que le me\u0302me Ateba de\u0301ce\u0300de 6 mois plus tard, en fe\u0301vrier 2014, c\u0327a s&rsquo;appelle un COUP DOUBLE ! Je veux connai\u0302tre le secret d&rsquo;une telle efficacite\u0301. Car je suis tellement aigri que j&rsquo;ai envie de voir Laurent Esso re\u0301pondre aux questions des juges sur ces dossiers\u00a0\u00bb, e\u0301crit le membre du MRC.<\/p>\n<p>\u00ab\u00a0J&rsquo;aurais bien aime\u0301 e\u0302tre le be\u0301ne\u0301ficiaire des lignes 94, 65 et 57 a\u0300 la place d&rsquo;Amougou. C\u0327a s&rsquo;appelle la Sainte Trinite\u0301 Financie\u0300re. Je re\u0302ve chaque nuit que c&rsquo;est moi qui posse\u0300de tous les moyens, 4 te\u0301le\u0301visions, et une ribambelle de journalistes pre\u0302ts a\u0300 rentrer dans le trou pour moi si je le leur demande. Que dire alors des 4 femmes de Belinga ? Moi qui n&rsquo;ai pas eu de rapport sexuel depuis l&rsquo;explosion de la centrale nucle\u0301aire de Tchernobyl en 1986 ! Mettez-vous a\u0300 ma place, comment ne pas e\u0302tre jaloux ?\u00a0\u00bb, peut-on e\u0301galement lire dans la tribune de Ekanga.<\/p>\n<p><strong>Pour plus d&rsquo;informations et d&rsquo;analyses sur la <a href=\"https:\/\/www.africa-press.net\/cameroun\">Cameroun<\/a>, suivez <a href=\"https:\/\/www.africa-press.net\/\">Africa-Press<\/a><\/strong><\/p>\n","protected":false},"excerpt":{"rendered":"<p>Africa-Press &#8211; Cameroun. Aujourd&rsquo;hui cite\u0301 comme l&rsquo;un des commanditaires de l&rsquo;enle\u0300vement et la torture de feu Martinez Zogo, ce n&rsquo;est pas la premie\u0300re fois que le ministre des Finances, Louis-Paul Motaze est accuse\u0301 d&rsquo;avoir commandite\u0301 un meurtre. En 2010, Bibi Ngota, le directeur du journal \u00ab Cameroun Express \u00bb, un des trois journalistes camerounais e\u0301croue\u0301s [&hellip;]<\/p>\n","protected":false},"author":82,"featured_media":39386,"comment_status":"open","ping_status":"closed","sticky":false,"template":"","format":"standard","meta":{"footnotes":""},"categories":[2,10],"tags":[36,50,49],"class_list":["post-39387","post","type-post","status-publish","format-standard","has-post-thumbnail","hentry","category-politique","category-toutes-les-actualites","tag-africa-press","tag-africa-press-cameroun","tag-cameroun"],"yoast_head":"<!-- This site is optimized with the Yoast SEO Premium plugin v26.1 (Yoast SEO v27.0) - https:\/\/yoast.com\/product\/yoast-seo-premium-wordpress\/ -->\n<title>Rattrap\u00e9 par le pass\u00e9: voici l&#039;un des touts premiers &#039;crimes&#039; dont Laurent Esso est accus\u00e9 - Cameroun<\/title>\n<meta name=\"description\" content=\"Aujourd&#039;hui cite\u0301 comme l&#039;un des commanditaires de l&#039;enle\u0300vement et la torture de feu Martinez Zogo, ce n&#039;est pas la pre ...\" \/>\n<meta name=\"robots\" content=\"index, follow, max-snippet:-1, max-image-preview:large, max-video-preview:-1\" \/>\n<link rel=\"canonical\" href=\"https:\/\/www.africa-press.net\/cameroun\/politique\/rattrape-par-le-passe-voici-lun-des-touts-premiers-crimes-dont-laurent-esso-est-accuse\" \/>\n<meta property=\"og:locale\" content=\"fr_FR\" \/>\n<meta property=\"og:type\" content=\"article\" \/>\n<meta property=\"og:title\" content=\"Rattrap\u00e9 par le pass\u00e9: voici l&#039;un des touts premiers &#039;crimes&#039; dont Laurent Esso est accus\u00e9\" \/>\n<meta property=\"og:description\" content=\"Aujourd&#039;hui cite\u0301 comme l&#039;un des commanditaires de l&#039;enle\u0300vement et la torture de feu Martinez Zogo, ce n&#039;est pas la pre ...\" \/>\n<meta property=\"og:url\" content=\"https:\/\/www.africa-press.net\/cameroun\/politique\/rattrape-par-le-passe-voici-lun-des-touts-premiers-crimes-dont-laurent-esso-est-accuse\" \/>\n<meta property=\"og:site_name\" content=\"Cameroun\" \/>\n<meta property=\"article:published_time\" content=\"2023-03-15T17:54:25+00:00\" \/>\n<meta property=\"article:modified_time\" content=\"2023-03-15T18:43:21+00:00\" \/>\n<meta property=\"og:image\" content=\"https:\/\/static.africa-press.net\/cameroun\/sites\/57\/2023\/03\/postQueueImg_1678890268.15.jpg\" \/>\n\t<meta property=\"og:image:width\" content=\"720\" \/>\n\t<meta property=\"og:image:height\" content=\"429\" \/>\n\t<meta property=\"og:image:type\" content=\"image\/jpeg\" \/>\n<meta name=\"author\" content=\"cfeditorfr\" \/>\n<meta name=\"twitter:card\" content=\"summary_large_image\" \/>\n<meta name=\"twitter:label1\" content=\"\u00c9crit par\" \/>\n\t<meta name=\"twitter:data1\" content=\"cfeditorfr\" \/>\n\t<meta name=\"twitter:label2\" content=\"Dur\u00e9e de lecture estim\u00e9e\" \/>\n\t<meta name=\"twitter:data2\" content=\"2 minutes\" \/>\n<script type=\"application\/ld+json\" class=\"yoast-schema-graph\">{\"@context\":\"https:\/\/schema.org\",\"@graph\":[{\"@type\":\"Article\",\"@id\":\"https:\/\/www.africa-press.net\/cameroun\/politique\/rattrape-par-le-passe-voici-lun-des-touts-premiers-crimes-dont-laurent-esso-est-accuse#article\",\"isPartOf\":{\"@id\":\"https:\/\/www.africa-press.net\/cameroun\/politique\/rattrape-par-le-passe-voici-lun-des-touts-premiers-crimes-dont-laurent-esso-est-accuse\"},\"author\":{\"name\":\"cfeditorfr\",\"@id\":\"https:\/\/www.africa-press.net\/cameroun\/#\/schema\/person\/2b1cf3cd81a31e3cd26889ca66d677f1\"},\"headline\":\"Rattrap\u00e9 par le pass\u00e9: voici l&rsquo;un des touts premiers &lsquo;crimes&rsquo; dont Laurent Esso est accus\u00e9\",\"datePublished\":\"2023-03-15T17:54:25+00:00\",\"dateModified\":\"2023-03-15T18:43:21+00:00\",\"mainEntityOfPage\":{\"@id\":\"https:\/\/www.africa-press.net\/cameroun\/politique\/rattrape-par-le-passe-voici-lun-des-touts-premiers-crimes-dont-laurent-esso-est-accuse\"},\"wordCount\":491,\"commentCount\":0,\"image\":{\"@id\":\"https:\/\/www.africa-press.net\/cameroun\/politique\/rattrape-par-le-passe-voici-lun-des-touts-premiers-crimes-dont-laurent-esso-est-accuse#primaryimage\"},\"thumbnailUrl\":\"https:\/\/static.africa-press.net\/cameroun\/sites\/57\/2023\/03\/postQueueImg_1678890268.15.jpg\",\"keywords\":[\"Africa Press\",\"Africa Press-Cameroun\",\"Cameroun\"],\"articleSection\":[\"Politique\",\"Toutes les actualit\u00e9s\"],\"inLanguage\":\"fr-FR\",\"potentialAction\":[{\"@type\":\"CommentAction\",\"name\":\"Comment\",\"target\":[\"https:\/\/www.africa-press.net\/cameroun\/politique\/rattrape-par-le-passe-voici-lun-des-touts-premiers-crimes-dont-laurent-esso-est-accuse#respond\"]}]},{\"@type\":\"WebPage\",\"@id\":\"https:\/\/www.africa-press.net\/cameroun\/politique\/rattrape-par-le-passe-voici-lun-des-touts-premiers-crimes-dont-laurent-esso-est-accuse\",\"url\":\"https:\/\/www.africa-press.net\/cameroun\/politique\/rattrape-par-le-passe-voici-lun-des-touts-premiers-crimes-dont-laurent-esso-est-accuse\",\"name\":\"Rattrap\u00e9 par le pass\u00e9: voici l'un des touts premiers 'crimes' dont Laurent Esso est accus\u00e9 - Cameroun\",\"isPartOf\":{\"@id\":\"https:\/\/www.africa-press.net\/cameroun\/#website\"},\"primaryImageOfPage\":{\"@id\":\"https:\/\/www.africa-press.net\/cameroun\/politique\/rattrape-par-le-passe-voici-lun-des-touts-premiers-crimes-dont-laurent-esso-est-accuse#primaryimage\"},\"image\":{\"@id\":\"https:\/\/www.africa-press.net\/cameroun\/politique\/rattrape-par-le-passe-voici-lun-des-touts-premiers-crimes-dont-laurent-esso-est-accuse#primaryimage\"},\"thumbnailUrl\":\"https:\/\/static.africa-press.net\/cameroun\/sites\/57\/2023\/03\/postQueueImg_1678890268.15.jpg\",\"datePublished\":\"2023-03-15T17:54:25+00:00\",\"dateModified\":\"2023-03-15T18:43:21+00:00\",\"author\":{\"@id\":\"https:\/\/www.africa-press.net\/cameroun\/#\/schema\/person\/2b1cf3cd81a31e3cd26889ca66d677f1\"},\"description\":\"Aujourd'hui cite\u0301 comme l'un des commanditaires de l'enle\u0300vement et la torture de feu Martinez Zogo, ce n'est pas la pre ...\",\"breadcrumb\":{\"@id\":\"https:\/\/www.africa-press.net\/cameroun\/politique\/rattrape-par-le-passe-voici-lun-des-touts-premiers-crimes-dont-laurent-esso-est-accuse#breadcrumb\"},\"inLanguage\":\"fr-FR\",\"potentialAction\":[{\"@type\":\"ReadAction\",\"target\":[\"https:\/\/www.africa-press.net\/cameroun\/politique\/rattrape-par-le-passe-voici-lun-des-touts-premiers-crimes-dont-laurent-esso-est-accuse\"]}]},{\"@type\":\"ImageObject\",\"inLanguage\":\"fr-FR\",\"@id\":\"https:\/\/www.africa-press.net\/cameroun\/politique\/rattrape-par-le-passe-voici-lun-des-touts-premiers-crimes-dont-laurent-esso-est-accuse#primaryimage\",\"url\":\"https:\/\/static.africa-press.net\/cameroun\/sites\/57\/2023\/03\/postQueueImg_1678890268.15.jpg\",\"contentUrl\":\"https:\/\/static.africa-press.net\/cameroun\/sites\/57\/2023\/03\/postQueueImg_1678890268.15.jpg\",\"width\":720,\"height\":429,\"caption\":\"Rattrap\u00e9 par le pass\u00e9: voici l'un des touts premiers 'crimes' dont Laurent Esso est accus\u00e9\"},{\"@type\":\"BreadcrumbList\",\"@id\":\"https:\/\/www.africa-press.net\/cameroun\/politique\/rattrape-par-le-passe-voici-lun-des-touts-premiers-crimes-dont-laurent-esso-est-accuse#breadcrumb\",\"itemListElement\":[{\"@type\":\"ListItem\",\"position\":1,\"name\":\"Accueil\",\"item\":\"https:\/\/www.africa-press.net\/cameroun\/\"},{\"@type\":\"ListItem\",\"position\":2,\"name\":\"Rattrap\u00e9 par le pass\u00e9: voici l&rsquo;un des touts premiers &lsquo;crimes&rsquo; dont Laurent Esso est accus\u00e9\"}]},{\"@type\":\"WebSite\",\"@id\":\"https:\/\/www.africa-press.net\/cameroun\/#website\",\"url\":\"https:\/\/www.africa-press.net\/cameroun\/\",\"name\":\"Cameroun\",\"description\":\"Just another Africa News Agency Sites site\",\"potentialAction\":[{\"@type\":\"SearchAction\",\"target\":{\"@type\":\"EntryPoint\",\"urlTemplate\":\"https:\/\/www.africa-press.net\/cameroun\/?s={search_term_string}\"},\"query-input\":{\"@type\":\"PropertyValueSpecification\",\"valueRequired\":true,\"valueName\":\"search_term_string\"}}],\"inLanguage\":\"fr-FR\"},{\"@type\":\"Person\",\"@id\":\"https:\/\/www.africa-press.net\/cameroun\/#\/schema\/person\/2b1cf3cd81a31e3cd26889ca66d677f1\",\"name\":\"cfeditorfr\"}]}<\/script>\n<!-- \/ Yoast SEO Premium plugin. -->","yoast_head_json":{"title":"Rattrap\u00e9 par le pass\u00e9: voici l'un des touts premiers 'crimes' dont Laurent Esso est accus\u00e9 - Cameroun","description":"Aujourd'hui cite\u0301 comme l'un des commanditaires de l'enle\u0300vement et la torture de feu Martinez Zogo, ce n'est pas la pre ...","robots":{"index":"index","follow":"follow","max-snippet":"max-snippet:-1","max-image-preview":"max-image-preview:large","max-video-preview":"max-video-preview:-1"},"canonical":"https:\/\/www.africa-press.net\/cameroun\/politique\/rattrape-par-le-passe-voici-lun-des-touts-premiers-crimes-dont-laurent-esso-est-accuse","og_locale":"fr_FR","og_type":"article","og_title":"Rattrap\u00e9 par le pass\u00e9: voici l'un des touts premiers 'crimes' dont Laurent Esso est accus\u00e9","og_description":"Aujourd'hui cite\u0301 comme l'un des commanditaires de l'enle\u0300vement et la torture de feu Martinez Zogo, ce n'est pas la pre ...","og_url":"https:\/\/www.africa-press.net\/cameroun\/politique\/rattrape-par-le-passe-voici-lun-des-touts-premiers-crimes-dont-laurent-esso-est-accuse","og_site_name":"Cameroun","article_published_time":"2023-03-15T17:54:25+00:00","article_modified_time":"2023-03-15T18:43:21+00:00","og_image":[{"width":720,"height":429,"url":"https:\/\/static.africa-press.net\/cameroun\/sites\/57\/2023\/03\/postQueueImg_1678890268.15.jpg","type":"image\/jpeg"}],"author":"cfeditorfr","twitter_card":"summary_large_image","twitter_misc":{"\u00c9crit par":"cfeditorfr","Dur\u00e9e de lecture estim\u00e9e":"2 minutes"},"schema":{"@context":"https:\/\/schema.org","@graph":[{"@type":"Article","@id":"https:\/\/www.africa-press.net\/cameroun\/politique\/rattrape-par-le-passe-voici-lun-des-touts-premiers-crimes-dont-laurent-esso-est-accuse#article","isPartOf":{"@id":"https:\/\/www.africa-press.net\/cameroun\/politique\/rattrape-par-le-passe-voici-lun-des-touts-premiers-crimes-dont-laurent-esso-est-accuse"},"author":{"name":"cfeditorfr","@id":"https:\/\/www.africa-press.net\/cameroun\/#\/schema\/person\/2b1cf3cd81a31e3cd26889ca66d677f1"},"headline":"Rattrap\u00e9 par le pass\u00e9: voici l&rsquo;un des touts premiers &lsquo;crimes&rsquo; dont Laurent Esso est accus\u00e9","datePublished":"2023-03-15T17:54:25+00:00","dateModified":"2023-03-15T18:43:21+00:00","mainEntityOfPage":{"@id":"https:\/\/www.africa-press.net\/cameroun\/politique\/rattrape-par-le-passe-voici-lun-des-touts-premiers-crimes-dont-laurent-esso-est-accuse"},"wordCount":491,"commentCount":0,"image":{"@id":"https:\/\/www.africa-press.net\/cameroun\/politique\/rattrape-par-le-passe-voici-lun-des-touts-premiers-crimes-dont-laurent-esso-est-accuse#primaryimage"},"thumbnailUrl":"https:\/\/static.africa-press.net\/cameroun\/sites\/57\/2023\/03\/postQueueImg_1678890268.15.jpg","keywords":["Africa Press","Africa Press-Cameroun","Cameroun"],"articleSection":["Politique","Toutes les actualit\u00e9s"],"inLanguage":"fr-FR","potentialAction":[{"@type":"CommentAction","name":"Comment","target":["https:\/\/www.africa-press.net\/cameroun\/politique\/rattrape-par-le-passe-voici-lun-des-touts-premiers-crimes-dont-laurent-esso-est-accuse#respond"]}]},{"@type":"WebPage","@id":"https:\/\/www.africa-press.net\/cameroun\/politique\/rattrape-par-le-passe-voici-lun-des-touts-premiers-crimes-dont-laurent-esso-est-accuse","url":"https:\/\/www.africa-press.net\/cameroun\/politique\/rattrape-par-le-passe-voici-lun-des-touts-premiers-crimes-dont-laurent-esso-est-accuse","name":"Rattrap\u00e9 par le pass\u00e9: voici l'un des touts premiers 'crimes' dont Laurent Esso est accus\u00e9 - Cameroun","isPartOf":{"@id":"https:\/\/www.africa-press.net\/cameroun\/#website"},"primaryImageOfPage":{"@id":"https:\/\/www.africa-press.net\/cameroun\/politique\/rattrape-par-le-passe-voici-lun-des-touts-premiers-crimes-dont-laurent-esso-est-accuse#primaryimage"},"image":{"@id":"https:\/\/www.africa-press.net\/cameroun\/politique\/rattrape-par-le-passe-voici-lun-des-touts-premiers-crimes-dont-laurent-esso-est-accuse#primaryimage"},"thumbnailUrl":"https:\/\/static.africa-press.net\/cameroun\/sites\/57\/2023\/03\/postQueueImg_1678890268.15.jpg","datePublished":"2023-03-15T17:54:25+00:00","dateModified":"2023-03-15T18:43:21+00:00","author":{"@id":"https:\/\/www.africa-press.net\/cameroun\/#\/schema\/person\/2b1cf3cd81a31e3cd26889ca66d677f1"},"description":"Aujourd'hui cite\u0301 comme l'un des commanditaires de l'enle\u0300vement et la torture de feu Martinez Zogo, ce n'est pas la pre ...","breadcrumb":{"@id":"https:\/\/www.africa-press.net\/cameroun\/politique\/rattrape-par-le-passe-voici-lun-des-touts-premiers-crimes-dont-laurent-esso-est-accuse#breadcrumb"},"inLanguage":"fr-FR","potentialAction":[{"@type":"ReadAction","target":["https:\/\/www.africa-press.net\/cameroun\/politique\/rattrape-par-le-passe-voici-lun-des-touts-premiers-crimes-dont-laurent-esso-est-accuse"]}]},{"@type":"ImageObject","inLanguage":"fr-FR","@id":"https:\/\/www.africa-press.net\/cameroun\/politique\/rattrape-par-le-passe-voici-lun-des-touts-premiers-crimes-dont-laurent-esso-est-accuse#primaryimage","url":"https:\/\/static.africa-press.net\/cameroun\/sites\/57\/2023\/03\/postQueueImg_1678890268.15.jpg","contentUrl":"https:\/\/static.africa-press.net\/cameroun\/sites\/57\/2023\/03\/postQueueImg_1678890268.15.jpg","width":720,"height":429,"caption":"Rattrap\u00e9 par le pass\u00e9: voici l'un des touts premiers 'crimes' dont Laurent Esso est accus\u00e9"},{"@type":"BreadcrumbList","@id":"https:\/\/www.africa-press.net\/cameroun\/politique\/rattrape-par-le-passe-voici-lun-des-touts-premiers-crimes-dont-laurent-esso-est-accuse#breadcrumb","itemListElement":[{"@type":"ListItem","position":1,"name":"Accueil","item":"https:\/\/www.africa-press.net\/cameroun\/"},{"@type":"ListItem","position":2,"name":"Rattrap\u00e9 par le pass\u00e9: voici l&rsquo;un des touts premiers &lsquo;crimes&rsquo; dont Laurent Esso est accus\u00e9"}]},{"@type":"WebSite","@id":"https:\/\/www.africa-press.net\/cameroun\/#website","url":"https:\/\/www.africa-press.net\/cameroun\/","name":"Cameroun","description":"Just another Africa News Agency Sites site","potentialAction":[{"@type":"SearchAction","target":{"@type":"EntryPoint","urlTemplate":"https:\/\/www.africa-press.net\/cameroun\/?s={search_term_string}"},"query-input":{"@type":"PropertyValueSpecification","valueRequired":true,"valueName":"search_term_string"}}],"inLanguage":"fr-FR"},{"@type":"Person","@id":"https:\/\/www.africa-press.net\/cameroun\/#\/schema\/person\/2b1cf3cd81a31e3cd26889ca66d677f1","name":"cfeditorfr"}]}},"_links":{"self":[{"href":"https:\/\/www.africa-press.net\/cameroun\/wp-json\/wp\/v2\/posts\/39387","targetHints":{"allow":["GET"]}}],"collection":[{"href":"https:\/\/www.africa-press.net\/cameroun\/wp-json\/wp\/v2\/posts"}],"about":[{"href":"https:\/\/www.africa-press.net\/cameroun\/wp-json\/wp\/v2\/types\/post"}],"author":[{"embeddable":true,"href":"https:\/\/www.africa-press.net\/cameroun\/wp-json\/wp\/v2\/users\/82"}],"replies":[{"embeddable":true,"href":"https:\/\/www.africa-press.net\/cameroun\/wp-json\/wp\/v2\/comments?post=39387"}],"version-history":[{"count":0,"href":"https:\/\/www.africa-press.net\/cameroun\/wp-json\/wp\/v2\/posts\/39387\/revisions"}],"wp:featuredmedia":[{"embeddable":true,"href":"https:\/\/www.africa-press.net\/cameroun\/wp-json\/wp\/v2\/media\/39386"}],"wp:attachment":[{"href":"https:\/\/www.africa-press.net\/cameroun\/wp-json\/wp\/v2\/media?parent=39387"}],"wp:term":[{"taxonomy":"category","embeddable":true,"href":"https:\/\/www.africa-press.net\/cameroun\/wp-json\/wp\/v2\/categories?post=39387"},{"taxonomy":"post_tag","embeddable":true,"href":"https:\/\/www.africa-press.net\/cameroun\/wp-json\/wp\/v2\/tags?post=39387"}],"curies":[{"name":"wp","href":"https:\/\/api.w.org\/{rel}","templated":true}]}}