{"id":39391,"date":"2023-03-15T17:54:30","date_gmt":"2023-03-15T17:54:30","guid":{"rendered":"https:\/\/www.africa-press.net\/cameroun\/politique\/ils-veulent-la-tete-detoo-le-conseil-transitoire-du-football-professionnel-communique"},"modified":"2023-03-15T18:43:55","modified_gmt":"2023-03-15T18:43:55","slug":"ils-veulent-la-tete-detoo-le-conseil-transitoire-du-football-professionnel-communique","status":"publish","type":"post","link":"https:\/\/www.africa-press.net\/cameroun\/politique\/ils-veulent-la-tete-detoo-le-conseil-transitoire-du-football-professionnel-communique","title":{"rendered":"\u2018Ils veulent la t\u00eate d\u2019Eto\u2019o\u2019 : le Conseil Transitoire du Football Professionnel communique"},"content":{"rendered":"<p><span style=\"color: #ff6600\"><strong>Africa-Press &#8211; Cameroun. <\/strong><\/span>Un grave incident s\u2019est produit au Stade de la Re\u0301unification a\u0300 Douala le dimanche dernier lors de la 16e\u0300me journe\u0301e du championnat professionnel MTN ELITE ONE. Suite a\u0300 l\u2019incident, le Secre\u0301taire Ge\u0301ne\u0301ral du Conseil Transitoire du Football Professionnel a tenu a\u0300 faire des pre\u0301cisions via un communique\u0301.<\/p>\n<p>\u00ab Le dimanche 12 Mars 2023, une coupure accidentelle d&rsquo;e\u0301lectricite\u0301 est survenue a\u0300 l&rsquo;issue des rencontres de la 16e\u0300me journe\u0301e du championnat professionnel MTN ELITE ONE au Stade de la Re\u0301unification a\u0300 Douala, plongeant le public dans l&rsquo;obscurite\u0301 et empe\u0302chant les journalistes de poursuivre avec les traditionnelles interviews de fin de rencontres \u00bb, lit-on dans le communique\u0301 du secre\u0301taire.<\/p>\n<p>\u00ab Le CTFP tient a\u0300 pre\u0301senter ses since\u0300res excuses aupre\u0300s du public d&rsquo;une part, et particulie\u0300rement aux journalistes qui ont e\u0301te\u0301 perturbe\u0301s dans l&rsquo;exe\u0301cution de leurs ta\u0302ches, d&rsquo;autre part. Des dispositions sont d&rsquo;ores et de\u0301ja\u0300 prises afin d&rsquo;e\u0301viter que ne se re\u0301pe\u0300tent des incidents de cette nature sommes toutes regrettables \u00bb, pre\u0301cise-t-il.<\/p>\n<p>\u00ab En outre, le CTFP tient a\u0300 re\u0301affirmer la conside\u0301ration qu&rsquo;il porte aux journalistes en ge\u0301ne\u0301ral et aux journalistes sportifs en particulier dont il en a fait des partenaires privile\u0301gie\u0301s dans la poursuite de ses missions \u00bb, rassure-t-on.<\/p>\n<p>Enfin, \u00ab pour ce qui est des stadiers dont l&rsquo;attitude a e\u0301te\u0301 de\u0301nonce\u0301e, nous en prenons acte et tenons a\u0300 rassurer le public et les autres intervenants que des mesures sont envisage\u0301es par le Pre\u0301sident de la FECAFOOT a\u0300 l&rsquo;effet d&rsquo;assurer la formation de ces personnels. \u00bb<\/p>\n<p>Dans les commentaires, plusieurs internautes indiquent qu&rsquo;il veulent pluto\u0302t la te\u0302te de Samuel Eto&rsquo;o, le pre\u0301sident de la Fecafoot. \u00ab\u00a0Pas besoin de se justifier, ils veulent la te\u0302te du Pre\u0301sident, qu&rsquo;ils le disent ouvertement. Nous les voyons venir depuis fort longtemps, si ce n&rsquo;e\u0301tait ce Pre\u0301sident, avaient-ils par le passe\u0301 l&rsquo;occasion de diffuser en match du championnat Camerounais en direct ? Me\u0302me couvrir un match pour une rediffusion ? Restez tranquille, nous peuple Camerounais attendons seulement la be\u0302tise. S&rsquo;ils ont l&rsquo;intention de de\u0301stabiliser ce pays, qu&rsquo;ils s&rsquo;attaquent directement au politique et non a\u0300 notre chapelle dite des E\u0301glises de re\u0301veil de tsinga. Ils confirmeront le code\u00a0\u00bb, a e\u0301crit un internaute.<\/p>\n<p>\u00ab\u00a0C\u2019est beau les communique\u0301s, mas il faut passer a\u0300 l\u2019acte pre\u0301sident. Depuis quelques semaines, une campagne de boycotte se vit dans le championnat camerounais: tre\u0300s mauvais management des e\u0301quipes ( pre\u0301sidents malhonne\u0302tes et joueurs tre\u0300s excite\u0301s au stade), inse\u0301curite\u0301 du staff lors des matchs et arbitrage en mode sous quartier (avec soupc\u0327on de corruption), faute technique (coupure d\u2019e\u0301lectricite\u0301 etc)&#8230;. Il faut passer a\u0300 l\u2019acte la pre\u0301sident\u00a0\u00bb, a e\u0301crit un autre.<\/p>\n<p><strong>Pour plus d&rsquo;informations et d&rsquo;analyses sur la <a href=\"https:\/\/www.africa-press.net\/cameroun\">Cameroun<\/a>, suivez <a href=\"https:\/\/www.africa-press.net\/\">Africa-Press<\/a><\/strong><\/p>\n","protected":false},"excerpt":{"rendered":"<p>Africa-Press &#8211; Cameroun. Un grave incident s\u2019est produit au Stade de la Re\u0301unification a\u0300 Douala le dimanche dernier lors de la 16e\u0300me journe\u0301e du championnat professionnel MTN ELITE ONE. Suite a\u0300 l\u2019incident, le Secre\u0301taire Ge\u0301ne\u0301ral du Conseil Transitoire du Football Professionnel a tenu a\u0300 faire des pre\u0301cisions via un communique\u0301. \u00ab Le dimanche 12 Mars [&hellip;]<\/p>\n","protected":false},"author":82,"featured_media":39389,"comment_status":"open","ping_status":"closed","sticky":false,"template":"","format":"standard","meta":{"footnotes":""},"categories":[2,10],"tags":[36,50,49],"class_list":["post-39391","post","type-post","status-publish","format-standard","has-post-thumbnail","hentry","category-politique","category-toutes-les-actualites","tag-africa-press","tag-africa-press-cameroun","tag-cameroun"],"yoast_head":"<!-- This site is optimized with the Yoast SEO Premium plugin v26.1 (Yoast SEO v27.0) - https:\/\/yoast.com\/product\/yoast-seo-premium-wordpress\/ -->\n<title>\u2018Ils veulent la t\u00eate d\u2019Eto\u2019o\u2019 : le Conseil Transitoire du Football Professionnel communique - Cameroun<\/title>\n<meta name=\"description\" content=\"Un grave incident s\u2019est produit au Stade de la Re\u0301unification a\u0300 Douala le dimanche dernier lors de la 16e\u0300me journe\u0301e d ...\" \/>\n<meta name=\"robots\" content=\"index, follow, max-snippet:-1, max-image-preview:large, max-video-preview:-1\" \/>\n<link rel=\"canonical\" href=\"https:\/\/www.africa-press.net\/cameroun\/politique\/ils-veulent-la-tete-detoo-le-conseil-transitoire-du-football-professionnel-communique\" \/>\n<meta property=\"og:locale\" content=\"fr_FR\" \/>\n<meta property=\"og:type\" content=\"article\" \/>\n<meta property=\"og:title\" content=\"\u2018Ils veulent la t\u00eate d\u2019Eto\u2019o\u2019 : le Conseil Transitoire du Football Professionnel communique\" \/>\n<meta property=\"og:description\" content=\"Un grave incident s\u2019est produit au Stade de la Re\u0301unification a\u0300 Douala le dimanche dernier lors de la 16e\u0300me journe\u0301e d ...\" \/>\n<meta property=\"og:url\" content=\"https:\/\/www.africa-press.net\/cameroun\/politique\/ils-veulent-la-tete-detoo-le-conseil-transitoire-du-football-professionnel-communique\" \/>\n<meta property=\"og:site_name\" content=\"Cameroun\" \/>\n<meta property=\"article:published_time\" content=\"2023-03-15T17:54:30+00:00\" \/>\n<meta property=\"article:modified_time\" content=\"2023-03-15T18:43:55+00:00\" \/>\n<meta property=\"og:image\" content=\"https:\/\/static.africa-press.net\/cameroun\/sites\/57\/2023\/03\/postQueueImg_1678890282.46.jpg\" \/>\n\t<meta property=\"og:image:width\" content=\"1280\" \/>\n\t<meta property=\"og:image:height\" content=\"720\" \/>\n\t<meta property=\"og:image:type\" content=\"image\/jpeg\" \/>\n<meta name=\"author\" content=\"cfeditorfr\" \/>\n<meta name=\"twitter:card\" content=\"summary_large_image\" \/>\n<meta name=\"twitter:label1\" content=\"\u00c9crit par\" \/>\n\t<meta name=\"twitter:data1\" content=\"cfeditorfr\" \/>\n\t<meta name=\"twitter:label2\" content=\"Dur\u00e9e de lecture estim\u00e9e\" \/>\n\t<meta name=\"twitter:data2\" content=\"2 minutes\" \/>\n<script type=\"application\/ld+json\" class=\"yoast-schema-graph\">{\"@context\":\"https:\/\/schema.org\",\"@graph\":[{\"@type\":\"Article\",\"@id\":\"https:\/\/www.africa-press.net\/cameroun\/politique\/ils-veulent-la-tete-detoo-le-conseil-transitoire-du-football-professionnel-communique#article\",\"isPartOf\":{\"@id\":\"https:\/\/www.africa-press.net\/cameroun\/politique\/ils-veulent-la-tete-detoo-le-conseil-transitoire-du-football-professionnel-communique\"},\"author\":{\"name\":\"cfeditorfr\",\"@id\":\"https:\/\/www.africa-press.net\/cameroun\/#\/schema\/person\/2b1cf3cd81a31e3cd26889ca66d677f1\"},\"headline\":\"\u2018Ils veulent la t\u00eate d\u2019Eto\u2019o\u2019 : le Conseil Transitoire du Football Professionnel communique\",\"datePublished\":\"2023-03-15T17:54:30+00:00\",\"dateModified\":\"2023-03-15T18:43:55+00:00\",\"mainEntityOfPage\":{\"@id\":\"https:\/\/www.africa-press.net\/cameroun\/politique\/ils-veulent-la-tete-detoo-le-conseil-transitoire-du-football-professionnel-communique\"},\"wordCount\":530,\"commentCount\":0,\"image\":{\"@id\":\"https:\/\/www.africa-press.net\/cameroun\/politique\/ils-veulent-la-tete-detoo-le-conseil-transitoire-du-football-professionnel-communique#primaryimage\"},\"thumbnailUrl\":\"https:\/\/static.africa-press.net\/cameroun\/sites\/57\/2023\/03\/postQueueImg_1678890282.46.jpg\",\"keywords\":[\"Africa Press\",\"Africa Press-Cameroun\",\"Cameroun\"],\"articleSection\":[\"Politique\",\"Toutes les actualit\u00e9s\"],\"inLanguage\":\"fr-FR\",\"potentialAction\":[{\"@type\":\"CommentAction\",\"name\":\"Comment\",\"target\":[\"https:\/\/www.africa-press.net\/cameroun\/politique\/ils-veulent-la-tete-detoo-le-conseil-transitoire-du-football-professionnel-communique#respond\"]}]},{\"@type\":\"WebPage\",\"@id\":\"https:\/\/www.africa-press.net\/cameroun\/politique\/ils-veulent-la-tete-detoo-le-conseil-transitoire-du-football-professionnel-communique\",\"url\":\"https:\/\/www.africa-press.net\/cameroun\/politique\/ils-veulent-la-tete-detoo-le-conseil-transitoire-du-football-professionnel-communique\",\"name\":\"\u2018Ils veulent la t\u00eate d\u2019Eto\u2019o\u2019 : le Conseil Transitoire du Football Professionnel communique - Cameroun\",\"isPartOf\":{\"@id\":\"https:\/\/www.africa-press.net\/cameroun\/#website\"},\"primaryImageOfPage\":{\"@id\":\"https:\/\/www.africa-press.net\/cameroun\/politique\/ils-veulent-la-tete-detoo-le-conseil-transitoire-du-football-professionnel-communique#primaryimage\"},\"image\":{\"@id\":\"https:\/\/www.africa-press.net\/cameroun\/politique\/ils-veulent-la-tete-detoo-le-conseil-transitoire-du-football-professionnel-communique#primaryimage\"},\"thumbnailUrl\":\"https:\/\/static.africa-press.net\/cameroun\/sites\/57\/2023\/03\/postQueueImg_1678890282.46.jpg\",\"datePublished\":\"2023-03-15T17:54:30+00:00\",\"dateModified\":\"2023-03-15T18:43:55+00:00\",\"author\":{\"@id\":\"https:\/\/www.africa-press.net\/cameroun\/#\/schema\/person\/2b1cf3cd81a31e3cd26889ca66d677f1\"},\"description\":\"Un grave incident s\u2019est produit au Stade de la Re\u0301unification a\u0300 Douala le dimanche dernier lors de la 16e\u0300me journe\u0301e d ...\",\"breadcrumb\":{\"@id\":\"https:\/\/www.africa-press.net\/cameroun\/politique\/ils-veulent-la-tete-detoo-le-conseil-transitoire-du-football-professionnel-communique#breadcrumb\"},\"inLanguage\":\"fr-FR\",\"potentialAction\":[{\"@type\":\"ReadAction\",\"target\":[\"https:\/\/www.africa-press.net\/cameroun\/politique\/ils-veulent-la-tete-detoo-le-conseil-transitoire-du-football-professionnel-communique\"]}]},{\"@type\":\"ImageObject\",\"inLanguage\":\"fr-FR\",\"@id\":\"https:\/\/www.africa-press.net\/cameroun\/politique\/ils-veulent-la-tete-detoo-le-conseil-transitoire-du-football-professionnel-communique#primaryimage\",\"url\":\"https:\/\/static.africa-press.net\/cameroun\/sites\/57\/2023\/03\/postQueueImg_1678890282.46.jpg\",\"contentUrl\":\"https:\/\/static.africa-press.net\/cameroun\/sites\/57\/2023\/03\/postQueueImg_1678890282.46.jpg\",\"width\":1280,\"height\":720,\"caption\":\"\u2018Ils veulent la t\u00eate d\u2019Eto\u2019o\u2019 : le Conseil Transitoire du Football Professionnel communique\"},{\"@type\":\"BreadcrumbList\",\"@id\":\"https:\/\/www.africa-press.net\/cameroun\/politique\/ils-veulent-la-tete-detoo-le-conseil-transitoire-du-football-professionnel-communique#breadcrumb\",\"itemListElement\":[{\"@type\":\"ListItem\",\"position\":1,\"name\":\"Accueil\",\"item\":\"https:\/\/www.africa-press.net\/cameroun\/\"},{\"@type\":\"ListItem\",\"position\":2,\"name\":\"\u2018Ils veulent la t\u00eate d\u2019Eto\u2019o\u2019 : le Conseil Transitoire du Football Professionnel communique\"}]},{\"@type\":\"WebSite\",\"@id\":\"https:\/\/www.africa-press.net\/cameroun\/#website\",\"url\":\"https:\/\/www.africa-press.net\/cameroun\/\",\"name\":\"Cameroun\",\"description\":\"Just another Africa News Agency Sites site\",\"potentialAction\":[{\"@type\":\"SearchAction\",\"target\":{\"@type\":\"EntryPoint\",\"urlTemplate\":\"https:\/\/www.africa-press.net\/cameroun\/?s={search_term_string}\"},\"query-input\":{\"@type\":\"PropertyValueSpecification\",\"valueRequired\":true,\"valueName\":\"search_term_string\"}}],\"inLanguage\":\"fr-FR\"},{\"@type\":\"Person\",\"@id\":\"https:\/\/www.africa-press.net\/cameroun\/#\/schema\/person\/2b1cf3cd81a31e3cd26889ca66d677f1\",\"name\":\"cfeditorfr\"}]}<\/script>\n<!-- \/ Yoast SEO Premium plugin. -->","yoast_head_json":{"title":"\u2018Ils veulent la t\u00eate d\u2019Eto\u2019o\u2019 : le Conseil Transitoire du Football Professionnel communique - Cameroun","description":"Un grave incident s\u2019est produit au Stade de la Re\u0301unification a\u0300 Douala le dimanche dernier lors de la 16e\u0300me journe\u0301e d ...","robots":{"index":"index","follow":"follow","max-snippet":"max-snippet:-1","max-image-preview":"max-image-preview:large","max-video-preview":"max-video-preview:-1"},"canonical":"https:\/\/www.africa-press.net\/cameroun\/politique\/ils-veulent-la-tete-detoo-le-conseil-transitoire-du-football-professionnel-communique","og_locale":"fr_FR","og_type":"article","og_title":"\u2018Ils veulent la t\u00eate d\u2019Eto\u2019o\u2019 : le Conseil Transitoire du Football Professionnel communique","og_description":"Un grave incident s\u2019est produit au Stade de la Re\u0301unification a\u0300 Douala le dimanche dernier lors de la 16e\u0300me journe\u0301e d ...","og_url":"https:\/\/www.africa-press.net\/cameroun\/politique\/ils-veulent-la-tete-detoo-le-conseil-transitoire-du-football-professionnel-communique","og_site_name":"Cameroun","article_published_time":"2023-03-15T17:54:30+00:00","article_modified_time":"2023-03-15T18:43:55+00:00","og_image":[{"width":1280,"height":720,"url":"https:\/\/static.africa-press.net\/cameroun\/sites\/57\/2023\/03\/postQueueImg_1678890282.46.jpg","type":"image\/jpeg"}],"author":"cfeditorfr","twitter_card":"summary_large_image","twitter_misc":{"\u00c9crit par":"cfeditorfr","Dur\u00e9e de lecture estim\u00e9e":"2 minutes"},"schema":{"@context":"https:\/\/schema.org","@graph":[{"@type":"Article","@id":"https:\/\/www.africa-press.net\/cameroun\/politique\/ils-veulent-la-tete-detoo-le-conseil-transitoire-du-football-professionnel-communique#article","isPartOf":{"@id":"https:\/\/www.africa-press.net\/cameroun\/politique\/ils-veulent-la-tete-detoo-le-conseil-transitoire-du-football-professionnel-communique"},"author":{"name":"cfeditorfr","@id":"https:\/\/www.africa-press.net\/cameroun\/#\/schema\/person\/2b1cf3cd81a31e3cd26889ca66d677f1"},"headline":"\u2018Ils veulent la t\u00eate d\u2019Eto\u2019o\u2019 : le Conseil Transitoire du Football Professionnel communique","datePublished":"2023-03-15T17:54:30+00:00","dateModified":"2023-03-15T18:43:55+00:00","mainEntityOfPage":{"@id":"https:\/\/www.africa-press.net\/cameroun\/politique\/ils-veulent-la-tete-detoo-le-conseil-transitoire-du-football-professionnel-communique"},"wordCount":530,"commentCount":0,"image":{"@id":"https:\/\/www.africa-press.net\/cameroun\/politique\/ils-veulent-la-tete-detoo-le-conseil-transitoire-du-football-professionnel-communique#primaryimage"},"thumbnailUrl":"https:\/\/static.africa-press.net\/cameroun\/sites\/57\/2023\/03\/postQueueImg_1678890282.46.jpg","keywords":["Africa Press","Africa Press-Cameroun","Cameroun"],"articleSection":["Politique","Toutes les actualit\u00e9s"],"inLanguage":"fr-FR","potentialAction":[{"@type":"CommentAction","name":"Comment","target":["https:\/\/www.africa-press.net\/cameroun\/politique\/ils-veulent-la-tete-detoo-le-conseil-transitoire-du-football-professionnel-communique#respond"]}]},{"@type":"WebPage","@id":"https:\/\/www.africa-press.net\/cameroun\/politique\/ils-veulent-la-tete-detoo-le-conseil-transitoire-du-football-professionnel-communique","url":"https:\/\/www.africa-press.net\/cameroun\/politique\/ils-veulent-la-tete-detoo-le-conseil-transitoire-du-football-professionnel-communique","name":"\u2018Ils veulent la t\u00eate d\u2019Eto\u2019o\u2019 : le Conseil Transitoire du Football Professionnel communique - Cameroun","isPartOf":{"@id":"https:\/\/www.africa-press.net\/cameroun\/#website"},"primaryImageOfPage":{"@id":"https:\/\/www.africa-press.net\/cameroun\/politique\/ils-veulent-la-tete-detoo-le-conseil-transitoire-du-football-professionnel-communique#primaryimage"},"image":{"@id":"https:\/\/www.africa-press.net\/cameroun\/politique\/ils-veulent-la-tete-detoo-le-conseil-transitoire-du-football-professionnel-communique#primaryimage"},"thumbnailUrl":"https:\/\/static.africa-press.net\/cameroun\/sites\/57\/2023\/03\/postQueueImg_1678890282.46.jpg","datePublished":"2023-03-15T17:54:30+00:00","dateModified":"2023-03-15T18:43:55+00:00","author":{"@id":"https:\/\/www.africa-press.net\/cameroun\/#\/schema\/person\/2b1cf3cd81a31e3cd26889ca66d677f1"},"description":"Un grave incident s\u2019est produit au Stade de la Re\u0301unification a\u0300 Douala le dimanche dernier lors de la 16e\u0300me journe\u0301e d ...","breadcrumb":{"@id":"https:\/\/www.africa-press.net\/cameroun\/politique\/ils-veulent-la-tete-detoo-le-conseil-transitoire-du-football-professionnel-communique#breadcrumb"},"inLanguage":"fr-FR","potentialAction":[{"@type":"ReadAction","target":["https:\/\/www.africa-press.net\/cameroun\/politique\/ils-veulent-la-tete-detoo-le-conseil-transitoire-du-football-professionnel-communique"]}]},{"@type":"ImageObject","inLanguage":"fr-FR","@id":"https:\/\/www.africa-press.net\/cameroun\/politique\/ils-veulent-la-tete-detoo-le-conseil-transitoire-du-football-professionnel-communique#primaryimage","url":"https:\/\/static.africa-press.net\/cameroun\/sites\/57\/2023\/03\/postQueueImg_1678890282.46.jpg","contentUrl":"https:\/\/static.africa-press.net\/cameroun\/sites\/57\/2023\/03\/postQueueImg_1678890282.46.jpg","width":1280,"height":720,"caption":"\u2018Ils veulent la t\u00eate d\u2019Eto\u2019o\u2019 : le Conseil Transitoire du Football Professionnel communique"},{"@type":"BreadcrumbList","@id":"https:\/\/www.africa-press.net\/cameroun\/politique\/ils-veulent-la-tete-detoo-le-conseil-transitoire-du-football-professionnel-communique#breadcrumb","itemListElement":[{"@type":"ListItem","position":1,"name":"Accueil","item":"https:\/\/www.africa-press.net\/cameroun\/"},{"@type":"ListItem","position":2,"name":"\u2018Ils veulent la t\u00eate d\u2019Eto\u2019o\u2019 : le Conseil Transitoire du Football Professionnel communique"}]},{"@type":"WebSite","@id":"https:\/\/www.africa-press.net\/cameroun\/#website","url":"https:\/\/www.africa-press.net\/cameroun\/","name":"Cameroun","description":"Just another Africa News Agency Sites site","potentialAction":[{"@type":"SearchAction","target":{"@type":"EntryPoint","urlTemplate":"https:\/\/www.africa-press.net\/cameroun\/?s={search_term_string}"},"query-input":{"@type":"PropertyValueSpecification","valueRequired":true,"valueName":"search_term_string"}}],"inLanguage":"fr-FR"},{"@type":"Person","@id":"https:\/\/www.africa-press.net\/cameroun\/#\/schema\/person\/2b1cf3cd81a31e3cd26889ca66d677f1","name":"cfeditorfr"}]}},"_links":{"self":[{"href":"https:\/\/www.africa-press.net\/cameroun\/wp-json\/wp\/v2\/posts\/39391","targetHints":{"allow":["GET"]}}],"collection":[{"href":"https:\/\/www.africa-press.net\/cameroun\/wp-json\/wp\/v2\/posts"}],"about":[{"href":"https:\/\/www.africa-press.net\/cameroun\/wp-json\/wp\/v2\/types\/post"}],"author":[{"embeddable":true,"href":"https:\/\/www.africa-press.net\/cameroun\/wp-json\/wp\/v2\/users\/82"}],"replies":[{"embeddable":true,"href":"https:\/\/www.africa-press.net\/cameroun\/wp-json\/wp\/v2\/comments?post=39391"}],"version-history":[{"count":0,"href":"https:\/\/www.africa-press.net\/cameroun\/wp-json\/wp\/v2\/posts\/39391\/revisions"}],"wp:featuredmedia":[{"embeddable":true,"href":"https:\/\/www.africa-press.net\/cameroun\/wp-json\/wp\/v2\/media\/39389"}],"wp:attachment":[{"href":"https:\/\/www.africa-press.net\/cameroun\/wp-json\/wp\/v2\/media?parent=39391"}],"wp:term":[{"taxonomy":"category","embeddable":true,"href":"https:\/\/www.africa-press.net\/cameroun\/wp-json\/wp\/v2\/categories?post=39391"},{"taxonomy":"post_tag","embeddable":true,"href":"https:\/\/www.africa-press.net\/cameroun\/wp-json\/wp\/v2\/tags?post=39391"}],"curies":[{"name":"wp","href":"https:\/\/api.w.org\/{rel}","templated":true}]}}