{"id":39394,"date":"2023-03-15T17:54:50","date_gmt":"2023-03-15T17:54:50","guid":{"rendered":"https:\/\/www.africa-press.net\/cameroun\/politique\/martinez-zogo-la-veuve-et-les-ayants-droits-contestent-le-programme-des-obseques-en-circulation"},"modified":"2023-03-15T18:44:40","modified_gmt":"2023-03-15T18:44:40","slug":"martinez-zogo-la-veuve-et-les-ayants-droits-contestent-le-programme-des-obseques-en-circulation","status":"publish","type":"post","link":"https:\/\/www.africa-press.net\/cameroun\/toutes-les-actualites\/martinez-zogo-la-veuve-et-les-ayants-droits-contestent-le-programme-des-obseques-en-circulation","title":{"rendered":"Martinez Zogo : la veuve et les ayants droits contestent le programme des obs\u00e8ques en circulation"},"content":{"rendered":"<p><span style=\"color: #ff6600\"><strong>Africa-Press &#8211; Cameroun. <\/strong><\/span>Depuis quelques heures, circule sur la toile, un programme relatif aux obse\u0300ques du journaliste d\u2019investigation Martinez Zogo, Animateur de l\u2019Emission Embouteillages sur Amplitudes FM.<\/p>\n<p>Selon le programme en circulation, on indique que le journaliste assassine\u0301 sera inhume\u0301 en de\u0301but de mois d\u2019avril, un programme que rejettent en bloc la famille e\u0301plore\u0301e et les ayant-droits.<\/p>\n<p>La veuve et les ayants droits contestent donc le programme des obse\u0300ques en circulation. Pour l&rsquo;heure leur position reste la me\u0302me : aucun deuil pre\u0301vu jusqu&rsquo;a\u0300 ce que justice soit totalement obtenue.<\/p>\n<p>Ce programme a e\u0301te\u0301 abondamment relaye\u0301e sur la toile. Selon les indiscre\u0301tions, il s\u2019agit d\u2019un programme initie\u0301 par la demi-s\u0153ur de Martinez Zogo, la me\u0302me qui il y a encore quelques semaines faisait le tour de certaines administrations et autres pour lancer une collecte de fonds pour les obse\u0300ques sans autorisation de la veuve et des enfants qui de\u0300s lors avaient saisis les hautes autorite\u0301s pour stopper cela et interdire l&rsquo;acce\u0300s de la morgue a\u0300 la concerne\u0301e.<\/p>\n<p>Une sortie officielle de la veuve et des ayants droits est tre\u0300s attendue sur le sujet afin d\u2019officialiser une fois de plus leur position et donner les dates pre\u0301cises pour les obse\u0300ques du journaliste.<\/p>\n<p>Fausses Obse\u0300ques : La seconde mort de Martinez Zogo<\/p>\n<p>Les fausses obse\u0300ques de Martinez Zogo annonc\u0327ant son inhumation au 1er avril 2023 circulent sur la toile. Selon des sources bien renseigne\u0301es, C&rsquo;est l&rsquo;oeuvre combine\u0301e de : Dame Moungou Crescence, la soeur consanguine de Martinez Zogo, de sieurs Bessala Franc\u0327ois son oncle maternel, Fe\u0301lix Zogo, le SG du Mincom, et d&rsquo;Eyebe Ayissi le ministre des domaines, du cadastre et des affaires financie\u0300res. Ce sont ces personnages qui sont derrie\u0300re ce projet qui, serait -he\u0301las!- finance\u0301 par Amougou Belinga, alias Belze\u0301buth, comme l&rsquo;ont surnomme\u0301 ses nouveaux amis de la prison principale de Kondengui. C&rsquo;est a\u0300 travers Bruno Bidjang, que Crescence Moungou a rencontre\u0301 lundi le 13 mars 2023 vers 18h que plusieurs millions de Fcfa auraient circule\u0301 sur les ordres du Zomloa des Zomloa . A\u0300 croire a\u0300 certaines confidences, ladite somme a e\u0301te\u0301 remise dans les locaux de Vision 4, ceci que Bruno Bidjang soit passe\u0301e rendre visite a\u0300 Kondengui dans la matine\u0301e du me\u0302me lundi a\u0300 Amougou Belinga, au vu et au su de tout le monde.<\/p>\n<p>\u00ab\u00a0La soeur consanguine de Martinez Zogo fait un coup double dangereux. Elle profite d&rsquo;un co\u0302te\u0301 de l&rsquo;argent d&rsquo;Amougou Belinga, Belze\u0301buth, et de l&rsquo;autre, celui d&rsquo;Henri Eyebe Ayissi, ( alias Dracula ) et de Fe\u0301lix Zogo( alias l&rsquo;e\u0301ternel larbin), ce sont ce deux fe\u0301lons qui se disputent le leadership politique dans la Lekie\u0301 au ministre Ndong Soumeth de la PRC et Bezigui Ce\u0301lestin du PAL.\u00a0\u00bb , s&rsquo;indigne une e\u0301lite de la Le\u0301kie\u0301.<\/p>\n<p>Si tout ceci est ave\u0301re\u0301, alors l&rsquo;acte pose\u0301 par ces gens, a\u0300 travers la trahison de sa me\u0301moire par sa propre soeur consanguine signent sa seconde mort.<\/p>\n<p>Pour rappel, Zogo Fe\u0301lix, tient clandestinement ce 15 mars 2023 a\u0300 15h, heure du Cameroun, au ministe\u0300re de la communication, une pre\u0301tendue re\u0301union relative aux suppose\u0301es obse\u0300ques de Martinez Zogo du 1er Avril 2023. Un fake, Un poisson d&rsquo;avril anticipe\u0301 qui n&rsquo;est qu&rsquo;une escroquerie financie\u0300re et politique de plus, dont les responsables vont rendre biento\u0302t gorge ou to\u0302t ou tard.<\/p>\n<p>Les amis de Martinez ne manqueront pas de rappeler biento\u0302t a\u0300 cette bande des complices immoraux d&rsquo;Amougou Belinga de quel bois, ils se chauffent.<\/p>\n<p>Ces gens sans coeur, sa foi, ni loi ont de\u0301cide\u0301 de s&rsquo;attaquer a\u0300 la famille nucle\u0301aire de Martinez Zogo, en de\u0301chirant, en de\u0301truisant ce qu&rsquo;il a laisse\u0301 de plus cher sur terre, sa femme et ses enfants. C&rsquo;est sa deuxie\u0300me mort.<\/p>\n<p><strong>Pour plus d&rsquo;informations et d&rsquo;analyses sur la <a href=\"https:\/\/www.africa-press.net\/cameroun\">Cameroun<\/a>, suivez <a href=\"https:\/\/www.africa-press.net\/\">Africa-Press<\/a><\/strong><\/p>\n","protected":false},"excerpt":{"rendered":"<p>Africa-Press &#8211; Cameroun. Depuis quelques heures, circule sur la toile, un programme relatif aux obse\u0300ques du journaliste d\u2019investigation Martinez Zogo, Animateur de l\u2019Emission Embouteillages sur Amplitudes FM. Selon le programme en circulation, on indique que le journaliste assassine\u0301 sera inhume\u0301 en de\u0301but de mois d\u2019avril, un programme que rejettent en bloc la famille e\u0301plore\u0301e et [&hellip;]<\/p>\n","protected":false},"author":82,"featured_media":39392,"comment_status":"open","ping_status":"closed","sticky":false,"template":"","format":"standard","meta":{"footnotes":""},"categories":[21,10],"tags":[36,50,49],"class_list":["post-39394","post","type-post","status-publish","format-standard","has-post-thumbnail","hentry","category-communaute","category-toutes-les-actualites","tag-africa-press","tag-africa-press-cameroun","tag-cameroun"],"yoast_head":"<!-- This site is optimized with the Yoast SEO Premium plugin v26.1 (Yoast SEO v27.0) - https:\/\/yoast.com\/product\/yoast-seo-premium-wordpress\/ -->\n<title>Martinez Zogo : la veuve et les ayants droits contestent le programme des obs\u00e8ques en circulation - Cameroun<\/title>\n<meta name=\"description\" content=\"Depuis quelques heures, circule sur la toile, un programme relatif aux obse\u0300ques du journaliste d\u2019investigation Martinez ...\" \/>\n<meta name=\"robots\" content=\"index, follow, max-snippet:-1, max-image-preview:large, max-video-preview:-1\" \/>\n<link rel=\"canonical\" href=\"https:\/\/www.africa-press.net\/cameroun\/toutes-les-actualites\/martinez-zogo-la-veuve-et-les-ayants-droits-contestent-le-programme-des-obseques-en-circulation\" \/>\n<meta property=\"og:locale\" content=\"fr_FR\" \/>\n<meta property=\"og:type\" content=\"article\" \/>\n<meta property=\"og:title\" content=\"Martinez Zogo : la veuve et les ayants droits contestent le programme des obs\u00e8ques en circulation\" \/>\n<meta property=\"og:description\" content=\"Depuis quelques heures, circule sur la toile, un programme relatif aux obse\u0300ques du journaliste d\u2019investigation Martinez ...\" \/>\n<meta property=\"og:url\" content=\"https:\/\/www.africa-press.net\/cameroun\/toutes-les-actualites\/martinez-zogo-la-veuve-et-les-ayants-droits-contestent-le-programme-des-obseques-en-circulation\" \/>\n<meta property=\"og:site_name\" content=\"Cameroun\" \/>\n<meta property=\"article:published_time\" content=\"2023-03-15T17:54:50+00:00\" \/>\n<meta property=\"article:modified_time\" content=\"2023-03-15T18:44:40+00:00\" \/>\n<meta property=\"og:image\" content=\"https:\/\/static.africa-press.net\/cameroun\/sites\/57\/2023\/03\/postQueueImg_1678890294.34.jpg\" \/>\n\t<meta property=\"og:image:width\" content=\"1280\" \/>\n\t<meta property=\"og:image:height\" content=\"720\" \/>\n\t<meta property=\"og:image:type\" content=\"image\/jpeg\" \/>\n<meta name=\"author\" content=\"cfeditorfr\" \/>\n<meta name=\"twitter:card\" content=\"summary_large_image\" \/>\n<meta name=\"twitter:label1\" content=\"\u00c9crit par\" \/>\n\t<meta name=\"twitter:data1\" content=\"cfeditorfr\" \/>\n\t<meta name=\"twitter:label2\" content=\"Dur\u00e9e de lecture estim\u00e9e\" \/>\n\t<meta name=\"twitter:data2\" content=\"3 minutes\" \/>\n<script type=\"application\/ld+json\" class=\"yoast-schema-graph\">{\"@context\":\"https:\/\/schema.org\",\"@graph\":[{\"@type\":\"Article\",\"@id\":\"https:\/\/www.africa-press.net\/cameroun\/toutes-les-actualites\/martinez-zogo-la-veuve-et-les-ayants-droits-contestent-le-programme-des-obseques-en-circulation#article\",\"isPartOf\":{\"@id\":\"https:\/\/www.africa-press.net\/cameroun\/toutes-les-actualites\/martinez-zogo-la-veuve-et-les-ayants-droits-contestent-le-programme-des-obseques-en-circulation\"},\"author\":{\"name\":\"cfeditorfr\",\"@id\":\"https:\/\/www.africa-press.net\/cameroun\/#\/schema\/person\/2b1cf3cd81a31e3cd26889ca66d677f1\"},\"headline\":\"Martinez Zogo : la veuve et les ayants droits contestent le programme des obs\u00e8ques en circulation\",\"datePublished\":\"2023-03-15T17:54:50+00:00\",\"dateModified\":\"2023-03-15T18:44:40+00:00\",\"mainEntityOfPage\":{\"@id\":\"https:\/\/www.africa-press.net\/cameroun\/toutes-les-actualites\/martinez-zogo-la-veuve-et-les-ayants-droits-contestent-le-programme-des-obseques-en-circulation\"},\"wordCount\":704,\"commentCount\":0,\"image\":{\"@id\":\"https:\/\/www.africa-press.net\/cameroun\/toutes-les-actualites\/martinez-zogo-la-veuve-et-les-ayants-droits-contestent-le-programme-des-obseques-en-circulation#primaryimage\"},\"thumbnailUrl\":\"https:\/\/static.africa-press.net\/cameroun\/sites\/57\/2023\/03\/postQueueImg_1678890294.34.jpg\",\"keywords\":[\"Africa Press\",\"Africa Press-Cameroun\",\"Cameroun\"],\"articleSection\":[\"Communaut\u00e9\",\"Toutes les actualit\u00e9s\"],\"inLanguage\":\"fr-FR\",\"potentialAction\":[{\"@type\":\"CommentAction\",\"name\":\"Comment\",\"target\":[\"https:\/\/www.africa-press.net\/cameroun\/toutes-les-actualites\/martinez-zogo-la-veuve-et-les-ayants-droits-contestent-le-programme-des-obseques-en-circulation#respond\"]}]},{\"@type\":\"WebPage\",\"@id\":\"https:\/\/www.africa-press.net\/cameroun\/toutes-les-actualites\/martinez-zogo-la-veuve-et-les-ayants-droits-contestent-le-programme-des-obseques-en-circulation\",\"url\":\"https:\/\/www.africa-press.net\/cameroun\/toutes-les-actualites\/martinez-zogo-la-veuve-et-les-ayants-droits-contestent-le-programme-des-obseques-en-circulation\",\"name\":\"Martinez Zogo : la veuve et les ayants droits contestent le programme des obs\u00e8ques en circulation - Cameroun\",\"isPartOf\":{\"@id\":\"https:\/\/www.africa-press.net\/cameroun\/#website\"},\"primaryImageOfPage\":{\"@id\":\"https:\/\/www.africa-press.net\/cameroun\/toutes-les-actualites\/martinez-zogo-la-veuve-et-les-ayants-droits-contestent-le-programme-des-obseques-en-circulation#primaryimage\"},\"image\":{\"@id\":\"https:\/\/www.africa-press.net\/cameroun\/toutes-les-actualites\/martinez-zogo-la-veuve-et-les-ayants-droits-contestent-le-programme-des-obseques-en-circulation#primaryimage\"},\"thumbnailUrl\":\"https:\/\/static.africa-press.net\/cameroun\/sites\/57\/2023\/03\/postQueueImg_1678890294.34.jpg\",\"datePublished\":\"2023-03-15T17:54:50+00:00\",\"dateModified\":\"2023-03-15T18:44:40+00:00\",\"author\":{\"@id\":\"https:\/\/www.africa-press.net\/cameroun\/#\/schema\/person\/2b1cf3cd81a31e3cd26889ca66d677f1\"},\"description\":\"Depuis quelques heures, circule sur la toile, un programme relatif aux obse\u0300ques du journaliste d\u2019investigation Martinez ...\",\"breadcrumb\":{\"@id\":\"https:\/\/www.africa-press.net\/cameroun\/toutes-les-actualites\/martinez-zogo-la-veuve-et-les-ayants-droits-contestent-le-programme-des-obseques-en-circulation#breadcrumb\"},\"inLanguage\":\"fr-FR\",\"potentialAction\":[{\"@type\":\"ReadAction\",\"target\":[\"https:\/\/www.africa-press.net\/cameroun\/toutes-les-actualites\/martinez-zogo-la-veuve-et-les-ayants-droits-contestent-le-programme-des-obseques-en-circulation\"]}]},{\"@type\":\"ImageObject\",\"inLanguage\":\"fr-FR\",\"@id\":\"https:\/\/www.africa-press.net\/cameroun\/toutes-les-actualites\/martinez-zogo-la-veuve-et-les-ayants-droits-contestent-le-programme-des-obseques-en-circulation#primaryimage\",\"url\":\"https:\/\/static.africa-press.net\/cameroun\/sites\/57\/2023\/03\/postQueueImg_1678890294.34.jpg\",\"contentUrl\":\"https:\/\/static.africa-press.net\/cameroun\/sites\/57\/2023\/03\/postQueueImg_1678890294.34.jpg\",\"width\":1280,\"height\":720,\"caption\":\"Martinez Zogo : la veuve et les ayants droits contestent le programme des obs\u00e8ques en circulation\"},{\"@type\":\"BreadcrumbList\",\"@id\":\"https:\/\/www.africa-press.net\/cameroun\/toutes-les-actualites\/martinez-zogo-la-veuve-et-les-ayants-droits-contestent-le-programme-des-obseques-en-circulation#breadcrumb\",\"itemListElement\":[{\"@type\":\"ListItem\",\"position\":1,\"name\":\"Accueil\",\"item\":\"https:\/\/www.africa-press.net\/cameroun\/\"},{\"@type\":\"ListItem\",\"position\":2,\"name\":\"Martinez Zogo : la veuve et les ayants droits contestent le programme des obs\u00e8ques en circulation\"}]},{\"@type\":\"WebSite\",\"@id\":\"https:\/\/www.africa-press.net\/cameroun\/#website\",\"url\":\"https:\/\/www.africa-press.net\/cameroun\/\",\"name\":\"Cameroun\",\"description\":\"Just another Africa News Agency Sites site\",\"potentialAction\":[{\"@type\":\"SearchAction\",\"target\":{\"@type\":\"EntryPoint\",\"urlTemplate\":\"https:\/\/www.africa-press.net\/cameroun\/?s={search_term_string}\"},\"query-input\":{\"@type\":\"PropertyValueSpecification\",\"valueRequired\":true,\"valueName\":\"search_term_string\"}}],\"inLanguage\":\"fr-FR\"},{\"@type\":\"Person\",\"@id\":\"https:\/\/www.africa-press.net\/cameroun\/#\/schema\/person\/2b1cf3cd81a31e3cd26889ca66d677f1\",\"name\":\"cfeditorfr\"}]}<\/script>\n<!-- \/ Yoast SEO Premium plugin. -->","yoast_head_json":{"title":"Martinez Zogo : la veuve et les ayants droits contestent le programme des obs\u00e8ques en circulation - Cameroun","description":"Depuis quelques heures, circule sur la toile, un programme relatif aux obse\u0300ques du journaliste d\u2019investigation Martinez ...","robots":{"index":"index","follow":"follow","max-snippet":"max-snippet:-1","max-image-preview":"max-image-preview:large","max-video-preview":"max-video-preview:-1"},"canonical":"https:\/\/www.africa-press.net\/cameroun\/toutes-les-actualites\/martinez-zogo-la-veuve-et-les-ayants-droits-contestent-le-programme-des-obseques-en-circulation","og_locale":"fr_FR","og_type":"article","og_title":"Martinez Zogo : la veuve et les ayants droits contestent le programme des obs\u00e8ques en circulation","og_description":"Depuis quelques heures, circule sur la toile, un programme relatif aux obse\u0300ques du journaliste d\u2019investigation Martinez ...","og_url":"https:\/\/www.africa-press.net\/cameroun\/toutes-les-actualites\/martinez-zogo-la-veuve-et-les-ayants-droits-contestent-le-programme-des-obseques-en-circulation","og_site_name":"Cameroun","article_published_time":"2023-03-15T17:54:50+00:00","article_modified_time":"2023-03-15T18:44:40+00:00","og_image":[{"width":1280,"height":720,"url":"https:\/\/static.africa-press.net\/cameroun\/sites\/57\/2023\/03\/postQueueImg_1678890294.34.jpg","type":"image\/jpeg"}],"author":"cfeditorfr","twitter_card":"summary_large_image","twitter_misc":{"\u00c9crit par":"cfeditorfr","Dur\u00e9e de lecture estim\u00e9e":"3 minutes"},"schema":{"@context":"https:\/\/schema.org","@graph":[{"@type":"Article","@id":"https:\/\/www.africa-press.net\/cameroun\/toutes-les-actualites\/martinez-zogo-la-veuve-et-les-ayants-droits-contestent-le-programme-des-obseques-en-circulation#article","isPartOf":{"@id":"https:\/\/www.africa-press.net\/cameroun\/toutes-les-actualites\/martinez-zogo-la-veuve-et-les-ayants-droits-contestent-le-programme-des-obseques-en-circulation"},"author":{"name":"cfeditorfr","@id":"https:\/\/www.africa-press.net\/cameroun\/#\/schema\/person\/2b1cf3cd81a31e3cd26889ca66d677f1"},"headline":"Martinez Zogo : la veuve et les ayants droits contestent le programme des obs\u00e8ques en circulation","datePublished":"2023-03-15T17:54:50+00:00","dateModified":"2023-03-15T18:44:40+00:00","mainEntityOfPage":{"@id":"https:\/\/www.africa-press.net\/cameroun\/toutes-les-actualites\/martinez-zogo-la-veuve-et-les-ayants-droits-contestent-le-programme-des-obseques-en-circulation"},"wordCount":704,"commentCount":0,"image":{"@id":"https:\/\/www.africa-press.net\/cameroun\/toutes-les-actualites\/martinez-zogo-la-veuve-et-les-ayants-droits-contestent-le-programme-des-obseques-en-circulation#primaryimage"},"thumbnailUrl":"https:\/\/static.africa-press.net\/cameroun\/sites\/57\/2023\/03\/postQueueImg_1678890294.34.jpg","keywords":["Africa Press","Africa Press-Cameroun","Cameroun"],"articleSection":["Communaut\u00e9","Toutes les actualit\u00e9s"],"inLanguage":"fr-FR","potentialAction":[{"@type":"CommentAction","name":"Comment","target":["https:\/\/www.africa-press.net\/cameroun\/toutes-les-actualites\/martinez-zogo-la-veuve-et-les-ayants-droits-contestent-le-programme-des-obseques-en-circulation#respond"]}]},{"@type":"WebPage","@id":"https:\/\/www.africa-press.net\/cameroun\/toutes-les-actualites\/martinez-zogo-la-veuve-et-les-ayants-droits-contestent-le-programme-des-obseques-en-circulation","url":"https:\/\/www.africa-press.net\/cameroun\/toutes-les-actualites\/martinez-zogo-la-veuve-et-les-ayants-droits-contestent-le-programme-des-obseques-en-circulation","name":"Martinez Zogo : la veuve et les ayants droits contestent le programme des obs\u00e8ques en circulation - Cameroun","isPartOf":{"@id":"https:\/\/www.africa-press.net\/cameroun\/#website"},"primaryImageOfPage":{"@id":"https:\/\/www.africa-press.net\/cameroun\/toutes-les-actualites\/martinez-zogo-la-veuve-et-les-ayants-droits-contestent-le-programme-des-obseques-en-circulation#primaryimage"},"image":{"@id":"https:\/\/www.africa-press.net\/cameroun\/toutes-les-actualites\/martinez-zogo-la-veuve-et-les-ayants-droits-contestent-le-programme-des-obseques-en-circulation#primaryimage"},"thumbnailUrl":"https:\/\/static.africa-press.net\/cameroun\/sites\/57\/2023\/03\/postQueueImg_1678890294.34.jpg","datePublished":"2023-03-15T17:54:50+00:00","dateModified":"2023-03-15T18:44:40+00:00","author":{"@id":"https:\/\/www.africa-press.net\/cameroun\/#\/schema\/person\/2b1cf3cd81a31e3cd26889ca66d677f1"},"description":"Depuis quelques heures, circule sur la toile, un programme relatif aux obse\u0300ques du journaliste d\u2019investigation Martinez ...","breadcrumb":{"@id":"https:\/\/www.africa-press.net\/cameroun\/toutes-les-actualites\/martinez-zogo-la-veuve-et-les-ayants-droits-contestent-le-programme-des-obseques-en-circulation#breadcrumb"},"inLanguage":"fr-FR","potentialAction":[{"@type":"ReadAction","target":["https:\/\/www.africa-press.net\/cameroun\/toutes-les-actualites\/martinez-zogo-la-veuve-et-les-ayants-droits-contestent-le-programme-des-obseques-en-circulation"]}]},{"@type":"ImageObject","inLanguage":"fr-FR","@id":"https:\/\/www.africa-press.net\/cameroun\/toutes-les-actualites\/martinez-zogo-la-veuve-et-les-ayants-droits-contestent-le-programme-des-obseques-en-circulation#primaryimage","url":"https:\/\/static.africa-press.net\/cameroun\/sites\/57\/2023\/03\/postQueueImg_1678890294.34.jpg","contentUrl":"https:\/\/static.africa-press.net\/cameroun\/sites\/57\/2023\/03\/postQueueImg_1678890294.34.jpg","width":1280,"height":720,"caption":"Martinez Zogo : la veuve et les ayants droits contestent le programme des obs\u00e8ques en circulation"},{"@type":"BreadcrumbList","@id":"https:\/\/www.africa-press.net\/cameroun\/toutes-les-actualites\/martinez-zogo-la-veuve-et-les-ayants-droits-contestent-le-programme-des-obseques-en-circulation#breadcrumb","itemListElement":[{"@type":"ListItem","position":1,"name":"Accueil","item":"https:\/\/www.africa-press.net\/cameroun\/"},{"@type":"ListItem","position":2,"name":"Martinez Zogo : la veuve et les ayants droits contestent le programme des obs\u00e8ques en circulation"}]},{"@type":"WebSite","@id":"https:\/\/www.africa-press.net\/cameroun\/#website","url":"https:\/\/www.africa-press.net\/cameroun\/","name":"Cameroun","description":"Just another Africa News Agency Sites site","potentialAction":[{"@type":"SearchAction","target":{"@type":"EntryPoint","urlTemplate":"https:\/\/www.africa-press.net\/cameroun\/?s={search_term_string}"},"query-input":{"@type":"PropertyValueSpecification","valueRequired":true,"valueName":"search_term_string"}}],"inLanguage":"fr-FR"},{"@type":"Person","@id":"https:\/\/www.africa-press.net\/cameroun\/#\/schema\/person\/2b1cf3cd81a31e3cd26889ca66d677f1","name":"cfeditorfr"}]}},"_links":{"self":[{"href":"https:\/\/www.africa-press.net\/cameroun\/wp-json\/wp\/v2\/posts\/39394","targetHints":{"allow":["GET"]}}],"collection":[{"href":"https:\/\/www.africa-press.net\/cameroun\/wp-json\/wp\/v2\/posts"}],"about":[{"href":"https:\/\/www.africa-press.net\/cameroun\/wp-json\/wp\/v2\/types\/post"}],"author":[{"embeddable":true,"href":"https:\/\/www.africa-press.net\/cameroun\/wp-json\/wp\/v2\/users\/82"}],"replies":[{"embeddable":true,"href":"https:\/\/www.africa-press.net\/cameroun\/wp-json\/wp\/v2\/comments?post=39394"}],"version-history":[{"count":0,"href":"https:\/\/www.africa-press.net\/cameroun\/wp-json\/wp\/v2\/posts\/39394\/revisions"}],"wp:featuredmedia":[{"embeddable":true,"href":"https:\/\/www.africa-press.net\/cameroun\/wp-json\/wp\/v2\/media\/39392"}],"wp:attachment":[{"href":"https:\/\/www.africa-press.net\/cameroun\/wp-json\/wp\/v2\/media?parent=39394"}],"wp:term":[{"taxonomy":"category","embeddable":true,"href":"https:\/\/www.africa-press.net\/cameroun\/wp-json\/wp\/v2\/categories?post=39394"},{"taxonomy":"post_tag","embeddable":true,"href":"https:\/\/www.africa-press.net\/cameroun\/wp-json\/wp\/v2\/tags?post=39394"}],"curies":[{"name":"wp","href":"https:\/\/api.w.org\/{rel}","templated":true}]}}