{"id":39400,"date":"2023-03-15T17:55:00","date_gmt":"2023-03-15T17:55:00","guid":{"rendered":"https:\/\/www.africa-press.net\/cameroun\/politique\/situation-economique-du-cameroun-le-mrc-denonce-les-incoherences-du-gouvernement"},"modified":"2023-03-15T18:46:21","modified_gmt":"2023-03-15T18:46:21","slug":"situation-economique-du-cameroun-le-mrc-denonce-les-incoherences-du-gouvernement","status":"publish","type":"post","link":"https:\/\/www.africa-press.net\/cameroun\/politique\/situation-economique-du-cameroun-le-mrc-denonce-les-incoherences-du-gouvernement","title":{"rendered":"Situation \u00e9conomique du Cameroun : Le Mrc d\u00e9nonce les incoh\u00e9rences du gouvernement"},"content":{"rendered":"<p><span style=\"color: #ff6600\"><strong>Africa-Press &#8211; Cameroun. <\/strong><\/span>Dans un communique\u0301 rendu public hier (mardi, 14 mars 2023), le secre\u0301taire national aux affaires e\u0301conomiques du parti de Maurice Kamto de\u0301crie les e\u0301garements des choix politiques internes qui pe\u0301riclitent sur le potentiel des agents e\u0301conomiques nationaux et des populations locales, en leur grevant, de manie\u0300re conse\u0301quente, le fardeau d&rsquo;une dette inquie\u0301tante dont ils ne tirent pas les be\u0301ne\u0301fices qu&rsquo;ils sont en droit d&rsquo;en attendre.<\/p>\n<p>Dans son communique\u0301, Galex Syrie Soh se pose, d&#8217;emble\u0301e, une question: \u00ab\u00a0Les dirigeants camerounais adoptent-ils des politiques e\u0301conomiques pouvant assurer le bien-e\u0302tre des populations et la mise du pays sur un sentier de croissance porteur de de\u0301veloppement ?\u00a0\u00bb S&rsquo;appuyant sur les re\u0301alite\u0301s factuelles du terrain, le secre\u0301taire national aux affaires e\u0301conomiques, a\u0300 l&rsquo;inte\u0301gration re\u0301gionale et au de\u0301veloppement de l&#8217;emploi du Mouvement pour la renaissance du Cameroun (Mrc) re\u0301pond a\u0300 cette question par la ne\u0301gative. En effet, l&rsquo;Economiste argumente, en questionnant les options e\u0301conomiques du gouvernement camerounais. S. Soh constate, de prime abord, que les dirigeants camerounais de\u0301clarent avoir subventionne\u0301 les produits pe\u0301troliers importe\u0301s a\u0300 hauteur de 700 milliards de Fcfa au cours de la seule anne\u0301e 2022 alors que la construction d&rsquo;une raffinerie est estime\u0301e a\u0300 seulement 200 milliards de Fcfa. Si l&rsquo;on conside\u0300re, juste, les cinq dernie\u0300res anne\u0301es, le pays aura ainsi de\u0301pense\u0301 plus de 3000 milliards de Fcfa en termes de subvention, montant qui lui aurait permis de re\u0301aliser pre\u0300s de quinze raffineries. L&rsquo;expert en Sciences e\u0301conomiques et de Gestion rele\u0300ve donc que le syste\u0300me gouvernant en place a, contre toute logique, choisi d&rsquo;acheter a\u0300 prix d&rsquo;or le pe\u0301trole raffine\u0301 a\u0300 des pays non-producteurs a\u0300 l&rsquo;exemple de la France.<\/p>\n<p>De plus, S. Soh passe au scanner le deuxie\u0300me choix de politique du gouvernement camerounais, qui est celui d&rsquo;importer et de subventionner le gaz alors que le pays dispose de re\u0301serves en cette ressource estime\u0301e a\u0300 117,04 milliards de Fcfa de m3 en 2022, capacite\u0301 qui lui permet non seulement de satisfaire la demande locale, mais aussi celle de la sous-re\u0301gion et au-dela\u0300. Alors, comment comprendre que le Cameroun destine essentiellement a\u0300 l&rsquo;exte\u0301rieur son gaz au point de se retrouver a\u0300 subventionner l&rsquo;acquisition du gaz pour ses citoyens ? Ou\u0300 vont les ressources tire\u0301es de l&rsquo;exploitation de notre gaz? Se questionne l&rsquo;Economiste.<\/p>\n<p>Par ailleurs, le secre\u0301taire national aux affaires e\u0301conomiques, a\u0300 l&rsquo;inte\u0301gration re\u0301gionale et au de\u0301veloppement de l&#8217;emploi illustre que le Cameroun, qui dispose du deuxie\u0300me potentiel hydroe\u0301lectrique en Afrique, ne figure pas parmi les dix pays assurant la meilleure offre d&rsquo;e\u0301nergie e\u0301lectrique sur le continent noir malgre\u0301 les milliers de milliards de Fcfa engloutis dans la construction des barrages, dont nul ne sait ou\u0300 va la production compte tenu des de\u0301lestages sauvages qui frappent tous les secteurs de l&rsquo;e\u0301conomie mettant a\u0300 mal le potentiel de de\u0301veloppement d&rsquo;un tissu industriel me\u0302me embryonnaire.<\/p>\n<p>Enfin, l&rsquo;Economiste ajoute qu&rsquo;un pays au sein duquel l&rsquo;accentuation de la concurrence sur les marche\u0301s se traduit par une hausse des prix des biens et services vogue a\u0300 contre-courant des the\u0301ories e\u0301conomiques connues. A titre illustratif, S. Syrie rele\u0300ve que le sac de ciment cou\u0302te beaucoup plus cher sur le marche\u0301 camerounais aujourd&rsquo;hui que lorsque le groupe Lafarge e\u0301tait en situation de monopole. De me\u0302me, le prix d&rsquo;un appel te\u0301le\u0301phonique est plus e\u0301leve\u0301 au Cameroun en 2023 que lorsque Intelcam devenu Camtel e\u0301tait le seul ope\u0301rateur de te\u0301le\u0301phonie sur le marche\u0301 national. \u00ab\u00a0Il est donc e\u0301vident, conclut Soh, que l&rsquo;augmentation du cou\u0302t de la vie que subissent les Camerounais ne de\u0301coule pas des difficulte\u0301s e\u0301conomiques que rencontre le gouvernement, mais elle re\u0301sulte pluto\u0302t des choix politiques irrationnels ou de l&rsquo;absence de politiques e\u0301conomiques cohe\u0301rentes et porteuses d&rsquo;une vision pour l&rsquo;essor du pays\u00a0\u00bb.<\/p>\n<p>Signalons que le Mrc rend public ce communique\u0301 alors que le Directeur ge\u0301ne\u0301ral adjoint du Fonds mone\u0301taire International (Fmi), Kenji Okamura, se\u0301journe au Cameroun depuis ce mardi, 14 mars 2023. Le haut cadre de cette institution financie\u0300re internationale est en visite de travail, dont la fin est pre\u0301vue ce jeudi, 16 mars 2023.<\/p>\n<p><strong>Pour plus d&rsquo;informations et d&rsquo;analyses sur la <a href=\"https:\/\/www.africa-press.net\/cameroun\">Cameroun<\/a>, suivez <a href=\"https:\/\/www.africa-press.net\/\">Africa-Press<\/a><\/strong><\/p>\n","protected":false},"excerpt":{"rendered":"<p>Africa-Press &#8211; Cameroun. Dans un communique\u0301 rendu public hier (mardi, 14 mars 2023), le secre\u0301taire national aux affaires e\u0301conomiques du parti de Maurice Kamto de\u0301crie les e\u0301garements des choix politiques internes qui pe\u0301riclitent sur le potentiel des agents e\u0301conomiques nationaux et des populations locales, en leur grevant, de manie\u0300re conse\u0301quente, le fardeau d&rsquo;une dette inquie\u0301tante [&hellip;]<\/p>\n","protected":false},"author":82,"featured_media":39398,"comment_status":"open","ping_status":"closed","sticky":false,"template":"","format":"standard","meta":{"footnotes":""},"categories":[2,10],"tags":[36,50,49],"class_list":["post-39400","post","type-post","status-publish","format-standard","has-post-thumbnail","hentry","category-politique","category-toutes-les-actualites","tag-africa-press","tag-africa-press-cameroun","tag-cameroun"],"yoast_head":"<!-- This site is optimized with the Yoast SEO Premium plugin v26.1 (Yoast SEO v27.0) - https:\/\/yoast.com\/product\/yoast-seo-premium-wordpress\/ -->\n<title>Situation \u00e9conomique du Cameroun : Le Mrc d\u00e9nonce les incoh\u00e9rences du gouvernement - Cameroun<\/title>\n<meta name=\"description\" content=\"Dans un communique\u0301 rendu public hier (mardi, 14 mars 2023), le secre\u0301taire national aux affaires e\u0301conomiques du parti ...\" \/>\n<meta name=\"robots\" content=\"index, follow, max-snippet:-1, max-image-preview:large, max-video-preview:-1\" \/>\n<link rel=\"canonical\" href=\"https:\/\/www.africa-press.net\/cameroun\/politique\/situation-economique-du-cameroun-le-mrc-denonce-les-incoherences-du-gouvernement\" \/>\n<meta property=\"og:locale\" content=\"fr_FR\" \/>\n<meta property=\"og:type\" content=\"article\" \/>\n<meta property=\"og:title\" content=\"Situation \u00e9conomique du Cameroun : Le Mrc d\u00e9nonce les incoh\u00e9rences du gouvernement\" \/>\n<meta property=\"og:description\" content=\"Dans un communique\u0301 rendu public hier (mardi, 14 mars 2023), le secre\u0301taire national aux affaires e\u0301conomiques du parti ...\" \/>\n<meta property=\"og:url\" content=\"https:\/\/www.africa-press.net\/cameroun\/politique\/situation-economique-du-cameroun-le-mrc-denonce-les-incoherences-du-gouvernement\" \/>\n<meta property=\"og:site_name\" content=\"Cameroun\" \/>\n<meta property=\"article:published_time\" content=\"2023-03-15T17:55:00+00:00\" \/>\n<meta property=\"article:modified_time\" content=\"2023-03-15T18:46:21+00:00\" \/>\n<meta property=\"og:image\" content=\"https:\/\/static.africa-press.net\/cameroun\/sites\/57\/2023\/03\/postQueueImg_1678890305.89.jpg\" \/>\n\t<meta property=\"og:image:width\" content=\"720\" \/>\n\t<meta property=\"og:image:height\" content=\"360\" \/>\n\t<meta property=\"og:image:type\" content=\"image\/jpeg\" \/>\n<meta name=\"author\" content=\"cfeditorfr\" \/>\n<meta name=\"twitter:card\" content=\"summary_large_image\" \/>\n<meta name=\"twitter:label1\" content=\"\u00c9crit par\" \/>\n\t<meta name=\"twitter:data1\" content=\"cfeditorfr\" \/>\n\t<meta name=\"twitter:label2\" content=\"Dur\u00e9e de lecture estim\u00e9e\" \/>\n\t<meta name=\"twitter:data2\" content=\"4 minutes\" \/>\n<script type=\"application\/ld+json\" class=\"yoast-schema-graph\">{\"@context\":\"https:\/\/schema.org\",\"@graph\":[{\"@type\":\"Article\",\"@id\":\"https:\/\/www.africa-press.net\/cameroun\/politique\/situation-economique-du-cameroun-le-mrc-denonce-les-incoherences-du-gouvernement#article\",\"isPartOf\":{\"@id\":\"https:\/\/www.africa-press.net\/cameroun\/politique\/situation-economique-du-cameroun-le-mrc-denonce-les-incoherences-du-gouvernement\"},\"author\":{\"name\":\"cfeditorfr\",\"@id\":\"https:\/\/www.africa-press.net\/cameroun\/#\/schema\/person\/2b1cf3cd81a31e3cd26889ca66d677f1\"},\"headline\":\"Situation \u00e9conomique du Cameroun : Le Mrc d\u00e9nonce les incoh\u00e9rences du gouvernement\",\"datePublished\":\"2023-03-15T17:55:00+00:00\",\"dateModified\":\"2023-03-15T18:46:21+00:00\",\"mainEntityOfPage\":{\"@id\":\"https:\/\/www.africa-press.net\/cameroun\/politique\/situation-economique-du-cameroun-le-mrc-denonce-les-incoherences-du-gouvernement\"},\"wordCount\":787,\"commentCount\":0,\"image\":{\"@id\":\"https:\/\/www.africa-press.net\/cameroun\/politique\/situation-economique-du-cameroun-le-mrc-denonce-les-incoherences-du-gouvernement#primaryimage\"},\"thumbnailUrl\":\"https:\/\/static.africa-press.net\/cameroun\/sites\/57\/2023\/03\/postQueueImg_1678890305.89.jpg\",\"keywords\":[\"Africa Press\",\"Africa Press-Cameroun\",\"Cameroun\"],\"articleSection\":[\"Politique\",\"Toutes les actualit\u00e9s\"],\"inLanguage\":\"fr-FR\",\"potentialAction\":[{\"@type\":\"CommentAction\",\"name\":\"Comment\",\"target\":[\"https:\/\/www.africa-press.net\/cameroun\/politique\/situation-economique-du-cameroun-le-mrc-denonce-les-incoherences-du-gouvernement#respond\"]}]},{\"@type\":\"WebPage\",\"@id\":\"https:\/\/www.africa-press.net\/cameroun\/politique\/situation-economique-du-cameroun-le-mrc-denonce-les-incoherences-du-gouvernement\",\"url\":\"https:\/\/www.africa-press.net\/cameroun\/politique\/situation-economique-du-cameroun-le-mrc-denonce-les-incoherences-du-gouvernement\",\"name\":\"Situation \u00e9conomique du Cameroun : Le Mrc d\u00e9nonce les incoh\u00e9rences du gouvernement - Cameroun\",\"isPartOf\":{\"@id\":\"https:\/\/www.africa-press.net\/cameroun\/#website\"},\"primaryImageOfPage\":{\"@id\":\"https:\/\/www.africa-press.net\/cameroun\/politique\/situation-economique-du-cameroun-le-mrc-denonce-les-incoherences-du-gouvernement#primaryimage\"},\"image\":{\"@id\":\"https:\/\/www.africa-press.net\/cameroun\/politique\/situation-economique-du-cameroun-le-mrc-denonce-les-incoherences-du-gouvernement#primaryimage\"},\"thumbnailUrl\":\"https:\/\/static.africa-press.net\/cameroun\/sites\/57\/2023\/03\/postQueueImg_1678890305.89.jpg\",\"datePublished\":\"2023-03-15T17:55:00+00:00\",\"dateModified\":\"2023-03-15T18:46:21+00:00\",\"author\":{\"@id\":\"https:\/\/www.africa-press.net\/cameroun\/#\/schema\/person\/2b1cf3cd81a31e3cd26889ca66d677f1\"},\"description\":\"Dans un communique\u0301 rendu public hier (mardi, 14 mars 2023), le secre\u0301taire national aux affaires e\u0301conomiques du parti ...\",\"breadcrumb\":{\"@id\":\"https:\/\/www.africa-press.net\/cameroun\/politique\/situation-economique-du-cameroun-le-mrc-denonce-les-incoherences-du-gouvernement#breadcrumb\"},\"inLanguage\":\"fr-FR\",\"potentialAction\":[{\"@type\":\"ReadAction\",\"target\":[\"https:\/\/www.africa-press.net\/cameroun\/politique\/situation-economique-du-cameroun-le-mrc-denonce-les-incoherences-du-gouvernement\"]}]},{\"@type\":\"ImageObject\",\"inLanguage\":\"fr-FR\",\"@id\":\"https:\/\/www.africa-press.net\/cameroun\/politique\/situation-economique-du-cameroun-le-mrc-denonce-les-incoherences-du-gouvernement#primaryimage\",\"url\":\"https:\/\/static.africa-press.net\/cameroun\/sites\/57\/2023\/03\/postQueueImg_1678890305.89.jpg\",\"contentUrl\":\"https:\/\/static.africa-press.net\/cameroun\/sites\/57\/2023\/03\/postQueueImg_1678890305.89.jpg\",\"width\":720,\"height\":360,\"caption\":\"Situation \u00e9conomique du Cameroun : Le Mrc d\u00e9nonce les incoh\u00e9rences du gouvernement\"},{\"@type\":\"BreadcrumbList\",\"@id\":\"https:\/\/www.africa-press.net\/cameroun\/politique\/situation-economique-du-cameroun-le-mrc-denonce-les-incoherences-du-gouvernement#breadcrumb\",\"itemListElement\":[{\"@type\":\"ListItem\",\"position\":1,\"name\":\"Accueil\",\"item\":\"https:\/\/www.africa-press.net\/cameroun\/\"},{\"@type\":\"ListItem\",\"position\":2,\"name\":\"Situation \u00e9conomique du Cameroun : Le Mrc d\u00e9nonce les incoh\u00e9rences du gouvernement\"}]},{\"@type\":\"WebSite\",\"@id\":\"https:\/\/www.africa-press.net\/cameroun\/#website\",\"url\":\"https:\/\/www.africa-press.net\/cameroun\/\",\"name\":\"Cameroun\",\"description\":\"Just another Africa News Agency Sites site\",\"potentialAction\":[{\"@type\":\"SearchAction\",\"target\":{\"@type\":\"EntryPoint\",\"urlTemplate\":\"https:\/\/www.africa-press.net\/cameroun\/?s={search_term_string}\"},\"query-input\":{\"@type\":\"PropertyValueSpecification\",\"valueRequired\":true,\"valueName\":\"search_term_string\"}}],\"inLanguage\":\"fr-FR\"},{\"@type\":\"Person\",\"@id\":\"https:\/\/www.africa-press.net\/cameroun\/#\/schema\/person\/2b1cf3cd81a31e3cd26889ca66d677f1\",\"name\":\"cfeditorfr\"}]}<\/script>\n<!-- \/ Yoast SEO Premium plugin. -->","yoast_head_json":{"title":"Situation \u00e9conomique du Cameroun : Le Mrc d\u00e9nonce les incoh\u00e9rences du gouvernement - Cameroun","description":"Dans un communique\u0301 rendu public hier (mardi, 14 mars 2023), le secre\u0301taire national aux affaires e\u0301conomiques du parti ...","robots":{"index":"index","follow":"follow","max-snippet":"max-snippet:-1","max-image-preview":"max-image-preview:large","max-video-preview":"max-video-preview:-1"},"canonical":"https:\/\/www.africa-press.net\/cameroun\/politique\/situation-economique-du-cameroun-le-mrc-denonce-les-incoherences-du-gouvernement","og_locale":"fr_FR","og_type":"article","og_title":"Situation \u00e9conomique du Cameroun : Le Mrc d\u00e9nonce les incoh\u00e9rences du gouvernement","og_description":"Dans un communique\u0301 rendu public hier (mardi, 14 mars 2023), le secre\u0301taire national aux affaires e\u0301conomiques du parti ...","og_url":"https:\/\/www.africa-press.net\/cameroun\/politique\/situation-economique-du-cameroun-le-mrc-denonce-les-incoherences-du-gouvernement","og_site_name":"Cameroun","article_published_time":"2023-03-15T17:55:00+00:00","article_modified_time":"2023-03-15T18:46:21+00:00","og_image":[{"width":720,"height":360,"url":"https:\/\/static.africa-press.net\/cameroun\/sites\/57\/2023\/03\/postQueueImg_1678890305.89.jpg","type":"image\/jpeg"}],"author":"cfeditorfr","twitter_card":"summary_large_image","twitter_misc":{"\u00c9crit par":"cfeditorfr","Dur\u00e9e de lecture estim\u00e9e":"4 minutes"},"schema":{"@context":"https:\/\/schema.org","@graph":[{"@type":"Article","@id":"https:\/\/www.africa-press.net\/cameroun\/politique\/situation-economique-du-cameroun-le-mrc-denonce-les-incoherences-du-gouvernement#article","isPartOf":{"@id":"https:\/\/www.africa-press.net\/cameroun\/politique\/situation-economique-du-cameroun-le-mrc-denonce-les-incoherences-du-gouvernement"},"author":{"name":"cfeditorfr","@id":"https:\/\/www.africa-press.net\/cameroun\/#\/schema\/person\/2b1cf3cd81a31e3cd26889ca66d677f1"},"headline":"Situation \u00e9conomique du Cameroun : Le Mrc d\u00e9nonce les incoh\u00e9rences du gouvernement","datePublished":"2023-03-15T17:55:00+00:00","dateModified":"2023-03-15T18:46:21+00:00","mainEntityOfPage":{"@id":"https:\/\/www.africa-press.net\/cameroun\/politique\/situation-economique-du-cameroun-le-mrc-denonce-les-incoherences-du-gouvernement"},"wordCount":787,"commentCount":0,"image":{"@id":"https:\/\/www.africa-press.net\/cameroun\/politique\/situation-economique-du-cameroun-le-mrc-denonce-les-incoherences-du-gouvernement#primaryimage"},"thumbnailUrl":"https:\/\/static.africa-press.net\/cameroun\/sites\/57\/2023\/03\/postQueueImg_1678890305.89.jpg","keywords":["Africa Press","Africa Press-Cameroun","Cameroun"],"articleSection":["Politique","Toutes les actualit\u00e9s"],"inLanguage":"fr-FR","potentialAction":[{"@type":"CommentAction","name":"Comment","target":["https:\/\/www.africa-press.net\/cameroun\/politique\/situation-economique-du-cameroun-le-mrc-denonce-les-incoherences-du-gouvernement#respond"]}]},{"@type":"WebPage","@id":"https:\/\/www.africa-press.net\/cameroun\/politique\/situation-economique-du-cameroun-le-mrc-denonce-les-incoherences-du-gouvernement","url":"https:\/\/www.africa-press.net\/cameroun\/politique\/situation-economique-du-cameroun-le-mrc-denonce-les-incoherences-du-gouvernement","name":"Situation \u00e9conomique du Cameroun : Le Mrc d\u00e9nonce les incoh\u00e9rences du gouvernement - Cameroun","isPartOf":{"@id":"https:\/\/www.africa-press.net\/cameroun\/#website"},"primaryImageOfPage":{"@id":"https:\/\/www.africa-press.net\/cameroun\/politique\/situation-economique-du-cameroun-le-mrc-denonce-les-incoherences-du-gouvernement#primaryimage"},"image":{"@id":"https:\/\/www.africa-press.net\/cameroun\/politique\/situation-economique-du-cameroun-le-mrc-denonce-les-incoherences-du-gouvernement#primaryimage"},"thumbnailUrl":"https:\/\/static.africa-press.net\/cameroun\/sites\/57\/2023\/03\/postQueueImg_1678890305.89.jpg","datePublished":"2023-03-15T17:55:00+00:00","dateModified":"2023-03-15T18:46:21+00:00","author":{"@id":"https:\/\/www.africa-press.net\/cameroun\/#\/schema\/person\/2b1cf3cd81a31e3cd26889ca66d677f1"},"description":"Dans un communique\u0301 rendu public hier (mardi, 14 mars 2023), le secre\u0301taire national aux affaires e\u0301conomiques du parti ...","breadcrumb":{"@id":"https:\/\/www.africa-press.net\/cameroun\/politique\/situation-economique-du-cameroun-le-mrc-denonce-les-incoherences-du-gouvernement#breadcrumb"},"inLanguage":"fr-FR","potentialAction":[{"@type":"ReadAction","target":["https:\/\/www.africa-press.net\/cameroun\/politique\/situation-economique-du-cameroun-le-mrc-denonce-les-incoherences-du-gouvernement"]}]},{"@type":"ImageObject","inLanguage":"fr-FR","@id":"https:\/\/www.africa-press.net\/cameroun\/politique\/situation-economique-du-cameroun-le-mrc-denonce-les-incoherences-du-gouvernement#primaryimage","url":"https:\/\/static.africa-press.net\/cameroun\/sites\/57\/2023\/03\/postQueueImg_1678890305.89.jpg","contentUrl":"https:\/\/static.africa-press.net\/cameroun\/sites\/57\/2023\/03\/postQueueImg_1678890305.89.jpg","width":720,"height":360,"caption":"Situation \u00e9conomique du Cameroun : Le Mrc d\u00e9nonce les incoh\u00e9rences du gouvernement"},{"@type":"BreadcrumbList","@id":"https:\/\/www.africa-press.net\/cameroun\/politique\/situation-economique-du-cameroun-le-mrc-denonce-les-incoherences-du-gouvernement#breadcrumb","itemListElement":[{"@type":"ListItem","position":1,"name":"Accueil","item":"https:\/\/www.africa-press.net\/cameroun\/"},{"@type":"ListItem","position":2,"name":"Situation \u00e9conomique du Cameroun : Le Mrc d\u00e9nonce les incoh\u00e9rences du gouvernement"}]},{"@type":"WebSite","@id":"https:\/\/www.africa-press.net\/cameroun\/#website","url":"https:\/\/www.africa-press.net\/cameroun\/","name":"Cameroun","description":"Just another Africa News Agency Sites site","potentialAction":[{"@type":"SearchAction","target":{"@type":"EntryPoint","urlTemplate":"https:\/\/www.africa-press.net\/cameroun\/?s={search_term_string}"},"query-input":{"@type":"PropertyValueSpecification","valueRequired":true,"valueName":"search_term_string"}}],"inLanguage":"fr-FR"},{"@type":"Person","@id":"https:\/\/www.africa-press.net\/cameroun\/#\/schema\/person\/2b1cf3cd81a31e3cd26889ca66d677f1","name":"cfeditorfr"}]}},"_links":{"self":[{"href":"https:\/\/www.africa-press.net\/cameroun\/wp-json\/wp\/v2\/posts\/39400","targetHints":{"allow":["GET"]}}],"collection":[{"href":"https:\/\/www.africa-press.net\/cameroun\/wp-json\/wp\/v2\/posts"}],"about":[{"href":"https:\/\/www.africa-press.net\/cameroun\/wp-json\/wp\/v2\/types\/post"}],"author":[{"embeddable":true,"href":"https:\/\/www.africa-press.net\/cameroun\/wp-json\/wp\/v2\/users\/82"}],"replies":[{"embeddable":true,"href":"https:\/\/www.africa-press.net\/cameroun\/wp-json\/wp\/v2\/comments?post=39400"}],"version-history":[{"count":0,"href":"https:\/\/www.africa-press.net\/cameroun\/wp-json\/wp\/v2\/posts\/39400\/revisions"}],"wp:featuredmedia":[{"embeddable":true,"href":"https:\/\/www.africa-press.net\/cameroun\/wp-json\/wp\/v2\/media\/39398"}],"wp:attachment":[{"href":"https:\/\/www.africa-press.net\/cameroun\/wp-json\/wp\/v2\/media?parent=39400"}],"wp:term":[{"taxonomy":"category","embeddable":true,"href":"https:\/\/www.africa-press.net\/cameroun\/wp-json\/wp\/v2\/categories?post=39400"},{"taxonomy":"post_tag","embeddable":true,"href":"https:\/\/www.africa-press.net\/cameroun\/wp-json\/wp\/v2\/tags?post=39400"}],"curies":[{"name":"wp","href":"https:\/\/api.w.org\/{rel}","templated":true}]}}