{"id":39403,"date":"2023-03-15T17:55:06","date_gmt":"2023-03-15T17:55:06","guid":{"rendered":"https:\/\/www.africa-press.net\/cameroun\/politique\/assassinat-de-martinez-zogo-qui-veut-creer-une-affaire-dans-laffaire"},"modified":"2023-03-15T18:47:07","modified_gmt":"2023-03-15T18:47:07","slug":"assassinat-de-martinez-zogo-qui-veut-creer-une-affaire-dans-laffaire","status":"publish","type":"post","link":"https:\/\/www.africa-press.net\/cameroun\/politique\/assassinat-de-martinez-zogo-qui-veut-creer-une-affaire-dans-laffaire","title":{"rendered":"Assassinat de Martinez Zogo : Qui veut cr\u00e9er une affaire dans l&rsquo;affaire?"},"content":{"rendered":"<p><span style=\"color: #ff6600\"><strong>Africa-Press &#8211; Cameroun. <\/strong><\/span>Lorsqu&rsquo;un homme politique est embourbe\u0301 dans des de\u0301me\u0302le\u0301s politico-judiciaires, le the\u0301ore\u0300me de Pasqua consiste a\u0300 susciter une affaire dans l&rsquo;affaire, et si ne\u0301cessaire une autre affaire dans l&rsquo;affaire de l&rsquo;affaire, jusqu&rsquo;a\u0300 ce que personne n&rsquo;y comprenne plus rien.<\/p>\n<p>Lorsqu&rsquo;on observe de pre\u0300s le landernau politique national et le comportement de certains acteurs (tel de\u0301pute\u0301 ou telle association de chefs traditionnels) qui appellent a\u0300 l&rsquo;ouverture d&rsquo;enque\u0302tes multiformes et prote\u0301iformes qui comme par hasard, ciblent toutes le ministre d&rsquo;Etat Ferdinand Ngoh Ngoh, alors on comprend que nous sommes bien dans l&rsquo;application de\u0301sespe\u0301re\u0301e du the\u0301ore\u0300me de Pasqua, au profit de certaines personnalite\u0301s politiques dont l&rsquo;implication est e\u0301voque\u0301e a\u0300 tort ou a\u0300 raison dans l&rsquo;assassinat odieux du journaliste Martinez Zogo. On appelle a\u0300 cor et a\u0300 cri a\u0300 l&rsquo;ouverture d&rsquo;une enque\u0302te sur les suppose\u0301s.<\/p>\n<p>Covidgate et Cangate parce que leur re\u0302ve est de voir le ministre d&rsquo;Etat Ferdinand<\/p>\n<p>Ngoh Ngoh tombe\u0301, incrimine\u0301.<\/p>\n<p>Alors question : est-ce lui qui a envoye\u0301 assassiner la\u0302 chement et de manie\u0300re barbare Martinez Zogo ?<\/p>\n<p>Prenons le cas du Covid-gate. Qui a e\u0301te\u0301 indexe\u0301 par la Chambre des comptes ?<\/p>\n<p>Ce n&rsquo;est pas le Minetat Sg\/Pr. Et Olembe ? A ce jour, il a cou\u0302te\u0301 155 milliards de Fcfa a\u0300 l&rsquo;Etat. Loin des 218 milliards e\u0301voque\u0301s par une certaine presse. En rappel, le stade Abdoulaye Wade de Diamandio, au Se\u0301ne\u0301gal (50 000 places), a cou\u0302te\u0301 155 milliards Fcfa. Celui d&rsquo;Ebimpe en Co\u0302te-d&rsquo;Ivoire (60 000 places) 163 milliards de Fcfa. En Alge\u0301rie, le stade Nelson Mandela (40 000 places) a cou\u0302te\u0301 300 millions d&rsquo;euros en 2022, soit 196 milliards de Fcfa. Ce qui fait du complexe sportif d&rsquo;Olembe, le stade le moins cher en Afrique.<\/p>\n<p>Que les choses soient claires. Tout ce qui se passe, tous ces de\u0301sespe\u0301rants appels pour une inculpation cou\u0302te que cou\u0302te du ministre d&rsquo;Etat Sg\/Pr visent simplement a\u0300 de\u0301tourner l&rsquo;attention du peuple de l&rsquo;affaire Martinez Zogo. Et pour cela, ils font appel a\u0300 un montage grossier qui consiste a\u0300 mettre sur le me\u0302me plan, l&rsquo;assassinat de Martinez Zogo et le Covidgate, ainsi que le suppose\u0301 scandale de la Can.<\/p>\n<p>Nous sommes-la\u0300 dans le comble du cynisme. Cet amalgame a pour but d&rsquo;absoudre les assassins de Martinez Zogo et leurs comman-ditaires. Chercher vaille que vaille a\u0300 incriminer le ministre d&rsquo;Etat Sg\/Pr est tout simplement ubuesque et honteux.<\/p>\n<p><strong>Pour plus d&rsquo;informations et d&rsquo;analyses sur la <a href=\"https:\/\/www.africa-press.net\/cameroun\">Cameroun<\/a>, suivez <a href=\"https:\/\/www.africa-press.net\/\">Africa-Press<\/a><\/strong><\/p>\n","protected":false},"excerpt":{"rendered":"<p>Africa-Press &#8211; Cameroun. Lorsqu&rsquo;un homme politique est embourbe\u0301 dans des de\u0301me\u0302le\u0301s politico-judiciaires, le the\u0301ore\u0300me de Pasqua consiste a\u0300 susciter une affaire dans l&rsquo;affaire, et si ne\u0301cessaire une autre affaire dans l&rsquo;affaire de l&rsquo;affaire, jusqu&rsquo;a\u0300 ce que personne n&rsquo;y comprenne plus rien. Lorsqu&rsquo;on observe de pre\u0300s le landernau politique national et le comportement de certains acteurs [&hellip;]<\/p>\n","protected":false},"author":82,"featured_media":39401,"comment_status":"open","ping_status":"closed","sticky":false,"template":"","format":"standard","meta":{"footnotes":""},"categories":[2,10],"tags":[36,50,49],"class_list":["post-39403","post","type-post","status-publish","format-standard","has-post-thumbnail","hentry","category-politique","category-toutes-les-actualites","tag-africa-press","tag-africa-press-cameroun","tag-cameroun"],"yoast_head":"<!-- This site is optimized with the Yoast SEO Premium plugin v26.1 (Yoast SEO v27.0) - https:\/\/yoast.com\/product\/yoast-seo-premium-wordpress\/ -->\n<title>Assassinat de Martinez Zogo : Qui veut cr\u00e9er une affaire dans l&#039;affaire? - Cameroun<\/title>\n<meta name=\"description\" content=\"Lorsqu&#039;un homme politique est embourbe\u0301 dans des de\u0301me\u0302le\u0301s politico-judiciaires, le the\u0301ore\u0300me de Pasqua consiste a\u0300 su ...\" \/>\n<meta name=\"robots\" content=\"index, follow, max-snippet:-1, max-image-preview:large, max-video-preview:-1\" \/>\n<link rel=\"canonical\" href=\"https:\/\/www.africa-press.net\/cameroun\/politique\/assassinat-de-martinez-zogo-qui-veut-creer-une-affaire-dans-laffaire\" \/>\n<meta property=\"og:locale\" content=\"fr_FR\" \/>\n<meta property=\"og:type\" content=\"article\" \/>\n<meta property=\"og:title\" content=\"Assassinat de Martinez Zogo : Qui veut cr\u00e9er une affaire dans l&#039;affaire?\" \/>\n<meta property=\"og:description\" content=\"Lorsqu&#039;un homme politique est embourbe\u0301 dans des de\u0301me\u0302le\u0301s politico-judiciaires, le the\u0301ore\u0300me de Pasqua consiste a\u0300 su ...\" \/>\n<meta property=\"og:url\" content=\"https:\/\/www.africa-press.net\/cameroun\/politique\/assassinat-de-martinez-zogo-qui-veut-creer-une-affaire-dans-laffaire\" \/>\n<meta property=\"og:site_name\" content=\"Cameroun\" \/>\n<meta property=\"article:published_time\" content=\"2023-03-15T17:55:06+00:00\" \/>\n<meta property=\"article:modified_time\" content=\"2023-03-15T18:47:07+00:00\" \/>\n<meta property=\"og:image\" content=\"https:\/\/static.africa-press.net\/cameroun\/sites\/57\/2023\/03\/postQueueImg_1678890310.06.jpg\" \/>\n\t<meta property=\"og:image:width\" content=\"720\" \/>\n\t<meta property=\"og:image:height\" content=\"440\" \/>\n\t<meta property=\"og:image:type\" content=\"image\/jpeg\" \/>\n<meta name=\"author\" content=\"cfeditorfr\" \/>\n<meta name=\"twitter:card\" content=\"summary_large_image\" \/>\n<meta name=\"twitter:label1\" content=\"\u00c9crit par\" \/>\n\t<meta name=\"twitter:data1\" content=\"cfeditorfr\" \/>\n\t<meta name=\"twitter:label2\" content=\"Dur\u00e9e de lecture estim\u00e9e\" \/>\n\t<meta name=\"twitter:data2\" content=\"2 minutes\" \/>\n<script type=\"application\/ld+json\" class=\"yoast-schema-graph\">{\"@context\":\"https:\/\/schema.org\",\"@graph\":[{\"@type\":\"Article\",\"@id\":\"https:\/\/www.africa-press.net\/cameroun\/politique\/assassinat-de-martinez-zogo-qui-veut-creer-une-affaire-dans-laffaire#article\",\"isPartOf\":{\"@id\":\"https:\/\/www.africa-press.net\/cameroun\/politique\/assassinat-de-martinez-zogo-qui-veut-creer-une-affaire-dans-laffaire\"},\"author\":{\"name\":\"cfeditorfr\",\"@id\":\"https:\/\/www.africa-press.net\/cameroun\/#\/schema\/person\/2b1cf3cd81a31e3cd26889ca66d677f1\"},\"headline\":\"Assassinat de Martinez Zogo : Qui veut cr\u00e9er une affaire dans l&rsquo;affaire?\",\"datePublished\":\"2023-03-15T17:55:06+00:00\",\"dateModified\":\"2023-03-15T18:47:07+00:00\",\"mainEntityOfPage\":{\"@id\":\"https:\/\/www.africa-press.net\/cameroun\/politique\/assassinat-de-martinez-zogo-qui-veut-creer-une-affaire-dans-laffaire\"},\"wordCount\":460,\"commentCount\":0,\"image\":{\"@id\":\"https:\/\/www.africa-press.net\/cameroun\/politique\/assassinat-de-martinez-zogo-qui-veut-creer-une-affaire-dans-laffaire#primaryimage\"},\"thumbnailUrl\":\"https:\/\/static.africa-press.net\/cameroun\/sites\/57\/2023\/03\/postQueueImg_1678890310.06.jpg\",\"keywords\":[\"Africa Press\",\"Africa Press-Cameroun\",\"Cameroun\"],\"articleSection\":[\"Politique\",\"Toutes les actualit\u00e9s\"],\"inLanguage\":\"fr-FR\",\"potentialAction\":[{\"@type\":\"CommentAction\",\"name\":\"Comment\",\"target\":[\"https:\/\/www.africa-press.net\/cameroun\/politique\/assassinat-de-martinez-zogo-qui-veut-creer-une-affaire-dans-laffaire#respond\"]}]},{\"@type\":\"WebPage\",\"@id\":\"https:\/\/www.africa-press.net\/cameroun\/politique\/assassinat-de-martinez-zogo-qui-veut-creer-une-affaire-dans-laffaire\",\"url\":\"https:\/\/www.africa-press.net\/cameroun\/politique\/assassinat-de-martinez-zogo-qui-veut-creer-une-affaire-dans-laffaire\",\"name\":\"Assassinat de Martinez Zogo : Qui veut cr\u00e9er une affaire dans l'affaire? - Cameroun\",\"isPartOf\":{\"@id\":\"https:\/\/www.africa-press.net\/cameroun\/#website\"},\"primaryImageOfPage\":{\"@id\":\"https:\/\/www.africa-press.net\/cameroun\/politique\/assassinat-de-martinez-zogo-qui-veut-creer-une-affaire-dans-laffaire#primaryimage\"},\"image\":{\"@id\":\"https:\/\/www.africa-press.net\/cameroun\/politique\/assassinat-de-martinez-zogo-qui-veut-creer-une-affaire-dans-laffaire#primaryimage\"},\"thumbnailUrl\":\"https:\/\/static.africa-press.net\/cameroun\/sites\/57\/2023\/03\/postQueueImg_1678890310.06.jpg\",\"datePublished\":\"2023-03-15T17:55:06+00:00\",\"dateModified\":\"2023-03-15T18:47:07+00:00\",\"author\":{\"@id\":\"https:\/\/www.africa-press.net\/cameroun\/#\/schema\/person\/2b1cf3cd81a31e3cd26889ca66d677f1\"},\"description\":\"Lorsqu'un homme politique est embourbe\u0301 dans des de\u0301me\u0302le\u0301s politico-judiciaires, le the\u0301ore\u0300me de Pasqua consiste a\u0300 su ...\",\"breadcrumb\":{\"@id\":\"https:\/\/www.africa-press.net\/cameroun\/politique\/assassinat-de-martinez-zogo-qui-veut-creer-une-affaire-dans-laffaire#breadcrumb\"},\"inLanguage\":\"fr-FR\",\"potentialAction\":[{\"@type\":\"ReadAction\",\"target\":[\"https:\/\/www.africa-press.net\/cameroun\/politique\/assassinat-de-martinez-zogo-qui-veut-creer-une-affaire-dans-laffaire\"]}]},{\"@type\":\"ImageObject\",\"inLanguage\":\"fr-FR\",\"@id\":\"https:\/\/www.africa-press.net\/cameroun\/politique\/assassinat-de-martinez-zogo-qui-veut-creer-une-affaire-dans-laffaire#primaryimage\",\"url\":\"https:\/\/static.africa-press.net\/cameroun\/sites\/57\/2023\/03\/postQueueImg_1678890310.06.jpg\",\"contentUrl\":\"https:\/\/static.africa-press.net\/cameroun\/sites\/57\/2023\/03\/postQueueImg_1678890310.06.jpg\",\"width\":720,\"height\":440,\"caption\":\"Assassinat de Martinez Zogo : Qui veut cr\u00e9er une affaire dans l'affaire?\"},{\"@type\":\"BreadcrumbList\",\"@id\":\"https:\/\/www.africa-press.net\/cameroun\/politique\/assassinat-de-martinez-zogo-qui-veut-creer-une-affaire-dans-laffaire#breadcrumb\",\"itemListElement\":[{\"@type\":\"ListItem\",\"position\":1,\"name\":\"Accueil\",\"item\":\"https:\/\/www.africa-press.net\/cameroun\/\"},{\"@type\":\"ListItem\",\"position\":2,\"name\":\"Assassinat de Martinez Zogo : Qui veut cr\u00e9er une affaire dans l&rsquo;affaire?\"}]},{\"@type\":\"WebSite\",\"@id\":\"https:\/\/www.africa-press.net\/cameroun\/#website\",\"url\":\"https:\/\/www.africa-press.net\/cameroun\/\",\"name\":\"Cameroun\",\"description\":\"Just another Africa News Agency Sites site\",\"potentialAction\":[{\"@type\":\"SearchAction\",\"target\":{\"@type\":\"EntryPoint\",\"urlTemplate\":\"https:\/\/www.africa-press.net\/cameroun\/?s={search_term_string}\"},\"query-input\":{\"@type\":\"PropertyValueSpecification\",\"valueRequired\":true,\"valueName\":\"search_term_string\"}}],\"inLanguage\":\"fr-FR\"},{\"@type\":\"Person\",\"@id\":\"https:\/\/www.africa-press.net\/cameroun\/#\/schema\/person\/2b1cf3cd81a31e3cd26889ca66d677f1\",\"name\":\"cfeditorfr\"}]}<\/script>\n<!-- \/ Yoast SEO Premium plugin. -->","yoast_head_json":{"title":"Assassinat de Martinez Zogo : Qui veut cr\u00e9er une affaire dans l'affaire? - Cameroun","description":"Lorsqu'un homme politique est embourbe\u0301 dans des de\u0301me\u0302le\u0301s politico-judiciaires, le the\u0301ore\u0300me de Pasqua consiste a\u0300 su ...","robots":{"index":"index","follow":"follow","max-snippet":"max-snippet:-1","max-image-preview":"max-image-preview:large","max-video-preview":"max-video-preview:-1"},"canonical":"https:\/\/www.africa-press.net\/cameroun\/politique\/assassinat-de-martinez-zogo-qui-veut-creer-une-affaire-dans-laffaire","og_locale":"fr_FR","og_type":"article","og_title":"Assassinat de Martinez Zogo : Qui veut cr\u00e9er une affaire dans l'affaire?","og_description":"Lorsqu'un homme politique est embourbe\u0301 dans des de\u0301me\u0302le\u0301s politico-judiciaires, le the\u0301ore\u0300me de Pasqua consiste a\u0300 su ...","og_url":"https:\/\/www.africa-press.net\/cameroun\/politique\/assassinat-de-martinez-zogo-qui-veut-creer-une-affaire-dans-laffaire","og_site_name":"Cameroun","article_published_time":"2023-03-15T17:55:06+00:00","article_modified_time":"2023-03-15T18:47:07+00:00","og_image":[{"width":720,"height":440,"url":"https:\/\/static.africa-press.net\/cameroun\/sites\/57\/2023\/03\/postQueueImg_1678890310.06.jpg","type":"image\/jpeg"}],"author":"cfeditorfr","twitter_card":"summary_large_image","twitter_misc":{"\u00c9crit par":"cfeditorfr","Dur\u00e9e de lecture estim\u00e9e":"2 minutes"},"schema":{"@context":"https:\/\/schema.org","@graph":[{"@type":"Article","@id":"https:\/\/www.africa-press.net\/cameroun\/politique\/assassinat-de-martinez-zogo-qui-veut-creer-une-affaire-dans-laffaire#article","isPartOf":{"@id":"https:\/\/www.africa-press.net\/cameroun\/politique\/assassinat-de-martinez-zogo-qui-veut-creer-une-affaire-dans-laffaire"},"author":{"name":"cfeditorfr","@id":"https:\/\/www.africa-press.net\/cameroun\/#\/schema\/person\/2b1cf3cd81a31e3cd26889ca66d677f1"},"headline":"Assassinat de Martinez Zogo : Qui veut cr\u00e9er une affaire dans l&rsquo;affaire?","datePublished":"2023-03-15T17:55:06+00:00","dateModified":"2023-03-15T18:47:07+00:00","mainEntityOfPage":{"@id":"https:\/\/www.africa-press.net\/cameroun\/politique\/assassinat-de-martinez-zogo-qui-veut-creer-une-affaire-dans-laffaire"},"wordCount":460,"commentCount":0,"image":{"@id":"https:\/\/www.africa-press.net\/cameroun\/politique\/assassinat-de-martinez-zogo-qui-veut-creer-une-affaire-dans-laffaire#primaryimage"},"thumbnailUrl":"https:\/\/static.africa-press.net\/cameroun\/sites\/57\/2023\/03\/postQueueImg_1678890310.06.jpg","keywords":["Africa Press","Africa Press-Cameroun","Cameroun"],"articleSection":["Politique","Toutes les actualit\u00e9s"],"inLanguage":"fr-FR","potentialAction":[{"@type":"CommentAction","name":"Comment","target":["https:\/\/www.africa-press.net\/cameroun\/politique\/assassinat-de-martinez-zogo-qui-veut-creer-une-affaire-dans-laffaire#respond"]}]},{"@type":"WebPage","@id":"https:\/\/www.africa-press.net\/cameroun\/politique\/assassinat-de-martinez-zogo-qui-veut-creer-une-affaire-dans-laffaire","url":"https:\/\/www.africa-press.net\/cameroun\/politique\/assassinat-de-martinez-zogo-qui-veut-creer-une-affaire-dans-laffaire","name":"Assassinat de Martinez Zogo : Qui veut cr\u00e9er une affaire dans l'affaire? - Cameroun","isPartOf":{"@id":"https:\/\/www.africa-press.net\/cameroun\/#website"},"primaryImageOfPage":{"@id":"https:\/\/www.africa-press.net\/cameroun\/politique\/assassinat-de-martinez-zogo-qui-veut-creer-une-affaire-dans-laffaire#primaryimage"},"image":{"@id":"https:\/\/www.africa-press.net\/cameroun\/politique\/assassinat-de-martinez-zogo-qui-veut-creer-une-affaire-dans-laffaire#primaryimage"},"thumbnailUrl":"https:\/\/static.africa-press.net\/cameroun\/sites\/57\/2023\/03\/postQueueImg_1678890310.06.jpg","datePublished":"2023-03-15T17:55:06+00:00","dateModified":"2023-03-15T18:47:07+00:00","author":{"@id":"https:\/\/www.africa-press.net\/cameroun\/#\/schema\/person\/2b1cf3cd81a31e3cd26889ca66d677f1"},"description":"Lorsqu'un homme politique est embourbe\u0301 dans des de\u0301me\u0302le\u0301s politico-judiciaires, le the\u0301ore\u0300me de Pasqua consiste a\u0300 su ...","breadcrumb":{"@id":"https:\/\/www.africa-press.net\/cameroun\/politique\/assassinat-de-martinez-zogo-qui-veut-creer-une-affaire-dans-laffaire#breadcrumb"},"inLanguage":"fr-FR","potentialAction":[{"@type":"ReadAction","target":["https:\/\/www.africa-press.net\/cameroun\/politique\/assassinat-de-martinez-zogo-qui-veut-creer-une-affaire-dans-laffaire"]}]},{"@type":"ImageObject","inLanguage":"fr-FR","@id":"https:\/\/www.africa-press.net\/cameroun\/politique\/assassinat-de-martinez-zogo-qui-veut-creer-une-affaire-dans-laffaire#primaryimage","url":"https:\/\/static.africa-press.net\/cameroun\/sites\/57\/2023\/03\/postQueueImg_1678890310.06.jpg","contentUrl":"https:\/\/static.africa-press.net\/cameroun\/sites\/57\/2023\/03\/postQueueImg_1678890310.06.jpg","width":720,"height":440,"caption":"Assassinat de Martinez Zogo : Qui veut cr\u00e9er une affaire dans l'affaire?"},{"@type":"BreadcrumbList","@id":"https:\/\/www.africa-press.net\/cameroun\/politique\/assassinat-de-martinez-zogo-qui-veut-creer-une-affaire-dans-laffaire#breadcrumb","itemListElement":[{"@type":"ListItem","position":1,"name":"Accueil","item":"https:\/\/www.africa-press.net\/cameroun\/"},{"@type":"ListItem","position":2,"name":"Assassinat de Martinez Zogo : Qui veut cr\u00e9er une affaire dans l&rsquo;affaire?"}]},{"@type":"WebSite","@id":"https:\/\/www.africa-press.net\/cameroun\/#website","url":"https:\/\/www.africa-press.net\/cameroun\/","name":"Cameroun","description":"Just another Africa News Agency Sites site","potentialAction":[{"@type":"SearchAction","target":{"@type":"EntryPoint","urlTemplate":"https:\/\/www.africa-press.net\/cameroun\/?s={search_term_string}"},"query-input":{"@type":"PropertyValueSpecification","valueRequired":true,"valueName":"search_term_string"}}],"inLanguage":"fr-FR"},{"@type":"Person","@id":"https:\/\/www.africa-press.net\/cameroun\/#\/schema\/person\/2b1cf3cd81a31e3cd26889ca66d677f1","name":"cfeditorfr"}]}},"_links":{"self":[{"href":"https:\/\/www.africa-press.net\/cameroun\/wp-json\/wp\/v2\/posts\/39403","targetHints":{"allow":["GET"]}}],"collection":[{"href":"https:\/\/www.africa-press.net\/cameroun\/wp-json\/wp\/v2\/posts"}],"about":[{"href":"https:\/\/www.africa-press.net\/cameroun\/wp-json\/wp\/v2\/types\/post"}],"author":[{"embeddable":true,"href":"https:\/\/www.africa-press.net\/cameroun\/wp-json\/wp\/v2\/users\/82"}],"replies":[{"embeddable":true,"href":"https:\/\/www.africa-press.net\/cameroun\/wp-json\/wp\/v2\/comments?post=39403"}],"version-history":[{"count":0,"href":"https:\/\/www.africa-press.net\/cameroun\/wp-json\/wp\/v2\/posts\/39403\/revisions"}],"wp:featuredmedia":[{"embeddable":true,"href":"https:\/\/www.africa-press.net\/cameroun\/wp-json\/wp\/v2\/media\/39401"}],"wp:attachment":[{"href":"https:\/\/www.africa-press.net\/cameroun\/wp-json\/wp\/v2\/media?parent=39403"}],"wp:term":[{"taxonomy":"category","embeddable":true,"href":"https:\/\/www.africa-press.net\/cameroun\/wp-json\/wp\/v2\/categories?post=39403"},{"taxonomy":"post_tag","embeddable":true,"href":"https:\/\/www.africa-press.net\/cameroun\/wp-json\/wp\/v2\/tags?post=39403"}],"curies":[{"name":"wp","href":"https:\/\/api.w.org\/{rel}","templated":true}]}}