{"id":39406,"date":"2023-03-15T17:55:12","date_gmt":"2023-03-15T17:55:12","guid":{"rendered":"https:\/\/www.africa-press.net\/cameroun\/politique\/elections-presidentielles-une-future-candidate-veut-bouleverser-lordre-etabli-au-cameroun-le-clan-biya-en-danger"},"modified":"2023-03-15T18:47:52","modified_gmt":"2023-03-15T18:47:52","slug":"elections-presidentielles-une-future-candidate-veut-bouleverser-lordre-etabli-au-cameroun-le-clan-biya-en-danger","status":"publish","type":"post","link":"https:\/\/www.africa-press.net\/cameroun\/politique\/elections-presidentielles-une-future-candidate-veut-bouleverser-lordre-etabli-au-cameroun-le-clan-biya-en-danger","title":{"rendered":"Elections pr\u00e9sidentielles : une future candidate veut bouleverser l\u2019ordre \u00e9tabli au Cameroun, le clan Biya en danger"},"content":{"rendered":"<p><span style=\"color: #ff6600\"><strong>Africa-Press &#8211; Cameroun. <\/strong><\/span>Si le Chef de l&rsquo;Etat Paul Biya venait a\u0300 se pre\u0301senter aux prochaines e\u0301lections pre\u0301sidentielles dans quelques mois, il aurait pour adversaire une femme avec de grandes ambitions.<\/p>\n<p>Le clan Biya a quoi avoir peur. Rien n\u2019est su\u0302r malgre\u0301 son a\u0302ge tre\u0300s avance\u0301. Mais Paul Biya pourrait bien se pre\u0301senter une nouvelle fois en 2025 apre\u0300s avoir passe\u0301 plus de 40 ans au pouvoir. Age\u0301 de 90 ans, \u00ab l\u2019homme lion \u00bb est au sommet de la tour d\u2019ivoire des chefs d\u2019Etat en fonction. En tout cas, plusieurs partisans du RDPC ont maintes fois montre\u0301s qu\u2019ils soutiendraient le nonage\u0301naire au cas ou\u0300 il de\u0301ciderait de se pre\u0301senter. Si cela arrive et que Paul Biya est re\u0301e\u0301lu, il tutoierait alors les 100 ans a\u0300 la fin de son mandat.<\/p>\n<p>La nouvelle candidature pose\u0301e sur la table n\u2019est autre que celle de la chanteuse camerounaise Adela Bikim. Bien qu\u2019il y ait d\u2019autres adversaires puissants et influents comme Maurice Kamto, la chanteuse a bien l\u2019intention de se faire entendre. Elle a de\u0301ja\u0300 un argument solide qui devrait plaire a\u0300 la majorite\u0301 du peuple camerounais : \u00abQuand je serai pre\u0301sidente, tous les salaires des hommes seront transfe\u0301re\u0301s directement a\u0300 leurs femmes \u00bb, re\u0301ve\u0300le-t-elle.<\/p>\n<p>Cette de\u0301claration devrait sans doute choquer les hommes. Mais d\u2019un autre co\u0302te\u0301, elle fera plus que plaisir aux femmes. Surtout a\u0300 celles qui re\u0302vent de posse\u0301der le salaire entier de leurs maris ou des hommes en ge\u0301ne\u0301ral.<\/p>\n<p>Quand il s\u2019agit de faire des de\u0301clarations comme celle-ci, Adela Bikim n\u2019est pas a\u0300 son premier coup d\u2019essai. Il y a quelques mois, la jeune femme a fait parler d\u2019elle par une de\u0301claration a\u0300 pole\u0301mique qui a enflamme\u0301 la toile.<\/p>\n<p>Elle s\u2019est confie\u0301e sur ses exigences en matie\u0300re de dot. Elle a donne\u0301 la somme colossale qu\u2019elle voulait pour sa dot suivi d\u2019autres lots dont une villa. \u00ab Ma dot ; c\u2019est 400 millions de francs CFA, une villa au bord de la mer et deux Range Rover version 2022 \u00bb, a-t-elle re\u0301ve\u0301le\u0301e.<\/p>\n<p><strong>Pour plus d&rsquo;informations et d&rsquo;analyses sur la <a href=\"https:\/\/www.africa-press.net\/cameroun\">Cameroun<\/a>, suivez <a href=\"https:\/\/www.africa-press.net\/\">Africa-Press<\/a><\/strong><\/p>\n","protected":false},"excerpt":{"rendered":"<p>Africa-Press &#8211; Cameroun. Si le Chef de l&rsquo;Etat Paul Biya venait a\u0300 se pre\u0301senter aux prochaines e\u0301lections pre\u0301sidentielles dans quelques mois, il aurait pour adversaire une femme avec de grandes ambitions. Le clan Biya a quoi avoir peur. Rien n\u2019est su\u0302r malgre\u0301 son a\u0302ge tre\u0300s avance\u0301. Mais Paul Biya pourrait bien se pre\u0301senter une nouvelle [&hellip;]<\/p>\n","protected":false},"author":82,"featured_media":39404,"comment_status":"open","ping_status":"closed","sticky":false,"template":"","format":"standard","meta":{"footnotes":""},"categories":[2,10],"tags":[36,50,49],"class_list":["post-39406","post","type-post","status-publish","format-standard","has-post-thumbnail","hentry","category-politique","category-toutes-les-actualites","tag-africa-press","tag-africa-press-cameroun","tag-cameroun"],"yoast_head":"<!-- This site is optimized with the Yoast SEO Premium plugin v26.1 (Yoast SEO v27.0) - https:\/\/yoast.com\/product\/yoast-seo-premium-wordpress\/ -->\n<title>Elections pr\u00e9sidentielles : une future candidate veut bouleverser l\u2019ordre \u00e9tabli au Cameroun, le clan Biya en danger - Cameroun<\/title>\n<meta name=\"description\" content=\"Si le Chef de l&#039;Etat Paul Biya venait a\u0300 se pre\u0301senter aux prochaines e\u0301lections pre\u0301sidentielles dans quelques mois, il ...\" \/>\n<meta name=\"robots\" content=\"index, follow, max-snippet:-1, max-image-preview:large, max-video-preview:-1\" \/>\n<link rel=\"canonical\" href=\"https:\/\/www.africa-press.net\/cameroun\/politique\/elections-presidentielles-une-future-candidate-veut-bouleverser-lordre-etabli-au-cameroun-le-clan-biya-en-danger\" \/>\n<meta property=\"og:locale\" content=\"fr_FR\" \/>\n<meta property=\"og:type\" content=\"article\" \/>\n<meta property=\"og:title\" content=\"Elections pr\u00e9sidentielles : une future candidate veut bouleverser l\u2019ordre \u00e9tabli au Cameroun, le clan Biya en danger\" \/>\n<meta property=\"og:description\" content=\"Si le Chef de l&#039;Etat Paul Biya venait a\u0300 se pre\u0301senter aux prochaines e\u0301lections pre\u0301sidentielles dans quelques mois, il ...\" \/>\n<meta property=\"og:url\" content=\"https:\/\/www.africa-press.net\/cameroun\/politique\/elections-presidentielles-une-future-candidate-veut-bouleverser-lordre-etabli-au-cameroun-le-clan-biya-en-danger\" \/>\n<meta property=\"og:site_name\" content=\"Cameroun\" \/>\n<meta property=\"article:published_time\" content=\"2023-03-15T17:55:12+00:00\" \/>\n<meta property=\"article:modified_time\" content=\"2023-03-15T18:47:52+00:00\" \/>\n<meta property=\"og:image\" content=\"https:\/\/static.africa-press.net\/cameroun\/sites\/57\/2023\/03\/postQueueImg_1678890315.65.jpg\" \/>\n\t<meta property=\"og:image:width\" content=\"720\" \/>\n\t<meta property=\"og:image:height\" content=\"390\" \/>\n\t<meta property=\"og:image:type\" content=\"image\/jpeg\" \/>\n<meta name=\"author\" content=\"cfeditorfr\" \/>\n<meta name=\"twitter:card\" content=\"summary_large_image\" \/>\n<meta name=\"twitter:label1\" content=\"\u00c9crit par\" \/>\n\t<meta name=\"twitter:data1\" content=\"cfeditorfr\" \/>\n\t<meta name=\"twitter:label2\" content=\"Dur\u00e9e de lecture estim\u00e9e\" \/>\n\t<meta name=\"twitter:data2\" content=\"2 minutes\" \/>\n<script type=\"application\/ld+json\" class=\"yoast-schema-graph\">{\"@context\":\"https:\/\/schema.org\",\"@graph\":[{\"@type\":\"Article\",\"@id\":\"https:\/\/www.africa-press.net\/cameroun\/politique\/elections-presidentielles-une-future-candidate-veut-bouleverser-lordre-etabli-au-cameroun-le-clan-biya-en-danger#article\",\"isPartOf\":{\"@id\":\"https:\/\/www.africa-press.net\/cameroun\/politique\/elections-presidentielles-une-future-candidate-veut-bouleverser-lordre-etabli-au-cameroun-le-clan-biya-en-danger\"},\"author\":{\"name\":\"cfeditorfr\",\"@id\":\"https:\/\/www.africa-press.net\/cameroun\/#\/schema\/person\/2b1cf3cd81a31e3cd26889ca66d677f1\"},\"headline\":\"Elections pr\u00e9sidentielles : une future candidate veut bouleverser l\u2019ordre \u00e9tabli au Cameroun, le clan Biya en danger\",\"datePublished\":\"2023-03-15T17:55:12+00:00\",\"dateModified\":\"2023-03-15T18:47:52+00:00\",\"mainEntityOfPage\":{\"@id\":\"https:\/\/www.africa-press.net\/cameroun\/politique\/elections-presidentielles-une-future-candidate-veut-bouleverser-lordre-etabli-au-cameroun-le-clan-biya-en-danger\"},\"wordCount\":403,\"commentCount\":0,\"image\":{\"@id\":\"https:\/\/www.africa-press.net\/cameroun\/politique\/elections-presidentielles-une-future-candidate-veut-bouleverser-lordre-etabli-au-cameroun-le-clan-biya-en-danger#primaryimage\"},\"thumbnailUrl\":\"https:\/\/static.africa-press.net\/cameroun\/sites\/57\/2023\/03\/postQueueImg_1678890315.65.jpg\",\"keywords\":[\"Africa Press\",\"Africa Press-Cameroun\",\"Cameroun\"],\"articleSection\":[\"Politique\",\"Toutes les actualit\u00e9s\"],\"inLanguage\":\"fr-FR\",\"potentialAction\":[{\"@type\":\"CommentAction\",\"name\":\"Comment\",\"target\":[\"https:\/\/www.africa-press.net\/cameroun\/politique\/elections-presidentielles-une-future-candidate-veut-bouleverser-lordre-etabli-au-cameroun-le-clan-biya-en-danger#respond\"]}]},{\"@type\":\"WebPage\",\"@id\":\"https:\/\/www.africa-press.net\/cameroun\/politique\/elections-presidentielles-une-future-candidate-veut-bouleverser-lordre-etabli-au-cameroun-le-clan-biya-en-danger\",\"url\":\"https:\/\/www.africa-press.net\/cameroun\/politique\/elections-presidentielles-une-future-candidate-veut-bouleverser-lordre-etabli-au-cameroun-le-clan-biya-en-danger\",\"name\":\"Elections pr\u00e9sidentielles : une future candidate veut bouleverser l\u2019ordre \u00e9tabli au Cameroun, le clan Biya en danger - Cameroun\",\"isPartOf\":{\"@id\":\"https:\/\/www.africa-press.net\/cameroun\/#website\"},\"primaryImageOfPage\":{\"@id\":\"https:\/\/www.africa-press.net\/cameroun\/politique\/elections-presidentielles-une-future-candidate-veut-bouleverser-lordre-etabli-au-cameroun-le-clan-biya-en-danger#primaryimage\"},\"image\":{\"@id\":\"https:\/\/www.africa-press.net\/cameroun\/politique\/elections-presidentielles-une-future-candidate-veut-bouleverser-lordre-etabli-au-cameroun-le-clan-biya-en-danger#primaryimage\"},\"thumbnailUrl\":\"https:\/\/static.africa-press.net\/cameroun\/sites\/57\/2023\/03\/postQueueImg_1678890315.65.jpg\",\"datePublished\":\"2023-03-15T17:55:12+00:00\",\"dateModified\":\"2023-03-15T18:47:52+00:00\",\"author\":{\"@id\":\"https:\/\/www.africa-press.net\/cameroun\/#\/schema\/person\/2b1cf3cd81a31e3cd26889ca66d677f1\"},\"description\":\"Si le Chef de l'Etat Paul Biya venait a\u0300 se pre\u0301senter aux prochaines e\u0301lections pre\u0301sidentielles dans quelques mois, il ...\",\"breadcrumb\":{\"@id\":\"https:\/\/www.africa-press.net\/cameroun\/politique\/elections-presidentielles-une-future-candidate-veut-bouleverser-lordre-etabli-au-cameroun-le-clan-biya-en-danger#breadcrumb\"},\"inLanguage\":\"fr-FR\",\"potentialAction\":[{\"@type\":\"ReadAction\",\"target\":[\"https:\/\/www.africa-press.net\/cameroun\/politique\/elections-presidentielles-une-future-candidate-veut-bouleverser-lordre-etabli-au-cameroun-le-clan-biya-en-danger\"]}]},{\"@type\":\"ImageObject\",\"inLanguage\":\"fr-FR\",\"@id\":\"https:\/\/www.africa-press.net\/cameroun\/politique\/elections-presidentielles-une-future-candidate-veut-bouleverser-lordre-etabli-au-cameroun-le-clan-biya-en-danger#primaryimage\",\"url\":\"https:\/\/static.africa-press.net\/cameroun\/sites\/57\/2023\/03\/postQueueImg_1678890315.65.jpg\",\"contentUrl\":\"https:\/\/static.africa-press.net\/cameroun\/sites\/57\/2023\/03\/postQueueImg_1678890315.65.jpg\",\"width\":720,\"height\":390,\"caption\":\"Elections pr\u00e9sidentielles : une future candidate veut bouleverser l\u2019ordre \u00e9tabli au Cameroun, le clan Biya en danger\"},{\"@type\":\"BreadcrumbList\",\"@id\":\"https:\/\/www.africa-press.net\/cameroun\/politique\/elections-presidentielles-une-future-candidate-veut-bouleverser-lordre-etabli-au-cameroun-le-clan-biya-en-danger#breadcrumb\",\"itemListElement\":[{\"@type\":\"ListItem\",\"position\":1,\"name\":\"Accueil\",\"item\":\"https:\/\/www.africa-press.net\/cameroun\/\"},{\"@type\":\"ListItem\",\"position\":2,\"name\":\"Elections pr\u00e9sidentielles : une future candidate veut bouleverser l\u2019ordre \u00e9tabli au Cameroun, le clan Biya en danger\"}]},{\"@type\":\"WebSite\",\"@id\":\"https:\/\/www.africa-press.net\/cameroun\/#website\",\"url\":\"https:\/\/www.africa-press.net\/cameroun\/\",\"name\":\"Cameroun\",\"description\":\"Just another Africa News Agency Sites site\",\"potentialAction\":[{\"@type\":\"SearchAction\",\"target\":{\"@type\":\"EntryPoint\",\"urlTemplate\":\"https:\/\/www.africa-press.net\/cameroun\/?s={search_term_string}\"},\"query-input\":{\"@type\":\"PropertyValueSpecification\",\"valueRequired\":true,\"valueName\":\"search_term_string\"}}],\"inLanguage\":\"fr-FR\"},{\"@type\":\"Person\",\"@id\":\"https:\/\/www.africa-press.net\/cameroun\/#\/schema\/person\/2b1cf3cd81a31e3cd26889ca66d677f1\",\"name\":\"cfeditorfr\"}]}<\/script>\n<!-- \/ Yoast SEO Premium plugin. -->","yoast_head_json":{"title":"Elections pr\u00e9sidentielles : une future candidate veut bouleverser l\u2019ordre \u00e9tabli au Cameroun, le clan Biya en danger - Cameroun","description":"Si le Chef de l'Etat Paul Biya venait a\u0300 se pre\u0301senter aux prochaines e\u0301lections pre\u0301sidentielles dans quelques mois, il ...","robots":{"index":"index","follow":"follow","max-snippet":"max-snippet:-1","max-image-preview":"max-image-preview:large","max-video-preview":"max-video-preview:-1"},"canonical":"https:\/\/www.africa-press.net\/cameroun\/politique\/elections-presidentielles-une-future-candidate-veut-bouleverser-lordre-etabli-au-cameroun-le-clan-biya-en-danger","og_locale":"fr_FR","og_type":"article","og_title":"Elections pr\u00e9sidentielles : une future candidate veut bouleverser l\u2019ordre \u00e9tabli au Cameroun, le clan Biya en danger","og_description":"Si le Chef de l'Etat Paul Biya venait a\u0300 se pre\u0301senter aux prochaines e\u0301lections pre\u0301sidentielles dans quelques mois, il ...","og_url":"https:\/\/www.africa-press.net\/cameroun\/politique\/elections-presidentielles-une-future-candidate-veut-bouleverser-lordre-etabli-au-cameroun-le-clan-biya-en-danger","og_site_name":"Cameroun","article_published_time":"2023-03-15T17:55:12+00:00","article_modified_time":"2023-03-15T18:47:52+00:00","og_image":[{"width":720,"height":390,"url":"https:\/\/static.africa-press.net\/cameroun\/sites\/57\/2023\/03\/postQueueImg_1678890315.65.jpg","type":"image\/jpeg"}],"author":"cfeditorfr","twitter_card":"summary_large_image","twitter_misc":{"\u00c9crit par":"cfeditorfr","Dur\u00e9e de lecture estim\u00e9e":"2 minutes"},"schema":{"@context":"https:\/\/schema.org","@graph":[{"@type":"Article","@id":"https:\/\/www.africa-press.net\/cameroun\/politique\/elections-presidentielles-une-future-candidate-veut-bouleverser-lordre-etabli-au-cameroun-le-clan-biya-en-danger#article","isPartOf":{"@id":"https:\/\/www.africa-press.net\/cameroun\/politique\/elections-presidentielles-une-future-candidate-veut-bouleverser-lordre-etabli-au-cameroun-le-clan-biya-en-danger"},"author":{"name":"cfeditorfr","@id":"https:\/\/www.africa-press.net\/cameroun\/#\/schema\/person\/2b1cf3cd81a31e3cd26889ca66d677f1"},"headline":"Elections pr\u00e9sidentielles : une future candidate veut bouleverser l\u2019ordre \u00e9tabli au Cameroun, le clan Biya en danger","datePublished":"2023-03-15T17:55:12+00:00","dateModified":"2023-03-15T18:47:52+00:00","mainEntityOfPage":{"@id":"https:\/\/www.africa-press.net\/cameroun\/politique\/elections-presidentielles-une-future-candidate-veut-bouleverser-lordre-etabli-au-cameroun-le-clan-biya-en-danger"},"wordCount":403,"commentCount":0,"image":{"@id":"https:\/\/www.africa-press.net\/cameroun\/politique\/elections-presidentielles-une-future-candidate-veut-bouleverser-lordre-etabli-au-cameroun-le-clan-biya-en-danger#primaryimage"},"thumbnailUrl":"https:\/\/static.africa-press.net\/cameroun\/sites\/57\/2023\/03\/postQueueImg_1678890315.65.jpg","keywords":["Africa Press","Africa Press-Cameroun","Cameroun"],"articleSection":["Politique","Toutes les actualit\u00e9s"],"inLanguage":"fr-FR","potentialAction":[{"@type":"CommentAction","name":"Comment","target":["https:\/\/www.africa-press.net\/cameroun\/politique\/elections-presidentielles-une-future-candidate-veut-bouleverser-lordre-etabli-au-cameroun-le-clan-biya-en-danger#respond"]}]},{"@type":"WebPage","@id":"https:\/\/www.africa-press.net\/cameroun\/politique\/elections-presidentielles-une-future-candidate-veut-bouleverser-lordre-etabli-au-cameroun-le-clan-biya-en-danger","url":"https:\/\/www.africa-press.net\/cameroun\/politique\/elections-presidentielles-une-future-candidate-veut-bouleverser-lordre-etabli-au-cameroun-le-clan-biya-en-danger","name":"Elections pr\u00e9sidentielles : une future candidate veut bouleverser l\u2019ordre \u00e9tabli au Cameroun, le clan Biya en danger - Cameroun","isPartOf":{"@id":"https:\/\/www.africa-press.net\/cameroun\/#website"},"primaryImageOfPage":{"@id":"https:\/\/www.africa-press.net\/cameroun\/politique\/elections-presidentielles-une-future-candidate-veut-bouleverser-lordre-etabli-au-cameroun-le-clan-biya-en-danger#primaryimage"},"image":{"@id":"https:\/\/www.africa-press.net\/cameroun\/politique\/elections-presidentielles-une-future-candidate-veut-bouleverser-lordre-etabli-au-cameroun-le-clan-biya-en-danger#primaryimage"},"thumbnailUrl":"https:\/\/static.africa-press.net\/cameroun\/sites\/57\/2023\/03\/postQueueImg_1678890315.65.jpg","datePublished":"2023-03-15T17:55:12+00:00","dateModified":"2023-03-15T18:47:52+00:00","author":{"@id":"https:\/\/www.africa-press.net\/cameroun\/#\/schema\/person\/2b1cf3cd81a31e3cd26889ca66d677f1"},"description":"Si le Chef de l'Etat Paul Biya venait a\u0300 se pre\u0301senter aux prochaines e\u0301lections pre\u0301sidentielles dans quelques mois, il ...","breadcrumb":{"@id":"https:\/\/www.africa-press.net\/cameroun\/politique\/elections-presidentielles-une-future-candidate-veut-bouleverser-lordre-etabli-au-cameroun-le-clan-biya-en-danger#breadcrumb"},"inLanguage":"fr-FR","potentialAction":[{"@type":"ReadAction","target":["https:\/\/www.africa-press.net\/cameroun\/politique\/elections-presidentielles-une-future-candidate-veut-bouleverser-lordre-etabli-au-cameroun-le-clan-biya-en-danger"]}]},{"@type":"ImageObject","inLanguage":"fr-FR","@id":"https:\/\/www.africa-press.net\/cameroun\/politique\/elections-presidentielles-une-future-candidate-veut-bouleverser-lordre-etabli-au-cameroun-le-clan-biya-en-danger#primaryimage","url":"https:\/\/static.africa-press.net\/cameroun\/sites\/57\/2023\/03\/postQueueImg_1678890315.65.jpg","contentUrl":"https:\/\/static.africa-press.net\/cameroun\/sites\/57\/2023\/03\/postQueueImg_1678890315.65.jpg","width":720,"height":390,"caption":"Elections pr\u00e9sidentielles : une future candidate veut bouleverser l\u2019ordre \u00e9tabli au Cameroun, le clan Biya en danger"},{"@type":"BreadcrumbList","@id":"https:\/\/www.africa-press.net\/cameroun\/politique\/elections-presidentielles-une-future-candidate-veut-bouleverser-lordre-etabli-au-cameroun-le-clan-biya-en-danger#breadcrumb","itemListElement":[{"@type":"ListItem","position":1,"name":"Accueil","item":"https:\/\/www.africa-press.net\/cameroun\/"},{"@type":"ListItem","position":2,"name":"Elections pr\u00e9sidentielles : une future candidate veut bouleverser l\u2019ordre \u00e9tabli au Cameroun, le clan Biya en danger"}]},{"@type":"WebSite","@id":"https:\/\/www.africa-press.net\/cameroun\/#website","url":"https:\/\/www.africa-press.net\/cameroun\/","name":"Cameroun","description":"Just another Africa News Agency Sites site","potentialAction":[{"@type":"SearchAction","target":{"@type":"EntryPoint","urlTemplate":"https:\/\/www.africa-press.net\/cameroun\/?s={search_term_string}"},"query-input":{"@type":"PropertyValueSpecification","valueRequired":true,"valueName":"search_term_string"}}],"inLanguage":"fr-FR"},{"@type":"Person","@id":"https:\/\/www.africa-press.net\/cameroun\/#\/schema\/person\/2b1cf3cd81a31e3cd26889ca66d677f1","name":"cfeditorfr"}]}},"_links":{"self":[{"href":"https:\/\/www.africa-press.net\/cameroun\/wp-json\/wp\/v2\/posts\/39406","targetHints":{"allow":["GET"]}}],"collection":[{"href":"https:\/\/www.africa-press.net\/cameroun\/wp-json\/wp\/v2\/posts"}],"about":[{"href":"https:\/\/www.africa-press.net\/cameroun\/wp-json\/wp\/v2\/types\/post"}],"author":[{"embeddable":true,"href":"https:\/\/www.africa-press.net\/cameroun\/wp-json\/wp\/v2\/users\/82"}],"replies":[{"embeddable":true,"href":"https:\/\/www.africa-press.net\/cameroun\/wp-json\/wp\/v2\/comments?post=39406"}],"version-history":[{"count":0,"href":"https:\/\/www.africa-press.net\/cameroun\/wp-json\/wp\/v2\/posts\/39406\/revisions"}],"wp:featuredmedia":[{"embeddable":true,"href":"https:\/\/www.africa-press.net\/cameroun\/wp-json\/wp\/v2\/media\/39404"}],"wp:attachment":[{"href":"https:\/\/www.africa-press.net\/cameroun\/wp-json\/wp\/v2\/media?parent=39406"}],"wp:term":[{"taxonomy":"category","embeddable":true,"href":"https:\/\/www.africa-press.net\/cameroun\/wp-json\/wp\/v2\/categories?post=39406"},{"taxonomy":"post_tag","embeddable":true,"href":"https:\/\/www.africa-press.net\/cameroun\/wp-json\/wp\/v2\/tags?post=39406"}],"curies":[{"name":"wp","href":"https:\/\/api.w.org\/{rel}","templated":true}]}}