{"id":39414,"date":"2023-03-15T17:55:32","date_gmt":"2023-03-15T17:55:32","guid":{"rendered":"https:\/\/www.africa-press.net\/cameroun\/politique\/vieillesse-et-incapacite-paul-biya-sinflige-une-nouvelle-honte-toutes-les-tetes-baissees-au-palais"},"modified":"2023-03-15T18:49:54","modified_gmt":"2023-03-15T18:49:54","slug":"vieillesse-et-incapacite-paul-biya-sinflige-une-nouvelle-honte-toutes-les-tetes-baissees-au-palais","status":"publish","type":"post","link":"https:\/\/www.africa-press.net\/cameroun\/politique\/vieillesse-et-incapacite-paul-biya-sinflige-une-nouvelle-honte-toutes-les-tetes-baissees-au-palais","title":{"rendered":"Vieillesse et incapacit\u00e9 : Paul Biya s&rsquo;inflige une nouvelle honte, toutes les t\u00eates baiss\u00e9es au palais"},"content":{"rendered":"<p><span style=\"color: #ff6600\"><strong>Africa-Press &#8211; Cameroun. <\/strong><\/span>La gestion du pays par Paul Biya et les personnes qui l\u2019entourent est juge\u0301e catastrophique depuis un moment maintenant. On se demande me\u0302me si c\u2019est lui qui continuent par prendre des de\u0301cisions au vu de son a\u0302ge avance\u0301 devenu un handicap ou si le pays est de\u0301ja\u0300 tombe\u0301 entre les mains des \u00ab\u00a0vautours\u00a0\u00bb. Et ce n\u2019est pas la nouvelle sortie de l\u2019avocat international Me Christian Bomo Ntimbane qui risque de changer l\u2019opinion de tous a\u0300 ce sujet.<\/p>\n<p>\u00ab Nos villageois, ces oublie\u0301s de la Re\u0301publique ! Ce matin, je me\u0301ditais sur le volume de travail qu&rsquo;aura effectue\u0301 de son vivant, feue ma grand-me\u0300re cultivatrice, Marie-Elle\u0301 Mfee, native du village Mvoutessi par Zoetele et marie\u0301e, et reste\u0301e veuve dans un petit village du me\u0302me arrondissement du nom de Bibe\u0301 ou\u0300 elle a ve\u0301cu jusqu&rsquo;a\u0300 son de\u0301ce\u0300s.<\/p>\n<p>Pendant les vacances scolaires, je revois cette femme se lever tous les matins de bonne heure et aller dans ses plantations ou\u0300 elle cultivait du cacao, du plantain, des arachides, du mai\u0308s, des le\u0301gumes&#8230; Parfois elle allait a\u0300 la pe\u0302che, a\u0300 la cueillette des fruits sauvages.<\/p>\n<p>Elle revenait au village a\u0300 la tombe\u0301e de la nuit. Une lourde hotte en osier pleine de vivres sur le dos, qu&rsquo;elle avait porte\u0301e sur des kilome\u0300tres dans la brousse. C&rsquo;e\u0301tait au bas mot 10 heures pleines de travail par jour.<\/p>\n<p>Mais au moment de quitter ce monde, fatigue\u0301e et malade apre\u0300s tant d&rsquo;anne\u0301es de dur labeur, elle mourut, sans aucune e\u0301pargne bancaire ou pension retraite. Cette situation qui est devenue finalement un sort, est le traitement de ces millions de travailleurs et travailleuses de la terre, en milieu rural.<\/p>\n<p>Des abandonne\u0301s ou mieux des victimes d&rsquo;injustices sociales comme si seuls les travailleurs du public et du prive\u0301, et de la ville me\u0301ritaient d&rsquo;avoir des comptes bancaires et des pensions retraites dans notre pays.<\/p>\n<p>Alors qu&rsquo;il suffit de de recenser toute personne vivant du travail de la terre ou agricole en zone rurale ; de leur de\u0301livrer une carte de travailleur agricole qui leur donnera droit a\u0300 une pension retraite et a\u0300 d&rsquo;autres prestations sociales en cas d&rsquo;accidents de travail, conge\u0301s maternite\u0301&#8230;<\/p>\n<p>Ou de cre\u0301er une taxe agricole comme celle de l&rsquo;audiovisuel ou du Feicom qui sera pre\u0301leve\u0301e directement aupre\u0300s de tous les marche\u0301s, magasins, lieux de vente de produits agricoles, sur les salaires des travailleurs du secteurs public et prive\u0301 qui se nourrissent des produits agricoles, sans qu&rsquo;il soit besoin d&rsquo;exiger de cotisations sociales particulie\u0300res, pour leur prise en charge par la CNPS, a\u0300 ces travailleurs agricoles ruraux.<\/p>\n<p>Mais aussi de remettre en place la ce\u0301le\u0300bre poste d&rsquo;e\u0301pargne mobile qui a autrefois existe\u0301, qui sillonnait les villages et permettait a\u0300 chaque travailleur agricole vivant en zone rurale d&rsquo;ouvrir un compte d&rsquo;e\u0301pargne \u00bb, texte signe\u0301 par l\u2019acteur de la socie\u0301te\u0301 civile Me Christian Bomo Ntimbane.<\/p>\n<p><strong>Pour plus d&rsquo;informations et d&rsquo;analyses sur la <a href=\"https:\/\/www.africa-press.net\/cameroun\">Cameroun<\/a>, suivez <a href=\"https:\/\/www.africa-press.net\/\">Africa-Press<\/a><\/strong><\/p>\n","protected":false},"excerpt":{"rendered":"<p>Africa-Press &#8211; Cameroun. La gestion du pays par Paul Biya et les personnes qui l\u2019entourent est juge\u0301e catastrophique depuis un moment maintenant. On se demande me\u0302me si c\u2019est lui qui continuent par prendre des de\u0301cisions au vu de son a\u0302ge avance\u0301 devenu un handicap ou si le pays est de\u0301ja\u0300 tombe\u0301 entre les mains des [&hellip;]<\/p>\n","protected":false},"author":82,"featured_media":39413,"comment_status":"open","ping_status":"closed","sticky":false,"template":"","format":"standard","meta":{"footnotes":""},"categories":[2,10],"tags":[36,50,49],"class_list":["post-39414","post","type-post","status-publish","format-standard","has-post-thumbnail","hentry","category-politique","category-toutes-les-actualites","tag-africa-press","tag-africa-press-cameroun","tag-cameroun"],"yoast_head":"<!-- This site is optimized with the Yoast SEO Premium plugin v26.1 (Yoast SEO v27.0) - https:\/\/yoast.com\/product\/yoast-seo-premium-wordpress\/ -->\n<title>Vieillesse et incapacit\u00e9 : Paul Biya s&#039;inflige une nouvelle honte, toutes les t\u00eates baiss\u00e9es au palais - Cameroun<\/title>\n<meta name=\"description\" content=\"La gestion du pays par Paul Biya et les personnes qui l\u2019entourent est juge\u0301e catastrophique depuis un moment maintenant. ...\" \/>\n<meta name=\"robots\" content=\"index, follow, max-snippet:-1, max-image-preview:large, max-video-preview:-1\" \/>\n<link rel=\"canonical\" href=\"https:\/\/www.africa-press.net\/cameroun\/politique\/vieillesse-et-incapacite-paul-biya-sinflige-une-nouvelle-honte-toutes-les-tetes-baissees-au-palais\" \/>\n<meta property=\"og:locale\" content=\"fr_FR\" \/>\n<meta property=\"og:type\" content=\"article\" \/>\n<meta property=\"og:title\" content=\"Vieillesse et incapacit\u00e9 : Paul Biya s&#039;inflige une nouvelle honte, toutes les t\u00eates baiss\u00e9es au palais\" \/>\n<meta property=\"og:description\" content=\"La gestion du pays par Paul Biya et les personnes qui l\u2019entourent est juge\u0301e catastrophique depuis un moment maintenant. ...\" \/>\n<meta property=\"og:url\" content=\"https:\/\/www.africa-press.net\/cameroun\/politique\/vieillesse-et-incapacite-paul-biya-sinflige-une-nouvelle-honte-toutes-les-tetes-baissees-au-palais\" \/>\n<meta property=\"og:site_name\" content=\"Cameroun\" \/>\n<meta property=\"article:published_time\" content=\"2023-03-15T17:55:32+00:00\" \/>\n<meta property=\"article:modified_time\" content=\"2023-03-15T18:49:54+00:00\" \/>\n<meta property=\"og:image\" content=\"https:\/\/static.africa-press.net\/cameroun\/sites\/57\/2023\/03\/postQueueImg_1678890343.80.jpg\" \/>\n\t<meta property=\"og:image:width\" content=\"720\" \/>\n\t<meta property=\"og:image:height\" content=\"432\" \/>\n\t<meta property=\"og:image:type\" content=\"image\/jpeg\" \/>\n<meta name=\"author\" content=\"cfeditorfr\" \/>\n<meta name=\"twitter:card\" content=\"summary_large_image\" \/>\n<meta name=\"twitter:label1\" content=\"\u00c9crit par\" \/>\n\t<meta name=\"twitter:data1\" content=\"cfeditorfr\" \/>\n\t<meta name=\"twitter:label2\" content=\"Dur\u00e9e de lecture estim\u00e9e\" \/>\n\t<meta name=\"twitter:data2\" content=\"3 minutes\" \/>\n<script type=\"application\/ld+json\" class=\"yoast-schema-graph\">{\"@context\":\"https:\/\/schema.org\",\"@graph\":[{\"@type\":\"Article\",\"@id\":\"https:\/\/www.africa-press.net\/cameroun\/politique\/vieillesse-et-incapacite-paul-biya-sinflige-une-nouvelle-honte-toutes-les-tetes-baissees-au-palais#article\",\"isPartOf\":{\"@id\":\"https:\/\/www.africa-press.net\/cameroun\/politique\/vieillesse-et-incapacite-paul-biya-sinflige-une-nouvelle-honte-toutes-les-tetes-baissees-au-palais\"},\"author\":{\"name\":\"cfeditorfr\",\"@id\":\"https:\/\/www.africa-press.net\/cameroun\/#\/schema\/person\/2b1cf3cd81a31e3cd26889ca66d677f1\"},\"headline\":\"Vieillesse et incapacit\u00e9 : Paul Biya s&rsquo;inflige une nouvelle honte, toutes les t\u00eates baiss\u00e9es au palais\",\"datePublished\":\"2023-03-15T17:55:32+00:00\",\"dateModified\":\"2023-03-15T18:49:54+00:00\",\"mainEntityOfPage\":{\"@id\":\"https:\/\/www.africa-press.net\/cameroun\/politique\/vieillesse-et-incapacite-paul-biya-sinflige-une-nouvelle-honte-toutes-les-tetes-baissees-au-palais\"},\"wordCount\":557,\"commentCount\":0,\"image\":{\"@id\":\"https:\/\/www.africa-press.net\/cameroun\/politique\/vieillesse-et-incapacite-paul-biya-sinflige-une-nouvelle-honte-toutes-les-tetes-baissees-au-palais#primaryimage\"},\"thumbnailUrl\":\"https:\/\/static.africa-press.net\/cameroun\/sites\/57\/2023\/03\/postQueueImg_1678890343.80.jpg\",\"keywords\":[\"Africa Press\",\"Africa Press-Cameroun\",\"Cameroun\"],\"articleSection\":[\"Politique\",\"Toutes les actualit\u00e9s\"],\"inLanguage\":\"fr-FR\",\"potentialAction\":[{\"@type\":\"CommentAction\",\"name\":\"Comment\",\"target\":[\"https:\/\/www.africa-press.net\/cameroun\/politique\/vieillesse-et-incapacite-paul-biya-sinflige-une-nouvelle-honte-toutes-les-tetes-baissees-au-palais#respond\"]}]},{\"@type\":\"WebPage\",\"@id\":\"https:\/\/www.africa-press.net\/cameroun\/politique\/vieillesse-et-incapacite-paul-biya-sinflige-une-nouvelle-honte-toutes-les-tetes-baissees-au-palais\",\"url\":\"https:\/\/www.africa-press.net\/cameroun\/politique\/vieillesse-et-incapacite-paul-biya-sinflige-une-nouvelle-honte-toutes-les-tetes-baissees-au-palais\",\"name\":\"Vieillesse et incapacit\u00e9 : Paul Biya s'inflige une nouvelle honte, toutes les t\u00eates baiss\u00e9es au palais - Cameroun\",\"isPartOf\":{\"@id\":\"https:\/\/www.africa-press.net\/cameroun\/#website\"},\"primaryImageOfPage\":{\"@id\":\"https:\/\/www.africa-press.net\/cameroun\/politique\/vieillesse-et-incapacite-paul-biya-sinflige-une-nouvelle-honte-toutes-les-tetes-baissees-au-palais#primaryimage\"},\"image\":{\"@id\":\"https:\/\/www.africa-press.net\/cameroun\/politique\/vieillesse-et-incapacite-paul-biya-sinflige-une-nouvelle-honte-toutes-les-tetes-baissees-au-palais#primaryimage\"},\"thumbnailUrl\":\"https:\/\/static.africa-press.net\/cameroun\/sites\/57\/2023\/03\/postQueueImg_1678890343.80.jpg\",\"datePublished\":\"2023-03-15T17:55:32+00:00\",\"dateModified\":\"2023-03-15T18:49:54+00:00\",\"author\":{\"@id\":\"https:\/\/www.africa-press.net\/cameroun\/#\/schema\/person\/2b1cf3cd81a31e3cd26889ca66d677f1\"},\"description\":\"La gestion du pays par Paul Biya et les personnes qui l\u2019entourent est juge\u0301e catastrophique depuis un moment maintenant. ...\",\"breadcrumb\":{\"@id\":\"https:\/\/www.africa-press.net\/cameroun\/politique\/vieillesse-et-incapacite-paul-biya-sinflige-une-nouvelle-honte-toutes-les-tetes-baissees-au-palais#breadcrumb\"},\"inLanguage\":\"fr-FR\",\"potentialAction\":[{\"@type\":\"ReadAction\",\"target\":[\"https:\/\/www.africa-press.net\/cameroun\/politique\/vieillesse-et-incapacite-paul-biya-sinflige-une-nouvelle-honte-toutes-les-tetes-baissees-au-palais\"]}]},{\"@type\":\"ImageObject\",\"inLanguage\":\"fr-FR\",\"@id\":\"https:\/\/www.africa-press.net\/cameroun\/politique\/vieillesse-et-incapacite-paul-biya-sinflige-une-nouvelle-honte-toutes-les-tetes-baissees-au-palais#primaryimage\",\"url\":\"https:\/\/static.africa-press.net\/cameroun\/sites\/57\/2023\/03\/postQueueImg_1678890343.80.jpg\",\"contentUrl\":\"https:\/\/static.africa-press.net\/cameroun\/sites\/57\/2023\/03\/postQueueImg_1678890343.80.jpg\",\"width\":720,\"height\":432,\"caption\":\"Vieillesse et incapacit\u00e9 : Paul Biya s'inflige une nouvelle honte, toutes les t\u00eates baiss\u00e9es au palais\"},{\"@type\":\"BreadcrumbList\",\"@id\":\"https:\/\/www.africa-press.net\/cameroun\/politique\/vieillesse-et-incapacite-paul-biya-sinflige-une-nouvelle-honte-toutes-les-tetes-baissees-au-palais#breadcrumb\",\"itemListElement\":[{\"@type\":\"ListItem\",\"position\":1,\"name\":\"Accueil\",\"item\":\"https:\/\/www.africa-press.net\/cameroun\/\"},{\"@type\":\"ListItem\",\"position\":2,\"name\":\"Vieillesse et incapacit\u00e9 : Paul Biya s&rsquo;inflige une nouvelle honte, toutes les t\u00eates baiss\u00e9es au palais\"}]},{\"@type\":\"WebSite\",\"@id\":\"https:\/\/www.africa-press.net\/cameroun\/#website\",\"url\":\"https:\/\/www.africa-press.net\/cameroun\/\",\"name\":\"Cameroun\",\"description\":\"Just another Africa News Agency Sites site\",\"potentialAction\":[{\"@type\":\"SearchAction\",\"target\":{\"@type\":\"EntryPoint\",\"urlTemplate\":\"https:\/\/www.africa-press.net\/cameroun\/?s={search_term_string}\"},\"query-input\":{\"@type\":\"PropertyValueSpecification\",\"valueRequired\":true,\"valueName\":\"search_term_string\"}}],\"inLanguage\":\"fr-FR\"},{\"@type\":\"Person\",\"@id\":\"https:\/\/www.africa-press.net\/cameroun\/#\/schema\/person\/2b1cf3cd81a31e3cd26889ca66d677f1\",\"name\":\"cfeditorfr\"}]}<\/script>\n<!-- \/ Yoast SEO Premium plugin. -->","yoast_head_json":{"title":"Vieillesse et incapacit\u00e9 : Paul Biya s'inflige une nouvelle honte, toutes les t\u00eates baiss\u00e9es au palais - Cameroun","description":"La gestion du pays par Paul Biya et les personnes qui l\u2019entourent est juge\u0301e catastrophique depuis un moment maintenant. ...","robots":{"index":"index","follow":"follow","max-snippet":"max-snippet:-1","max-image-preview":"max-image-preview:large","max-video-preview":"max-video-preview:-1"},"canonical":"https:\/\/www.africa-press.net\/cameroun\/politique\/vieillesse-et-incapacite-paul-biya-sinflige-une-nouvelle-honte-toutes-les-tetes-baissees-au-palais","og_locale":"fr_FR","og_type":"article","og_title":"Vieillesse et incapacit\u00e9 : Paul Biya s'inflige une nouvelle honte, toutes les t\u00eates baiss\u00e9es au palais","og_description":"La gestion du pays par Paul Biya et les personnes qui l\u2019entourent est juge\u0301e catastrophique depuis un moment maintenant. ...","og_url":"https:\/\/www.africa-press.net\/cameroun\/politique\/vieillesse-et-incapacite-paul-biya-sinflige-une-nouvelle-honte-toutes-les-tetes-baissees-au-palais","og_site_name":"Cameroun","article_published_time":"2023-03-15T17:55:32+00:00","article_modified_time":"2023-03-15T18:49:54+00:00","og_image":[{"width":720,"height":432,"url":"https:\/\/static.africa-press.net\/cameroun\/sites\/57\/2023\/03\/postQueueImg_1678890343.80.jpg","type":"image\/jpeg"}],"author":"cfeditorfr","twitter_card":"summary_large_image","twitter_misc":{"\u00c9crit par":"cfeditorfr","Dur\u00e9e de lecture estim\u00e9e":"3 minutes"},"schema":{"@context":"https:\/\/schema.org","@graph":[{"@type":"Article","@id":"https:\/\/www.africa-press.net\/cameroun\/politique\/vieillesse-et-incapacite-paul-biya-sinflige-une-nouvelle-honte-toutes-les-tetes-baissees-au-palais#article","isPartOf":{"@id":"https:\/\/www.africa-press.net\/cameroun\/politique\/vieillesse-et-incapacite-paul-biya-sinflige-une-nouvelle-honte-toutes-les-tetes-baissees-au-palais"},"author":{"name":"cfeditorfr","@id":"https:\/\/www.africa-press.net\/cameroun\/#\/schema\/person\/2b1cf3cd81a31e3cd26889ca66d677f1"},"headline":"Vieillesse et incapacit\u00e9 : Paul Biya s&rsquo;inflige une nouvelle honte, toutes les t\u00eates baiss\u00e9es au palais","datePublished":"2023-03-15T17:55:32+00:00","dateModified":"2023-03-15T18:49:54+00:00","mainEntityOfPage":{"@id":"https:\/\/www.africa-press.net\/cameroun\/politique\/vieillesse-et-incapacite-paul-biya-sinflige-une-nouvelle-honte-toutes-les-tetes-baissees-au-palais"},"wordCount":557,"commentCount":0,"image":{"@id":"https:\/\/www.africa-press.net\/cameroun\/politique\/vieillesse-et-incapacite-paul-biya-sinflige-une-nouvelle-honte-toutes-les-tetes-baissees-au-palais#primaryimage"},"thumbnailUrl":"https:\/\/static.africa-press.net\/cameroun\/sites\/57\/2023\/03\/postQueueImg_1678890343.80.jpg","keywords":["Africa Press","Africa Press-Cameroun","Cameroun"],"articleSection":["Politique","Toutes les actualit\u00e9s"],"inLanguage":"fr-FR","potentialAction":[{"@type":"CommentAction","name":"Comment","target":["https:\/\/www.africa-press.net\/cameroun\/politique\/vieillesse-et-incapacite-paul-biya-sinflige-une-nouvelle-honte-toutes-les-tetes-baissees-au-palais#respond"]}]},{"@type":"WebPage","@id":"https:\/\/www.africa-press.net\/cameroun\/politique\/vieillesse-et-incapacite-paul-biya-sinflige-une-nouvelle-honte-toutes-les-tetes-baissees-au-palais","url":"https:\/\/www.africa-press.net\/cameroun\/politique\/vieillesse-et-incapacite-paul-biya-sinflige-une-nouvelle-honte-toutes-les-tetes-baissees-au-palais","name":"Vieillesse et incapacit\u00e9 : Paul Biya s'inflige une nouvelle honte, toutes les t\u00eates baiss\u00e9es au palais - Cameroun","isPartOf":{"@id":"https:\/\/www.africa-press.net\/cameroun\/#website"},"primaryImageOfPage":{"@id":"https:\/\/www.africa-press.net\/cameroun\/politique\/vieillesse-et-incapacite-paul-biya-sinflige-une-nouvelle-honte-toutes-les-tetes-baissees-au-palais#primaryimage"},"image":{"@id":"https:\/\/www.africa-press.net\/cameroun\/politique\/vieillesse-et-incapacite-paul-biya-sinflige-une-nouvelle-honte-toutes-les-tetes-baissees-au-palais#primaryimage"},"thumbnailUrl":"https:\/\/static.africa-press.net\/cameroun\/sites\/57\/2023\/03\/postQueueImg_1678890343.80.jpg","datePublished":"2023-03-15T17:55:32+00:00","dateModified":"2023-03-15T18:49:54+00:00","author":{"@id":"https:\/\/www.africa-press.net\/cameroun\/#\/schema\/person\/2b1cf3cd81a31e3cd26889ca66d677f1"},"description":"La gestion du pays par Paul Biya et les personnes qui l\u2019entourent est juge\u0301e catastrophique depuis un moment maintenant. ...","breadcrumb":{"@id":"https:\/\/www.africa-press.net\/cameroun\/politique\/vieillesse-et-incapacite-paul-biya-sinflige-une-nouvelle-honte-toutes-les-tetes-baissees-au-palais#breadcrumb"},"inLanguage":"fr-FR","potentialAction":[{"@type":"ReadAction","target":["https:\/\/www.africa-press.net\/cameroun\/politique\/vieillesse-et-incapacite-paul-biya-sinflige-une-nouvelle-honte-toutes-les-tetes-baissees-au-palais"]}]},{"@type":"ImageObject","inLanguage":"fr-FR","@id":"https:\/\/www.africa-press.net\/cameroun\/politique\/vieillesse-et-incapacite-paul-biya-sinflige-une-nouvelle-honte-toutes-les-tetes-baissees-au-palais#primaryimage","url":"https:\/\/static.africa-press.net\/cameroun\/sites\/57\/2023\/03\/postQueueImg_1678890343.80.jpg","contentUrl":"https:\/\/static.africa-press.net\/cameroun\/sites\/57\/2023\/03\/postQueueImg_1678890343.80.jpg","width":720,"height":432,"caption":"Vieillesse et incapacit\u00e9 : Paul Biya s'inflige une nouvelle honte, toutes les t\u00eates baiss\u00e9es au palais"},{"@type":"BreadcrumbList","@id":"https:\/\/www.africa-press.net\/cameroun\/politique\/vieillesse-et-incapacite-paul-biya-sinflige-une-nouvelle-honte-toutes-les-tetes-baissees-au-palais#breadcrumb","itemListElement":[{"@type":"ListItem","position":1,"name":"Accueil","item":"https:\/\/www.africa-press.net\/cameroun\/"},{"@type":"ListItem","position":2,"name":"Vieillesse et incapacit\u00e9 : Paul Biya s&rsquo;inflige une nouvelle honte, toutes les t\u00eates baiss\u00e9es au palais"}]},{"@type":"WebSite","@id":"https:\/\/www.africa-press.net\/cameroun\/#website","url":"https:\/\/www.africa-press.net\/cameroun\/","name":"Cameroun","description":"Just another Africa News Agency Sites site","potentialAction":[{"@type":"SearchAction","target":{"@type":"EntryPoint","urlTemplate":"https:\/\/www.africa-press.net\/cameroun\/?s={search_term_string}"},"query-input":{"@type":"PropertyValueSpecification","valueRequired":true,"valueName":"search_term_string"}}],"inLanguage":"fr-FR"},{"@type":"Person","@id":"https:\/\/www.africa-press.net\/cameroun\/#\/schema\/person\/2b1cf3cd81a31e3cd26889ca66d677f1","name":"cfeditorfr"}]}},"_links":{"self":[{"href":"https:\/\/www.africa-press.net\/cameroun\/wp-json\/wp\/v2\/posts\/39414","targetHints":{"allow":["GET"]}}],"collection":[{"href":"https:\/\/www.africa-press.net\/cameroun\/wp-json\/wp\/v2\/posts"}],"about":[{"href":"https:\/\/www.africa-press.net\/cameroun\/wp-json\/wp\/v2\/types\/post"}],"author":[{"embeddable":true,"href":"https:\/\/www.africa-press.net\/cameroun\/wp-json\/wp\/v2\/users\/82"}],"replies":[{"embeddable":true,"href":"https:\/\/www.africa-press.net\/cameroun\/wp-json\/wp\/v2\/comments?post=39414"}],"version-history":[{"count":0,"href":"https:\/\/www.africa-press.net\/cameroun\/wp-json\/wp\/v2\/posts\/39414\/revisions"}],"wp:featuredmedia":[{"embeddable":true,"href":"https:\/\/www.africa-press.net\/cameroun\/wp-json\/wp\/v2\/media\/39413"}],"wp:attachment":[{"href":"https:\/\/www.africa-press.net\/cameroun\/wp-json\/wp\/v2\/media?parent=39414"}],"wp:term":[{"taxonomy":"category","embeddable":true,"href":"https:\/\/www.africa-press.net\/cameroun\/wp-json\/wp\/v2\/categories?post=39414"},{"taxonomy":"post_tag","embeddable":true,"href":"https:\/\/www.africa-press.net\/cameroun\/wp-json\/wp\/v2\/tags?post=39414"}],"curies":[{"name":"wp","href":"https:\/\/api.w.org\/{rel}","templated":true}]}}