{"id":39417,"date":"2023-03-15T17:55:46","date_gmt":"2023-03-15T17:55:46","guid":{"rendered":"https:\/\/www.africa-press.net\/cameroun\/politique\/ce-sont-les-heritiers-ekang-de-biya-qui-bagarrent-entre-eux-dieudonne-essomba-livre-dimportants-details-sur-la-guerre-a-etoudi"},"modified":"2023-03-15T18:50:34","modified_gmt":"2023-03-15T18:50:34","slug":"ce-sont-les-heritiers-ekang-de-biya-qui-bagarrent-entre-eux-dieudonne-essomba-livre-dimportants-details-sur-la-guerre-a-etoudi","status":"publish","type":"post","link":"https:\/\/www.africa-press.net\/cameroun\/toutes-les-actualites\/ce-sont-les-heritiers-ekang-de-biya-qui-bagarrent-entre-eux-dieudonne-essomba-livre-dimportants-details-sur-la-guerre-a-etoudi","title":{"rendered":"\u2018Ce sont les h\u00e9ritiers Ekang de Biya qui bagarrent entre eux\u2019 : Dieudonn\u00e9 Essomba livre d&rsquo;importants d\u00e9tails  sur la guerre \u00e0 Etoudi"},"content":{"rendered":"<p><span style=\"color: #ff6600\"><strong>Africa-Press &#8211; Cameroun. <\/strong><\/span>Le 5 mars 2023, dans l\u2019e\u0301mission \u00ab Club d\u2019Elites \u00bb, l\u2019e\u0301conomiste Dieudonne\u0301 Essomba a e\u0301mis des de\u0301clarations au sujet du Chef d\u2019Etat Paul Biya. Selon le consultant de la Chaine Vision 4, ce n\u2019est pas la re\u0301publique qui a maintenu Paul Biya au pouvoir mais pluto\u0302t ses fervents partisans ainsi que ses proches. Ce jour-la\u0300, il avait e\u0301galement cite\u0301 le nom de Jean-Pierre Amougou Belinga, l\u2019homme d\u2019affaires qui se trouve actuellement a\u0300 la prison principale de Kondengui.<\/p>\n<p>Quelques jours apre\u0300s cette diffusion me\u0301diatique, Dieudonne\u0301 Essomba livre des nouvelles informations portant sur ces pre\u0301ce\u0301dentes de\u0301clarations dans une tribune publie\u0301e.<\/p>\n<p>POURQUOI CERTAINS S\u2019OFFUSQUENT DE LA VERITE POLITIQUE DU CAMEROUN ?<\/p>\n<p>Au cours d\u2019une e\u0301mission, j\u2019avais bien dit que si Biya est a\u0300 Etoudi, ce n\u2019est pas parce que le Cameroun est une Re\u0301publique. C\u2019est simplement parce que ses partisans sont militairement et politiquement plus forts que ses adversaires.<\/p>\n<p>Ce n\u2019est donc pas le de\u0301sir de le chasser d\u2019Etoudi qui manque, bien au contraire ! S\u2019il ne tenait qu\u2019a\u0300 eux et la Re\u0301publique, il y a bien longtemps que Biya aurait perdu le pouvoir, sa liberte\u0301 et me\u0302me sa vie !<\/p>\n<p>Le pouvoir au Cameroun n\u2019a rien a\u0300 voir avec la Re\u0301publique ! Celle-ci n\u2019est e\u0301voque\u0301e que, soit pour le\u0301gitimer un rapport de force favorable a\u0300 Biya du co\u0302te\u0301 de ses partisans, soit pour se consoler d\u2019un rapport de force de\u0301favorable du co\u0302te\u0301 de ses de\u0301tracteurs.<\/p>\n<p>Quand en 1984, la Garde Pre\u0301sidentielle engage un coup d\u2019Etat pour le chasser du pouvoir par la force, ce n\u2019est pas la Re\u0301publique qui le de\u0301fend. C\u2019est la partie de l\u2019Arme\u0301e qui lui est reste\u0301e fide\u0300le qui combat pour lui, sans d\u2019ailleurs savoir a priori qui va gagner, car le re\u0301sultat n\u2019e\u0301tait pas e\u0301vident de\u0300s le de\u0301part. Si la Garde Pre\u0301sidentielle avait gagne\u0301, Biya aurait e\u0301te\u0301 de\u0301pose\u0301 et peut-e\u0302tre tue\u0301 et les vainqueurs auraient qualifie\u0301 cet acte de re\u0301publicain, exactement comme la re\u0301sistance victorieuse a e\u0301te\u0301 qualifie\u0301e de re\u0301publicaine.<\/p>\n<p>De me\u0302me, lorsque pendant les anne\u0301es de braise des anne\u0301es 1990, une partie du Cameroun re\u0301clame la Confe\u0301rence Nationale Souveraine, ce n\u2019est pas la Re\u0301publique qui sauve Biya. A ce moment, N\u2019Gaounde\u0301re\u0301, Garoua, Maroua, Foumban, Bamenda, Bafoussam, Nkongsamba, Buea, Douala, tout flambe ! Le feu est partout, l\u2019activite\u0301 gele\u0301e.<\/p>\n<p>Ce qui sauve le pouvoir de Biya, contrairement aux Sassou Nguesso, Mobutu, Kerekou et autres Moussa Traore, ce n\u2019est pas la Re\u0301publique, mais simplement parce que Yaounde\u0301 et les villes Ekang ne suivant pas le mouvement. Si le mouvement insurrectionnel avait atteint Yaounde\u0301, la capitale ou\u0300 tout se joue, et sie\u0300ge de toutes les institutions et des ambassades, Biya aurait ce\u0301de\u0301. Il ne pouvait pas aller plastronner a\u0300 Douala en disant : \u00ab Me voici donc a\u0300 Douala\u2019 \u00bb et il ne serait jamais moque\u0301 des opposants en leur disant ; \u00ab Quand Yaounde\u0301 respire, le Cameroun vit \u00bb.<\/p>\n<p>On peut citer un tre\u0300s grand nombre d\u2019occasions dans lesquelles les gens ont voulu chasser Biya, mais il leur a re\u0301siste\u0301, parce qu\u2019il est plus fort qu\u2019eux, militairement et politiquement. Il n\u2019y a aucune Re\u0301publique la\u0300-dedans, celle-ci ne servant qu\u2019a\u0300 le\u0301gitimer une situation de fait des rapports de force.<\/p>\n<p>Au fil du temps, cette nature du pouvoir en tant que rapport de force s\u2019intensifie et prend un caracte\u0300re de plus en plus violent, sans la moindre possibilite\u0301 d\u2019y mettre fin.<\/p>\n<p>Du moins, tant qu\u2019on reste dans un Cameroun unitaire. Celui-ci oppose en effet les Communaute\u0301s dans le partage des 6.500 Milliards du budget re\u0301partis en 4 avantages publics qui sont :<\/p>\n<p>-les emplois publics<\/p>\n<p>-les positions de pouvoir<\/p>\n<p>-les infrastructures collectives<\/p>\n<p>-les rentes publiques comme les subventions ou els marche\u0301s publics.<\/p>\n<p>L\u2019Etat unitaire ne disposant pas des me\u0301canismes pour re\u0301guler le partage de ces avantages, il s\u2019en suite une folle compe\u0301tition des Communaute\u0301s pour leur contro\u0302le monopolistique. D\u2019ou\u0300 un syste\u0300me politique tendu qui alimente intrinse\u0300quement le tribalisme et la violence.<\/p>\n<p>Chaque fois que j\u2019e\u0301voque cet aspect de la gouvernance publique, on m\u2019accuse de tribalisme. Mais le tribalisme ne vient pas du fait que j\u2019en parle ! Il vient tout simplement des compe\u0301titions re\u0301elles que les Communaute\u0301s se me\u0300nent sur le terrain, a\u0300 partir des avantages de l\u2019Etat !<\/p>\n<p>Ce sont les accusations adresse\u0301es aux Ekang de confisquer les postes publics et les positions au pouvoir, ou les accusations profe\u0301re\u0301es contre les Bamileke de be\u0301ne\u0301ficier pre\u0301fe\u0301rentiellement des rentes publiques qui cre\u0301ent le tribalisme !<\/p>\n<p>Ce n\u2019est pas moi qui le cre\u0301e et je n\u2019en parle pour re\u0301soudre le proble\u0300me ! Certains nai\u0308fs s\u2019imaginent que ne pas en parler modifiera le proble\u0300me de fond pose\u0301 par la re\u0301partition e\u0301quitable des ressources publiques dans un Etat unitaire ! Pas du tout ! C\u2019est pluto\u0302t le contraire ! En fermant la bouche au motif qu\u2019on respecte la citoyennete\u0301, au lieu d\u2019en parler a\u0300 temps, on va aggraver la situation et aboutir a\u0300 des impasses meurtrie\u0300res !<\/p>\n<p>Aujourd\u2019hui, la lutte pour le contro\u0302le du pouvoir unitaire a pris une tournure critique. Ce sont les he\u0301ritiers Ekang de Biya qui bagarrent entre eux, mais ne croyez pas qu\u2019ils luttent pour un autre groupe ou pour la Re\u0301publique! S\u2019ils s\u2019entretuent entre eux, c\u2019est bien pour maintenir la cagnotte unitaire sous leur contro\u0302le exclusif, et non pour ouvrir la voie a\u0300 un alloge\u0300ne !<\/p>\n<p>Il ne faut pas se leurrer. Le pouvoir au Cameroun, c\u2019est d\u2019abord et avant tout un rapport de force. Et personne n\u2019entrera a\u0300 Etoudi s\u2019il n\u2019a pas les moyens militaires et politiques pour vaincre les autres camps.<\/p>\n<p>C\u2019est une terrible impasse que j\u2019ai e\u0301voque\u0301e depuis longtemps. ET je le re\u0301pe\u0300te : le seul moyen de sortir le Cameroun de la me\u0301lasse, c\u2019est de le fe\u0301de\u0301raliser et d\u2019asseoir une vie politique apaise\u0301e comme au Nigeria. Dans ce pays fre\u0300re, chaque Etat dispose d\u2019une souverainete\u0301 partielle et assume la demande sociale de sa population tout en ge\u0301rant ses ressources et sa dotation fe\u0301de\u0301rale.<\/p>\n<p>L\u2019Etat fe\u0301de\u0301ral se retrouve libe\u0301re\u0301 de ces compe\u0301titions dangereuses qui menacent la stabilite\u0301 de l\u2019ensemble.<\/p>\n<p>En dehors d\u2019une fe\u0301de\u0301ralisation imme\u0301diate, notre pays court devant une implosion ge\u0301ne\u0301ralise\u0301e sur le plan politique, e\u0301conomique et sociale.<\/p>\n<p><strong>Pour plus d&rsquo;informations et d&rsquo;analyses sur la <a href=\"https:\/\/www.africa-press.net\/cameroun\">Cameroun<\/a>, suivez <a href=\"https:\/\/www.africa-press.net\/\">Africa-Press<\/a><\/strong><\/p>\n","protected":false},"excerpt":{"rendered":"<p>Africa-Press &#8211; Cameroun. Le 5 mars 2023, dans l\u2019e\u0301mission \u00ab Club d\u2019Elites \u00bb, l\u2019e\u0301conomiste Dieudonne\u0301 Essomba a e\u0301mis des de\u0301clarations au sujet du Chef d\u2019Etat Paul Biya. Selon le consultant de la Chaine Vision 4, ce n\u2019est pas la re\u0301publique qui a maintenu Paul Biya au pouvoir mais pluto\u0302t ses fervents partisans ainsi que ses [&hellip;]<\/p>\n","protected":false},"author":82,"featured_media":39416,"comment_status":"open","ping_status":"closed","sticky":false,"template":"","format":"standard","meta":{"footnotes":""},"categories":[21,10],"tags":[36,50,49],"class_list":["post-39417","post","type-post","status-publish","format-standard","has-post-thumbnail","hentry","category-communaute","category-toutes-les-actualites","tag-africa-press","tag-africa-press-cameroun","tag-cameroun"],"yoast_head":"<!-- This site is optimized with the Yoast SEO Premium plugin v26.1 (Yoast SEO v27.0) - https:\/\/yoast.com\/product\/yoast-seo-premium-wordpress\/ -->\n<title>\u2018Ce sont les h\u00e9ritiers Ekang de Biya qui bagarrent entre eux\u2019 : Dieudonn\u00e9 Essomba livre d&#039;importants d\u00e9tails sur la guerre \u00e0 Etoudi - Cameroun<\/title>\n<meta name=\"description\" content=\"Le 5 mars 2023, dans l\u2019e\u0301mission \u00ab Club d\u2019Elites \u00bb, l\u2019e\u0301conomiste Dieudonne\u0301 Essomba a e\u0301mis des de\u0301clarations au sujet ...\" \/>\n<meta name=\"robots\" content=\"index, follow, max-snippet:-1, max-image-preview:large, max-video-preview:-1\" \/>\n<link rel=\"canonical\" href=\"https:\/\/www.africa-press.net\/cameroun\/toutes-les-actualites\/ce-sont-les-heritiers-ekang-de-biya-qui-bagarrent-entre-eux-dieudonne-essomba-livre-dimportants-details-sur-la-guerre-a-etoudi\" \/>\n<meta property=\"og:locale\" content=\"fr_FR\" \/>\n<meta property=\"og:type\" content=\"article\" \/>\n<meta property=\"og:title\" content=\"\u2018Ce sont les h\u00e9ritiers Ekang de Biya qui bagarrent entre eux\u2019 : Dieudonn\u00e9 Essomba livre d&#039;importants d\u00e9tails sur la guerre \u00e0 Etoudi\" \/>\n<meta property=\"og:description\" content=\"Le 5 mars 2023, dans l\u2019e\u0301mission \u00ab Club d\u2019Elites \u00bb, l\u2019e\u0301conomiste Dieudonne\u0301 Essomba a e\u0301mis des de\u0301clarations au sujet ...\" \/>\n<meta property=\"og:url\" content=\"https:\/\/www.africa-press.net\/cameroun\/toutes-les-actualites\/ce-sont-les-heritiers-ekang-de-biya-qui-bagarrent-entre-eux-dieudonne-essomba-livre-dimportants-details-sur-la-guerre-a-etoudi\" \/>\n<meta property=\"og:site_name\" content=\"Cameroun\" \/>\n<meta property=\"article:published_time\" content=\"2023-03-15T17:55:46+00:00\" \/>\n<meta property=\"article:modified_time\" content=\"2023-03-15T18:50:34+00:00\" \/>\n<meta property=\"og:image\" content=\"https:\/\/static.africa-press.net\/cameroun\/sites\/57\/2023\/03\/postQueueImg_1678890349.98.jpg\" \/>\n\t<meta property=\"og:image:width\" content=\"720\" \/>\n\t<meta property=\"og:image:height\" content=\"447\" \/>\n\t<meta property=\"og:image:type\" content=\"image\/jpeg\" \/>\n<meta name=\"author\" content=\"cfeditorfr\" \/>\n<meta name=\"twitter:card\" content=\"summary_large_image\" \/>\n<meta name=\"twitter:label1\" content=\"\u00c9crit par\" \/>\n\t<meta name=\"twitter:data1\" content=\"cfeditorfr\" \/>\n\t<meta name=\"twitter:label2\" content=\"Dur\u00e9e de lecture estim\u00e9e\" \/>\n\t<meta name=\"twitter:data2\" content=\"6 minutes\" \/>\n<script type=\"application\/ld+json\" class=\"yoast-schema-graph\">{\"@context\":\"https:\/\/schema.org\",\"@graph\":[{\"@type\":\"Article\",\"@id\":\"https:\/\/www.africa-press.net\/cameroun\/toutes-les-actualites\/ce-sont-les-heritiers-ekang-de-biya-qui-bagarrent-entre-eux-dieudonne-essomba-livre-dimportants-details-sur-la-guerre-a-etoudi#article\",\"isPartOf\":{\"@id\":\"https:\/\/www.africa-press.net\/cameroun\/toutes-les-actualites\/ce-sont-les-heritiers-ekang-de-biya-qui-bagarrent-entre-eux-dieudonne-essomba-livre-dimportants-details-sur-la-guerre-a-etoudi\"},\"author\":{\"name\":\"cfeditorfr\",\"@id\":\"https:\/\/www.africa-press.net\/cameroun\/#\/schema\/person\/2b1cf3cd81a31e3cd26889ca66d677f1\"},\"headline\":\"\u2018Ce sont les h\u00e9ritiers Ekang de Biya qui bagarrent entre eux\u2019 : Dieudonn\u00e9 Essomba livre d&rsquo;importants d\u00e9tails sur la guerre \u00e0 Etoudi\",\"datePublished\":\"2023-03-15T17:55:46+00:00\",\"dateModified\":\"2023-03-15T18:50:34+00:00\",\"mainEntityOfPage\":{\"@id\":\"https:\/\/www.africa-press.net\/cameroun\/toutes-les-actualites\/ce-sont-les-heritiers-ekang-de-biya-qui-bagarrent-entre-eux-dieudonne-essomba-livre-dimportants-details-sur-la-guerre-a-etoudi\"},\"wordCount\":1199,\"commentCount\":0,\"image\":{\"@id\":\"https:\/\/www.africa-press.net\/cameroun\/toutes-les-actualites\/ce-sont-les-heritiers-ekang-de-biya-qui-bagarrent-entre-eux-dieudonne-essomba-livre-dimportants-details-sur-la-guerre-a-etoudi#primaryimage\"},\"thumbnailUrl\":\"https:\/\/static.africa-press.net\/cameroun\/sites\/57\/2023\/03\/postQueueImg_1678890349.98.jpg\",\"keywords\":[\"Africa Press\",\"Africa Press-Cameroun\",\"Cameroun\"],\"articleSection\":[\"Communaut\u00e9\",\"Toutes les actualit\u00e9s\"],\"inLanguage\":\"fr-FR\",\"potentialAction\":[{\"@type\":\"CommentAction\",\"name\":\"Comment\",\"target\":[\"https:\/\/www.africa-press.net\/cameroun\/toutes-les-actualites\/ce-sont-les-heritiers-ekang-de-biya-qui-bagarrent-entre-eux-dieudonne-essomba-livre-dimportants-details-sur-la-guerre-a-etoudi#respond\"]}]},{\"@type\":\"WebPage\",\"@id\":\"https:\/\/www.africa-press.net\/cameroun\/toutes-les-actualites\/ce-sont-les-heritiers-ekang-de-biya-qui-bagarrent-entre-eux-dieudonne-essomba-livre-dimportants-details-sur-la-guerre-a-etoudi\",\"url\":\"https:\/\/www.africa-press.net\/cameroun\/toutes-les-actualites\/ce-sont-les-heritiers-ekang-de-biya-qui-bagarrent-entre-eux-dieudonne-essomba-livre-dimportants-details-sur-la-guerre-a-etoudi\",\"name\":\"\u2018Ce sont les h\u00e9ritiers Ekang de Biya qui bagarrent entre eux\u2019 : Dieudonn\u00e9 Essomba livre d'importants d\u00e9tails sur la guerre \u00e0 Etoudi - Cameroun\",\"isPartOf\":{\"@id\":\"https:\/\/www.africa-press.net\/cameroun\/#website\"},\"primaryImageOfPage\":{\"@id\":\"https:\/\/www.africa-press.net\/cameroun\/toutes-les-actualites\/ce-sont-les-heritiers-ekang-de-biya-qui-bagarrent-entre-eux-dieudonne-essomba-livre-dimportants-details-sur-la-guerre-a-etoudi#primaryimage\"},\"image\":{\"@id\":\"https:\/\/www.africa-press.net\/cameroun\/toutes-les-actualites\/ce-sont-les-heritiers-ekang-de-biya-qui-bagarrent-entre-eux-dieudonne-essomba-livre-dimportants-details-sur-la-guerre-a-etoudi#primaryimage\"},\"thumbnailUrl\":\"https:\/\/static.africa-press.net\/cameroun\/sites\/57\/2023\/03\/postQueueImg_1678890349.98.jpg\",\"datePublished\":\"2023-03-15T17:55:46+00:00\",\"dateModified\":\"2023-03-15T18:50:34+00:00\",\"author\":{\"@id\":\"https:\/\/www.africa-press.net\/cameroun\/#\/schema\/person\/2b1cf3cd81a31e3cd26889ca66d677f1\"},\"description\":\"Le 5 mars 2023, dans l\u2019e\u0301mission \u00ab Club d\u2019Elites \u00bb, l\u2019e\u0301conomiste Dieudonne\u0301 Essomba a e\u0301mis des de\u0301clarations au sujet ...\",\"breadcrumb\":{\"@id\":\"https:\/\/www.africa-press.net\/cameroun\/toutes-les-actualites\/ce-sont-les-heritiers-ekang-de-biya-qui-bagarrent-entre-eux-dieudonne-essomba-livre-dimportants-details-sur-la-guerre-a-etoudi#breadcrumb\"},\"inLanguage\":\"fr-FR\",\"potentialAction\":[{\"@type\":\"ReadAction\",\"target\":[\"https:\/\/www.africa-press.net\/cameroun\/toutes-les-actualites\/ce-sont-les-heritiers-ekang-de-biya-qui-bagarrent-entre-eux-dieudonne-essomba-livre-dimportants-details-sur-la-guerre-a-etoudi\"]}]},{\"@type\":\"ImageObject\",\"inLanguage\":\"fr-FR\",\"@id\":\"https:\/\/www.africa-press.net\/cameroun\/toutes-les-actualites\/ce-sont-les-heritiers-ekang-de-biya-qui-bagarrent-entre-eux-dieudonne-essomba-livre-dimportants-details-sur-la-guerre-a-etoudi#primaryimage\",\"url\":\"https:\/\/static.africa-press.net\/cameroun\/sites\/57\/2023\/03\/postQueueImg_1678890349.98.jpg\",\"contentUrl\":\"https:\/\/static.africa-press.net\/cameroun\/sites\/57\/2023\/03\/postQueueImg_1678890349.98.jpg\",\"width\":720,\"height\":447,\"caption\":\"\u2018Ce sont les h\u00e9ritiers Ekang de Biya qui bagarrent entre eux\u2019 : Dieudonn\u00e9 Essomba livre d'importants d\u00e9tails sur la guerre \u00e0 Etoudi\"},{\"@type\":\"BreadcrumbList\",\"@id\":\"https:\/\/www.africa-press.net\/cameroun\/toutes-les-actualites\/ce-sont-les-heritiers-ekang-de-biya-qui-bagarrent-entre-eux-dieudonne-essomba-livre-dimportants-details-sur-la-guerre-a-etoudi#breadcrumb\",\"itemListElement\":[{\"@type\":\"ListItem\",\"position\":1,\"name\":\"Accueil\",\"item\":\"https:\/\/www.africa-press.net\/cameroun\/\"},{\"@type\":\"ListItem\",\"position\":2,\"name\":\"\u2018Ce sont les h\u00e9ritiers Ekang de Biya qui bagarrent entre eux\u2019 : Dieudonn\u00e9 Essomba livre d&rsquo;importants d\u00e9tails sur la guerre \u00e0 Etoudi\"}]},{\"@type\":\"WebSite\",\"@id\":\"https:\/\/www.africa-press.net\/cameroun\/#website\",\"url\":\"https:\/\/www.africa-press.net\/cameroun\/\",\"name\":\"Cameroun\",\"description\":\"Just another Africa News Agency Sites site\",\"potentialAction\":[{\"@type\":\"SearchAction\",\"target\":{\"@type\":\"EntryPoint\",\"urlTemplate\":\"https:\/\/www.africa-press.net\/cameroun\/?s={search_term_string}\"},\"query-input\":{\"@type\":\"PropertyValueSpecification\",\"valueRequired\":true,\"valueName\":\"search_term_string\"}}],\"inLanguage\":\"fr-FR\"},{\"@type\":\"Person\",\"@id\":\"https:\/\/www.africa-press.net\/cameroun\/#\/schema\/person\/2b1cf3cd81a31e3cd26889ca66d677f1\",\"name\":\"cfeditorfr\"}]}<\/script>\n<!-- \/ Yoast SEO Premium plugin. -->","yoast_head_json":{"title":"\u2018Ce sont les h\u00e9ritiers Ekang de Biya qui bagarrent entre eux\u2019 : Dieudonn\u00e9 Essomba livre d'importants d\u00e9tails sur la guerre \u00e0 Etoudi - Cameroun","description":"Le 5 mars 2023, dans l\u2019e\u0301mission \u00ab Club d\u2019Elites \u00bb, l\u2019e\u0301conomiste Dieudonne\u0301 Essomba a e\u0301mis des de\u0301clarations au sujet ...","robots":{"index":"index","follow":"follow","max-snippet":"max-snippet:-1","max-image-preview":"max-image-preview:large","max-video-preview":"max-video-preview:-1"},"canonical":"https:\/\/www.africa-press.net\/cameroun\/toutes-les-actualites\/ce-sont-les-heritiers-ekang-de-biya-qui-bagarrent-entre-eux-dieudonne-essomba-livre-dimportants-details-sur-la-guerre-a-etoudi","og_locale":"fr_FR","og_type":"article","og_title":"\u2018Ce sont les h\u00e9ritiers Ekang de Biya qui bagarrent entre eux\u2019 : Dieudonn\u00e9 Essomba livre d'importants d\u00e9tails sur la guerre \u00e0 Etoudi","og_description":"Le 5 mars 2023, dans l\u2019e\u0301mission \u00ab Club d\u2019Elites \u00bb, l\u2019e\u0301conomiste Dieudonne\u0301 Essomba a e\u0301mis des de\u0301clarations au sujet ...","og_url":"https:\/\/www.africa-press.net\/cameroun\/toutes-les-actualites\/ce-sont-les-heritiers-ekang-de-biya-qui-bagarrent-entre-eux-dieudonne-essomba-livre-dimportants-details-sur-la-guerre-a-etoudi","og_site_name":"Cameroun","article_published_time":"2023-03-15T17:55:46+00:00","article_modified_time":"2023-03-15T18:50:34+00:00","og_image":[{"width":720,"height":447,"url":"https:\/\/static.africa-press.net\/cameroun\/sites\/57\/2023\/03\/postQueueImg_1678890349.98.jpg","type":"image\/jpeg"}],"author":"cfeditorfr","twitter_card":"summary_large_image","twitter_misc":{"\u00c9crit par":"cfeditorfr","Dur\u00e9e de lecture estim\u00e9e":"6 minutes"},"schema":{"@context":"https:\/\/schema.org","@graph":[{"@type":"Article","@id":"https:\/\/www.africa-press.net\/cameroun\/toutes-les-actualites\/ce-sont-les-heritiers-ekang-de-biya-qui-bagarrent-entre-eux-dieudonne-essomba-livre-dimportants-details-sur-la-guerre-a-etoudi#article","isPartOf":{"@id":"https:\/\/www.africa-press.net\/cameroun\/toutes-les-actualites\/ce-sont-les-heritiers-ekang-de-biya-qui-bagarrent-entre-eux-dieudonne-essomba-livre-dimportants-details-sur-la-guerre-a-etoudi"},"author":{"name":"cfeditorfr","@id":"https:\/\/www.africa-press.net\/cameroun\/#\/schema\/person\/2b1cf3cd81a31e3cd26889ca66d677f1"},"headline":"\u2018Ce sont les h\u00e9ritiers Ekang de Biya qui bagarrent entre eux\u2019 : Dieudonn\u00e9 Essomba livre d&rsquo;importants d\u00e9tails sur la guerre \u00e0 Etoudi","datePublished":"2023-03-15T17:55:46+00:00","dateModified":"2023-03-15T18:50:34+00:00","mainEntityOfPage":{"@id":"https:\/\/www.africa-press.net\/cameroun\/toutes-les-actualites\/ce-sont-les-heritiers-ekang-de-biya-qui-bagarrent-entre-eux-dieudonne-essomba-livre-dimportants-details-sur-la-guerre-a-etoudi"},"wordCount":1199,"commentCount":0,"image":{"@id":"https:\/\/www.africa-press.net\/cameroun\/toutes-les-actualites\/ce-sont-les-heritiers-ekang-de-biya-qui-bagarrent-entre-eux-dieudonne-essomba-livre-dimportants-details-sur-la-guerre-a-etoudi#primaryimage"},"thumbnailUrl":"https:\/\/static.africa-press.net\/cameroun\/sites\/57\/2023\/03\/postQueueImg_1678890349.98.jpg","keywords":["Africa Press","Africa Press-Cameroun","Cameroun"],"articleSection":["Communaut\u00e9","Toutes les actualit\u00e9s"],"inLanguage":"fr-FR","potentialAction":[{"@type":"CommentAction","name":"Comment","target":["https:\/\/www.africa-press.net\/cameroun\/toutes-les-actualites\/ce-sont-les-heritiers-ekang-de-biya-qui-bagarrent-entre-eux-dieudonne-essomba-livre-dimportants-details-sur-la-guerre-a-etoudi#respond"]}]},{"@type":"WebPage","@id":"https:\/\/www.africa-press.net\/cameroun\/toutes-les-actualites\/ce-sont-les-heritiers-ekang-de-biya-qui-bagarrent-entre-eux-dieudonne-essomba-livre-dimportants-details-sur-la-guerre-a-etoudi","url":"https:\/\/www.africa-press.net\/cameroun\/toutes-les-actualites\/ce-sont-les-heritiers-ekang-de-biya-qui-bagarrent-entre-eux-dieudonne-essomba-livre-dimportants-details-sur-la-guerre-a-etoudi","name":"\u2018Ce sont les h\u00e9ritiers Ekang de Biya qui bagarrent entre eux\u2019 : Dieudonn\u00e9 Essomba livre d'importants d\u00e9tails sur la guerre \u00e0 Etoudi - Cameroun","isPartOf":{"@id":"https:\/\/www.africa-press.net\/cameroun\/#website"},"primaryImageOfPage":{"@id":"https:\/\/www.africa-press.net\/cameroun\/toutes-les-actualites\/ce-sont-les-heritiers-ekang-de-biya-qui-bagarrent-entre-eux-dieudonne-essomba-livre-dimportants-details-sur-la-guerre-a-etoudi#primaryimage"},"image":{"@id":"https:\/\/www.africa-press.net\/cameroun\/toutes-les-actualites\/ce-sont-les-heritiers-ekang-de-biya-qui-bagarrent-entre-eux-dieudonne-essomba-livre-dimportants-details-sur-la-guerre-a-etoudi#primaryimage"},"thumbnailUrl":"https:\/\/static.africa-press.net\/cameroun\/sites\/57\/2023\/03\/postQueueImg_1678890349.98.jpg","datePublished":"2023-03-15T17:55:46+00:00","dateModified":"2023-03-15T18:50:34+00:00","author":{"@id":"https:\/\/www.africa-press.net\/cameroun\/#\/schema\/person\/2b1cf3cd81a31e3cd26889ca66d677f1"},"description":"Le 5 mars 2023, dans l\u2019e\u0301mission \u00ab Club d\u2019Elites \u00bb, l\u2019e\u0301conomiste Dieudonne\u0301 Essomba a e\u0301mis des de\u0301clarations au sujet ...","breadcrumb":{"@id":"https:\/\/www.africa-press.net\/cameroun\/toutes-les-actualites\/ce-sont-les-heritiers-ekang-de-biya-qui-bagarrent-entre-eux-dieudonne-essomba-livre-dimportants-details-sur-la-guerre-a-etoudi#breadcrumb"},"inLanguage":"fr-FR","potentialAction":[{"@type":"ReadAction","target":["https:\/\/www.africa-press.net\/cameroun\/toutes-les-actualites\/ce-sont-les-heritiers-ekang-de-biya-qui-bagarrent-entre-eux-dieudonne-essomba-livre-dimportants-details-sur-la-guerre-a-etoudi"]}]},{"@type":"ImageObject","inLanguage":"fr-FR","@id":"https:\/\/www.africa-press.net\/cameroun\/toutes-les-actualites\/ce-sont-les-heritiers-ekang-de-biya-qui-bagarrent-entre-eux-dieudonne-essomba-livre-dimportants-details-sur-la-guerre-a-etoudi#primaryimage","url":"https:\/\/static.africa-press.net\/cameroun\/sites\/57\/2023\/03\/postQueueImg_1678890349.98.jpg","contentUrl":"https:\/\/static.africa-press.net\/cameroun\/sites\/57\/2023\/03\/postQueueImg_1678890349.98.jpg","width":720,"height":447,"caption":"\u2018Ce sont les h\u00e9ritiers Ekang de Biya qui bagarrent entre eux\u2019 : Dieudonn\u00e9 Essomba livre d'importants d\u00e9tails sur la guerre \u00e0 Etoudi"},{"@type":"BreadcrumbList","@id":"https:\/\/www.africa-press.net\/cameroun\/toutes-les-actualites\/ce-sont-les-heritiers-ekang-de-biya-qui-bagarrent-entre-eux-dieudonne-essomba-livre-dimportants-details-sur-la-guerre-a-etoudi#breadcrumb","itemListElement":[{"@type":"ListItem","position":1,"name":"Accueil","item":"https:\/\/www.africa-press.net\/cameroun\/"},{"@type":"ListItem","position":2,"name":"\u2018Ce sont les h\u00e9ritiers Ekang de Biya qui bagarrent entre eux\u2019 : Dieudonn\u00e9 Essomba livre d&rsquo;importants d\u00e9tails sur la guerre \u00e0 Etoudi"}]},{"@type":"WebSite","@id":"https:\/\/www.africa-press.net\/cameroun\/#website","url":"https:\/\/www.africa-press.net\/cameroun\/","name":"Cameroun","description":"Just another Africa News Agency Sites site","potentialAction":[{"@type":"SearchAction","target":{"@type":"EntryPoint","urlTemplate":"https:\/\/www.africa-press.net\/cameroun\/?s={search_term_string}"},"query-input":{"@type":"PropertyValueSpecification","valueRequired":true,"valueName":"search_term_string"}}],"inLanguage":"fr-FR"},{"@type":"Person","@id":"https:\/\/www.africa-press.net\/cameroun\/#\/schema\/person\/2b1cf3cd81a31e3cd26889ca66d677f1","name":"cfeditorfr"}]}},"_links":{"self":[{"href":"https:\/\/www.africa-press.net\/cameroun\/wp-json\/wp\/v2\/posts\/39417","targetHints":{"allow":["GET"]}}],"collection":[{"href":"https:\/\/www.africa-press.net\/cameroun\/wp-json\/wp\/v2\/posts"}],"about":[{"href":"https:\/\/www.africa-press.net\/cameroun\/wp-json\/wp\/v2\/types\/post"}],"author":[{"embeddable":true,"href":"https:\/\/www.africa-press.net\/cameroun\/wp-json\/wp\/v2\/users\/82"}],"replies":[{"embeddable":true,"href":"https:\/\/www.africa-press.net\/cameroun\/wp-json\/wp\/v2\/comments?post=39417"}],"version-history":[{"count":0,"href":"https:\/\/www.africa-press.net\/cameroun\/wp-json\/wp\/v2\/posts\/39417\/revisions"}],"wp:featuredmedia":[{"embeddable":true,"href":"https:\/\/www.africa-press.net\/cameroun\/wp-json\/wp\/v2\/media\/39416"}],"wp:attachment":[{"href":"https:\/\/www.africa-press.net\/cameroun\/wp-json\/wp\/v2\/media?parent=39417"}],"wp:term":[{"taxonomy":"category","embeddable":true,"href":"https:\/\/www.africa-press.net\/cameroun\/wp-json\/wp\/v2\/categories?post=39417"},{"taxonomy":"post_tag","embeddable":true,"href":"https:\/\/www.africa-press.net\/cameroun\/wp-json\/wp\/v2\/tags?post=39417"}],"curies":[{"name":"wp","href":"https:\/\/api.w.org\/{rel}","templated":true}]}}