{"id":39431,"date":"2023-03-15T17:56:26","date_gmt":"2023-03-15T17:56:26","guid":{"rendered":"https:\/\/www.africa-press.net\/cameroun\/politique\/cameroun-agressions-sur-les-routes-les-autorites-coordonnent-la-riposte"},"modified":"2023-03-15T18:53:35","modified_gmt":"2023-03-15T18:53:35","slug":"cameroun-agressions-sur-les-routes-les-autorites-coordonnent-la-riposte","status":"publish","type":"post","link":"https:\/\/www.africa-press.net\/cameroun\/toutes-les-actualites\/cameroun-agressions-sur-les-routes-les-autorites-coordonnent-la-riposte","title":{"rendered":"Cameroun-agressions sur les routes : les autorit\u00e9s coordonnent la riposte"},"content":{"rendered":"<p><span style=\"color: #ff6600\"><strong>Africa-Press &#8211; Cameroun. <\/strong><\/span>Le ministre des Transports condamne les attaques contre les ve\u0301hicules. Le gouverneur du Littoral donne des directives pour appre\u0301hender les malfaiteurs et re\u0301tablir la se\u0301curite\u0301 sur la route.<\/p>\n<p>Des personnes non identifie\u0301es ont attaque\u0301 plusieurs ve\u0301hicules gros porteurs, de transport en commun ou personnels sur les axes Douala-Yaounde\u0301 et Douala-Nkongsamba. Leur mode ope\u0301ratoire consiste a\u0300 jeter la pierre sur le pare-brise avant, forcer le conducteur a\u0300 l\u2019arre\u0302t. Ce qui leur permet d\u2019envahir l\u2019inte\u0301rieur du ve\u0301hicule et de de\u0301pouiller les occupants.<\/p>\n<p>Ces actes de vandalisme et d\u2019agression perpe\u0301tre\u0301s entre le 12 et le 13 mars suscitent la re\u0301action des autorite\u0301s. Dans un communique\u0301 en date du 13 mars, \u00ab le ministre des Transports condamne avec fermete\u0301 ces actes et rassure les usagers de la route que les mesures sont d\u2019ores et de\u0301ja\u0300 prises, sous la coordination du gouverneur de la re\u0301gion du Littoral, pour ramener la se\u0301re\u0301nite\u0301 su ces axes ne\u0301vralgiques, traquer et sanctionner aussi se\u0301ve\u0300rement que le pre\u0301voit la loi, les auteurs \u00bb, rassure Jean Ernest Masse\u0301na Ngalle Bibehe.<\/p>\n<p>A cet effet, dans un message adresse\u0301 aux pre\u0301fets du Wouri, de la Sanaga-Maritime, du Moungo et du Nkam, le gouverneur du Littoral Samuel Dieudonne\u0301 Ivaha Diboua prescrit des mesures d\u2019urgence. Ce sont le bouclage des zones cibles de concert avec les forces du maintien de l\u2019ordre ; l\u2019implication des chefs de villages et des populations des axes routiers concerne\u0301s a\u0300 cre\u0301er des re\u0301seaux de renseignement avec l\u2019appui des comite\u0301s de vigilance ; de\u0301noncer tout suspect surpris sur le site des actes re\u0301pre\u0301hensibles, etc.<\/p>\n<p>Ainsi, selon le ministre des Transports, les premie\u0300res actions mene\u0301es ont permis le re\u0301tablissement de la circulation momentane\u0301ment perturbe\u0301e entre Ede\u0301a et le pont sur la Dibamba ; l\u2019interpellation de quatre suspects ; le maintien d\u2019un dispositif de patrouille mixte sur le tronc\u0327on ainsi que les ope\u0301rations de bouclage de la zone. Toutes choses qui pourraient permettre de maintenir une se\u0301curite\u0301 durable sur les axes routiers.<\/p>\n<p><strong>Pour plus d&rsquo;informations et d&rsquo;analyses sur la <a href=\"https:\/\/www.africa-press.net\/cameroun\">Cameroun<\/a>, suivez <a href=\"https:\/\/www.africa-press.net\/\">Africa-Press<\/a><\/strong><\/p>\n","protected":false},"excerpt":{"rendered":"<p>Africa-Press &#8211; Cameroun. Le ministre des Transports condamne les attaques contre les ve\u0301hicules. Le gouverneur du Littoral donne des directives pour appre\u0301hender les malfaiteurs et re\u0301tablir la se\u0301curite\u0301 sur la route. Des personnes non identifie\u0301es ont attaque\u0301 plusieurs ve\u0301hicules gros porteurs, de transport en commun ou personnels sur les axes Douala-Yaounde\u0301 et Douala-Nkongsamba. Leur mode [&hellip;]<\/p>\n","protected":false},"author":82,"featured_media":39430,"comment_status":"open","ping_status":"closed","sticky":false,"template":"","format":"standard","meta":{"footnotes":""},"categories":[21,10],"tags":[36,50,49],"class_list":["post-39431","post","type-post","status-publish","format-standard","has-post-thumbnail","hentry","category-communaute","category-toutes-les-actualites","tag-africa-press","tag-africa-press-cameroun","tag-cameroun"],"yoast_head":"<!-- This site is optimized with the Yoast SEO Premium plugin v26.1 (Yoast SEO v27.0) - https:\/\/yoast.com\/product\/yoast-seo-premium-wordpress\/ -->\n<title>Cameroun-agressions sur les routes : les autorit\u00e9s coordonnent la riposte - Cameroun<\/title>\n<meta name=\"description\" content=\"Le ministre des Transports condamne les attaques contre les ve\u0301hicules. Le gouverneur du Littoral donne des directives p ...\" \/>\n<meta name=\"robots\" content=\"index, follow, max-snippet:-1, max-image-preview:large, max-video-preview:-1\" \/>\n<link rel=\"canonical\" href=\"https:\/\/www.africa-press.net\/cameroun\/toutes-les-actualites\/cameroun-agressions-sur-les-routes-les-autorites-coordonnent-la-riposte\" \/>\n<meta property=\"og:locale\" content=\"fr_FR\" \/>\n<meta property=\"og:type\" content=\"article\" \/>\n<meta property=\"og:title\" content=\"Cameroun-agressions sur les routes : les autorit\u00e9s coordonnent la riposte\" \/>\n<meta property=\"og:description\" content=\"Le ministre des Transports condamne les attaques contre les ve\u0301hicules. Le gouverneur du Littoral donne des directives p ...\" \/>\n<meta property=\"og:url\" content=\"https:\/\/www.africa-press.net\/cameroun\/toutes-les-actualites\/cameroun-agressions-sur-les-routes-les-autorites-coordonnent-la-riposte\" \/>\n<meta property=\"og:site_name\" content=\"Cameroun\" \/>\n<meta property=\"article:published_time\" content=\"2023-03-15T17:56:26+00:00\" \/>\n<meta property=\"article:modified_time\" content=\"2023-03-15T18:53:35+00:00\" \/>\n<meta property=\"og:image\" content=\"https:\/\/static.africa-press.net\/cameroun\/sites\/57\/2023\/03\/postQueueImg_1678890388.20.jpg\" \/>\n\t<meta property=\"og:image:width\" content=\"720\" \/>\n\t<meta property=\"og:image:height\" content=\"448\" \/>\n\t<meta property=\"og:image:type\" content=\"image\/jpeg\" \/>\n<meta name=\"author\" content=\"cfeditorfr\" \/>\n<meta name=\"twitter:card\" content=\"summary_large_image\" \/>\n<meta name=\"twitter:label1\" content=\"\u00c9crit par\" \/>\n\t<meta name=\"twitter:data1\" content=\"cfeditorfr\" \/>\n\t<meta name=\"twitter:label2\" content=\"Dur\u00e9e de lecture estim\u00e9e\" \/>\n\t<meta name=\"twitter:data2\" content=\"2 minutes\" \/>\n<script type=\"application\/ld+json\" class=\"yoast-schema-graph\">{\"@context\":\"https:\/\/schema.org\",\"@graph\":[{\"@type\":\"Article\",\"@id\":\"https:\/\/www.africa-press.net\/cameroun\/toutes-les-actualites\/cameroun-agressions-sur-les-routes-les-autorites-coordonnent-la-riposte#article\",\"isPartOf\":{\"@id\":\"https:\/\/www.africa-press.net\/cameroun\/toutes-les-actualites\/cameroun-agressions-sur-les-routes-les-autorites-coordonnent-la-riposte\"},\"author\":{\"name\":\"cfeditorfr\",\"@id\":\"https:\/\/www.africa-press.net\/cameroun\/#\/schema\/person\/2b1cf3cd81a31e3cd26889ca66d677f1\"},\"headline\":\"Cameroun-agressions sur les routes : les autorit\u00e9s coordonnent la riposte\",\"datePublished\":\"2023-03-15T17:56:26+00:00\",\"dateModified\":\"2023-03-15T18:53:35+00:00\",\"mainEntityOfPage\":{\"@id\":\"https:\/\/www.africa-press.net\/cameroun\/toutes-les-actualites\/cameroun-agressions-sur-les-routes-les-autorites-coordonnent-la-riposte\"},\"wordCount\":387,\"commentCount\":0,\"image\":{\"@id\":\"https:\/\/www.africa-press.net\/cameroun\/toutes-les-actualites\/cameroun-agressions-sur-les-routes-les-autorites-coordonnent-la-riposte#primaryimage\"},\"thumbnailUrl\":\"https:\/\/static.africa-press.net\/cameroun\/sites\/57\/2023\/03\/postQueueImg_1678890388.20.jpg\",\"keywords\":[\"Africa Press\",\"Africa Press-Cameroun\",\"Cameroun\"],\"articleSection\":[\"Communaut\u00e9\",\"Toutes les actualit\u00e9s\"],\"inLanguage\":\"fr-FR\",\"potentialAction\":[{\"@type\":\"CommentAction\",\"name\":\"Comment\",\"target\":[\"https:\/\/www.africa-press.net\/cameroun\/toutes-les-actualites\/cameroun-agressions-sur-les-routes-les-autorites-coordonnent-la-riposte#respond\"]}]},{\"@type\":\"WebPage\",\"@id\":\"https:\/\/www.africa-press.net\/cameroun\/toutes-les-actualites\/cameroun-agressions-sur-les-routes-les-autorites-coordonnent-la-riposte\",\"url\":\"https:\/\/www.africa-press.net\/cameroun\/toutes-les-actualites\/cameroun-agressions-sur-les-routes-les-autorites-coordonnent-la-riposte\",\"name\":\"Cameroun-agressions sur les routes : les autorit\u00e9s coordonnent la riposte - Cameroun\",\"isPartOf\":{\"@id\":\"https:\/\/www.africa-press.net\/cameroun\/#website\"},\"primaryImageOfPage\":{\"@id\":\"https:\/\/www.africa-press.net\/cameroun\/toutes-les-actualites\/cameroun-agressions-sur-les-routes-les-autorites-coordonnent-la-riposte#primaryimage\"},\"image\":{\"@id\":\"https:\/\/www.africa-press.net\/cameroun\/toutes-les-actualites\/cameroun-agressions-sur-les-routes-les-autorites-coordonnent-la-riposte#primaryimage\"},\"thumbnailUrl\":\"https:\/\/static.africa-press.net\/cameroun\/sites\/57\/2023\/03\/postQueueImg_1678890388.20.jpg\",\"datePublished\":\"2023-03-15T17:56:26+00:00\",\"dateModified\":\"2023-03-15T18:53:35+00:00\",\"author\":{\"@id\":\"https:\/\/www.africa-press.net\/cameroun\/#\/schema\/person\/2b1cf3cd81a31e3cd26889ca66d677f1\"},\"description\":\"Le ministre des Transports condamne les attaques contre les ve\u0301hicules. Le gouverneur du Littoral donne des directives p ...\",\"breadcrumb\":{\"@id\":\"https:\/\/www.africa-press.net\/cameroun\/toutes-les-actualites\/cameroun-agressions-sur-les-routes-les-autorites-coordonnent-la-riposte#breadcrumb\"},\"inLanguage\":\"fr-FR\",\"potentialAction\":[{\"@type\":\"ReadAction\",\"target\":[\"https:\/\/www.africa-press.net\/cameroun\/toutes-les-actualites\/cameroun-agressions-sur-les-routes-les-autorites-coordonnent-la-riposte\"]}]},{\"@type\":\"ImageObject\",\"inLanguage\":\"fr-FR\",\"@id\":\"https:\/\/www.africa-press.net\/cameroun\/toutes-les-actualites\/cameroun-agressions-sur-les-routes-les-autorites-coordonnent-la-riposte#primaryimage\",\"url\":\"https:\/\/static.africa-press.net\/cameroun\/sites\/57\/2023\/03\/postQueueImg_1678890388.20.jpg\",\"contentUrl\":\"https:\/\/static.africa-press.net\/cameroun\/sites\/57\/2023\/03\/postQueueImg_1678890388.20.jpg\",\"width\":720,\"height\":448,\"caption\":\"Cameroun-agressions sur les routes : les autorit\u00e9s coordonnent la riposte\"},{\"@type\":\"BreadcrumbList\",\"@id\":\"https:\/\/www.africa-press.net\/cameroun\/toutes-les-actualites\/cameroun-agressions-sur-les-routes-les-autorites-coordonnent-la-riposte#breadcrumb\",\"itemListElement\":[{\"@type\":\"ListItem\",\"position\":1,\"name\":\"Accueil\",\"item\":\"https:\/\/www.africa-press.net\/cameroun\/\"},{\"@type\":\"ListItem\",\"position\":2,\"name\":\"Cameroun-agressions sur les routes : les autorit\u00e9s coordonnent la riposte\"}]},{\"@type\":\"WebSite\",\"@id\":\"https:\/\/www.africa-press.net\/cameroun\/#website\",\"url\":\"https:\/\/www.africa-press.net\/cameroun\/\",\"name\":\"Cameroun\",\"description\":\"Just another Africa News Agency Sites site\",\"potentialAction\":[{\"@type\":\"SearchAction\",\"target\":{\"@type\":\"EntryPoint\",\"urlTemplate\":\"https:\/\/www.africa-press.net\/cameroun\/?s={search_term_string}\"},\"query-input\":{\"@type\":\"PropertyValueSpecification\",\"valueRequired\":true,\"valueName\":\"search_term_string\"}}],\"inLanguage\":\"fr-FR\"},{\"@type\":\"Person\",\"@id\":\"https:\/\/www.africa-press.net\/cameroun\/#\/schema\/person\/2b1cf3cd81a31e3cd26889ca66d677f1\",\"name\":\"cfeditorfr\"}]}<\/script>\n<!-- \/ Yoast SEO Premium plugin. -->","yoast_head_json":{"title":"Cameroun-agressions sur les routes : les autorit\u00e9s coordonnent la riposte - Cameroun","description":"Le ministre des Transports condamne les attaques contre les ve\u0301hicules. Le gouverneur du Littoral donne des directives p ...","robots":{"index":"index","follow":"follow","max-snippet":"max-snippet:-1","max-image-preview":"max-image-preview:large","max-video-preview":"max-video-preview:-1"},"canonical":"https:\/\/www.africa-press.net\/cameroun\/toutes-les-actualites\/cameroun-agressions-sur-les-routes-les-autorites-coordonnent-la-riposte","og_locale":"fr_FR","og_type":"article","og_title":"Cameroun-agressions sur les routes : les autorit\u00e9s coordonnent la riposte","og_description":"Le ministre des Transports condamne les attaques contre les ve\u0301hicules. Le gouverneur du Littoral donne des directives p ...","og_url":"https:\/\/www.africa-press.net\/cameroun\/toutes-les-actualites\/cameroun-agressions-sur-les-routes-les-autorites-coordonnent-la-riposte","og_site_name":"Cameroun","article_published_time":"2023-03-15T17:56:26+00:00","article_modified_time":"2023-03-15T18:53:35+00:00","og_image":[{"width":720,"height":448,"url":"https:\/\/static.africa-press.net\/cameroun\/sites\/57\/2023\/03\/postQueueImg_1678890388.20.jpg","type":"image\/jpeg"}],"author":"cfeditorfr","twitter_card":"summary_large_image","twitter_misc":{"\u00c9crit par":"cfeditorfr","Dur\u00e9e de lecture estim\u00e9e":"2 minutes"},"schema":{"@context":"https:\/\/schema.org","@graph":[{"@type":"Article","@id":"https:\/\/www.africa-press.net\/cameroun\/toutes-les-actualites\/cameroun-agressions-sur-les-routes-les-autorites-coordonnent-la-riposte#article","isPartOf":{"@id":"https:\/\/www.africa-press.net\/cameroun\/toutes-les-actualites\/cameroun-agressions-sur-les-routes-les-autorites-coordonnent-la-riposte"},"author":{"name":"cfeditorfr","@id":"https:\/\/www.africa-press.net\/cameroun\/#\/schema\/person\/2b1cf3cd81a31e3cd26889ca66d677f1"},"headline":"Cameroun-agressions sur les routes : les autorit\u00e9s coordonnent la riposte","datePublished":"2023-03-15T17:56:26+00:00","dateModified":"2023-03-15T18:53:35+00:00","mainEntityOfPage":{"@id":"https:\/\/www.africa-press.net\/cameroun\/toutes-les-actualites\/cameroun-agressions-sur-les-routes-les-autorites-coordonnent-la-riposte"},"wordCount":387,"commentCount":0,"image":{"@id":"https:\/\/www.africa-press.net\/cameroun\/toutes-les-actualites\/cameroun-agressions-sur-les-routes-les-autorites-coordonnent-la-riposte#primaryimage"},"thumbnailUrl":"https:\/\/static.africa-press.net\/cameroun\/sites\/57\/2023\/03\/postQueueImg_1678890388.20.jpg","keywords":["Africa Press","Africa Press-Cameroun","Cameroun"],"articleSection":["Communaut\u00e9","Toutes les actualit\u00e9s"],"inLanguage":"fr-FR","potentialAction":[{"@type":"CommentAction","name":"Comment","target":["https:\/\/www.africa-press.net\/cameroun\/toutes-les-actualites\/cameroun-agressions-sur-les-routes-les-autorites-coordonnent-la-riposte#respond"]}]},{"@type":"WebPage","@id":"https:\/\/www.africa-press.net\/cameroun\/toutes-les-actualites\/cameroun-agressions-sur-les-routes-les-autorites-coordonnent-la-riposte","url":"https:\/\/www.africa-press.net\/cameroun\/toutes-les-actualites\/cameroun-agressions-sur-les-routes-les-autorites-coordonnent-la-riposte","name":"Cameroun-agressions sur les routes : les autorit\u00e9s coordonnent la riposte - Cameroun","isPartOf":{"@id":"https:\/\/www.africa-press.net\/cameroun\/#website"},"primaryImageOfPage":{"@id":"https:\/\/www.africa-press.net\/cameroun\/toutes-les-actualites\/cameroun-agressions-sur-les-routes-les-autorites-coordonnent-la-riposte#primaryimage"},"image":{"@id":"https:\/\/www.africa-press.net\/cameroun\/toutes-les-actualites\/cameroun-agressions-sur-les-routes-les-autorites-coordonnent-la-riposte#primaryimage"},"thumbnailUrl":"https:\/\/static.africa-press.net\/cameroun\/sites\/57\/2023\/03\/postQueueImg_1678890388.20.jpg","datePublished":"2023-03-15T17:56:26+00:00","dateModified":"2023-03-15T18:53:35+00:00","author":{"@id":"https:\/\/www.africa-press.net\/cameroun\/#\/schema\/person\/2b1cf3cd81a31e3cd26889ca66d677f1"},"description":"Le ministre des Transports condamne les attaques contre les ve\u0301hicules. Le gouverneur du Littoral donne des directives p ...","breadcrumb":{"@id":"https:\/\/www.africa-press.net\/cameroun\/toutes-les-actualites\/cameroun-agressions-sur-les-routes-les-autorites-coordonnent-la-riposte#breadcrumb"},"inLanguage":"fr-FR","potentialAction":[{"@type":"ReadAction","target":["https:\/\/www.africa-press.net\/cameroun\/toutes-les-actualites\/cameroun-agressions-sur-les-routes-les-autorites-coordonnent-la-riposte"]}]},{"@type":"ImageObject","inLanguage":"fr-FR","@id":"https:\/\/www.africa-press.net\/cameroun\/toutes-les-actualites\/cameroun-agressions-sur-les-routes-les-autorites-coordonnent-la-riposte#primaryimage","url":"https:\/\/static.africa-press.net\/cameroun\/sites\/57\/2023\/03\/postQueueImg_1678890388.20.jpg","contentUrl":"https:\/\/static.africa-press.net\/cameroun\/sites\/57\/2023\/03\/postQueueImg_1678890388.20.jpg","width":720,"height":448,"caption":"Cameroun-agressions sur les routes : les autorit\u00e9s coordonnent la riposte"},{"@type":"BreadcrumbList","@id":"https:\/\/www.africa-press.net\/cameroun\/toutes-les-actualites\/cameroun-agressions-sur-les-routes-les-autorites-coordonnent-la-riposte#breadcrumb","itemListElement":[{"@type":"ListItem","position":1,"name":"Accueil","item":"https:\/\/www.africa-press.net\/cameroun\/"},{"@type":"ListItem","position":2,"name":"Cameroun-agressions sur les routes : les autorit\u00e9s coordonnent la riposte"}]},{"@type":"WebSite","@id":"https:\/\/www.africa-press.net\/cameroun\/#website","url":"https:\/\/www.africa-press.net\/cameroun\/","name":"Cameroun","description":"Just another Africa News Agency Sites site","potentialAction":[{"@type":"SearchAction","target":{"@type":"EntryPoint","urlTemplate":"https:\/\/www.africa-press.net\/cameroun\/?s={search_term_string}"},"query-input":{"@type":"PropertyValueSpecification","valueRequired":true,"valueName":"search_term_string"}}],"inLanguage":"fr-FR"},{"@type":"Person","@id":"https:\/\/www.africa-press.net\/cameroun\/#\/schema\/person\/2b1cf3cd81a31e3cd26889ca66d677f1","name":"cfeditorfr"}]}},"_links":{"self":[{"href":"https:\/\/www.africa-press.net\/cameroun\/wp-json\/wp\/v2\/posts\/39431","targetHints":{"allow":["GET"]}}],"collection":[{"href":"https:\/\/www.africa-press.net\/cameroun\/wp-json\/wp\/v2\/posts"}],"about":[{"href":"https:\/\/www.africa-press.net\/cameroun\/wp-json\/wp\/v2\/types\/post"}],"author":[{"embeddable":true,"href":"https:\/\/www.africa-press.net\/cameroun\/wp-json\/wp\/v2\/users\/82"}],"replies":[{"embeddable":true,"href":"https:\/\/www.africa-press.net\/cameroun\/wp-json\/wp\/v2\/comments?post=39431"}],"version-history":[{"count":0,"href":"https:\/\/www.africa-press.net\/cameroun\/wp-json\/wp\/v2\/posts\/39431\/revisions"}],"wp:featuredmedia":[{"embeddable":true,"href":"https:\/\/www.africa-press.net\/cameroun\/wp-json\/wp\/v2\/media\/39430"}],"wp:attachment":[{"href":"https:\/\/www.africa-press.net\/cameroun\/wp-json\/wp\/v2\/media?parent=39431"}],"wp:term":[{"taxonomy":"category","embeddable":true,"href":"https:\/\/www.africa-press.net\/cameroun\/wp-json\/wp\/v2\/categories?post=39431"},{"taxonomy":"post_tag","embeddable":true,"href":"https:\/\/www.africa-press.net\/cameroun\/wp-json\/wp\/v2\/tags?post=39431"}],"curies":[{"name":"wp","href":"https:\/\/api.w.org\/{rel}","templated":true}]}}