{"id":39437,"date":"2023-03-15T17:56:37","date_gmt":"2023-03-15T17:56:37","guid":{"rendered":"https:\/\/www.africa-press.net\/cameroun\/politique\/emploi-147-entreprises-de-travail-temporaire-agreees-au-cameroun-pour-lannee-2023"},"modified":"2023-03-15T18:55:32","modified_gmt":"2023-03-15T18:55:32","slug":"emploi-147-entreprises-de-travail-temporaire-agreees-au-cameroun-pour-lannee-2023","status":"publish","type":"post","link":"https:\/\/www.africa-press.net\/cameroun\/economie\/emploi-147-entreprises-de-travail-temporaire-agreees-au-cameroun-pour-lannee-2023","title":{"rendered":"Emploi\u00a0: 147 entreprises de travail temporaire agr\u00e9\u00e9es au Cameroun pour l\u2019ann\u00e9e 2023"},"content":{"rendered":"<p><span style=\"color: #ff6600\"><strong>Africa-Press &#8211; Cameroun. <\/strong><\/span>Investir au Cameroun) &#8211; Le ministre camerounais de l\u2019Emploi et de la Formation professionnelle, Issa Tchiroma Bakary (photo), a re\u0301cemment publie\u0301 une liste de 147 entreprises dont les agre\u0301ments sont en cours de validite\u0301, et qui sont de ce fait autorise\u0301es a\u0300 placer la main-d\u2019\u0153uvre temporaire aupre\u0300s de diverses entreprises. M. Tchiroma invite les utilisateurs de la main-d\u2019\u0153uvre temporaire a\u0300 ne recourir qu\u2019a\u0300 ces entreprises-la\u0300.<\/p>\n<p>A\u0300 travers cette sortie, il apparai\u0302t clairement que le ministre Tchiroma veut couper l\u2019herbe sous les pieds des ope\u0301rateurs clandestins, qui continuent a\u0300 exercer cette activite\u0301 sans agre\u0301ment, malgre\u0301 les mises en garde re\u0301currentes des autorite\u0301s.<\/p>\n<p>En 2021, par exemple, le ministe\u0300re de l\u2019Emploi avait identifie\u0301 dans ce secteur d\u2019activite\u0301s 86 entreprises de travail temporaire et offices de placement des travailleurs, qui ne disposaient plus d\u2019agre\u0301ments valides, ou alors dont les agre\u0301ments avaient e\u0301te\u0301 suspendus.<\/p>\n<p><strong>Pour plus d&rsquo;informations et d&rsquo;analyses sur la <a href=\"https:\/\/www.africa-press.net\/cameroun\">Cameroun<\/a>, suivez <a href=\"https:\/\/www.africa-press.net\/\">Africa-Press<\/a><\/strong><\/p>\n","protected":false},"excerpt":{"rendered":"<p>Africa-Press &#8211; Cameroun. Investir au Cameroun) &#8211; Le ministre camerounais de l\u2019Emploi et de la Formation professionnelle, Issa Tchiroma Bakary (photo), a re\u0301cemment publie\u0301 une liste de 147 entreprises dont les agre\u0301ments sont en cours de validite\u0301, et qui sont de ce fait autorise\u0301es a\u0300 placer la main-d\u2019\u0153uvre temporaire aupre\u0300s de diverses entreprises. M. Tchiroma [&hellip;]<\/p>\n","protected":false},"author":82,"featured_media":39436,"comment_status":"open","ping_status":"closed","sticky":false,"template":"","format":"standard","meta":{"footnotes":""},"categories":[3,10],"tags":[36,50,49],"class_list":["post-39437","post","type-post","status-publish","format-standard","has-post-thumbnail","hentry","category-economie","category-toutes-les-actualites","tag-africa-press","tag-africa-press-cameroun","tag-cameroun"],"yoast_head":"<!-- This site is optimized with the Yoast SEO Premium plugin v26.1 (Yoast SEO v27.0) - https:\/\/yoast.com\/product\/yoast-seo-premium-wordpress\/ -->\n<title>Emploi\u00a0: 147 entreprises de travail temporaire agr\u00e9\u00e9es au Cameroun pour l\u2019ann\u00e9e 2023 - Cameroun<\/title>\n<meta name=\"description\" content=\"Investir au Cameroun) - Le ministre camerounais de l\u2019Emploi et de la Formation professionnelle, Issa Tchiroma Bakary (ph ...\" \/>\n<meta name=\"robots\" content=\"index, follow, max-snippet:-1, max-image-preview:large, max-video-preview:-1\" \/>\n<link rel=\"canonical\" href=\"https:\/\/www.africa-press.net\/cameroun\/economie\/emploi-147-entreprises-de-travail-temporaire-agreees-au-cameroun-pour-lannee-2023\" \/>\n<meta property=\"og:locale\" content=\"fr_FR\" \/>\n<meta property=\"og:type\" content=\"article\" \/>\n<meta property=\"og:title\" content=\"Emploi\u00a0: 147 entreprises de travail temporaire agr\u00e9\u00e9es au Cameroun pour l\u2019ann\u00e9e 2023\" \/>\n<meta property=\"og:description\" content=\"Investir au Cameroun) - Le ministre camerounais de l\u2019Emploi et de la Formation professionnelle, Issa Tchiroma Bakary (ph ...\" \/>\n<meta property=\"og:url\" content=\"https:\/\/www.africa-press.net\/cameroun\/economie\/emploi-147-entreprises-de-travail-temporaire-agreees-au-cameroun-pour-lannee-2023\" \/>\n<meta property=\"og:site_name\" content=\"Cameroun\" \/>\n<meta property=\"article:published_time\" content=\"2023-03-15T17:56:37+00:00\" \/>\n<meta property=\"article:modified_time\" content=\"2023-03-15T18:55:32+00:00\" \/>\n<meta property=\"og:image\" content=\"https:\/\/static.africa-press.net\/cameroun\/sites\/57\/2023\/03\/postQueueImg_1678890400.43.jpg\" \/>\n\t<meta property=\"og:image:width\" content=\"720\" \/>\n\t<meta property=\"og:image:height\" content=\"478\" \/>\n\t<meta property=\"og:image:type\" content=\"image\/jpeg\" \/>\n<meta name=\"author\" content=\"cfeditorfr\" \/>\n<meta name=\"twitter:card\" content=\"summary_large_image\" \/>\n<meta name=\"twitter:label1\" content=\"\u00c9crit par\" \/>\n\t<meta name=\"twitter:data1\" content=\"cfeditorfr\" \/>\n\t<meta name=\"twitter:label2\" content=\"Dur\u00e9e de lecture estim\u00e9e\" \/>\n\t<meta name=\"twitter:data2\" content=\"1 minute\" \/>\n<script type=\"application\/ld+json\" class=\"yoast-schema-graph\">{\"@context\":\"https:\/\/schema.org\",\"@graph\":[{\"@type\":\"Article\",\"@id\":\"https:\/\/www.africa-press.net\/cameroun\/economie\/emploi-147-entreprises-de-travail-temporaire-agreees-au-cameroun-pour-lannee-2023#article\",\"isPartOf\":{\"@id\":\"https:\/\/www.africa-press.net\/cameroun\/economie\/emploi-147-entreprises-de-travail-temporaire-agreees-au-cameroun-pour-lannee-2023\"},\"author\":{\"name\":\"cfeditorfr\",\"@id\":\"https:\/\/www.africa-press.net\/cameroun\/#\/schema\/person\/2b1cf3cd81a31e3cd26889ca66d677f1\"},\"headline\":\"Emploi\u00a0: 147 entreprises de travail temporaire agr\u00e9\u00e9es au Cameroun pour l\u2019ann\u00e9e 2023\",\"datePublished\":\"2023-03-15T17:56:37+00:00\",\"dateModified\":\"2023-03-15T18:55:32+00:00\",\"mainEntityOfPage\":{\"@id\":\"https:\/\/www.africa-press.net\/cameroun\/economie\/emploi-147-entreprises-de-travail-temporaire-agreees-au-cameroun-pour-lannee-2023\"},\"wordCount\":187,\"commentCount\":0,\"image\":{\"@id\":\"https:\/\/www.africa-press.net\/cameroun\/economie\/emploi-147-entreprises-de-travail-temporaire-agreees-au-cameroun-pour-lannee-2023#primaryimage\"},\"thumbnailUrl\":\"https:\/\/static.africa-press.net\/cameroun\/sites\/57\/2023\/03\/postQueueImg_1678890400.43.jpg\",\"keywords\":[\"Africa Press\",\"Africa Press-Cameroun\",\"Cameroun\"],\"articleSection\":[\"\u00c9conomie\",\"Toutes les actualit\u00e9s\"],\"inLanguage\":\"fr-FR\",\"potentialAction\":[{\"@type\":\"CommentAction\",\"name\":\"Comment\",\"target\":[\"https:\/\/www.africa-press.net\/cameroun\/economie\/emploi-147-entreprises-de-travail-temporaire-agreees-au-cameroun-pour-lannee-2023#respond\"]}]},{\"@type\":\"WebPage\",\"@id\":\"https:\/\/www.africa-press.net\/cameroun\/economie\/emploi-147-entreprises-de-travail-temporaire-agreees-au-cameroun-pour-lannee-2023\",\"url\":\"https:\/\/www.africa-press.net\/cameroun\/economie\/emploi-147-entreprises-de-travail-temporaire-agreees-au-cameroun-pour-lannee-2023\",\"name\":\"Emploi\u00a0: 147 entreprises de travail temporaire agr\u00e9\u00e9es au Cameroun pour l\u2019ann\u00e9e 2023 - Cameroun\",\"isPartOf\":{\"@id\":\"https:\/\/www.africa-press.net\/cameroun\/#website\"},\"primaryImageOfPage\":{\"@id\":\"https:\/\/www.africa-press.net\/cameroun\/economie\/emploi-147-entreprises-de-travail-temporaire-agreees-au-cameroun-pour-lannee-2023#primaryimage\"},\"image\":{\"@id\":\"https:\/\/www.africa-press.net\/cameroun\/economie\/emploi-147-entreprises-de-travail-temporaire-agreees-au-cameroun-pour-lannee-2023#primaryimage\"},\"thumbnailUrl\":\"https:\/\/static.africa-press.net\/cameroun\/sites\/57\/2023\/03\/postQueueImg_1678890400.43.jpg\",\"datePublished\":\"2023-03-15T17:56:37+00:00\",\"dateModified\":\"2023-03-15T18:55:32+00:00\",\"author\":{\"@id\":\"https:\/\/www.africa-press.net\/cameroun\/#\/schema\/person\/2b1cf3cd81a31e3cd26889ca66d677f1\"},\"description\":\"Investir au Cameroun) - Le ministre camerounais de l\u2019Emploi et de la Formation professionnelle, Issa Tchiroma Bakary (ph ...\",\"breadcrumb\":{\"@id\":\"https:\/\/www.africa-press.net\/cameroun\/economie\/emploi-147-entreprises-de-travail-temporaire-agreees-au-cameroun-pour-lannee-2023#breadcrumb\"},\"inLanguage\":\"fr-FR\",\"potentialAction\":[{\"@type\":\"ReadAction\",\"target\":[\"https:\/\/www.africa-press.net\/cameroun\/economie\/emploi-147-entreprises-de-travail-temporaire-agreees-au-cameroun-pour-lannee-2023\"]}]},{\"@type\":\"ImageObject\",\"inLanguage\":\"fr-FR\",\"@id\":\"https:\/\/www.africa-press.net\/cameroun\/economie\/emploi-147-entreprises-de-travail-temporaire-agreees-au-cameroun-pour-lannee-2023#primaryimage\",\"url\":\"https:\/\/static.africa-press.net\/cameroun\/sites\/57\/2023\/03\/postQueueImg_1678890400.43.jpg\",\"contentUrl\":\"https:\/\/static.africa-press.net\/cameroun\/sites\/57\/2023\/03\/postQueueImg_1678890400.43.jpg\",\"width\":720,\"height\":478,\"caption\":\"Emploi\u00a0: 147 entreprises de travail temporaire agr\u00e9\u00e9es au Cameroun pour l\u2019ann\u00e9e 2023\"},{\"@type\":\"BreadcrumbList\",\"@id\":\"https:\/\/www.africa-press.net\/cameroun\/economie\/emploi-147-entreprises-de-travail-temporaire-agreees-au-cameroun-pour-lannee-2023#breadcrumb\",\"itemListElement\":[{\"@type\":\"ListItem\",\"position\":1,\"name\":\"Accueil\",\"item\":\"https:\/\/www.africa-press.net\/cameroun\/\"},{\"@type\":\"ListItem\",\"position\":2,\"name\":\"Emploi\u00a0: 147 entreprises de travail temporaire agr\u00e9\u00e9es au Cameroun pour l\u2019ann\u00e9e 2023\"}]},{\"@type\":\"WebSite\",\"@id\":\"https:\/\/www.africa-press.net\/cameroun\/#website\",\"url\":\"https:\/\/www.africa-press.net\/cameroun\/\",\"name\":\"Cameroun\",\"description\":\"Just another Africa News Agency Sites site\",\"potentialAction\":[{\"@type\":\"SearchAction\",\"target\":{\"@type\":\"EntryPoint\",\"urlTemplate\":\"https:\/\/www.africa-press.net\/cameroun\/?s={search_term_string}\"},\"query-input\":{\"@type\":\"PropertyValueSpecification\",\"valueRequired\":true,\"valueName\":\"search_term_string\"}}],\"inLanguage\":\"fr-FR\"},{\"@type\":\"Person\",\"@id\":\"https:\/\/www.africa-press.net\/cameroun\/#\/schema\/person\/2b1cf3cd81a31e3cd26889ca66d677f1\",\"name\":\"cfeditorfr\"}]}<\/script>\n<!-- \/ Yoast SEO Premium plugin. -->","yoast_head_json":{"title":"Emploi\u00a0: 147 entreprises de travail temporaire agr\u00e9\u00e9es au Cameroun pour l\u2019ann\u00e9e 2023 - Cameroun","description":"Investir au Cameroun) - Le ministre camerounais de l\u2019Emploi et de la Formation professionnelle, Issa Tchiroma Bakary (ph ...","robots":{"index":"index","follow":"follow","max-snippet":"max-snippet:-1","max-image-preview":"max-image-preview:large","max-video-preview":"max-video-preview:-1"},"canonical":"https:\/\/www.africa-press.net\/cameroun\/economie\/emploi-147-entreprises-de-travail-temporaire-agreees-au-cameroun-pour-lannee-2023","og_locale":"fr_FR","og_type":"article","og_title":"Emploi\u00a0: 147 entreprises de travail temporaire agr\u00e9\u00e9es au Cameroun pour l\u2019ann\u00e9e 2023","og_description":"Investir au Cameroun) - Le ministre camerounais de l\u2019Emploi et de la Formation professionnelle, Issa Tchiroma Bakary (ph ...","og_url":"https:\/\/www.africa-press.net\/cameroun\/economie\/emploi-147-entreprises-de-travail-temporaire-agreees-au-cameroun-pour-lannee-2023","og_site_name":"Cameroun","article_published_time":"2023-03-15T17:56:37+00:00","article_modified_time":"2023-03-15T18:55:32+00:00","og_image":[{"width":720,"height":478,"url":"https:\/\/static.africa-press.net\/cameroun\/sites\/57\/2023\/03\/postQueueImg_1678890400.43.jpg","type":"image\/jpeg"}],"author":"cfeditorfr","twitter_card":"summary_large_image","twitter_misc":{"\u00c9crit par":"cfeditorfr","Dur\u00e9e de lecture estim\u00e9e":"1 minute"},"schema":{"@context":"https:\/\/schema.org","@graph":[{"@type":"Article","@id":"https:\/\/www.africa-press.net\/cameroun\/economie\/emploi-147-entreprises-de-travail-temporaire-agreees-au-cameroun-pour-lannee-2023#article","isPartOf":{"@id":"https:\/\/www.africa-press.net\/cameroun\/economie\/emploi-147-entreprises-de-travail-temporaire-agreees-au-cameroun-pour-lannee-2023"},"author":{"name":"cfeditorfr","@id":"https:\/\/www.africa-press.net\/cameroun\/#\/schema\/person\/2b1cf3cd81a31e3cd26889ca66d677f1"},"headline":"Emploi\u00a0: 147 entreprises de travail temporaire agr\u00e9\u00e9es au Cameroun pour l\u2019ann\u00e9e 2023","datePublished":"2023-03-15T17:56:37+00:00","dateModified":"2023-03-15T18:55:32+00:00","mainEntityOfPage":{"@id":"https:\/\/www.africa-press.net\/cameroun\/economie\/emploi-147-entreprises-de-travail-temporaire-agreees-au-cameroun-pour-lannee-2023"},"wordCount":187,"commentCount":0,"image":{"@id":"https:\/\/www.africa-press.net\/cameroun\/economie\/emploi-147-entreprises-de-travail-temporaire-agreees-au-cameroun-pour-lannee-2023#primaryimage"},"thumbnailUrl":"https:\/\/static.africa-press.net\/cameroun\/sites\/57\/2023\/03\/postQueueImg_1678890400.43.jpg","keywords":["Africa Press","Africa Press-Cameroun","Cameroun"],"articleSection":["\u00c9conomie","Toutes les actualit\u00e9s"],"inLanguage":"fr-FR","potentialAction":[{"@type":"CommentAction","name":"Comment","target":["https:\/\/www.africa-press.net\/cameroun\/economie\/emploi-147-entreprises-de-travail-temporaire-agreees-au-cameroun-pour-lannee-2023#respond"]}]},{"@type":"WebPage","@id":"https:\/\/www.africa-press.net\/cameroun\/economie\/emploi-147-entreprises-de-travail-temporaire-agreees-au-cameroun-pour-lannee-2023","url":"https:\/\/www.africa-press.net\/cameroun\/economie\/emploi-147-entreprises-de-travail-temporaire-agreees-au-cameroun-pour-lannee-2023","name":"Emploi\u00a0: 147 entreprises de travail temporaire agr\u00e9\u00e9es au Cameroun pour l\u2019ann\u00e9e 2023 - Cameroun","isPartOf":{"@id":"https:\/\/www.africa-press.net\/cameroun\/#website"},"primaryImageOfPage":{"@id":"https:\/\/www.africa-press.net\/cameroun\/economie\/emploi-147-entreprises-de-travail-temporaire-agreees-au-cameroun-pour-lannee-2023#primaryimage"},"image":{"@id":"https:\/\/www.africa-press.net\/cameroun\/economie\/emploi-147-entreprises-de-travail-temporaire-agreees-au-cameroun-pour-lannee-2023#primaryimage"},"thumbnailUrl":"https:\/\/static.africa-press.net\/cameroun\/sites\/57\/2023\/03\/postQueueImg_1678890400.43.jpg","datePublished":"2023-03-15T17:56:37+00:00","dateModified":"2023-03-15T18:55:32+00:00","author":{"@id":"https:\/\/www.africa-press.net\/cameroun\/#\/schema\/person\/2b1cf3cd81a31e3cd26889ca66d677f1"},"description":"Investir au Cameroun) - Le ministre camerounais de l\u2019Emploi et de la Formation professionnelle, Issa Tchiroma Bakary (ph ...","breadcrumb":{"@id":"https:\/\/www.africa-press.net\/cameroun\/economie\/emploi-147-entreprises-de-travail-temporaire-agreees-au-cameroun-pour-lannee-2023#breadcrumb"},"inLanguage":"fr-FR","potentialAction":[{"@type":"ReadAction","target":["https:\/\/www.africa-press.net\/cameroun\/economie\/emploi-147-entreprises-de-travail-temporaire-agreees-au-cameroun-pour-lannee-2023"]}]},{"@type":"ImageObject","inLanguage":"fr-FR","@id":"https:\/\/www.africa-press.net\/cameroun\/economie\/emploi-147-entreprises-de-travail-temporaire-agreees-au-cameroun-pour-lannee-2023#primaryimage","url":"https:\/\/static.africa-press.net\/cameroun\/sites\/57\/2023\/03\/postQueueImg_1678890400.43.jpg","contentUrl":"https:\/\/static.africa-press.net\/cameroun\/sites\/57\/2023\/03\/postQueueImg_1678890400.43.jpg","width":720,"height":478,"caption":"Emploi\u00a0: 147 entreprises de travail temporaire agr\u00e9\u00e9es au Cameroun pour l\u2019ann\u00e9e 2023"},{"@type":"BreadcrumbList","@id":"https:\/\/www.africa-press.net\/cameroun\/economie\/emploi-147-entreprises-de-travail-temporaire-agreees-au-cameroun-pour-lannee-2023#breadcrumb","itemListElement":[{"@type":"ListItem","position":1,"name":"Accueil","item":"https:\/\/www.africa-press.net\/cameroun\/"},{"@type":"ListItem","position":2,"name":"Emploi\u00a0: 147 entreprises de travail temporaire agr\u00e9\u00e9es au Cameroun pour l\u2019ann\u00e9e 2023"}]},{"@type":"WebSite","@id":"https:\/\/www.africa-press.net\/cameroun\/#website","url":"https:\/\/www.africa-press.net\/cameroun\/","name":"Cameroun","description":"Just another Africa News Agency Sites site","potentialAction":[{"@type":"SearchAction","target":{"@type":"EntryPoint","urlTemplate":"https:\/\/www.africa-press.net\/cameroun\/?s={search_term_string}"},"query-input":{"@type":"PropertyValueSpecification","valueRequired":true,"valueName":"search_term_string"}}],"inLanguage":"fr-FR"},{"@type":"Person","@id":"https:\/\/www.africa-press.net\/cameroun\/#\/schema\/person\/2b1cf3cd81a31e3cd26889ca66d677f1","name":"cfeditorfr"}]}},"_links":{"self":[{"href":"https:\/\/www.africa-press.net\/cameroun\/wp-json\/wp\/v2\/posts\/39437","targetHints":{"allow":["GET"]}}],"collection":[{"href":"https:\/\/www.africa-press.net\/cameroun\/wp-json\/wp\/v2\/posts"}],"about":[{"href":"https:\/\/www.africa-press.net\/cameroun\/wp-json\/wp\/v2\/types\/post"}],"author":[{"embeddable":true,"href":"https:\/\/www.africa-press.net\/cameroun\/wp-json\/wp\/v2\/users\/82"}],"replies":[{"embeddable":true,"href":"https:\/\/www.africa-press.net\/cameroun\/wp-json\/wp\/v2\/comments?post=39437"}],"version-history":[{"count":0,"href":"https:\/\/www.africa-press.net\/cameroun\/wp-json\/wp\/v2\/posts\/39437\/revisions"}],"wp:featuredmedia":[{"embeddable":true,"href":"https:\/\/www.africa-press.net\/cameroun\/wp-json\/wp\/v2\/media\/39436"}],"wp:attachment":[{"href":"https:\/\/www.africa-press.net\/cameroun\/wp-json\/wp\/v2\/media?parent=39437"}],"wp:term":[{"taxonomy":"category","embeddable":true,"href":"https:\/\/www.africa-press.net\/cameroun\/wp-json\/wp\/v2\/categories?post=39437"},{"taxonomy":"post_tag","embeddable":true,"href":"https:\/\/www.africa-press.net\/cameroun\/wp-json\/wp\/v2\/tags?post=39437"}],"curies":[{"name":"wp","href":"https:\/\/api.w.org\/{rel}","templated":true}]}}