{"id":39444,"date":"2023-03-15T17:56:48","date_gmt":"2023-03-15T17:56:48","guid":{"rendered":"https:\/\/www.africa-press.net\/cameroun\/politique\/production-cafeiere-2021-2022-loncc-contredit-le-premier-ministre-dion-ngute"},"modified":"2023-03-15T18:57:38","modified_gmt":"2023-03-15T18:57:38","slug":"production-cafeiere-2021-2022-loncc-contredit-le-premier-ministre-dion-ngute","status":"publish","type":"post","link":"https:\/\/www.africa-press.net\/cameroun\/economie\/production-cafeiere-2021-2022-loncc-contredit-le-premier-ministre-dion-ngute","title":{"rendered":"Production caf\u00e9i\u00e8re 2021-2022\u00a0: l\u2019ONCC contredit le Premier ministre Dion Ngut\u00e9"},"content":{"rendered":"<p><span style=\"color: #ff6600\"><strong>Africa-Press &#8211; Cameroun. <\/strong><\/span>Investir au Cameroun) &#8211; Selon les chiffres re\u0301ve\u0301le\u0301s par l\u2019Office national du cacao et du cafe\u0301 (ONCC) ce 15 mars 2023 a\u0300 Maroua, dans la partie septentrionale du pays, a\u0300 l\u2019occasion du lancement officiel de la campagne cafe\u0301ie\u0300re 2022-2023, le Cameroun affiche une production commercialise\u0301e (elle inte\u0300gre les stocks de la dernie\u0300re campagne) de 11 557 tonnes de cafe\u0301 (10 579 tonnes de robusta et 997 tonnes d\u2019arabica) au cours de la campagne 2021-2022. Cette performance est pire que les 16 142 tonnes de production commercialise\u0301e de la campagne 2012-2013, alors qualifie\u0301e par les acteurs de la filie\u0300re de campagne la plus mauvaise \u00ab des 50 dernie\u0300res anne\u0301es \u00bb.<\/p>\n<p>Force est de constater que les chiffres que vient de re\u0301ve\u0301ler l\u2019Office national du cacao et du cafe\u0301 (ONCC) a\u0300 Maroua sont aux antipodes de l\u2019embellie annonce\u0301e aux de\u0301pute\u0301s par le Premier ministre en novembre 2022. En effet, lors de la pre\u0301sentation du programme e\u0301conomique, financier, social et culturel du gouvernement pour l\u2019anne\u0301e 2023, Joseph Dion Ngute\u0301 avait annonce\u0301 qu\u2019au cours de la campagne cafe\u0301ie\u0300re 2021-2022, le Cameroun a enregistre\u0301 une production de 38 047 tonnes, dont 6 386 tonnes de cafe\u0301 arabica et 31 661 tonnes de cafe\u0301 robusta. Des chiffres que contredit finalement l\u2019ONCC.<\/p>\n<p>En tout e\u0301tat de cause, le bilan de la campagne cafe\u0301ie\u0300re 2021-2022, qui vient d\u2019e\u0302tre officiellement pre\u0301sente\u0301 a\u0300 Maroua, confirme la poursuite du de\u0301clin de la filie\u0300re cafe\u0301 au Cameroun, dans un contexte pourtant marque\u0301, fait remarquer l\u2019ONCC, par une \u00ab hausse soutenue des cours \u00bb mondiaux tout au long de la campagne. Bien plus, en affichant pour la 2e anne\u0301e conse\u0301cutive une production sous la barre des 20 000 tonnes (12 156 tonnes lors de la campagne 2020-2021), le Cameroun s\u2019e\u0301loigne davantage des 185 000 tonnes de cafe\u0301, toutes varie\u0301te\u0301s confondues, projete\u0301es par le gouvernement dans le cadre du plan de relance 2015-2020 de la filie\u0300re cacao-cafe\u0301.<\/p>\n<p>A\u0300 en croire le Conseil interprofessionnel du cacao et du cafe\u0301 (CICC), dont les initiatives visant a\u0300 relever la production cafe\u0301ie\u0300re font chou blanc jusqu\u2019ici, la mauvaise passe que traverse la filie\u0300re cafe\u0301 au Cameroun depuis plusieurs de\u0301cennies maintenant est la conjonction de plusieurs facteurs. Il s\u2019agit principalement, apprend-on, du vieillissement et de la faible productivite\u0301 des vergers ; du de\u0301sinte\u0301re\u0302t des jeunes pour cette culture de rente, en raison de sa faible rentabilite\u0301 ; de la pe\u0301nibilite\u0301 du travail et des offres plus lucratives dans d\u2019autres secteurs d\u2019activite\u0301s&#8230;<\/p>\n<p><b>Brice R. Mbodiam<\/b><\/p>\n<p><strong>Pour plus d&rsquo;informations et d&rsquo;analyses sur la <a href=\"https:\/\/www.africa-press.net\/cameroun\">Cameroun<\/a>, suivez <a href=\"https:\/\/www.africa-press.net\/\">Africa-Press<\/a><\/strong><\/p>\n","protected":false},"excerpt":{"rendered":"<p>Africa-Press &#8211; Cameroun. Investir au Cameroun) &#8211; Selon les chiffres re\u0301ve\u0301le\u0301s par l\u2019Office national du cacao et du cafe\u0301 (ONCC) ce 15 mars 2023 a\u0300 Maroua, dans la partie septentrionale du pays, a\u0300 l\u2019occasion du lancement officiel de la campagne cafe\u0301ie\u0300re 2022-2023, le Cameroun affiche une production commercialise\u0301e (elle inte\u0300gre les stocks de la dernie\u0300re [&hellip;]<\/p>\n","protected":false},"author":82,"featured_media":39442,"comment_status":"open","ping_status":"closed","sticky":false,"template":"","format":"standard","meta":{"footnotes":""},"categories":[3,10],"tags":[36,50,49],"class_list":["post-39444","post","type-post","status-publish","format-standard","has-post-thumbnail","hentry","category-economie","category-toutes-les-actualites","tag-africa-press","tag-africa-press-cameroun","tag-cameroun"],"yoast_head":"<!-- This site is optimized with the Yoast SEO Premium plugin v26.1 (Yoast SEO v27.0) - https:\/\/yoast.com\/product\/yoast-seo-premium-wordpress\/ -->\n<title>Production caf\u00e9i\u00e8re 2021-2022\u00a0: l\u2019ONCC contredit le Premier ministre Dion Ngut\u00e9 - Cameroun<\/title>\n<meta name=\"description\" content=\"Investir au Cameroun) - Selon les chiffres re\u0301ve\u0301le\u0301s par l\u2019Office national du cacao et du cafe\u0301 (ONCC) ce 15 mars 2023 ...\" \/>\n<meta name=\"robots\" content=\"index, follow, max-snippet:-1, max-image-preview:large, max-video-preview:-1\" \/>\n<link rel=\"canonical\" href=\"https:\/\/www.africa-press.net\/cameroun\/economie\/production-cafeiere-2021-2022-loncc-contredit-le-premier-ministre-dion-ngute\" \/>\n<meta property=\"og:locale\" content=\"fr_FR\" \/>\n<meta property=\"og:type\" content=\"article\" \/>\n<meta property=\"og:title\" content=\"Production caf\u00e9i\u00e8re 2021-2022\u00a0: l\u2019ONCC contredit le Premier ministre Dion Ngut\u00e9\" \/>\n<meta property=\"og:description\" content=\"Investir au Cameroun) - Selon les chiffres re\u0301ve\u0301le\u0301s par l\u2019Office national du cacao et du cafe\u0301 (ONCC) ce 15 mars 2023 ...\" \/>\n<meta property=\"og:url\" content=\"https:\/\/www.africa-press.net\/cameroun\/economie\/production-cafeiere-2021-2022-loncc-contredit-le-premier-ministre-dion-ngute\" \/>\n<meta property=\"og:site_name\" content=\"Cameroun\" \/>\n<meta property=\"article:published_time\" content=\"2023-03-15T17:56:48+00:00\" \/>\n<meta property=\"article:modified_time\" content=\"2023-03-15T18:57:38+00:00\" \/>\n<meta property=\"og:image\" content=\"https:\/\/static.africa-press.net\/cameroun\/sites\/57\/2023\/03\/postQueueImg_1678890413.00.jpg\" \/>\n\t<meta property=\"og:image:width\" content=\"720\" \/>\n\t<meta property=\"og:image:height\" content=\"482\" \/>\n\t<meta property=\"og:image:type\" content=\"image\/jpeg\" \/>\n<meta name=\"author\" content=\"cfeditorfr\" \/>\n<meta name=\"twitter:card\" content=\"summary_large_image\" \/>\n<meta name=\"twitter:label1\" content=\"\u00c9crit par\" \/>\n\t<meta name=\"twitter:data1\" content=\"cfeditorfr\" \/>\n\t<meta name=\"twitter:label2\" content=\"Dur\u00e9e de lecture estim\u00e9e\" \/>\n\t<meta name=\"twitter:data2\" content=\"2 minutes\" \/>\n<script type=\"application\/ld+json\" class=\"yoast-schema-graph\">{\"@context\":\"https:\/\/schema.org\",\"@graph\":[{\"@type\":\"Article\",\"@id\":\"https:\/\/www.africa-press.net\/cameroun\/economie\/production-cafeiere-2021-2022-loncc-contredit-le-premier-ministre-dion-ngute#article\",\"isPartOf\":{\"@id\":\"https:\/\/www.africa-press.net\/cameroun\/economie\/production-cafeiere-2021-2022-loncc-contredit-le-premier-ministre-dion-ngute\"},\"author\":{\"name\":\"cfeditorfr\",\"@id\":\"https:\/\/www.africa-press.net\/cameroun\/#\/schema\/person\/2b1cf3cd81a31e3cd26889ca66d677f1\"},\"headline\":\"Production caf\u00e9i\u00e8re 2021-2022\u00a0: l\u2019ONCC contredit le Premier ministre Dion Ngut\u00e9\",\"datePublished\":\"2023-03-15T17:56:48+00:00\",\"dateModified\":\"2023-03-15T18:57:38+00:00\",\"mainEntityOfPage\":{\"@id\":\"https:\/\/www.africa-press.net\/cameroun\/economie\/production-cafeiere-2021-2022-loncc-contredit-le-premier-ministre-dion-ngute\"},\"wordCount\":464,\"commentCount\":0,\"image\":{\"@id\":\"https:\/\/www.africa-press.net\/cameroun\/economie\/production-cafeiere-2021-2022-loncc-contredit-le-premier-ministre-dion-ngute#primaryimage\"},\"thumbnailUrl\":\"https:\/\/static.africa-press.net\/cameroun\/sites\/57\/2023\/03\/postQueueImg_1678890413.00.jpg\",\"keywords\":[\"Africa Press\",\"Africa Press-Cameroun\",\"Cameroun\"],\"articleSection\":[\"\u00c9conomie\",\"Toutes les actualit\u00e9s\"],\"inLanguage\":\"fr-FR\",\"potentialAction\":[{\"@type\":\"CommentAction\",\"name\":\"Comment\",\"target\":[\"https:\/\/www.africa-press.net\/cameroun\/economie\/production-cafeiere-2021-2022-loncc-contredit-le-premier-ministre-dion-ngute#respond\"]}]},{\"@type\":\"WebPage\",\"@id\":\"https:\/\/www.africa-press.net\/cameroun\/economie\/production-cafeiere-2021-2022-loncc-contredit-le-premier-ministre-dion-ngute\",\"url\":\"https:\/\/www.africa-press.net\/cameroun\/economie\/production-cafeiere-2021-2022-loncc-contredit-le-premier-ministre-dion-ngute\",\"name\":\"Production caf\u00e9i\u00e8re 2021-2022\u00a0: l\u2019ONCC contredit le Premier ministre Dion Ngut\u00e9 - Cameroun\",\"isPartOf\":{\"@id\":\"https:\/\/www.africa-press.net\/cameroun\/#website\"},\"primaryImageOfPage\":{\"@id\":\"https:\/\/www.africa-press.net\/cameroun\/economie\/production-cafeiere-2021-2022-loncc-contredit-le-premier-ministre-dion-ngute#primaryimage\"},\"image\":{\"@id\":\"https:\/\/www.africa-press.net\/cameroun\/economie\/production-cafeiere-2021-2022-loncc-contredit-le-premier-ministre-dion-ngute#primaryimage\"},\"thumbnailUrl\":\"https:\/\/static.africa-press.net\/cameroun\/sites\/57\/2023\/03\/postQueueImg_1678890413.00.jpg\",\"datePublished\":\"2023-03-15T17:56:48+00:00\",\"dateModified\":\"2023-03-15T18:57:38+00:00\",\"author\":{\"@id\":\"https:\/\/www.africa-press.net\/cameroun\/#\/schema\/person\/2b1cf3cd81a31e3cd26889ca66d677f1\"},\"description\":\"Investir au Cameroun) - Selon les chiffres re\u0301ve\u0301le\u0301s par l\u2019Office national du cacao et du cafe\u0301 (ONCC) ce 15 mars 2023 ...\",\"breadcrumb\":{\"@id\":\"https:\/\/www.africa-press.net\/cameroun\/economie\/production-cafeiere-2021-2022-loncc-contredit-le-premier-ministre-dion-ngute#breadcrumb\"},\"inLanguage\":\"fr-FR\",\"potentialAction\":[{\"@type\":\"ReadAction\",\"target\":[\"https:\/\/www.africa-press.net\/cameroun\/economie\/production-cafeiere-2021-2022-loncc-contredit-le-premier-ministre-dion-ngute\"]}]},{\"@type\":\"ImageObject\",\"inLanguage\":\"fr-FR\",\"@id\":\"https:\/\/www.africa-press.net\/cameroun\/economie\/production-cafeiere-2021-2022-loncc-contredit-le-premier-ministre-dion-ngute#primaryimage\",\"url\":\"https:\/\/static.africa-press.net\/cameroun\/sites\/57\/2023\/03\/postQueueImg_1678890413.00.jpg\",\"contentUrl\":\"https:\/\/static.africa-press.net\/cameroun\/sites\/57\/2023\/03\/postQueueImg_1678890413.00.jpg\",\"width\":720,\"height\":482,\"caption\":\"Production caf\u00e9i\u00e8re 2021-2022\u00a0: l\u2019ONCC contredit le Premier ministre Dion Ngut\u00e9\"},{\"@type\":\"BreadcrumbList\",\"@id\":\"https:\/\/www.africa-press.net\/cameroun\/economie\/production-cafeiere-2021-2022-loncc-contredit-le-premier-ministre-dion-ngute#breadcrumb\",\"itemListElement\":[{\"@type\":\"ListItem\",\"position\":1,\"name\":\"Accueil\",\"item\":\"https:\/\/www.africa-press.net\/cameroun\/\"},{\"@type\":\"ListItem\",\"position\":2,\"name\":\"Production caf\u00e9i\u00e8re 2021-2022\u00a0: l\u2019ONCC contredit le Premier ministre Dion Ngut\u00e9\"}]},{\"@type\":\"WebSite\",\"@id\":\"https:\/\/www.africa-press.net\/cameroun\/#website\",\"url\":\"https:\/\/www.africa-press.net\/cameroun\/\",\"name\":\"Cameroun\",\"description\":\"Just another Africa News Agency Sites site\",\"potentialAction\":[{\"@type\":\"SearchAction\",\"target\":{\"@type\":\"EntryPoint\",\"urlTemplate\":\"https:\/\/www.africa-press.net\/cameroun\/?s={search_term_string}\"},\"query-input\":{\"@type\":\"PropertyValueSpecification\",\"valueRequired\":true,\"valueName\":\"search_term_string\"}}],\"inLanguage\":\"fr-FR\"},{\"@type\":\"Person\",\"@id\":\"https:\/\/www.africa-press.net\/cameroun\/#\/schema\/person\/2b1cf3cd81a31e3cd26889ca66d677f1\",\"name\":\"cfeditorfr\"}]}<\/script>\n<!-- \/ Yoast SEO Premium plugin. -->","yoast_head_json":{"title":"Production caf\u00e9i\u00e8re 2021-2022\u00a0: l\u2019ONCC contredit le Premier ministre Dion Ngut\u00e9 - Cameroun","description":"Investir au Cameroun) - Selon les chiffres re\u0301ve\u0301le\u0301s par l\u2019Office national du cacao et du cafe\u0301 (ONCC) ce 15 mars 2023 ...","robots":{"index":"index","follow":"follow","max-snippet":"max-snippet:-1","max-image-preview":"max-image-preview:large","max-video-preview":"max-video-preview:-1"},"canonical":"https:\/\/www.africa-press.net\/cameroun\/economie\/production-cafeiere-2021-2022-loncc-contredit-le-premier-ministre-dion-ngute","og_locale":"fr_FR","og_type":"article","og_title":"Production caf\u00e9i\u00e8re 2021-2022\u00a0: l\u2019ONCC contredit le Premier ministre Dion Ngut\u00e9","og_description":"Investir au Cameroun) - Selon les chiffres re\u0301ve\u0301le\u0301s par l\u2019Office national du cacao et du cafe\u0301 (ONCC) ce 15 mars 2023 ...","og_url":"https:\/\/www.africa-press.net\/cameroun\/economie\/production-cafeiere-2021-2022-loncc-contredit-le-premier-ministre-dion-ngute","og_site_name":"Cameroun","article_published_time":"2023-03-15T17:56:48+00:00","article_modified_time":"2023-03-15T18:57:38+00:00","og_image":[{"width":720,"height":482,"url":"https:\/\/static.africa-press.net\/cameroun\/sites\/57\/2023\/03\/postQueueImg_1678890413.00.jpg","type":"image\/jpeg"}],"author":"cfeditorfr","twitter_card":"summary_large_image","twitter_misc":{"\u00c9crit par":"cfeditorfr","Dur\u00e9e de lecture estim\u00e9e":"2 minutes"},"schema":{"@context":"https:\/\/schema.org","@graph":[{"@type":"Article","@id":"https:\/\/www.africa-press.net\/cameroun\/economie\/production-cafeiere-2021-2022-loncc-contredit-le-premier-ministre-dion-ngute#article","isPartOf":{"@id":"https:\/\/www.africa-press.net\/cameroun\/economie\/production-cafeiere-2021-2022-loncc-contredit-le-premier-ministre-dion-ngute"},"author":{"name":"cfeditorfr","@id":"https:\/\/www.africa-press.net\/cameroun\/#\/schema\/person\/2b1cf3cd81a31e3cd26889ca66d677f1"},"headline":"Production caf\u00e9i\u00e8re 2021-2022\u00a0: l\u2019ONCC contredit le Premier ministre Dion Ngut\u00e9","datePublished":"2023-03-15T17:56:48+00:00","dateModified":"2023-03-15T18:57:38+00:00","mainEntityOfPage":{"@id":"https:\/\/www.africa-press.net\/cameroun\/economie\/production-cafeiere-2021-2022-loncc-contredit-le-premier-ministre-dion-ngute"},"wordCount":464,"commentCount":0,"image":{"@id":"https:\/\/www.africa-press.net\/cameroun\/economie\/production-cafeiere-2021-2022-loncc-contredit-le-premier-ministre-dion-ngute#primaryimage"},"thumbnailUrl":"https:\/\/static.africa-press.net\/cameroun\/sites\/57\/2023\/03\/postQueueImg_1678890413.00.jpg","keywords":["Africa Press","Africa Press-Cameroun","Cameroun"],"articleSection":["\u00c9conomie","Toutes les actualit\u00e9s"],"inLanguage":"fr-FR","potentialAction":[{"@type":"CommentAction","name":"Comment","target":["https:\/\/www.africa-press.net\/cameroun\/economie\/production-cafeiere-2021-2022-loncc-contredit-le-premier-ministre-dion-ngute#respond"]}]},{"@type":"WebPage","@id":"https:\/\/www.africa-press.net\/cameroun\/economie\/production-cafeiere-2021-2022-loncc-contredit-le-premier-ministre-dion-ngute","url":"https:\/\/www.africa-press.net\/cameroun\/economie\/production-cafeiere-2021-2022-loncc-contredit-le-premier-ministre-dion-ngute","name":"Production caf\u00e9i\u00e8re 2021-2022\u00a0: l\u2019ONCC contredit le Premier ministre Dion Ngut\u00e9 - Cameroun","isPartOf":{"@id":"https:\/\/www.africa-press.net\/cameroun\/#website"},"primaryImageOfPage":{"@id":"https:\/\/www.africa-press.net\/cameroun\/economie\/production-cafeiere-2021-2022-loncc-contredit-le-premier-ministre-dion-ngute#primaryimage"},"image":{"@id":"https:\/\/www.africa-press.net\/cameroun\/economie\/production-cafeiere-2021-2022-loncc-contredit-le-premier-ministre-dion-ngute#primaryimage"},"thumbnailUrl":"https:\/\/static.africa-press.net\/cameroun\/sites\/57\/2023\/03\/postQueueImg_1678890413.00.jpg","datePublished":"2023-03-15T17:56:48+00:00","dateModified":"2023-03-15T18:57:38+00:00","author":{"@id":"https:\/\/www.africa-press.net\/cameroun\/#\/schema\/person\/2b1cf3cd81a31e3cd26889ca66d677f1"},"description":"Investir au Cameroun) - Selon les chiffres re\u0301ve\u0301le\u0301s par l\u2019Office national du cacao et du cafe\u0301 (ONCC) ce 15 mars 2023 ...","breadcrumb":{"@id":"https:\/\/www.africa-press.net\/cameroun\/economie\/production-cafeiere-2021-2022-loncc-contredit-le-premier-ministre-dion-ngute#breadcrumb"},"inLanguage":"fr-FR","potentialAction":[{"@type":"ReadAction","target":["https:\/\/www.africa-press.net\/cameroun\/economie\/production-cafeiere-2021-2022-loncc-contredit-le-premier-ministre-dion-ngute"]}]},{"@type":"ImageObject","inLanguage":"fr-FR","@id":"https:\/\/www.africa-press.net\/cameroun\/economie\/production-cafeiere-2021-2022-loncc-contredit-le-premier-ministre-dion-ngute#primaryimage","url":"https:\/\/static.africa-press.net\/cameroun\/sites\/57\/2023\/03\/postQueueImg_1678890413.00.jpg","contentUrl":"https:\/\/static.africa-press.net\/cameroun\/sites\/57\/2023\/03\/postQueueImg_1678890413.00.jpg","width":720,"height":482,"caption":"Production caf\u00e9i\u00e8re 2021-2022\u00a0: l\u2019ONCC contredit le Premier ministre Dion Ngut\u00e9"},{"@type":"BreadcrumbList","@id":"https:\/\/www.africa-press.net\/cameroun\/economie\/production-cafeiere-2021-2022-loncc-contredit-le-premier-ministre-dion-ngute#breadcrumb","itemListElement":[{"@type":"ListItem","position":1,"name":"Accueil","item":"https:\/\/www.africa-press.net\/cameroun\/"},{"@type":"ListItem","position":2,"name":"Production caf\u00e9i\u00e8re 2021-2022\u00a0: l\u2019ONCC contredit le Premier ministre Dion Ngut\u00e9"}]},{"@type":"WebSite","@id":"https:\/\/www.africa-press.net\/cameroun\/#website","url":"https:\/\/www.africa-press.net\/cameroun\/","name":"Cameroun","description":"Just another Africa News Agency Sites site","potentialAction":[{"@type":"SearchAction","target":{"@type":"EntryPoint","urlTemplate":"https:\/\/www.africa-press.net\/cameroun\/?s={search_term_string}"},"query-input":{"@type":"PropertyValueSpecification","valueRequired":true,"valueName":"search_term_string"}}],"inLanguage":"fr-FR"},{"@type":"Person","@id":"https:\/\/www.africa-press.net\/cameroun\/#\/schema\/person\/2b1cf3cd81a31e3cd26889ca66d677f1","name":"cfeditorfr"}]}},"_links":{"self":[{"href":"https:\/\/www.africa-press.net\/cameroun\/wp-json\/wp\/v2\/posts\/39444","targetHints":{"allow":["GET"]}}],"collection":[{"href":"https:\/\/www.africa-press.net\/cameroun\/wp-json\/wp\/v2\/posts"}],"about":[{"href":"https:\/\/www.africa-press.net\/cameroun\/wp-json\/wp\/v2\/types\/post"}],"author":[{"embeddable":true,"href":"https:\/\/www.africa-press.net\/cameroun\/wp-json\/wp\/v2\/users\/82"}],"replies":[{"embeddable":true,"href":"https:\/\/www.africa-press.net\/cameroun\/wp-json\/wp\/v2\/comments?post=39444"}],"version-history":[{"count":0,"href":"https:\/\/www.africa-press.net\/cameroun\/wp-json\/wp\/v2\/posts\/39444\/revisions"}],"wp:featuredmedia":[{"embeddable":true,"href":"https:\/\/www.africa-press.net\/cameroun\/wp-json\/wp\/v2\/media\/39442"}],"wp:attachment":[{"href":"https:\/\/www.africa-press.net\/cameroun\/wp-json\/wp\/v2\/media?parent=39444"}],"wp:term":[{"taxonomy":"category","embeddable":true,"href":"https:\/\/www.africa-press.net\/cameroun\/wp-json\/wp\/v2\/categories?post=39444"},{"taxonomy":"post_tag","embeddable":true,"href":"https:\/\/www.africa-press.net\/cameroun\/wp-json\/wp\/v2\/tags?post=39444"}],"curies":[{"name":"wp","href":"https:\/\/api.w.org\/{rel}","templated":true}]}}