{"id":39465,"date":"2023-03-16T12:38:54","date_gmt":"2023-03-16T12:38:54","guid":{"rendered":"https:\/\/www.africa-press.net\/cameroun\/politique\/mauvaise-nouvelle-paul-biya-est-toujours-a-mvomecka-grosse-frayeur-sur-le-sommet-de-la-cemac"},"modified":"2023-03-16T12:51:09","modified_gmt":"2023-03-16T12:51:09","slug":"mauvaise-nouvelle-paul-biya-est-toujours-a-mvomecka-grosse-frayeur-sur-le-sommet-de-la-cemac","status":"publish","type":"post","link":"https:\/\/www.africa-press.net\/cameroun\/politique\/mauvaise-nouvelle-paul-biya-est-toujours-a-mvomecka-grosse-frayeur-sur-le-sommet-de-la-cemac","title":{"rendered":"Mauvaise nouvelle : Paul Biya est toujours \u00e0 Mvomecka, grosse frayeur sur le sommet de la Cemac"},"content":{"rendered":"<p><span style=\"color: #ff6600\"><strong>Africa-Press &#8211; Cameroun. <\/strong><\/span>Alors que le Cameroun accueillera demain vendredi 17 mars 2023, la 15eme session ordinaire de la confe\u0301rence des chefs d\u2019Etat de la Communaute\u0301 e\u0301conomique et mone\u0301taire de l\u2019Afrique centrale (CEMAC), Paul Biya, le chef de l&rsquo;Etat est toujours dans son village a\u0300 Mvomecka et n&rsquo;a pas encore pris ses quartiers au palais de l&rsquo;unite\u0301 afin d&rsquo;accueillir comme il se doit ses invite\u0301s.<\/p>\n<p>Pour certains, Paul Biya devrait quitter Mvomeka dans les prochaines heures mais aucune communication officielle n&rsquo;a e\u0301te\u0301 faite sur un possible de\u0301placement de ce dernier dans le courant de cette journe\u0301e.<\/p>\n<p>Ce sommet est rencontre qui devrait re\u0301unir autour de Paul Biya, le pre\u0301sident en exercice, ses cinq autres homologues qui, selon des sources proches de la Commission de la CEMAC et de la pre\u0301sidence de la Re\u0301publique camerounaise ont tous confirme\u0301 leur participation effective. Il s\u2019agit de Faustin Archange Touade\u0301ra (Centrafrique), De\u0301nis Sassou Nguesso (Congo), Ali Bongo Ondimba (Gabon), Teodoro Obiang Nguema Mbasogo (Guine\u0301e e\u0301quatoriale) et Idriss Mahamat Deby Itno (Tchad).<\/p>\n<p>Par ailleurs, pour le compte du dernier, le pre\u0301sident Tchadien, Mahamat Idriss Deby est de\u0301ja\u0300 a\u0300 Yaounde\u0301 dans le cadre dudit sommet. Le sommet est-il compromis ? Les prochaines heures nous le diront.<\/p>\n<p><strong>Pour plus d&rsquo;informations et d&rsquo;analyses sur la <a href=\"https:\/\/www.africa-press.net\/cameroun\">Cameroun<\/a>, suivez <a href=\"https:\/\/www.africa-press.net\/\">Africa-Press<\/a><\/strong><\/p>\n","protected":false},"excerpt":{"rendered":"<p>Africa-Press &#8211; Cameroun. Alors que le Cameroun accueillera demain vendredi 17 mars 2023, la 15eme session ordinaire de la confe\u0301rence des chefs d\u2019Etat de la Communaute\u0301 e\u0301conomique et mone\u0301taire de l\u2019Afrique centrale (CEMAC), Paul Biya, le chef de l&rsquo;Etat est toujours dans son village a\u0300 Mvomecka et n&rsquo;a pas encore pris ses quartiers au palais [&hellip;]<\/p>\n","protected":false},"author":82,"featured_media":39463,"comment_status":"open","ping_status":"closed","sticky":false,"template":"","format":"standard","meta":{"footnotes":""},"categories":[2,10],"tags":[36,50,49],"class_list":["post-39465","post","type-post","status-publish","format-standard","has-post-thumbnail","hentry","category-politique","category-toutes-les-actualites","tag-africa-press","tag-africa-press-cameroun","tag-cameroun"],"yoast_head":"<!-- This site is optimized with the Yoast SEO Premium plugin v26.1 (Yoast SEO v27.0) - https:\/\/yoast.com\/product\/yoast-seo-premium-wordpress\/ -->\n<title>Mauvaise nouvelle : Paul Biya est toujours \u00e0 Mvomecka, grosse frayeur sur le sommet de la Cemac - Cameroun<\/title>\n<meta name=\"description\" content=\"Alors que le Cameroun accueillera demain vendredi 17 mars 2023, la 15eme session ordinaire de la confe\u0301rence des chefs d ...\" \/>\n<meta name=\"robots\" content=\"index, follow, max-snippet:-1, max-image-preview:large, max-video-preview:-1\" \/>\n<link rel=\"canonical\" href=\"https:\/\/www.africa-press.net\/cameroun\/politique\/mauvaise-nouvelle-paul-biya-est-toujours-a-mvomecka-grosse-frayeur-sur-le-sommet-de-la-cemac\" \/>\n<meta property=\"og:locale\" content=\"fr_FR\" \/>\n<meta property=\"og:type\" content=\"article\" \/>\n<meta property=\"og:title\" content=\"Mauvaise nouvelle : Paul Biya est toujours \u00e0 Mvomecka, grosse frayeur sur le sommet de la Cemac\" \/>\n<meta property=\"og:description\" content=\"Alors que le Cameroun accueillera demain vendredi 17 mars 2023, la 15eme session ordinaire de la confe\u0301rence des chefs d ...\" \/>\n<meta property=\"og:url\" content=\"https:\/\/www.africa-press.net\/cameroun\/politique\/mauvaise-nouvelle-paul-biya-est-toujours-a-mvomecka-grosse-frayeur-sur-le-sommet-de-la-cemac\" \/>\n<meta property=\"og:site_name\" content=\"Cameroun\" \/>\n<meta property=\"article:published_time\" content=\"2023-03-16T12:38:54+00:00\" \/>\n<meta property=\"article:modified_time\" content=\"2023-03-16T12:51:09+00:00\" \/>\n<meta property=\"og:image\" content=\"https:\/\/static.africa-press.net\/cameroun\/sites\/57\/2023\/03\/postQueueImg_1678957736.41.jpg\" \/>\n\t<meta property=\"og:image:width\" content=\"720\" \/>\n\t<meta property=\"og:image:height\" content=\"400\" \/>\n\t<meta property=\"og:image:type\" content=\"image\/jpeg\" \/>\n<meta name=\"author\" content=\"cfeditorfr\" \/>\n<meta name=\"twitter:card\" content=\"summary_large_image\" \/>\n<meta name=\"twitter:label1\" content=\"\u00c9crit par\" \/>\n\t<meta name=\"twitter:data1\" content=\"cfeditorfr\" \/>\n\t<meta name=\"twitter:label2\" content=\"Dur\u00e9e de lecture estim\u00e9e\" \/>\n\t<meta name=\"twitter:data2\" content=\"1 minute\" \/>\n<script type=\"application\/ld+json\" class=\"yoast-schema-graph\">{\"@context\":\"https:\/\/schema.org\",\"@graph\":[{\"@type\":\"Article\",\"@id\":\"https:\/\/www.africa-press.net\/cameroun\/politique\/mauvaise-nouvelle-paul-biya-est-toujours-a-mvomecka-grosse-frayeur-sur-le-sommet-de-la-cemac#article\",\"isPartOf\":{\"@id\":\"https:\/\/www.africa-press.net\/cameroun\/politique\/mauvaise-nouvelle-paul-biya-est-toujours-a-mvomecka-grosse-frayeur-sur-le-sommet-de-la-cemac\"},\"author\":{\"name\":\"cfeditorfr\",\"@id\":\"https:\/\/www.africa-press.net\/cameroun\/#\/schema\/person\/2b1cf3cd81a31e3cd26889ca66d677f1\"},\"headline\":\"Mauvaise nouvelle : Paul Biya est toujours \u00e0 Mvomecka, grosse frayeur sur le sommet de la Cemac\",\"datePublished\":\"2023-03-16T12:38:54+00:00\",\"dateModified\":\"2023-03-16T12:51:09+00:00\",\"mainEntityOfPage\":{\"@id\":\"https:\/\/www.africa-press.net\/cameroun\/politique\/mauvaise-nouvelle-paul-biya-est-toujours-a-mvomecka-grosse-frayeur-sur-le-sommet-de-la-cemac\"},\"wordCount\":249,\"commentCount\":0,\"image\":{\"@id\":\"https:\/\/www.africa-press.net\/cameroun\/politique\/mauvaise-nouvelle-paul-biya-est-toujours-a-mvomecka-grosse-frayeur-sur-le-sommet-de-la-cemac#primaryimage\"},\"thumbnailUrl\":\"https:\/\/static.africa-press.net\/cameroun\/sites\/57\/2023\/03\/postQueueImg_1678957736.41.jpg\",\"keywords\":[\"Africa Press\",\"Africa Press-Cameroun\",\"Cameroun\"],\"articleSection\":[\"Politique\",\"Toutes les actualit\u00e9s\"],\"inLanguage\":\"fr-FR\",\"potentialAction\":[{\"@type\":\"CommentAction\",\"name\":\"Comment\",\"target\":[\"https:\/\/www.africa-press.net\/cameroun\/politique\/mauvaise-nouvelle-paul-biya-est-toujours-a-mvomecka-grosse-frayeur-sur-le-sommet-de-la-cemac#respond\"]}]},{\"@type\":\"WebPage\",\"@id\":\"https:\/\/www.africa-press.net\/cameroun\/politique\/mauvaise-nouvelle-paul-biya-est-toujours-a-mvomecka-grosse-frayeur-sur-le-sommet-de-la-cemac\",\"url\":\"https:\/\/www.africa-press.net\/cameroun\/politique\/mauvaise-nouvelle-paul-biya-est-toujours-a-mvomecka-grosse-frayeur-sur-le-sommet-de-la-cemac\",\"name\":\"Mauvaise nouvelle : Paul Biya est toujours \u00e0 Mvomecka, grosse frayeur sur le sommet de la Cemac - Cameroun\",\"isPartOf\":{\"@id\":\"https:\/\/www.africa-press.net\/cameroun\/#website\"},\"primaryImageOfPage\":{\"@id\":\"https:\/\/www.africa-press.net\/cameroun\/politique\/mauvaise-nouvelle-paul-biya-est-toujours-a-mvomecka-grosse-frayeur-sur-le-sommet-de-la-cemac#primaryimage\"},\"image\":{\"@id\":\"https:\/\/www.africa-press.net\/cameroun\/politique\/mauvaise-nouvelle-paul-biya-est-toujours-a-mvomecka-grosse-frayeur-sur-le-sommet-de-la-cemac#primaryimage\"},\"thumbnailUrl\":\"https:\/\/static.africa-press.net\/cameroun\/sites\/57\/2023\/03\/postQueueImg_1678957736.41.jpg\",\"datePublished\":\"2023-03-16T12:38:54+00:00\",\"dateModified\":\"2023-03-16T12:51:09+00:00\",\"author\":{\"@id\":\"https:\/\/www.africa-press.net\/cameroun\/#\/schema\/person\/2b1cf3cd81a31e3cd26889ca66d677f1\"},\"description\":\"Alors que le Cameroun accueillera demain vendredi 17 mars 2023, la 15eme session ordinaire de la confe\u0301rence des chefs d ...\",\"breadcrumb\":{\"@id\":\"https:\/\/www.africa-press.net\/cameroun\/politique\/mauvaise-nouvelle-paul-biya-est-toujours-a-mvomecka-grosse-frayeur-sur-le-sommet-de-la-cemac#breadcrumb\"},\"inLanguage\":\"fr-FR\",\"potentialAction\":[{\"@type\":\"ReadAction\",\"target\":[\"https:\/\/www.africa-press.net\/cameroun\/politique\/mauvaise-nouvelle-paul-biya-est-toujours-a-mvomecka-grosse-frayeur-sur-le-sommet-de-la-cemac\"]}]},{\"@type\":\"ImageObject\",\"inLanguage\":\"fr-FR\",\"@id\":\"https:\/\/www.africa-press.net\/cameroun\/politique\/mauvaise-nouvelle-paul-biya-est-toujours-a-mvomecka-grosse-frayeur-sur-le-sommet-de-la-cemac#primaryimage\",\"url\":\"https:\/\/static.africa-press.net\/cameroun\/sites\/57\/2023\/03\/postQueueImg_1678957736.41.jpg\",\"contentUrl\":\"https:\/\/static.africa-press.net\/cameroun\/sites\/57\/2023\/03\/postQueueImg_1678957736.41.jpg\",\"width\":720,\"height\":400,\"caption\":\"Mauvaise nouvelle : Paul Biya est toujours \u00e0 Mvomecka, grosse frayeur sur le sommet de la Cemac\"},{\"@type\":\"BreadcrumbList\",\"@id\":\"https:\/\/www.africa-press.net\/cameroun\/politique\/mauvaise-nouvelle-paul-biya-est-toujours-a-mvomecka-grosse-frayeur-sur-le-sommet-de-la-cemac#breadcrumb\",\"itemListElement\":[{\"@type\":\"ListItem\",\"position\":1,\"name\":\"Accueil\",\"item\":\"https:\/\/www.africa-press.net\/cameroun\/\"},{\"@type\":\"ListItem\",\"position\":2,\"name\":\"Mauvaise nouvelle : Paul Biya est toujours \u00e0 Mvomecka, grosse frayeur sur le sommet de la Cemac\"}]},{\"@type\":\"WebSite\",\"@id\":\"https:\/\/www.africa-press.net\/cameroun\/#website\",\"url\":\"https:\/\/www.africa-press.net\/cameroun\/\",\"name\":\"Cameroun\",\"description\":\"Just another Africa News Agency Sites site\",\"potentialAction\":[{\"@type\":\"SearchAction\",\"target\":{\"@type\":\"EntryPoint\",\"urlTemplate\":\"https:\/\/www.africa-press.net\/cameroun\/?s={search_term_string}\"},\"query-input\":{\"@type\":\"PropertyValueSpecification\",\"valueRequired\":true,\"valueName\":\"search_term_string\"}}],\"inLanguage\":\"fr-FR\"},{\"@type\":\"Person\",\"@id\":\"https:\/\/www.africa-press.net\/cameroun\/#\/schema\/person\/2b1cf3cd81a31e3cd26889ca66d677f1\",\"name\":\"cfeditorfr\"}]}<\/script>\n<!-- \/ Yoast SEO Premium plugin. -->","yoast_head_json":{"title":"Mauvaise nouvelle : Paul Biya est toujours \u00e0 Mvomecka, grosse frayeur sur le sommet de la Cemac - Cameroun","description":"Alors que le Cameroun accueillera demain vendredi 17 mars 2023, la 15eme session ordinaire de la confe\u0301rence des chefs d ...","robots":{"index":"index","follow":"follow","max-snippet":"max-snippet:-1","max-image-preview":"max-image-preview:large","max-video-preview":"max-video-preview:-1"},"canonical":"https:\/\/www.africa-press.net\/cameroun\/politique\/mauvaise-nouvelle-paul-biya-est-toujours-a-mvomecka-grosse-frayeur-sur-le-sommet-de-la-cemac","og_locale":"fr_FR","og_type":"article","og_title":"Mauvaise nouvelle : Paul Biya est toujours \u00e0 Mvomecka, grosse frayeur sur le sommet de la Cemac","og_description":"Alors que le Cameroun accueillera demain vendredi 17 mars 2023, la 15eme session ordinaire de la confe\u0301rence des chefs d ...","og_url":"https:\/\/www.africa-press.net\/cameroun\/politique\/mauvaise-nouvelle-paul-biya-est-toujours-a-mvomecka-grosse-frayeur-sur-le-sommet-de-la-cemac","og_site_name":"Cameroun","article_published_time":"2023-03-16T12:38:54+00:00","article_modified_time":"2023-03-16T12:51:09+00:00","og_image":[{"width":720,"height":400,"url":"https:\/\/static.africa-press.net\/cameroun\/sites\/57\/2023\/03\/postQueueImg_1678957736.41.jpg","type":"image\/jpeg"}],"author":"cfeditorfr","twitter_card":"summary_large_image","twitter_misc":{"\u00c9crit par":"cfeditorfr","Dur\u00e9e de lecture estim\u00e9e":"1 minute"},"schema":{"@context":"https:\/\/schema.org","@graph":[{"@type":"Article","@id":"https:\/\/www.africa-press.net\/cameroun\/politique\/mauvaise-nouvelle-paul-biya-est-toujours-a-mvomecka-grosse-frayeur-sur-le-sommet-de-la-cemac#article","isPartOf":{"@id":"https:\/\/www.africa-press.net\/cameroun\/politique\/mauvaise-nouvelle-paul-biya-est-toujours-a-mvomecka-grosse-frayeur-sur-le-sommet-de-la-cemac"},"author":{"name":"cfeditorfr","@id":"https:\/\/www.africa-press.net\/cameroun\/#\/schema\/person\/2b1cf3cd81a31e3cd26889ca66d677f1"},"headline":"Mauvaise nouvelle : Paul Biya est toujours \u00e0 Mvomecka, grosse frayeur sur le sommet de la Cemac","datePublished":"2023-03-16T12:38:54+00:00","dateModified":"2023-03-16T12:51:09+00:00","mainEntityOfPage":{"@id":"https:\/\/www.africa-press.net\/cameroun\/politique\/mauvaise-nouvelle-paul-biya-est-toujours-a-mvomecka-grosse-frayeur-sur-le-sommet-de-la-cemac"},"wordCount":249,"commentCount":0,"image":{"@id":"https:\/\/www.africa-press.net\/cameroun\/politique\/mauvaise-nouvelle-paul-biya-est-toujours-a-mvomecka-grosse-frayeur-sur-le-sommet-de-la-cemac#primaryimage"},"thumbnailUrl":"https:\/\/static.africa-press.net\/cameroun\/sites\/57\/2023\/03\/postQueueImg_1678957736.41.jpg","keywords":["Africa Press","Africa Press-Cameroun","Cameroun"],"articleSection":["Politique","Toutes les actualit\u00e9s"],"inLanguage":"fr-FR","potentialAction":[{"@type":"CommentAction","name":"Comment","target":["https:\/\/www.africa-press.net\/cameroun\/politique\/mauvaise-nouvelle-paul-biya-est-toujours-a-mvomecka-grosse-frayeur-sur-le-sommet-de-la-cemac#respond"]}]},{"@type":"WebPage","@id":"https:\/\/www.africa-press.net\/cameroun\/politique\/mauvaise-nouvelle-paul-biya-est-toujours-a-mvomecka-grosse-frayeur-sur-le-sommet-de-la-cemac","url":"https:\/\/www.africa-press.net\/cameroun\/politique\/mauvaise-nouvelle-paul-biya-est-toujours-a-mvomecka-grosse-frayeur-sur-le-sommet-de-la-cemac","name":"Mauvaise nouvelle : Paul Biya est toujours \u00e0 Mvomecka, grosse frayeur sur le sommet de la Cemac - Cameroun","isPartOf":{"@id":"https:\/\/www.africa-press.net\/cameroun\/#website"},"primaryImageOfPage":{"@id":"https:\/\/www.africa-press.net\/cameroun\/politique\/mauvaise-nouvelle-paul-biya-est-toujours-a-mvomecka-grosse-frayeur-sur-le-sommet-de-la-cemac#primaryimage"},"image":{"@id":"https:\/\/www.africa-press.net\/cameroun\/politique\/mauvaise-nouvelle-paul-biya-est-toujours-a-mvomecka-grosse-frayeur-sur-le-sommet-de-la-cemac#primaryimage"},"thumbnailUrl":"https:\/\/static.africa-press.net\/cameroun\/sites\/57\/2023\/03\/postQueueImg_1678957736.41.jpg","datePublished":"2023-03-16T12:38:54+00:00","dateModified":"2023-03-16T12:51:09+00:00","author":{"@id":"https:\/\/www.africa-press.net\/cameroun\/#\/schema\/person\/2b1cf3cd81a31e3cd26889ca66d677f1"},"description":"Alors que le Cameroun accueillera demain vendredi 17 mars 2023, la 15eme session ordinaire de la confe\u0301rence des chefs d ...","breadcrumb":{"@id":"https:\/\/www.africa-press.net\/cameroun\/politique\/mauvaise-nouvelle-paul-biya-est-toujours-a-mvomecka-grosse-frayeur-sur-le-sommet-de-la-cemac#breadcrumb"},"inLanguage":"fr-FR","potentialAction":[{"@type":"ReadAction","target":["https:\/\/www.africa-press.net\/cameroun\/politique\/mauvaise-nouvelle-paul-biya-est-toujours-a-mvomecka-grosse-frayeur-sur-le-sommet-de-la-cemac"]}]},{"@type":"ImageObject","inLanguage":"fr-FR","@id":"https:\/\/www.africa-press.net\/cameroun\/politique\/mauvaise-nouvelle-paul-biya-est-toujours-a-mvomecka-grosse-frayeur-sur-le-sommet-de-la-cemac#primaryimage","url":"https:\/\/static.africa-press.net\/cameroun\/sites\/57\/2023\/03\/postQueueImg_1678957736.41.jpg","contentUrl":"https:\/\/static.africa-press.net\/cameroun\/sites\/57\/2023\/03\/postQueueImg_1678957736.41.jpg","width":720,"height":400,"caption":"Mauvaise nouvelle : Paul Biya est toujours \u00e0 Mvomecka, grosse frayeur sur le sommet de la Cemac"},{"@type":"BreadcrumbList","@id":"https:\/\/www.africa-press.net\/cameroun\/politique\/mauvaise-nouvelle-paul-biya-est-toujours-a-mvomecka-grosse-frayeur-sur-le-sommet-de-la-cemac#breadcrumb","itemListElement":[{"@type":"ListItem","position":1,"name":"Accueil","item":"https:\/\/www.africa-press.net\/cameroun\/"},{"@type":"ListItem","position":2,"name":"Mauvaise nouvelle : Paul Biya est toujours \u00e0 Mvomecka, grosse frayeur sur le sommet de la Cemac"}]},{"@type":"WebSite","@id":"https:\/\/www.africa-press.net\/cameroun\/#website","url":"https:\/\/www.africa-press.net\/cameroun\/","name":"Cameroun","description":"Just another Africa News Agency Sites site","potentialAction":[{"@type":"SearchAction","target":{"@type":"EntryPoint","urlTemplate":"https:\/\/www.africa-press.net\/cameroun\/?s={search_term_string}"},"query-input":{"@type":"PropertyValueSpecification","valueRequired":true,"valueName":"search_term_string"}}],"inLanguage":"fr-FR"},{"@type":"Person","@id":"https:\/\/www.africa-press.net\/cameroun\/#\/schema\/person\/2b1cf3cd81a31e3cd26889ca66d677f1","name":"cfeditorfr"}]}},"_links":{"self":[{"href":"https:\/\/www.africa-press.net\/cameroun\/wp-json\/wp\/v2\/posts\/39465","targetHints":{"allow":["GET"]}}],"collection":[{"href":"https:\/\/www.africa-press.net\/cameroun\/wp-json\/wp\/v2\/posts"}],"about":[{"href":"https:\/\/www.africa-press.net\/cameroun\/wp-json\/wp\/v2\/types\/post"}],"author":[{"embeddable":true,"href":"https:\/\/www.africa-press.net\/cameroun\/wp-json\/wp\/v2\/users\/82"}],"replies":[{"embeddable":true,"href":"https:\/\/www.africa-press.net\/cameroun\/wp-json\/wp\/v2\/comments?post=39465"}],"version-history":[{"count":0,"href":"https:\/\/www.africa-press.net\/cameroun\/wp-json\/wp\/v2\/posts\/39465\/revisions"}],"wp:featuredmedia":[{"embeddable":true,"href":"https:\/\/www.africa-press.net\/cameroun\/wp-json\/wp\/v2\/media\/39463"}],"wp:attachment":[{"href":"https:\/\/www.africa-press.net\/cameroun\/wp-json\/wp\/v2\/media?parent=39465"}],"wp:term":[{"taxonomy":"category","embeddable":true,"href":"https:\/\/www.africa-press.net\/cameroun\/wp-json\/wp\/v2\/categories?post=39465"},{"taxonomy":"post_tag","embeddable":true,"href":"https:\/\/www.africa-press.net\/cameroun\/wp-json\/wp\/v2\/tags?post=39465"}],"curies":[{"name":"wp","href":"https:\/\/api.w.org\/{rel}","templated":true}]}}