{"id":39472,"date":"2023-03-16T12:37:59","date_gmt":"2023-03-16T12:37:59","guid":{"rendered":"https:\/\/www.africa-press.net\/cameroun\/politique\/niat-njifenji-en-bout-de-piste-biya-demande-des-propositions-pour-la-presidence-du-senat"},"modified":"2023-03-16T12:54:32","modified_gmt":"2023-03-16T12:54:32","slug":"niat-njifenji-en-bout-de-piste-biya-demande-des-propositions-pour-la-presidence-du-senat","status":"publish","type":"post","link":"https:\/\/www.africa-press.net\/cameroun\/politique\/niat-njifenji-en-bout-de-piste-biya-demande-des-propositions-pour-la-presidence-du-senat","title":{"rendered":"Niat Njifenji en &#8217;bout de piste&rsquo;: Biya demande des propositions pour la pr\u00e9sidence du S\u00e9nat"},"content":{"rendered":"<p><span style=\"color: #ff6600\"><strong>Africa-Press &#8211; Cameroun. <\/strong><\/span>Niat Njifenji ne s&rsquo;est pas pre\u0301sente\u0301 pour les e\u0301lections se\u0301natoriales boucle\u0301es de dimanche dernier. Pour qu&rsquo;il puisse encore diriger le se\u0301nat, il faudra qu&rsquo;il soit nomme\u0301 se\u0301nateur par Biya qui a encore 10 jours, a\u0300 partir de la publication des re\u0301sultats de\u0301finitifs, pour le faire.<\/p>\n<p>En d&rsquo;autres termes, seul Biya de\u0301cidera s&rsquo;il faut que Niat se repose ou s&rsquo;il faut qu&rsquo;il soit encore la\u0300.<\/p>\n<p>Or, des informations non officielles certes parvenues a\u0300 notre re\u0301daction, affirment que le chef de l&rsquo;Etat a demande\u0301 a\u0300 son entourage, des propositions pour la pre\u0301sidence du Se\u0301nat.<\/p>\n<p>Pendant les campagnes, Niat Njifenji a organise\u0301 une rencontre fraternelle au sein de sa re\u0301sidence dans le chef-lieu du de\u0301partement du Nde\u0301. Les diffe\u0301rentes de\u0301le\u0301gations sont venues des huit de\u0301partements de la re\u0301gion. Les acteurs en pre\u0301sence avaient e\u0301te\u0301 invite\u0301s a\u0300 donner au RDPC, une victoire optimale et une majorite\u0301 absolue au soir du 12 Mars prochain&#8230;<\/p>\n<p>Les grandes batailles de 2025 sont de\u0301ja\u0300 engage\u0301es. Le pre\u0301sident de la chambre haute Marcel Niat Njifendji a souligne\u0301 que la plus capital sera celui de la communication inte\u0301grant les nouveaux outils. La victoire d\u2019aujourd\u2019hui pre\u0301conise celle de demain.<\/p>\n<p>Le couple Niat a fait remarquer a\u0300 l\u2019assistance que les e\u0301lections se\u0301natoriales du 12 mars prochain repre\u0301sentent la croise\u0301e des chemins. Il est judicieux de choisir la bonne voie et d\u2019e\u0302tre fide\u0300le au Pre\u0301sident Paul Biya, pre\u0301sident national du RDPC.<\/p>\n<p><strong>Pour plus d&rsquo;informations et d&rsquo;analyses sur la <a href=\"https:\/\/www.africa-press.net\/cameroun\">Cameroun<\/a>, suivez <a href=\"https:\/\/www.africa-press.net\/\">Africa-Press<\/a><\/strong><\/p>\n","protected":false},"excerpt":{"rendered":"<p>Africa-Press &#8211; Cameroun. Niat Njifenji ne s&rsquo;est pas pre\u0301sente\u0301 pour les e\u0301lections se\u0301natoriales boucle\u0301es de dimanche dernier. Pour qu&rsquo;il puisse encore diriger le se\u0301nat, il faudra qu&rsquo;il soit nomme\u0301 se\u0301nateur par Biya qui a encore 10 jours, a\u0300 partir de la publication des re\u0301sultats de\u0301finitifs, pour le faire. En d&rsquo;autres termes, seul Biya de\u0301cidera s&rsquo;il [&hellip;]<\/p>\n","protected":false},"author":82,"featured_media":39470,"comment_status":"open","ping_status":"closed","sticky":false,"template":"","format":"standard","meta":{"footnotes":""},"categories":[2,10],"tags":[36,50,49],"class_list":["post-39472","post","type-post","status-publish","format-standard","has-post-thumbnail","hentry","category-politique","category-toutes-les-actualites","tag-africa-press","tag-africa-press-cameroun","tag-cameroun"],"yoast_head":"<!-- This site is optimized with the Yoast SEO Premium plugin v26.1 (Yoast SEO v27.0) - https:\/\/yoast.com\/product\/yoast-seo-premium-wordpress\/ -->\n<title>Niat Njifenji en &#039;bout de piste&#039;: Biya demande des propositions pour la pr\u00e9sidence du S\u00e9nat - Cameroun<\/title>\n<meta name=\"description\" content=\"Niat Njifenji ne s&#039;est pas pre\u0301sente\u0301 pour les e\u0301lections se\u0301natoriales boucle\u0301es de dimanche dernier. Pour qu&#039;il puisse ...\" \/>\n<meta name=\"robots\" content=\"index, follow, max-snippet:-1, max-image-preview:large, max-video-preview:-1\" \/>\n<link rel=\"canonical\" href=\"https:\/\/www.africa-press.net\/cameroun\/politique\/niat-njifenji-en-bout-de-piste-biya-demande-des-propositions-pour-la-presidence-du-senat\" \/>\n<meta property=\"og:locale\" content=\"fr_FR\" \/>\n<meta property=\"og:type\" content=\"article\" \/>\n<meta property=\"og:title\" content=\"Niat Njifenji en &#039;bout de piste&#039;: Biya demande des propositions pour la pr\u00e9sidence du S\u00e9nat\" \/>\n<meta property=\"og:description\" content=\"Niat Njifenji ne s&#039;est pas pre\u0301sente\u0301 pour les e\u0301lections se\u0301natoriales boucle\u0301es de dimanche dernier. Pour qu&#039;il puisse ...\" \/>\n<meta property=\"og:url\" content=\"https:\/\/www.africa-press.net\/cameroun\/politique\/niat-njifenji-en-bout-de-piste-biya-demande-des-propositions-pour-la-presidence-du-senat\" \/>\n<meta property=\"og:site_name\" content=\"Cameroun\" \/>\n<meta property=\"article:published_time\" content=\"2023-03-16T12:37:59+00:00\" \/>\n<meta property=\"article:modified_time\" content=\"2023-03-16T12:54:32+00:00\" \/>\n<meta property=\"og:image\" content=\"https:\/\/static.africa-press.net\/cameroun\/sites\/57\/2023\/03\/postQueueImg_1678957681.44.jpg\" \/>\n\t<meta property=\"og:image:width\" content=\"720\" \/>\n\t<meta property=\"og:image:height\" content=\"540\" \/>\n\t<meta property=\"og:image:type\" content=\"image\/jpeg\" \/>\n<meta name=\"author\" content=\"cfeditorfr\" \/>\n<meta name=\"twitter:card\" content=\"summary_large_image\" \/>\n<meta name=\"twitter:label1\" content=\"\u00c9crit par\" \/>\n\t<meta name=\"twitter:data1\" content=\"cfeditorfr\" \/>\n\t<meta name=\"twitter:label2\" content=\"Dur\u00e9e de lecture estim\u00e9e\" \/>\n\t<meta name=\"twitter:data2\" content=\"2 minutes\" \/>\n<script type=\"application\/ld+json\" class=\"yoast-schema-graph\">{\"@context\":\"https:\/\/schema.org\",\"@graph\":[{\"@type\":\"Article\",\"@id\":\"https:\/\/www.africa-press.net\/cameroun\/politique\/niat-njifenji-en-bout-de-piste-biya-demande-des-propositions-pour-la-presidence-du-senat#article\",\"isPartOf\":{\"@id\":\"https:\/\/www.africa-press.net\/cameroun\/politique\/niat-njifenji-en-bout-de-piste-biya-demande-des-propositions-pour-la-presidence-du-senat\"},\"author\":{\"name\":\"cfeditorfr\",\"@id\":\"https:\/\/www.africa-press.net\/cameroun\/#\/schema\/person\/2b1cf3cd81a31e3cd26889ca66d677f1\"},\"headline\":\"Niat Njifenji en &#8217;bout de piste&rsquo;: Biya demande des propositions pour la pr\u00e9sidence du S\u00e9nat\",\"datePublished\":\"2023-03-16T12:37:59+00:00\",\"dateModified\":\"2023-03-16T12:54:32+00:00\",\"mainEntityOfPage\":{\"@id\":\"https:\/\/www.africa-press.net\/cameroun\/politique\/niat-njifenji-en-bout-de-piste-biya-demande-des-propositions-pour-la-presidence-du-senat\"},\"wordCount\":303,\"commentCount\":0,\"image\":{\"@id\":\"https:\/\/www.africa-press.net\/cameroun\/politique\/niat-njifenji-en-bout-de-piste-biya-demande-des-propositions-pour-la-presidence-du-senat#primaryimage\"},\"thumbnailUrl\":\"https:\/\/static.africa-press.net\/cameroun\/sites\/57\/2023\/03\/postQueueImg_1678957681.44.jpg\",\"keywords\":[\"Africa Press\",\"Africa Press-Cameroun\",\"Cameroun\"],\"articleSection\":[\"Politique\",\"Toutes les actualit\u00e9s\"],\"inLanguage\":\"fr-FR\",\"potentialAction\":[{\"@type\":\"CommentAction\",\"name\":\"Comment\",\"target\":[\"https:\/\/www.africa-press.net\/cameroun\/politique\/niat-njifenji-en-bout-de-piste-biya-demande-des-propositions-pour-la-presidence-du-senat#respond\"]}]},{\"@type\":\"WebPage\",\"@id\":\"https:\/\/www.africa-press.net\/cameroun\/politique\/niat-njifenji-en-bout-de-piste-biya-demande-des-propositions-pour-la-presidence-du-senat\",\"url\":\"https:\/\/www.africa-press.net\/cameroun\/politique\/niat-njifenji-en-bout-de-piste-biya-demande-des-propositions-pour-la-presidence-du-senat\",\"name\":\"Niat Njifenji en 'bout de piste': Biya demande des propositions pour la pr\u00e9sidence du S\u00e9nat - Cameroun\",\"isPartOf\":{\"@id\":\"https:\/\/www.africa-press.net\/cameroun\/#website\"},\"primaryImageOfPage\":{\"@id\":\"https:\/\/www.africa-press.net\/cameroun\/politique\/niat-njifenji-en-bout-de-piste-biya-demande-des-propositions-pour-la-presidence-du-senat#primaryimage\"},\"image\":{\"@id\":\"https:\/\/www.africa-press.net\/cameroun\/politique\/niat-njifenji-en-bout-de-piste-biya-demande-des-propositions-pour-la-presidence-du-senat#primaryimage\"},\"thumbnailUrl\":\"https:\/\/static.africa-press.net\/cameroun\/sites\/57\/2023\/03\/postQueueImg_1678957681.44.jpg\",\"datePublished\":\"2023-03-16T12:37:59+00:00\",\"dateModified\":\"2023-03-16T12:54:32+00:00\",\"author\":{\"@id\":\"https:\/\/www.africa-press.net\/cameroun\/#\/schema\/person\/2b1cf3cd81a31e3cd26889ca66d677f1\"},\"description\":\"Niat Njifenji ne s'est pas pre\u0301sente\u0301 pour les e\u0301lections se\u0301natoriales boucle\u0301es de dimanche dernier. Pour qu'il puisse ...\",\"breadcrumb\":{\"@id\":\"https:\/\/www.africa-press.net\/cameroun\/politique\/niat-njifenji-en-bout-de-piste-biya-demande-des-propositions-pour-la-presidence-du-senat#breadcrumb\"},\"inLanguage\":\"fr-FR\",\"potentialAction\":[{\"@type\":\"ReadAction\",\"target\":[\"https:\/\/www.africa-press.net\/cameroun\/politique\/niat-njifenji-en-bout-de-piste-biya-demande-des-propositions-pour-la-presidence-du-senat\"]}]},{\"@type\":\"ImageObject\",\"inLanguage\":\"fr-FR\",\"@id\":\"https:\/\/www.africa-press.net\/cameroun\/politique\/niat-njifenji-en-bout-de-piste-biya-demande-des-propositions-pour-la-presidence-du-senat#primaryimage\",\"url\":\"https:\/\/static.africa-press.net\/cameroun\/sites\/57\/2023\/03\/postQueueImg_1678957681.44.jpg\",\"contentUrl\":\"https:\/\/static.africa-press.net\/cameroun\/sites\/57\/2023\/03\/postQueueImg_1678957681.44.jpg\",\"width\":720,\"height\":540,\"caption\":\"Niat Njifenji en 'bout de piste': Biya demande des propositions pour la pr\u00e9sidence du S\u00e9nat\"},{\"@type\":\"BreadcrumbList\",\"@id\":\"https:\/\/www.africa-press.net\/cameroun\/politique\/niat-njifenji-en-bout-de-piste-biya-demande-des-propositions-pour-la-presidence-du-senat#breadcrumb\",\"itemListElement\":[{\"@type\":\"ListItem\",\"position\":1,\"name\":\"Accueil\",\"item\":\"https:\/\/www.africa-press.net\/cameroun\/\"},{\"@type\":\"ListItem\",\"position\":2,\"name\":\"Niat Njifenji en &#8217;bout de piste&rsquo;: Biya demande des propositions pour la pr\u00e9sidence du S\u00e9nat\"}]},{\"@type\":\"WebSite\",\"@id\":\"https:\/\/www.africa-press.net\/cameroun\/#website\",\"url\":\"https:\/\/www.africa-press.net\/cameroun\/\",\"name\":\"Cameroun\",\"description\":\"Just another Africa News Agency Sites site\",\"potentialAction\":[{\"@type\":\"SearchAction\",\"target\":{\"@type\":\"EntryPoint\",\"urlTemplate\":\"https:\/\/www.africa-press.net\/cameroun\/?s={search_term_string}\"},\"query-input\":{\"@type\":\"PropertyValueSpecification\",\"valueRequired\":true,\"valueName\":\"search_term_string\"}}],\"inLanguage\":\"fr-FR\"},{\"@type\":\"Person\",\"@id\":\"https:\/\/www.africa-press.net\/cameroun\/#\/schema\/person\/2b1cf3cd81a31e3cd26889ca66d677f1\",\"name\":\"cfeditorfr\"}]}<\/script>\n<!-- \/ Yoast SEO Premium plugin. -->","yoast_head_json":{"title":"Niat Njifenji en 'bout de piste': Biya demande des propositions pour la pr\u00e9sidence du S\u00e9nat - Cameroun","description":"Niat Njifenji ne s'est pas pre\u0301sente\u0301 pour les e\u0301lections se\u0301natoriales boucle\u0301es de dimanche dernier. Pour qu'il puisse ...","robots":{"index":"index","follow":"follow","max-snippet":"max-snippet:-1","max-image-preview":"max-image-preview:large","max-video-preview":"max-video-preview:-1"},"canonical":"https:\/\/www.africa-press.net\/cameroun\/politique\/niat-njifenji-en-bout-de-piste-biya-demande-des-propositions-pour-la-presidence-du-senat","og_locale":"fr_FR","og_type":"article","og_title":"Niat Njifenji en 'bout de piste': Biya demande des propositions pour la pr\u00e9sidence du S\u00e9nat","og_description":"Niat Njifenji ne s'est pas pre\u0301sente\u0301 pour les e\u0301lections se\u0301natoriales boucle\u0301es de dimanche dernier. Pour qu'il puisse ...","og_url":"https:\/\/www.africa-press.net\/cameroun\/politique\/niat-njifenji-en-bout-de-piste-biya-demande-des-propositions-pour-la-presidence-du-senat","og_site_name":"Cameroun","article_published_time":"2023-03-16T12:37:59+00:00","article_modified_time":"2023-03-16T12:54:32+00:00","og_image":[{"width":720,"height":540,"url":"https:\/\/static.africa-press.net\/cameroun\/sites\/57\/2023\/03\/postQueueImg_1678957681.44.jpg","type":"image\/jpeg"}],"author":"cfeditorfr","twitter_card":"summary_large_image","twitter_misc":{"\u00c9crit par":"cfeditorfr","Dur\u00e9e de lecture estim\u00e9e":"2 minutes"},"schema":{"@context":"https:\/\/schema.org","@graph":[{"@type":"Article","@id":"https:\/\/www.africa-press.net\/cameroun\/politique\/niat-njifenji-en-bout-de-piste-biya-demande-des-propositions-pour-la-presidence-du-senat#article","isPartOf":{"@id":"https:\/\/www.africa-press.net\/cameroun\/politique\/niat-njifenji-en-bout-de-piste-biya-demande-des-propositions-pour-la-presidence-du-senat"},"author":{"name":"cfeditorfr","@id":"https:\/\/www.africa-press.net\/cameroun\/#\/schema\/person\/2b1cf3cd81a31e3cd26889ca66d677f1"},"headline":"Niat Njifenji en &#8217;bout de piste&rsquo;: Biya demande des propositions pour la pr\u00e9sidence du S\u00e9nat","datePublished":"2023-03-16T12:37:59+00:00","dateModified":"2023-03-16T12:54:32+00:00","mainEntityOfPage":{"@id":"https:\/\/www.africa-press.net\/cameroun\/politique\/niat-njifenji-en-bout-de-piste-biya-demande-des-propositions-pour-la-presidence-du-senat"},"wordCount":303,"commentCount":0,"image":{"@id":"https:\/\/www.africa-press.net\/cameroun\/politique\/niat-njifenji-en-bout-de-piste-biya-demande-des-propositions-pour-la-presidence-du-senat#primaryimage"},"thumbnailUrl":"https:\/\/static.africa-press.net\/cameroun\/sites\/57\/2023\/03\/postQueueImg_1678957681.44.jpg","keywords":["Africa Press","Africa Press-Cameroun","Cameroun"],"articleSection":["Politique","Toutes les actualit\u00e9s"],"inLanguage":"fr-FR","potentialAction":[{"@type":"CommentAction","name":"Comment","target":["https:\/\/www.africa-press.net\/cameroun\/politique\/niat-njifenji-en-bout-de-piste-biya-demande-des-propositions-pour-la-presidence-du-senat#respond"]}]},{"@type":"WebPage","@id":"https:\/\/www.africa-press.net\/cameroun\/politique\/niat-njifenji-en-bout-de-piste-biya-demande-des-propositions-pour-la-presidence-du-senat","url":"https:\/\/www.africa-press.net\/cameroun\/politique\/niat-njifenji-en-bout-de-piste-biya-demande-des-propositions-pour-la-presidence-du-senat","name":"Niat Njifenji en 'bout de piste': Biya demande des propositions pour la pr\u00e9sidence du S\u00e9nat - Cameroun","isPartOf":{"@id":"https:\/\/www.africa-press.net\/cameroun\/#website"},"primaryImageOfPage":{"@id":"https:\/\/www.africa-press.net\/cameroun\/politique\/niat-njifenji-en-bout-de-piste-biya-demande-des-propositions-pour-la-presidence-du-senat#primaryimage"},"image":{"@id":"https:\/\/www.africa-press.net\/cameroun\/politique\/niat-njifenji-en-bout-de-piste-biya-demande-des-propositions-pour-la-presidence-du-senat#primaryimage"},"thumbnailUrl":"https:\/\/static.africa-press.net\/cameroun\/sites\/57\/2023\/03\/postQueueImg_1678957681.44.jpg","datePublished":"2023-03-16T12:37:59+00:00","dateModified":"2023-03-16T12:54:32+00:00","author":{"@id":"https:\/\/www.africa-press.net\/cameroun\/#\/schema\/person\/2b1cf3cd81a31e3cd26889ca66d677f1"},"description":"Niat Njifenji ne s'est pas pre\u0301sente\u0301 pour les e\u0301lections se\u0301natoriales boucle\u0301es de dimanche dernier. Pour qu'il puisse ...","breadcrumb":{"@id":"https:\/\/www.africa-press.net\/cameroun\/politique\/niat-njifenji-en-bout-de-piste-biya-demande-des-propositions-pour-la-presidence-du-senat#breadcrumb"},"inLanguage":"fr-FR","potentialAction":[{"@type":"ReadAction","target":["https:\/\/www.africa-press.net\/cameroun\/politique\/niat-njifenji-en-bout-de-piste-biya-demande-des-propositions-pour-la-presidence-du-senat"]}]},{"@type":"ImageObject","inLanguage":"fr-FR","@id":"https:\/\/www.africa-press.net\/cameroun\/politique\/niat-njifenji-en-bout-de-piste-biya-demande-des-propositions-pour-la-presidence-du-senat#primaryimage","url":"https:\/\/static.africa-press.net\/cameroun\/sites\/57\/2023\/03\/postQueueImg_1678957681.44.jpg","contentUrl":"https:\/\/static.africa-press.net\/cameroun\/sites\/57\/2023\/03\/postQueueImg_1678957681.44.jpg","width":720,"height":540,"caption":"Niat Njifenji en 'bout de piste': Biya demande des propositions pour la pr\u00e9sidence du S\u00e9nat"},{"@type":"BreadcrumbList","@id":"https:\/\/www.africa-press.net\/cameroun\/politique\/niat-njifenji-en-bout-de-piste-biya-demande-des-propositions-pour-la-presidence-du-senat#breadcrumb","itemListElement":[{"@type":"ListItem","position":1,"name":"Accueil","item":"https:\/\/www.africa-press.net\/cameroun\/"},{"@type":"ListItem","position":2,"name":"Niat Njifenji en &#8217;bout de piste&rsquo;: Biya demande des propositions pour la pr\u00e9sidence du S\u00e9nat"}]},{"@type":"WebSite","@id":"https:\/\/www.africa-press.net\/cameroun\/#website","url":"https:\/\/www.africa-press.net\/cameroun\/","name":"Cameroun","description":"Just another Africa News Agency Sites site","potentialAction":[{"@type":"SearchAction","target":{"@type":"EntryPoint","urlTemplate":"https:\/\/www.africa-press.net\/cameroun\/?s={search_term_string}"},"query-input":{"@type":"PropertyValueSpecification","valueRequired":true,"valueName":"search_term_string"}}],"inLanguage":"fr-FR"},{"@type":"Person","@id":"https:\/\/www.africa-press.net\/cameroun\/#\/schema\/person\/2b1cf3cd81a31e3cd26889ca66d677f1","name":"cfeditorfr"}]}},"_links":{"self":[{"href":"https:\/\/www.africa-press.net\/cameroun\/wp-json\/wp\/v2\/posts\/39472","targetHints":{"allow":["GET"]}}],"collection":[{"href":"https:\/\/www.africa-press.net\/cameroun\/wp-json\/wp\/v2\/posts"}],"about":[{"href":"https:\/\/www.africa-press.net\/cameroun\/wp-json\/wp\/v2\/types\/post"}],"author":[{"embeddable":true,"href":"https:\/\/www.africa-press.net\/cameroun\/wp-json\/wp\/v2\/users\/82"}],"replies":[{"embeddable":true,"href":"https:\/\/www.africa-press.net\/cameroun\/wp-json\/wp\/v2\/comments?post=39472"}],"version-history":[{"count":0,"href":"https:\/\/www.africa-press.net\/cameroun\/wp-json\/wp\/v2\/posts\/39472\/revisions"}],"wp:featuredmedia":[{"embeddable":true,"href":"https:\/\/www.africa-press.net\/cameroun\/wp-json\/wp\/v2\/media\/39470"}],"wp:attachment":[{"href":"https:\/\/www.africa-press.net\/cameroun\/wp-json\/wp\/v2\/media?parent=39472"}],"wp:term":[{"taxonomy":"category","embeddable":true,"href":"https:\/\/www.africa-press.net\/cameroun\/wp-json\/wp\/v2\/categories?post=39472"},{"taxonomy":"post_tag","embeddable":true,"href":"https:\/\/www.africa-press.net\/cameroun\/wp-json\/wp\/v2\/tags?post=39472"}],"curies":[{"name":"wp","href":"https:\/\/api.w.org\/{rel}","templated":true}]}}