{"id":39475,"date":"2023-03-16T12:30:00","date_gmt":"2023-03-16T12:30:00","guid":{"rendered":"https:\/\/www.africa-press.net\/cameroun\/politique\/obseques-de-martinez-zogo-la-danse-macabre-autour-de-la-depouille"},"modified":"2023-03-16T12:52:32","modified_gmt":"2023-03-16T12:52:32","slug":"obseques-de-martinez-zogo-la-danse-macabre-autour-de-la-depouille","status":"publish","type":"post","link":"https:\/\/www.africa-press.net\/cameroun\/politique\/obseques-de-martinez-zogo-la-danse-macabre-autour-de-la-depouille","title":{"rendered":"Obs\u00e8ques de Martinez Zogo : La danse macabre autour de la d\u00e9pouille"},"content":{"rendered":"<p><span style=\"color: #ff6600\"><strong>Africa-Press &#8211; Cameroun. <\/strong><\/span>Depuis ces derniers jours, le programme des obse\u0300ques de Martinez Zogo circule sur les re\u0301seaux sociaux. L&rsquo;organisation de ces rituels fune\u0301raires ne rencontre pas l&rsquo;assentiment de l&rsquo;e\u0301pouse du chef de chai\u0302ne de Amplitude Fm et des autres membres de la famille qui crie, sur le champ, a\u0300 la manipulation. Depuis la de\u0301couverte du corps sans vie en e\u0301tat de de\u0301composition avance\u0301 M. Zogo, sa de\u0301pouille a e\u0301te\u0301 scelle\u0301e sur instruction du procureur de la Re\u0301publique. Diane Zogo, conjointe du de\u0301funt, et les membres de la famille avaient exige\u0301 que justice soit faite avant l&rsquo;organisation des obse\u0300ques du journaliste. Mais visiblement, cette de\u0301cision est en train d&rsquo;e\u0302tre sape\u0301e par certaines personnes qui se pre\u0301valent d&rsquo;e\u0302tre des interlocuteurs de la famille Zogo. Et pourtant&#8230;<\/p>\n<p>Il y a, a\u0300 nouveau, embouteillages dans l&rsquo;organisation des obse\u0300ques de Martinez Zogo. En effet, deux camps s&rsquo;affrontent pour la tenue ou non des ce\u0301re\u0301monies fune\u0301raires du journaliste. D&rsquo;un co\u0302te\u0301, une dame annonce l&rsquo;organisation des rituels fune\u0300bres du chef de chai\u0302ne de Amplitude Fm. De l&rsquo;autre, Diane Zogo et d&rsquo;autres membres de la famille s&rsquo;y opposent tant ils ne se reconnaissent pas dans le ficelage de ce programme diffuse\u0301 de manie\u0300re prescriptive et massive sur les re\u0301seaux sociaux. Dans ce programme qui a fuite\u0301 sur la toile, l&rsquo;on constate, curieusement, la non-figuration du nom de Diane Zogo. Toute ayant suscite\u0301 son aversion et sa de\u0301sapprobation.<\/p>\n<p>Que des camps s&rsquo;entrecroisent et s&rsquo;opposent de manie\u0300re visce\u0301rale autour de l&rsquo;organisation des obse\u0300ques de Martinez Zogo te\u0301moigne de ce qu&rsquo;il y a, sans conteste, anguille sous roche. Il y a, en re\u0301alite\u0301, une discorde familiale. Sans doute y a-t-il un conflit, voire une tension entre certains membres de la famille qui accordent leurs violons quant a\u0300 l&rsquo;organisation du deuil du journaliste et d&rsquo;autres qui rejettent cette ide\u0301e puisqu&rsquo;ils restent campe\u0301s sur la logique de l&rsquo;exigence de la justice pour cette figure me\u0301diatique. Les de\u0301fenseurs de la seconde the\u0300se demeurent donc arc-boute\u0301s sur l&rsquo;ide\u0301e de la justice pour Martinez Zogo. C&rsquo;est cette donne que Diane Zogo et d&rsquo;autres membres des familles respectives ont exige\u0301e. L&rsquo;enjeu, en pareille circonstance, consiste a\u0300 agre\u0301ger les forces autour de la seule ide\u0301e de rendre justice a\u0300 M. Zogo. Le procureur de la Re\u0301publique, en de\u0301cidant de sceller le corps du journaliste apre\u0300s autopsie faite par les me\u0301decins le\u0301gistes de l&rsquo;ho\u0302pital central de Yaounde\u0301, les vannes avaient e\u0301te\u0301 ouvertes pour agglutiner, voire charrier l&rsquo;attention autour de la recherche des commanditaires et des exe\u0301cutants directs et indirects de l&rsquo;assassinat de Martinez Zogo.<\/p>\n<p>Pre\u0300s de deux mois apre\u0300s l&rsquo;assassinat du chef de chai\u0302ne de Amplitude Fm, quiconque ne sait qui a tue\u0301 le pre\u0301sentateur de l&rsquo;e\u0301mission \u00ab\u00a0Embouteillages\u00a0\u00bb. Certes, neuf suspects ont e\u0301te\u0301 inculpe\u0301s le samedi, 4 mars 2023 par le commissaire du gouvernement du Tribunal militaire de Yaounde\u0301 et sont e\u0301croue\u0301s, pour certains, dans les geo\u0302les de la prison principale de Yaounde\u0301 et, pour d&rsquo;autres, a\u0300 la prison militaire. Mais jusqu&rsquo;ici, nul ne sait qui est l&rsquo;assassin ou qui sont les assassins du confre\u0300re. Alors, comment se fait-il que certains membres de la famille la\u0302chent du lest aujourd&rsquo;hui et de\u0301cident de l&rsquo;organisation des obse\u0300ques de Martinez Zogo sans le consentement de la conjointe et d&rsquo;autres membres directs des deux communaute\u0301s familiales ? Comment orchestrer la symphonie de la de\u0301sunion et de la division au sein de la famille Zogo alors qu&rsquo;au de\u0301part, il a re\u0301gne\u0301 une union sacre\u0301e autour de la que\u0302te de la ve\u0301rite\u0301 sur l&rsquo;affaire Martinez Zogo ? Qui a inte\u0301re\u0302t a\u0300 manipuler et a\u0300 de\u0301sinformer l&rsquo;opinion publique nationale et internationale sur la fausse programmation des obse\u0300ques de Martinez Zogo ? Qui instrumentalise certains membres de la famille pour profaner la de\u0301pouille de cette figure me\u0301diatique ? Qui a de\u0301signe\u0301 un haut cadre du ministe\u0300re de la Communication pour faire office d&rsquo;interface et de me\u0301diateur entre l&rsquo;E\u0301tat et la famille Zogo pour proposer a\u0300 cette famille de faire l&rsquo;e\u0301bauche du programme des obse\u0300ques, qui a, he\u0301las, fuite\u0301 sur les re\u0301seaux sociaux ?<\/p>\n<p>Apre\u0300s la danse macabre des chefs traditionnels de la Lekie\u0301, des chefs traditionnels Sawa, du peuple Ekang, des journalistes des lanceurs d&rsquo;alertes, des influenceurs et des cyberactivistes autour de la de\u0301pouille de Martinez Zogo, voici venu l&rsquo;instant de la danse fune\u0300bre des membres de la famille Zogo autour de la de\u0301pouille de leur fre\u0300re, fre\u0300re et pe\u0300re. Cet embouteillage autour de l&rsquo;organisation des obse\u0300ques de Martinez Zogo sanctionne, pour ainsi dire, sa nie\u0300me mort. Triste fin pour cette figure me\u0301diatique !<\/p>\n<p><strong>Pour plus d&rsquo;informations et d&rsquo;analyses sur la <a href=\"https:\/\/www.africa-press.net\/cameroun\">Cameroun<\/a>, suivez <a href=\"https:\/\/www.africa-press.net\/\">Africa-Press<\/a><\/strong><\/p>\n","protected":false},"excerpt":{"rendered":"<p>Africa-Press &#8211; Cameroun. Depuis ces derniers jours, le programme des obse\u0300ques de Martinez Zogo circule sur les re\u0301seaux sociaux. L&rsquo;organisation de ces rituels fune\u0301raires ne rencontre pas l&rsquo;assentiment de l&rsquo;e\u0301pouse du chef de chai\u0302ne de Amplitude Fm et des autres membres de la famille qui crie, sur le champ, a\u0300 la manipulation. Depuis la de\u0301couverte [&hellip;]<\/p>\n","protected":false},"author":82,"featured_media":39471,"comment_status":"open","ping_status":"closed","sticky":false,"template":"","format":"standard","meta":{"footnotes":""},"categories":[2,10],"tags":[36,50,49],"class_list":["post-39475","post","type-post","status-publish","format-standard","has-post-thumbnail","hentry","category-politique","category-toutes-les-actualites","tag-africa-press","tag-africa-press-cameroun","tag-cameroun"],"yoast_head":"<!-- This site is optimized with the Yoast SEO Premium plugin v26.1 (Yoast SEO v27.0) - https:\/\/yoast.com\/product\/yoast-seo-premium-wordpress\/ -->\n<title>Obs\u00e8ques de Martinez Zogo : La danse macabre autour de la d\u00e9pouille - Cameroun<\/title>\n<meta name=\"description\" content=\"Depuis ces derniers jours, le programme des obse\u0300ques de Martinez Zogo circule sur les re\u0301seaux sociaux. L&#039;organisation ...\" \/>\n<meta name=\"robots\" content=\"index, follow, max-snippet:-1, max-image-preview:large, max-video-preview:-1\" \/>\n<link rel=\"canonical\" href=\"https:\/\/www.africa-press.net\/cameroun\/politique\/obseques-de-martinez-zogo-la-danse-macabre-autour-de-la-depouille\" \/>\n<meta property=\"og:locale\" content=\"fr_FR\" \/>\n<meta property=\"og:type\" content=\"article\" \/>\n<meta property=\"og:title\" content=\"Obs\u00e8ques de Martinez Zogo : La danse macabre autour de la d\u00e9pouille\" \/>\n<meta property=\"og:description\" content=\"Depuis ces derniers jours, le programme des obse\u0300ques de Martinez Zogo circule sur les re\u0301seaux sociaux. L&#039;organisation ...\" \/>\n<meta property=\"og:url\" content=\"https:\/\/www.africa-press.net\/cameroun\/politique\/obseques-de-martinez-zogo-la-danse-macabre-autour-de-la-depouille\" \/>\n<meta property=\"og:site_name\" content=\"Cameroun\" \/>\n<meta property=\"article:published_time\" content=\"2023-03-16T12:30:00+00:00\" \/>\n<meta property=\"article:modified_time\" content=\"2023-03-16T12:52:32+00:00\" \/>\n<meta property=\"og:image\" content=\"https:\/\/static.africa-press.net\/cameroun\/sites\/57\/2023\/03\/postQueueImg_1678957810.66.jpg\" \/>\n\t<meta property=\"og:image:width\" content=\"720\" \/>\n\t<meta property=\"og:image:height\" content=\"471\" \/>\n\t<meta property=\"og:image:type\" content=\"image\/jpeg\" \/>\n<meta name=\"author\" content=\"cfeditorfr\" \/>\n<meta name=\"twitter:card\" content=\"summary_large_image\" \/>\n<meta name=\"twitter:label1\" content=\"\u00c9crit par\" \/>\n\t<meta name=\"twitter:data1\" content=\"cfeditorfr\" \/>\n\t<meta name=\"twitter:label2\" content=\"Dur\u00e9e de lecture estim\u00e9e\" \/>\n\t<meta name=\"twitter:data2\" content=\"4 minutes\" \/>\n<script type=\"application\/ld+json\" class=\"yoast-schema-graph\">{\"@context\":\"https:\/\/schema.org\",\"@graph\":[{\"@type\":\"Article\",\"@id\":\"https:\/\/www.africa-press.net\/cameroun\/politique\/obseques-de-martinez-zogo-la-danse-macabre-autour-de-la-depouille#article\",\"isPartOf\":{\"@id\":\"https:\/\/www.africa-press.net\/cameroun\/politique\/obseques-de-martinez-zogo-la-danse-macabre-autour-de-la-depouille\"},\"author\":{\"name\":\"cfeditorfr\",\"@id\":\"https:\/\/www.africa-press.net\/cameroun\/#\/schema\/person\/2b1cf3cd81a31e3cd26889ca66d677f1\"},\"headline\":\"Obs\u00e8ques de Martinez Zogo : La danse macabre autour de la d\u00e9pouille\",\"datePublished\":\"2023-03-16T12:30:00+00:00\",\"dateModified\":\"2023-03-16T12:52:32+00:00\",\"mainEntityOfPage\":{\"@id\":\"https:\/\/www.africa-press.net\/cameroun\/politique\/obseques-de-martinez-zogo-la-danse-macabre-autour-de-la-depouille\"},\"wordCount\":898,\"commentCount\":0,\"image\":{\"@id\":\"https:\/\/www.africa-press.net\/cameroun\/politique\/obseques-de-martinez-zogo-la-danse-macabre-autour-de-la-depouille#primaryimage\"},\"thumbnailUrl\":\"https:\/\/static.africa-press.net\/cameroun\/sites\/57\/2023\/03\/postQueueImg_1678957810.66.jpg\",\"keywords\":[\"Africa Press\",\"Africa Press-Cameroun\",\"Cameroun\"],\"articleSection\":[\"Politique\",\"Toutes les actualit\u00e9s\"],\"inLanguage\":\"fr-FR\",\"potentialAction\":[{\"@type\":\"CommentAction\",\"name\":\"Comment\",\"target\":[\"https:\/\/www.africa-press.net\/cameroun\/politique\/obseques-de-martinez-zogo-la-danse-macabre-autour-de-la-depouille#respond\"]}]},{\"@type\":\"WebPage\",\"@id\":\"https:\/\/www.africa-press.net\/cameroun\/politique\/obseques-de-martinez-zogo-la-danse-macabre-autour-de-la-depouille\",\"url\":\"https:\/\/www.africa-press.net\/cameroun\/politique\/obseques-de-martinez-zogo-la-danse-macabre-autour-de-la-depouille\",\"name\":\"Obs\u00e8ques de Martinez Zogo : La danse macabre autour de la d\u00e9pouille - Cameroun\",\"isPartOf\":{\"@id\":\"https:\/\/www.africa-press.net\/cameroun\/#website\"},\"primaryImageOfPage\":{\"@id\":\"https:\/\/www.africa-press.net\/cameroun\/politique\/obseques-de-martinez-zogo-la-danse-macabre-autour-de-la-depouille#primaryimage\"},\"image\":{\"@id\":\"https:\/\/www.africa-press.net\/cameroun\/politique\/obseques-de-martinez-zogo-la-danse-macabre-autour-de-la-depouille#primaryimage\"},\"thumbnailUrl\":\"https:\/\/static.africa-press.net\/cameroun\/sites\/57\/2023\/03\/postQueueImg_1678957810.66.jpg\",\"datePublished\":\"2023-03-16T12:30:00+00:00\",\"dateModified\":\"2023-03-16T12:52:32+00:00\",\"author\":{\"@id\":\"https:\/\/www.africa-press.net\/cameroun\/#\/schema\/person\/2b1cf3cd81a31e3cd26889ca66d677f1\"},\"description\":\"Depuis ces derniers jours, le programme des obse\u0300ques de Martinez Zogo circule sur les re\u0301seaux sociaux. L'organisation ...\",\"breadcrumb\":{\"@id\":\"https:\/\/www.africa-press.net\/cameroun\/politique\/obseques-de-martinez-zogo-la-danse-macabre-autour-de-la-depouille#breadcrumb\"},\"inLanguage\":\"fr-FR\",\"potentialAction\":[{\"@type\":\"ReadAction\",\"target\":[\"https:\/\/www.africa-press.net\/cameroun\/politique\/obseques-de-martinez-zogo-la-danse-macabre-autour-de-la-depouille\"]}]},{\"@type\":\"ImageObject\",\"inLanguage\":\"fr-FR\",\"@id\":\"https:\/\/www.africa-press.net\/cameroun\/politique\/obseques-de-martinez-zogo-la-danse-macabre-autour-de-la-depouille#primaryimage\",\"url\":\"https:\/\/static.africa-press.net\/cameroun\/sites\/57\/2023\/03\/postQueueImg_1678957810.66.jpg\",\"contentUrl\":\"https:\/\/static.africa-press.net\/cameroun\/sites\/57\/2023\/03\/postQueueImg_1678957810.66.jpg\",\"width\":720,\"height\":471,\"caption\":\"Obs\u00e8ques de Martinez Zogo : La danse macabre autour de la d\u00e9pouille\"},{\"@type\":\"BreadcrumbList\",\"@id\":\"https:\/\/www.africa-press.net\/cameroun\/politique\/obseques-de-martinez-zogo-la-danse-macabre-autour-de-la-depouille#breadcrumb\",\"itemListElement\":[{\"@type\":\"ListItem\",\"position\":1,\"name\":\"Accueil\",\"item\":\"https:\/\/www.africa-press.net\/cameroun\/\"},{\"@type\":\"ListItem\",\"position\":2,\"name\":\"Obs\u00e8ques de Martinez Zogo : La danse macabre autour de la d\u00e9pouille\"}]},{\"@type\":\"WebSite\",\"@id\":\"https:\/\/www.africa-press.net\/cameroun\/#website\",\"url\":\"https:\/\/www.africa-press.net\/cameroun\/\",\"name\":\"Cameroun\",\"description\":\"Just another Africa News Agency Sites site\",\"potentialAction\":[{\"@type\":\"SearchAction\",\"target\":{\"@type\":\"EntryPoint\",\"urlTemplate\":\"https:\/\/www.africa-press.net\/cameroun\/?s={search_term_string}\"},\"query-input\":{\"@type\":\"PropertyValueSpecification\",\"valueRequired\":true,\"valueName\":\"search_term_string\"}}],\"inLanguage\":\"fr-FR\"},{\"@type\":\"Person\",\"@id\":\"https:\/\/www.africa-press.net\/cameroun\/#\/schema\/person\/2b1cf3cd81a31e3cd26889ca66d677f1\",\"name\":\"cfeditorfr\"}]}<\/script>\n<!-- \/ Yoast SEO Premium plugin. -->","yoast_head_json":{"title":"Obs\u00e8ques de Martinez Zogo : La danse macabre autour de la d\u00e9pouille - Cameroun","description":"Depuis ces derniers jours, le programme des obse\u0300ques de Martinez Zogo circule sur les re\u0301seaux sociaux. L'organisation ...","robots":{"index":"index","follow":"follow","max-snippet":"max-snippet:-1","max-image-preview":"max-image-preview:large","max-video-preview":"max-video-preview:-1"},"canonical":"https:\/\/www.africa-press.net\/cameroun\/politique\/obseques-de-martinez-zogo-la-danse-macabre-autour-de-la-depouille","og_locale":"fr_FR","og_type":"article","og_title":"Obs\u00e8ques de Martinez Zogo : La danse macabre autour de la d\u00e9pouille","og_description":"Depuis ces derniers jours, le programme des obse\u0300ques de Martinez Zogo circule sur les re\u0301seaux sociaux. L'organisation ...","og_url":"https:\/\/www.africa-press.net\/cameroun\/politique\/obseques-de-martinez-zogo-la-danse-macabre-autour-de-la-depouille","og_site_name":"Cameroun","article_published_time":"2023-03-16T12:30:00+00:00","article_modified_time":"2023-03-16T12:52:32+00:00","og_image":[{"width":720,"height":471,"url":"https:\/\/static.africa-press.net\/cameroun\/sites\/57\/2023\/03\/postQueueImg_1678957810.66.jpg","type":"image\/jpeg"}],"author":"cfeditorfr","twitter_card":"summary_large_image","twitter_misc":{"\u00c9crit par":"cfeditorfr","Dur\u00e9e de lecture estim\u00e9e":"4 minutes"},"schema":{"@context":"https:\/\/schema.org","@graph":[{"@type":"Article","@id":"https:\/\/www.africa-press.net\/cameroun\/politique\/obseques-de-martinez-zogo-la-danse-macabre-autour-de-la-depouille#article","isPartOf":{"@id":"https:\/\/www.africa-press.net\/cameroun\/politique\/obseques-de-martinez-zogo-la-danse-macabre-autour-de-la-depouille"},"author":{"name":"cfeditorfr","@id":"https:\/\/www.africa-press.net\/cameroun\/#\/schema\/person\/2b1cf3cd81a31e3cd26889ca66d677f1"},"headline":"Obs\u00e8ques de Martinez Zogo : La danse macabre autour de la d\u00e9pouille","datePublished":"2023-03-16T12:30:00+00:00","dateModified":"2023-03-16T12:52:32+00:00","mainEntityOfPage":{"@id":"https:\/\/www.africa-press.net\/cameroun\/politique\/obseques-de-martinez-zogo-la-danse-macabre-autour-de-la-depouille"},"wordCount":898,"commentCount":0,"image":{"@id":"https:\/\/www.africa-press.net\/cameroun\/politique\/obseques-de-martinez-zogo-la-danse-macabre-autour-de-la-depouille#primaryimage"},"thumbnailUrl":"https:\/\/static.africa-press.net\/cameroun\/sites\/57\/2023\/03\/postQueueImg_1678957810.66.jpg","keywords":["Africa Press","Africa Press-Cameroun","Cameroun"],"articleSection":["Politique","Toutes les actualit\u00e9s"],"inLanguage":"fr-FR","potentialAction":[{"@type":"CommentAction","name":"Comment","target":["https:\/\/www.africa-press.net\/cameroun\/politique\/obseques-de-martinez-zogo-la-danse-macabre-autour-de-la-depouille#respond"]}]},{"@type":"WebPage","@id":"https:\/\/www.africa-press.net\/cameroun\/politique\/obseques-de-martinez-zogo-la-danse-macabre-autour-de-la-depouille","url":"https:\/\/www.africa-press.net\/cameroun\/politique\/obseques-de-martinez-zogo-la-danse-macabre-autour-de-la-depouille","name":"Obs\u00e8ques de Martinez Zogo : La danse macabre autour de la d\u00e9pouille - Cameroun","isPartOf":{"@id":"https:\/\/www.africa-press.net\/cameroun\/#website"},"primaryImageOfPage":{"@id":"https:\/\/www.africa-press.net\/cameroun\/politique\/obseques-de-martinez-zogo-la-danse-macabre-autour-de-la-depouille#primaryimage"},"image":{"@id":"https:\/\/www.africa-press.net\/cameroun\/politique\/obseques-de-martinez-zogo-la-danse-macabre-autour-de-la-depouille#primaryimage"},"thumbnailUrl":"https:\/\/static.africa-press.net\/cameroun\/sites\/57\/2023\/03\/postQueueImg_1678957810.66.jpg","datePublished":"2023-03-16T12:30:00+00:00","dateModified":"2023-03-16T12:52:32+00:00","author":{"@id":"https:\/\/www.africa-press.net\/cameroun\/#\/schema\/person\/2b1cf3cd81a31e3cd26889ca66d677f1"},"description":"Depuis ces derniers jours, le programme des obse\u0300ques de Martinez Zogo circule sur les re\u0301seaux sociaux. L'organisation ...","breadcrumb":{"@id":"https:\/\/www.africa-press.net\/cameroun\/politique\/obseques-de-martinez-zogo-la-danse-macabre-autour-de-la-depouille#breadcrumb"},"inLanguage":"fr-FR","potentialAction":[{"@type":"ReadAction","target":["https:\/\/www.africa-press.net\/cameroun\/politique\/obseques-de-martinez-zogo-la-danse-macabre-autour-de-la-depouille"]}]},{"@type":"ImageObject","inLanguage":"fr-FR","@id":"https:\/\/www.africa-press.net\/cameroun\/politique\/obseques-de-martinez-zogo-la-danse-macabre-autour-de-la-depouille#primaryimage","url":"https:\/\/static.africa-press.net\/cameroun\/sites\/57\/2023\/03\/postQueueImg_1678957810.66.jpg","contentUrl":"https:\/\/static.africa-press.net\/cameroun\/sites\/57\/2023\/03\/postQueueImg_1678957810.66.jpg","width":720,"height":471,"caption":"Obs\u00e8ques de Martinez Zogo : La danse macabre autour de la d\u00e9pouille"},{"@type":"BreadcrumbList","@id":"https:\/\/www.africa-press.net\/cameroun\/politique\/obseques-de-martinez-zogo-la-danse-macabre-autour-de-la-depouille#breadcrumb","itemListElement":[{"@type":"ListItem","position":1,"name":"Accueil","item":"https:\/\/www.africa-press.net\/cameroun\/"},{"@type":"ListItem","position":2,"name":"Obs\u00e8ques de Martinez Zogo : La danse macabre autour de la d\u00e9pouille"}]},{"@type":"WebSite","@id":"https:\/\/www.africa-press.net\/cameroun\/#website","url":"https:\/\/www.africa-press.net\/cameroun\/","name":"Cameroun","description":"Just another Africa News Agency Sites site","potentialAction":[{"@type":"SearchAction","target":{"@type":"EntryPoint","urlTemplate":"https:\/\/www.africa-press.net\/cameroun\/?s={search_term_string}"},"query-input":{"@type":"PropertyValueSpecification","valueRequired":true,"valueName":"search_term_string"}}],"inLanguage":"fr-FR"},{"@type":"Person","@id":"https:\/\/www.africa-press.net\/cameroun\/#\/schema\/person\/2b1cf3cd81a31e3cd26889ca66d677f1","name":"cfeditorfr"}]}},"_links":{"self":[{"href":"https:\/\/www.africa-press.net\/cameroun\/wp-json\/wp\/v2\/posts\/39475","targetHints":{"allow":["GET"]}}],"collection":[{"href":"https:\/\/www.africa-press.net\/cameroun\/wp-json\/wp\/v2\/posts"}],"about":[{"href":"https:\/\/www.africa-press.net\/cameroun\/wp-json\/wp\/v2\/types\/post"}],"author":[{"embeddable":true,"href":"https:\/\/www.africa-press.net\/cameroun\/wp-json\/wp\/v2\/users\/82"}],"replies":[{"embeddable":true,"href":"https:\/\/www.africa-press.net\/cameroun\/wp-json\/wp\/v2\/comments?post=39475"}],"version-history":[{"count":0,"href":"https:\/\/www.africa-press.net\/cameroun\/wp-json\/wp\/v2\/posts\/39475\/revisions"}],"wp:featuredmedia":[{"embeddable":true,"href":"https:\/\/www.africa-press.net\/cameroun\/wp-json\/wp\/v2\/media\/39471"}],"wp:attachment":[{"href":"https:\/\/www.africa-press.net\/cameroun\/wp-json\/wp\/v2\/media?parent=39475"}],"wp:term":[{"taxonomy":"category","embeddable":true,"href":"https:\/\/www.africa-press.net\/cameroun\/wp-json\/wp\/v2\/categories?post=39475"},{"taxonomy":"post_tag","embeddable":true,"href":"https:\/\/www.africa-press.net\/cameroun\/wp-json\/wp\/v2\/tags?post=39475"}],"curies":[{"name":"wp","href":"https:\/\/api.w.org\/{rel}","templated":true}]}}