{"id":39487,"date":"2023-03-16T12:38:39","date_gmt":"2023-03-16T12:38:39","guid":{"rendered":"https:\/\/www.africa-press.net\/cameroun\/politique\/blocage-de-graves-accusations-contre-le-gouvernement-de-paul-biya"},"modified":"2023-03-16T12:38:39","modified_gmt":"2023-03-16T12:38:39","slug":"blocage-de-graves-accusations-contre-le-gouvernement-de-paul-biya","status":"publish","type":"post","link":"https:\/\/www.africa-press.net\/cameroun\/politique\/blocage-de-graves-accusations-contre-le-gouvernement-de-paul-biya","title":{"rendered":"Blocage : de graves accusations contre le gouvernement de Paul Biya"},"content":{"rendered":"<p><span style=\"color: #ff6600\"><strong>Africa-Press &#8211; Cameroun. <\/strong><\/span>Un e\u0301lu local du Parti Camerounais pour la Re\u0301conciliation Nationale \u2013 PCRN porte des accusations graves contre le gouvernement de Paul Biya. En effet, un maire PCRN accuse le gouvernement de bloquer le de\u0301veloppement et la re\u0301alisation des projets a\u0300 Eseka. Ces accusations sont relaye\u0301es par le lanceur d\u2019alerte Boris Bertolt.<\/p>\n<p>Le maire d\u2019Eseka, SYLVAIN TJOCK n\u2019est pas content et accuse le gouvernement de bloquer le de\u0301veloppement de sa localite\u0301. Notamment l\u2019imple\u0301mentation de projets d\u2019envergure bloque\u0301e du fait de l\u2019absence d\u2019acce\u0300s a\u0300 la terre. Ainsi, l\u2019on apprend que plusieurs projet sont bloque\u0301s a\u0300 ESEKA du fait d\u2019absence d\u2019espace pour les re\u0301aliser:<\/p>\n<p>&#8211; Construction d&rsquo;un Centre de Re\u0301fe\u0301rence Technologique de 5 milliards a\u0300 Ese\u0301ka (la partie Camerounaise par la Commune ayant de\u0301ja\u0300 verse\u0301 ses 56 millions) par la firme allemande CTS AUTOMOTIVE;<\/p>\n<p>&#8211; Construction de 4 centrales photovoltaiques d&rsquo;une capacite\u0301 chacune de 1.5MW par des partenaires Australiens;<\/p>\n<p>&#8211; L&rsquo;ame\u0301nagement de 4ha de terrain pour la mise en place d&rsquo;une de\u0301charge municipale moderne.<\/p>\n<p>\u00ab 16 dossiers de demande d&rsquo;immatriculation ou de attendent depuis 3 ans soit a\u0300 la Pre\u0301fecture, soit a\u0300 la De\u0301le\u0301gation Departementale du MINDCAF, soit au Ministe\u0300re, sans suite.\u00bb pre\u0301cise les responsables de la mairie.<\/p>\n<p>Une demande de declassification des re\u0301serves forestie\u0300res a\u0300 Eseka a e\u0301te\u0301 faite aux fins de cre\u0301ation de fore\u0302ts communales. Aucun retour jusqu&rsquo;a\u0300 ce jour. Dans ce contexte, aucun de\u0301veloppement n\u2019est possible.<\/p>\n<p><strong>Pour plus d&rsquo;informations et d&rsquo;analyses sur la <a href=\"https:\/\/www.africa-press.net\/cameroun\">Cameroun<\/a>, suivez <a href=\"https:\/\/www.africa-press.net\/\">Africa-Press<\/a><\/strong><\/p>\n","protected":false},"excerpt":{"rendered":"<p>Africa-Press &#8211; Cameroun. Un e\u0301lu local du Parti Camerounais pour la Re\u0301conciliation Nationale \u2013 PCRN porte des accusations graves contre le gouvernement de Paul Biya. En effet, un maire PCRN accuse le gouvernement de bloquer le de\u0301veloppement et la re\u0301alisation des projets a\u0300 Eseka. Ces accusations sont relaye\u0301es par le lanceur d\u2019alerte Boris Bertolt. Le [&hellip;]<\/p>\n","protected":false},"author":82,"featured_media":39486,"comment_status":"open","ping_status":"closed","sticky":false,"template":"","format":"standard","meta":{"footnotes":""},"categories":[2,10],"tags":[36,50,49],"class_list":["post-39487","post","type-post","status-publish","format-standard","has-post-thumbnail","hentry","category-politique","category-toutes-les-actualites","tag-africa-press","tag-africa-press-cameroun","tag-cameroun"],"yoast_head":"<!-- This site is optimized with the Yoast SEO Premium plugin v26.1 (Yoast SEO v27.0) - https:\/\/yoast.com\/product\/yoast-seo-premium-wordpress\/ -->\n<title>Blocage : de graves accusations contre le gouvernement de Paul Biya - Cameroun<\/title>\n<meta name=\"robots\" content=\"index, follow, max-snippet:-1, max-image-preview:large, max-video-preview:-1\" \/>\n<link rel=\"canonical\" href=\"https:\/\/www.africa-press.net\/cameroun\/politique\/blocage-de-graves-accusations-contre-le-gouvernement-de-paul-biya\" \/>\n<meta property=\"og:locale\" content=\"fr_FR\" \/>\n<meta property=\"og:type\" content=\"article\" \/>\n<meta property=\"og:title\" content=\"Blocage : de graves accusations contre le gouvernement de Paul Biya\" \/>\n<meta property=\"og:description\" content=\"Africa-Press &#8211; Cameroun. Un e\u0301lu local du Parti Camerounais pour la Re\u0301conciliation Nationale \u2013 PCRN porte des accusations graves contre le gouvernement de Paul Biya. En effet, un maire PCRN accuse le gouvernement de bloquer le de\u0301veloppement et la re\u0301alisation des projets a\u0300 Eseka. Ces accusations sont relaye\u0301es par le lanceur d\u2019alerte Boris Bertolt. Le [&hellip;]\" \/>\n<meta property=\"og:url\" content=\"https:\/\/www.africa-press.net\/cameroun\/politique\/blocage-de-graves-accusations-contre-le-gouvernement-de-paul-biya\" \/>\n<meta property=\"og:site_name\" content=\"Cameroun\" \/>\n<meta property=\"article:published_time\" content=\"2023-03-16T12:38:39+00:00\" \/>\n<meta name=\"author\" content=\"cfeditorfr\" \/>\n<meta name=\"twitter:card\" content=\"summary_large_image\" \/>\n<meta name=\"twitter:label1\" content=\"\u00c9crit par\" \/>\n\t<meta name=\"twitter:data1\" content=\"cfeditorfr\" \/>\n\t<meta name=\"twitter:label2\" content=\"Dur\u00e9e de lecture estim\u00e9e\" \/>\n\t<meta name=\"twitter:data2\" content=\"1 minute\" \/>\n<script type=\"application\/ld+json\" class=\"yoast-schema-graph\">{\"@context\":\"https:\/\/schema.org\",\"@graph\":[{\"@type\":\"Article\",\"@id\":\"https:\/\/www.africa-press.net\/cameroun\/politique\/blocage-de-graves-accusations-contre-le-gouvernement-de-paul-biya#article\",\"isPartOf\":{\"@id\":\"https:\/\/www.africa-press.net\/cameroun\/politique\/blocage-de-graves-accusations-contre-le-gouvernement-de-paul-biya\"},\"author\":{\"name\":\"cfeditorfr\",\"@id\":\"https:\/\/www.africa-press.net\/cameroun\/#\/schema\/person\/2b1cf3cd81a31e3cd26889ca66d677f1\"},\"headline\":\"Blocage : de graves accusations contre le gouvernement de Paul Biya\",\"datePublished\":\"2023-03-16T12:38:39+00:00\",\"mainEntityOfPage\":{\"@id\":\"https:\/\/www.africa-press.net\/cameroun\/politique\/blocage-de-graves-accusations-contre-le-gouvernement-de-paul-biya\"},\"wordCount\":289,\"commentCount\":0,\"image\":{\"@id\":\"https:\/\/www.africa-press.net\/cameroun\/politique\/blocage-de-graves-accusations-contre-le-gouvernement-de-paul-biya#primaryimage\"},\"thumbnailUrl\":\"https:\/\/static.africa-press.net\/cameroun\/sites\/57\/2023\/03\/postQueueImg_1678957723.18.jpg\",\"keywords\":[\"Africa Press\",\"Africa Press-Cameroun\",\"Cameroun\"],\"articleSection\":[\"Politique\",\"Toutes les actualit\u00e9s\"],\"inLanguage\":\"fr-FR\",\"potentialAction\":[{\"@type\":\"CommentAction\",\"name\":\"Comment\",\"target\":[\"https:\/\/www.africa-press.net\/cameroun\/politique\/blocage-de-graves-accusations-contre-le-gouvernement-de-paul-biya#respond\"]}]},{\"@type\":\"WebPage\",\"@id\":\"https:\/\/www.africa-press.net\/cameroun\/politique\/blocage-de-graves-accusations-contre-le-gouvernement-de-paul-biya\",\"url\":\"https:\/\/www.africa-press.net\/cameroun\/politique\/blocage-de-graves-accusations-contre-le-gouvernement-de-paul-biya\",\"name\":\"Blocage : de graves accusations contre le gouvernement de Paul Biya - Cameroun\",\"isPartOf\":{\"@id\":\"https:\/\/www.africa-press.net\/cameroun\/#website\"},\"primaryImageOfPage\":{\"@id\":\"https:\/\/www.africa-press.net\/cameroun\/politique\/blocage-de-graves-accusations-contre-le-gouvernement-de-paul-biya#primaryimage\"},\"image\":{\"@id\":\"https:\/\/www.africa-press.net\/cameroun\/politique\/blocage-de-graves-accusations-contre-le-gouvernement-de-paul-biya#primaryimage\"},\"thumbnailUrl\":\"https:\/\/static.africa-press.net\/cameroun\/sites\/57\/2023\/03\/postQueueImg_1678957723.18.jpg\",\"datePublished\":\"2023-03-16T12:38:39+00:00\",\"author\":{\"@id\":\"https:\/\/www.africa-press.net\/cameroun\/#\/schema\/person\/2b1cf3cd81a31e3cd26889ca66d677f1\"},\"breadcrumb\":{\"@id\":\"https:\/\/www.africa-press.net\/cameroun\/politique\/blocage-de-graves-accusations-contre-le-gouvernement-de-paul-biya#breadcrumb\"},\"inLanguage\":\"fr-FR\",\"potentialAction\":[{\"@type\":\"ReadAction\",\"target\":[\"https:\/\/www.africa-press.net\/cameroun\/politique\/blocage-de-graves-accusations-contre-le-gouvernement-de-paul-biya\"]}]},{\"@type\":\"ImageObject\",\"inLanguage\":\"fr-FR\",\"@id\":\"https:\/\/www.africa-press.net\/cameroun\/politique\/blocage-de-graves-accusations-contre-le-gouvernement-de-paul-biya#primaryimage\",\"url\":\"https:\/\/static.africa-press.net\/cameroun\/sites\/57\/2023\/03\/postQueueImg_1678957723.18.jpg\",\"contentUrl\":\"https:\/\/static.africa-press.net\/cameroun\/sites\/57\/2023\/03\/postQueueImg_1678957723.18.jpg\",\"width\":720,\"height\":321,\"caption\":\"Blocage : de graves accusations contre le gouvernement de Paul Biya\"},{\"@type\":\"BreadcrumbList\",\"@id\":\"https:\/\/www.africa-press.net\/cameroun\/politique\/blocage-de-graves-accusations-contre-le-gouvernement-de-paul-biya#breadcrumb\",\"itemListElement\":[{\"@type\":\"ListItem\",\"position\":1,\"name\":\"Accueil\",\"item\":\"https:\/\/www.africa-press.net\/cameroun\/\"},{\"@type\":\"ListItem\",\"position\":2,\"name\":\"Blocage : de graves accusations contre le gouvernement de Paul Biya\"}]},{\"@type\":\"WebSite\",\"@id\":\"https:\/\/www.africa-press.net\/cameroun\/#website\",\"url\":\"https:\/\/www.africa-press.net\/cameroun\/\",\"name\":\"Cameroun\",\"description\":\"Just another Africa News Agency Sites site\",\"potentialAction\":[{\"@type\":\"SearchAction\",\"target\":{\"@type\":\"EntryPoint\",\"urlTemplate\":\"https:\/\/www.africa-press.net\/cameroun\/?s={search_term_string}\"},\"query-input\":{\"@type\":\"PropertyValueSpecification\",\"valueRequired\":true,\"valueName\":\"search_term_string\"}}],\"inLanguage\":\"fr-FR\"},{\"@type\":\"Person\",\"@id\":\"https:\/\/www.africa-press.net\/cameroun\/#\/schema\/person\/2b1cf3cd81a31e3cd26889ca66d677f1\",\"name\":\"cfeditorfr\"}]}<\/script>\n<!-- \/ Yoast SEO Premium plugin. -->","yoast_head_json":{"title":"Blocage : de graves accusations contre le gouvernement de Paul Biya - Cameroun","robots":{"index":"index","follow":"follow","max-snippet":"max-snippet:-1","max-image-preview":"max-image-preview:large","max-video-preview":"max-video-preview:-1"},"canonical":"https:\/\/www.africa-press.net\/cameroun\/politique\/blocage-de-graves-accusations-contre-le-gouvernement-de-paul-biya","og_locale":"fr_FR","og_type":"article","og_title":"Blocage : de graves accusations contre le gouvernement de Paul Biya","og_description":"Africa-Press &#8211; Cameroun. Un e\u0301lu local du Parti Camerounais pour la Re\u0301conciliation Nationale \u2013 PCRN porte des accusations graves contre le gouvernement de Paul Biya. En effet, un maire PCRN accuse le gouvernement de bloquer le de\u0301veloppement et la re\u0301alisation des projets a\u0300 Eseka. Ces accusations sont relaye\u0301es par le lanceur d\u2019alerte Boris Bertolt. Le [&hellip;]","og_url":"https:\/\/www.africa-press.net\/cameroun\/politique\/blocage-de-graves-accusations-contre-le-gouvernement-de-paul-biya","og_site_name":"Cameroun","article_published_time":"2023-03-16T12:38:39+00:00","author":"cfeditorfr","twitter_card":"summary_large_image","twitter_misc":{"\u00c9crit par":"cfeditorfr","Dur\u00e9e de lecture estim\u00e9e":"1 minute"},"schema":{"@context":"https:\/\/schema.org","@graph":[{"@type":"Article","@id":"https:\/\/www.africa-press.net\/cameroun\/politique\/blocage-de-graves-accusations-contre-le-gouvernement-de-paul-biya#article","isPartOf":{"@id":"https:\/\/www.africa-press.net\/cameroun\/politique\/blocage-de-graves-accusations-contre-le-gouvernement-de-paul-biya"},"author":{"name":"cfeditorfr","@id":"https:\/\/www.africa-press.net\/cameroun\/#\/schema\/person\/2b1cf3cd81a31e3cd26889ca66d677f1"},"headline":"Blocage : de graves accusations contre le gouvernement de Paul Biya","datePublished":"2023-03-16T12:38:39+00:00","mainEntityOfPage":{"@id":"https:\/\/www.africa-press.net\/cameroun\/politique\/blocage-de-graves-accusations-contre-le-gouvernement-de-paul-biya"},"wordCount":289,"commentCount":0,"image":{"@id":"https:\/\/www.africa-press.net\/cameroun\/politique\/blocage-de-graves-accusations-contre-le-gouvernement-de-paul-biya#primaryimage"},"thumbnailUrl":"https:\/\/static.africa-press.net\/cameroun\/sites\/57\/2023\/03\/postQueueImg_1678957723.18.jpg","keywords":["Africa Press","Africa Press-Cameroun","Cameroun"],"articleSection":["Politique","Toutes les actualit\u00e9s"],"inLanguage":"fr-FR","potentialAction":[{"@type":"CommentAction","name":"Comment","target":["https:\/\/www.africa-press.net\/cameroun\/politique\/blocage-de-graves-accusations-contre-le-gouvernement-de-paul-biya#respond"]}]},{"@type":"WebPage","@id":"https:\/\/www.africa-press.net\/cameroun\/politique\/blocage-de-graves-accusations-contre-le-gouvernement-de-paul-biya","url":"https:\/\/www.africa-press.net\/cameroun\/politique\/blocage-de-graves-accusations-contre-le-gouvernement-de-paul-biya","name":"Blocage : de graves accusations contre le gouvernement de Paul Biya - Cameroun","isPartOf":{"@id":"https:\/\/www.africa-press.net\/cameroun\/#website"},"primaryImageOfPage":{"@id":"https:\/\/www.africa-press.net\/cameroun\/politique\/blocage-de-graves-accusations-contre-le-gouvernement-de-paul-biya#primaryimage"},"image":{"@id":"https:\/\/www.africa-press.net\/cameroun\/politique\/blocage-de-graves-accusations-contre-le-gouvernement-de-paul-biya#primaryimage"},"thumbnailUrl":"https:\/\/static.africa-press.net\/cameroun\/sites\/57\/2023\/03\/postQueueImg_1678957723.18.jpg","datePublished":"2023-03-16T12:38:39+00:00","author":{"@id":"https:\/\/www.africa-press.net\/cameroun\/#\/schema\/person\/2b1cf3cd81a31e3cd26889ca66d677f1"},"breadcrumb":{"@id":"https:\/\/www.africa-press.net\/cameroun\/politique\/blocage-de-graves-accusations-contre-le-gouvernement-de-paul-biya#breadcrumb"},"inLanguage":"fr-FR","potentialAction":[{"@type":"ReadAction","target":["https:\/\/www.africa-press.net\/cameroun\/politique\/blocage-de-graves-accusations-contre-le-gouvernement-de-paul-biya"]}]},{"@type":"ImageObject","inLanguage":"fr-FR","@id":"https:\/\/www.africa-press.net\/cameroun\/politique\/blocage-de-graves-accusations-contre-le-gouvernement-de-paul-biya#primaryimage","url":"https:\/\/static.africa-press.net\/cameroun\/sites\/57\/2023\/03\/postQueueImg_1678957723.18.jpg","contentUrl":"https:\/\/static.africa-press.net\/cameroun\/sites\/57\/2023\/03\/postQueueImg_1678957723.18.jpg","width":720,"height":321,"caption":"Blocage : de graves accusations contre le gouvernement de Paul Biya"},{"@type":"BreadcrumbList","@id":"https:\/\/www.africa-press.net\/cameroun\/politique\/blocage-de-graves-accusations-contre-le-gouvernement-de-paul-biya#breadcrumb","itemListElement":[{"@type":"ListItem","position":1,"name":"Accueil","item":"https:\/\/www.africa-press.net\/cameroun\/"},{"@type":"ListItem","position":2,"name":"Blocage : de graves accusations contre le gouvernement de Paul Biya"}]},{"@type":"WebSite","@id":"https:\/\/www.africa-press.net\/cameroun\/#website","url":"https:\/\/www.africa-press.net\/cameroun\/","name":"Cameroun","description":"Just another Africa News Agency Sites site","potentialAction":[{"@type":"SearchAction","target":{"@type":"EntryPoint","urlTemplate":"https:\/\/www.africa-press.net\/cameroun\/?s={search_term_string}"},"query-input":{"@type":"PropertyValueSpecification","valueRequired":true,"valueName":"search_term_string"}}],"inLanguage":"fr-FR"},{"@type":"Person","@id":"https:\/\/www.africa-press.net\/cameroun\/#\/schema\/person\/2b1cf3cd81a31e3cd26889ca66d677f1","name":"cfeditorfr"}]}},"_links":{"self":[{"href":"https:\/\/www.africa-press.net\/cameroun\/wp-json\/wp\/v2\/posts\/39487","targetHints":{"allow":["GET"]}}],"collection":[{"href":"https:\/\/www.africa-press.net\/cameroun\/wp-json\/wp\/v2\/posts"}],"about":[{"href":"https:\/\/www.africa-press.net\/cameroun\/wp-json\/wp\/v2\/types\/post"}],"author":[{"embeddable":true,"href":"https:\/\/www.africa-press.net\/cameroun\/wp-json\/wp\/v2\/users\/82"}],"replies":[{"embeddable":true,"href":"https:\/\/www.africa-press.net\/cameroun\/wp-json\/wp\/v2\/comments?post=39487"}],"version-history":[{"count":0,"href":"https:\/\/www.africa-press.net\/cameroun\/wp-json\/wp\/v2\/posts\/39487\/revisions"}],"wp:featuredmedia":[{"embeddable":true,"href":"https:\/\/www.africa-press.net\/cameroun\/wp-json\/wp\/v2\/media\/39486"}],"wp:attachment":[{"href":"https:\/\/www.africa-press.net\/cameroun\/wp-json\/wp\/v2\/media?parent=39487"}],"wp:term":[{"taxonomy":"category","embeddable":true,"href":"https:\/\/www.africa-press.net\/cameroun\/wp-json\/wp\/v2\/categories?post=39487"},{"taxonomy":"post_tag","embeddable":true,"href":"https:\/\/www.africa-press.net\/cameroun\/wp-json\/wp\/v2\/tags?post=39487"}],"curies":[{"name":"wp","href":"https:\/\/api.w.org\/{rel}","templated":true}]}}