{"id":39503,"date":"2023-03-16T19:17:57","date_gmt":"2023-03-16T19:17:57","guid":{"rendered":"https:\/\/www.africa-press.net\/cameroun\/politique\/grave-accusations-contre-amougou-belinga-un-membre-du-gouvernement-cite-dans-le-dossier-issam-video"},"modified":"2023-03-16T20:10:50","modified_gmt":"2023-03-16T20:10:50","slug":"grave-accusations-contre-amougou-belinga-un-membre-du-gouvernement-cite-dans-le-dossier-issam-video","status":"publish","type":"post","link":"https:\/\/www.africa-press.net\/cameroun\/politique\/grave-accusations-contre-amougou-belinga-un-membre-du-gouvernement-cite-dans-le-dossier-issam-video","title":{"rendered":"Grave accusations contre Amougou Belinga : un membre du gouvernement cit\u00e9 dans le dossier ISSAM (vid\u00e9o)"},"content":{"rendered":"<p><span style=\"color: #ff6600\"><strong>Africa-Press &#8211; Cameroun. <\/strong><\/span>Dans une nouvelle vide\u0301o poste\u0301e sur sa page Facebook, le rappeur Valse\u0301ro s\u2019en prend violemment a\u0300 la galaxie Amougou Belinga. En effet, il continue de comparer le milliardaire a\u0300 un blanchisseur d\u2019argent. Pour l\u2019ancien prisonnier du MRC, Jean-Pierre Amougou Belinga ne serait pas le vrai proprie\u0301taire de ses nombreuses entreprises. Il a spe\u0301cifiquement parle\u0301 de l&rsquo;Institut Supe\u0301rieur des Sciences, Arts et Me\u0301tiers (ISSAM) e\u0301rige\u0301 par Jean Pierre Amougou Belinga a\u0300 Yaounde\u0301 avec pour mission de fournir des formations a\u0300 caracte\u0300re scientifique, technique et professionnel de haut niveau aux jeunes africains en ge\u0301ne\u0301ral et camerounais en particulier.<\/p>\n<p>Pour Valse\u0301ro, c\u2019est le Ministre des Finances, Louis Paul Motaze qui serait le vrai proprie\u0301taire de l\u2019institut.<\/p>\n<p>\u00ab Motaze donne 690.000.000 a\u0300 Amougou belinga chaud chaud sans de\u0301charge \u00bb, a \u2013t-il titre\u0301.<\/p>\n<p>Faux milliardaire : Amougou Belinga comple\u0300tement de\u0301moli<\/p>\n<p>Pre\u0301sente\u0301 aux Camerounais comme l\u2019un des entrepreneurs a\u0300 succe\u0300s Ekang Beti, Amougou Belinga est officiellement proprie\u0301taire de plusieurs biens dont une universite\u0301 publique. L\u2019Institut Supe\u0301rieur des Sciences, Arts et Me\u0301tiers qui fait la fierte\u0301 d\u2019Amougou Belinga n\u2019est en re\u0301alite\u0301 pas le fruit du travail de l\u2019homme d\u2019affaires controverse\u0301e. Comme le montrent les documents officiels du ministe\u0300re de la planification, l\u2019Issam a entie\u0300rement e\u0301te\u0301 finance\u0301 sur le budget de l\u2019Etat du Cameroun. Ce se sont ces informations compromettent que mettaient Martinez Zogo sur la place publique avant d\u2019e\u0302tre sauvagement assassine\u0301.<\/p>\n<p>L\u2019e\u0301crivain et informaticien Arol Ketch revient sur les conditions de re\u0301alisation du projet Issam. Il estime que cette universite\u0301 appartient a\u0300 tous les Cameroun vu qu\u2019il a e\u0301te\u0301 construit par l\u2019argent des contribuables.<\/p>\n<p>\u00ab Donc c\u2019est Motaze\u0301 qui a finance\u0301 l\u2019ISSAM de Amougou Belinga avec notre argent hein ?On fait comme c\u0327a que c\u2019est aussi notre argent qui a construit l\u2019immeuble Ekang la\u0300 \u00bb, a-t-il e\u0301crit sur page Facebook. Le rat des archives de\u0301truit comple\u0300tement l\u2019image de prestige d\u2019Amougou Belinga en le comparant avec le milliardaire Victor Fotso qui contrairement a\u0300 Amougou Belinga qui vit sur la fortune publique, a offert en 1992 a\u0300 l\u2019Etat du Cameroun, un colle\u0300ge polyvalent.<\/p>\n<p>\u00ab Quand Fotso Victor offrait un colle\u0300ge a\u0300 l\u2019Etat du Cameroun<\/p>\n<p>Avant c\u2019e\u0301tait les hommes d\u2019affaires qui offraient des e\u0301coles a\u0300 l\u2019Etat; aujourd\u2019hui l\u2019Etat prend l\u2019argent de la ligne 94 pour offrir des e\u0301coles aux hommes d\u2019affaires d\u2019Etat.<\/p>\n<p>La terre ne sera plus jamais propre ! \u00bb, remarque-t-il.<\/p>\n<p>L\u2019Issam n\u2019est pas la seule re\u0301alisation d\u2019Amougou Belinga finance\u0301e par Amougou Belinga par l\u2019Etat du Cameroun. La chai\u0302ne de te\u0301le\u0301vision Vision 4 et la te\u0301le\u0301vision franc\u0327aise moribonde Telesud acquise par Amougou Belinga, sont re\u0301gulie\u0300rement arrose\u0301es par les contributions des camerounaises et camerounais.<\/p>\n<p>De\u0301ja\u0300 a en conflit avec la justice dans une affaire de che\u0300que postale frauduleuse, Amougou Belinga, habitue\u0301 des prisons du Cameroun a ba\u0302ti sa fortune sur les deniers publics. Il croupit actuellement a\u0300 la prison centrale de Yaounde\u0301 Kondengui dans une affaire d\u2019assassinat de journaliste.<\/p>\n<p>Victor Fotso, un homme au parcours riche<\/p>\n<p>L\u2019anne\u0301e 2020 a clos, malheureusement l\u2019une des plus belles pages de l\u2019histoire de l\u2019e\u0301conomie camerounaise. En effet, le Cameroun a perdu en mars dernier, Victor Fotso, ne\u0301 le 26 juin 1926 a\u0300 Bandjoun dans la Re\u0301gion de l&rsquo;Ouest au Cameroun. Il e\u0301tait l\u2019un des plus riches hommes du Cameroun et magnat de l\u2019industrie et de la finance. Homme politique et surtout businessman, Victor Fotso a e\u0301te\u0301 emporte\u0301 par une maladie dans un ho\u0302pital en France a\u0300 l\u2019a\u0302ge de 94 ans.<\/p>\n<p>Patriarche, Victor Fotso est connu comme le magnat de l\u2019industrie et de la finance au Cameroun. Sa richesse, il l\u2019a construite sur des boites d\u2019allumettes.<\/p>\n<p>Il monte son premier business dans les anne\u0301es 1970, et est fondateur de l\u2019empire Fotso. Le succe\u0300s de ses affaires va l\u2019amener a\u0300 compter jusqu\u2019a\u0300 pre\u0300s d\u2019une vingtaine d\u2019entreprises base\u0301es dans une dizaine de pays. Parmi ses entreprises qui ont connues un succe\u0300s hors des frontie\u0300res camerounaises, l\u2019on retiendra Unalor, une nentreprise de production d\u2019allumettes, vers la Co\u0302te d\u2019Ivoire, le Liberia et l\u2019Angola. Celle des piles e\u0301lectriques (Pilcam), les insecticides (Moon Tiger) au Se\u0301ne\u0301gal et au Mali, la fabrique des cahiers (Safcam), la distillerie des liqueurs, la culture de haricots verts pour la marque Bonduelle et l\u2019Imprimerie nationale au Tchad.<\/p>\n<p>Dans le monde de la finance, Victor Fotso et son groupe portent plusieurs structures : Commercial Bank qui a ouvert sa premie\u0300re agence a\u0300 Douala en 1997 (CBC) avant d\u2019essaimer en 1999 au Tchad (CBT), en Centrafrique (CBCA), en Guine\u0301e e\u0301quatoriale (CBGE), et me\u0302me a\u0300 Sa\u0303o Tome\u0301-et-Pri\u0301ncipe (COBSTP). A\u0300 cela, il faut ajouter la Socie\u0301te\u0301 financie\u0300re africaine (SFA) base\u0301e a\u0300 Douala, mais aussi des investissements immobiliers en France, a\u0300 Levallois-Perret, ope\u0301re\u0301s par la Compagnie internationale de services (CIS). Au de\u0301but de la de\u0301cennie 2010, le chiffre d\u2019affaires du groupe e\u0301tait e\u0301value\u0301 a\u0300 500 milliards de FCFA.<\/p>\n<p>Il est maire de la commune rurale de Bandjoun de janvier 1996, apre\u0300s le chef des Bandjoun Ngnie\u0301 Kamga, jusqu&rsquo;a\u0300 son de\u0301ce\u0300s en mars 2020. Il est re\u0301e\u0301lu maire en fe\u0301vrier 2020. Il a construit sur fonds propres l\u2019ho\u0302tel de ville de Bandjoun et l&rsquo;e\u0301glise de la ville. Le financement de ces projets est querelle\u0301 par l&rsquo;architecte d&rsquo;inte\u0301rieur Guy Bertrand Temba. Cette me\u0302me anne\u0301e il a e\u0301te\u0301 nomme\u0301 comme personnalite\u0301 e\u0301conomique lors de la premie\u0300re e\u0301dition des CamerounWeb Awards.<\/p>\n<p><a href=\"https:\/\/www.facebook.com\/Valserofficiel\/videos\/746292430299687\/\"><b>vide\u0301o<\/b><\/a><\/p>\n<p><strong>Pour plus d&rsquo;informations et d&rsquo;analyses sur la <a href=\"https:\/\/www.africa-press.net\/cameroun\">Cameroun<\/a>, suivez <a href=\"https:\/\/www.africa-press.net\/\">Africa-Press<\/a><\/strong><\/p>\n","protected":false},"excerpt":{"rendered":"<p>Africa-Press &#8211; Cameroun. Dans une nouvelle vide\u0301o poste\u0301e sur sa page Facebook, le rappeur Valse\u0301ro s\u2019en prend violemment a\u0300 la galaxie Amougou Belinga. En effet, il continue de comparer le milliardaire a\u0300 un blanchisseur d\u2019argent. Pour l\u2019ancien prisonnier du MRC, Jean-Pierre Amougou Belinga ne serait pas le vrai proprie\u0301taire de ses nombreuses entreprises. Il a [&hellip;]<\/p>\n","protected":false},"author":82,"featured_media":39502,"comment_status":"open","ping_status":"closed","sticky":false,"template":"","format":"standard","meta":{"footnotes":""},"categories":[2,10,9],"tags":[36,50,49],"class_list":["post-39503","post","type-post","status-publish","format-standard","has-post-thumbnail","hentry","category-politique","category-toutes-les-actualites","category-video","tag-africa-press","tag-africa-press-cameroun","tag-cameroun"],"yoast_head":"<!-- This site is optimized with the Yoast SEO Premium plugin v26.1 (Yoast SEO v27.0) - https:\/\/yoast.com\/product\/yoast-seo-premium-wordpress\/ -->\n<title>Grave accusations contre Amougou Belinga : un membre du gouvernement cit\u00e9 dans le dossier ISSAM (vid\u00e9o) - Cameroun<\/title>\n<meta name=\"description\" content=\"Dans une nouvelle vide\u0301o poste\u0301e sur sa page Facebook, le rappeur Valse\u0301ro s\u2019en prend violemment a\u0300 la galaxie Amougou B ...\" \/>\n<meta name=\"robots\" content=\"index, follow, max-snippet:-1, max-image-preview:large, max-video-preview:-1\" \/>\n<link rel=\"canonical\" href=\"https:\/\/www.africa-press.net\/cameroun\/politique\/grave-accusations-contre-amougou-belinga-un-membre-du-gouvernement-cite-dans-le-dossier-issam-video\" \/>\n<meta property=\"og:locale\" content=\"fr_FR\" \/>\n<meta property=\"og:type\" content=\"article\" \/>\n<meta property=\"og:title\" content=\"Grave accusations contre Amougou Belinga : un membre du gouvernement cit\u00e9 dans le dossier ISSAM (vid\u00e9o)\" \/>\n<meta property=\"og:description\" content=\"Dans une nouvelle vide\u0301o poste\u0301e sur sa page Facebook, le rappeur Valse\u0301ro s\u2019en prend violemment a\u0300 la galaxie Amougou B ...\" \/>\n<meta property=\"og:url\" content=\"https:\/\/www.africa-press.net\/cameroun\/politique\/grave-accusations-contre-amougou-belinga-un-membre-du-gouvernement-cite-dans-le-dossier-issam-video\" \/>\n<meta property=\"og:site_name\" content=\"Cameroun\" \/>\n<meta property=\"article:published_time\" content=\"2023-03-16T19:17:57+00:00\" \/>\n<meta property=\"article:modified_time\" content=\"2023-03-16T20:10:50+00:00\" \/>\n<meta property=\"og:image\" content=\"https:\/\/static.africa-press.net\/cameroun\/sites\/57\/2023\/03\/postQueueImg_1678982365.12.jpg\" \/>\n\t<meta property=\"og:image:width\" content=\"720\" \/>\n\t<meta property=\"og:image:height\" content=\"440\" \/>\n\t<meta property=\"og:image:type\" content=\"image\/jpeg\" \/>\n<meta name=\"author\" content=\"cfeditorfr\" \/>\n<meta name=\"twitter:card\" content=\"summary_large_image\" \/>\n<meta name=\"twitter:label1\" content=\"\u00c9crit par\" \/>\n\t<meta name=\"twitter:data1\" content=\"cfeditorfr\" \/>\n\t<meta name=\"twitter:label2\" content=\"Dur\u00e9e de lecture estim\u00e9e\" \/>\n\t<meta name=\"twitter:data2\" content=\"5 minutes\" \/>\n<script type=\"application\/ld+json\" class=\"yoast-schema-graph\">{\"@context\":\"https:\/\/schema.org\",\"@graph\":[{\"@type\":\"Article\",\"@id\":\"https:\/\/www.africa-press.net\/cameroun\/politique\/grave-accusations-contre-amougou-belinga-un-membre-du-gouvernement-cite-dans-le-dossier-issam-video#article\",\"isPartOf\":{\"@id\":\"https:\/\/www.africa-press.net\/cameroun\/politique\/grave-accusations-contre-amougou-belinga-un-membre-du-gouvernement-cite-dans-le-dossier-issam-video\"},\"author\":{\"name\":\"cfeditorfr\",\"@id\":\"https:\/\/www.africa-press.net\/cameroun\/#\/schema\/person\/2b1cf3cd81a31e3cd26889ca66d677f1\"},\"headline\":\"Grave accusations contre Amougou Belinga : un membre du gouvernement cit\u00e9 dans le dossier ISSAM (vid\u00e9o)\",\"datePublished\":\"2023-03-16T19:17:57+00:00\",\"dateModified\":\"2023-03-16T20:10:50+00:00\",\"mainEntityOfPage\":{\"@id\":\"https:\/\/www.africa-press.net\/cameroun\/politique\/grave-accusations-contre-amougou-belinga-un-membre-du-gouvernement-cite-dans-le-dossier-issam-video\"},\"wordCount\":1032,\"commentCount\":0,\"image\":{\"@id\":\"https:\/\/www.africa-press.net\/cameroun\/politique\/grave-accusations-contre-amougou-belinga-un-membre-du-gouvernement-cite-dans-le-dossier-issam-video#primaryimage\"},\"thumbnailUrl\":\"https:\/\/static.africa-press.net\/cameroun\/sites\/57\/2023\/03\/postQueueImg_1678982365.12.jpg\",\"keywords\":[\"Africa Press\",\"Africa Press-Cameroun\",\"Cameroun\"],\"articleSection\":[\"Politique\",\"Toutes les actualit\u00e9s\",\"vid\u00e9o\"],\"inLanguage\":\"fr-FR\",\"potentialAction\":[{\"@type\":\"CommentAction\",\"name\":\"Comment\",\"target\":[\"https:\/\/www.africa-press.net\/cameroun\/politique\/grave-accusations-contre-amougou-belinga-un-membre-du-gouvernement-cite-dans-le-dossier-issam-video#respond\"]}]},{\"@type\":\"WebPage\",\"@id\":\"https:\/\/www.africa-press.net\/cameroun\/politique\/grave-accusations-contre-amougou-belinga-un-membre-du-gouvernement-cite-dans-le-dossier-issam-video\",\"url\":\"https:\/\/www.africa-press.net\/cameroun\/politique\/grave-accusations-contre-amougou-belinga-un-membre-du-gouvernement-cite-dans-le-dossier-issam-video\",\"name\":\"Grave accusations contre Amougou Belinga : un membre du gouvernement cit\u00e9 dans le dossier ISSAM (vid\u00e9o) - Cameroun\",\"isPartOf\":{\"@id\":\"https:\/\/www.africa-press.net\/cameroun\/#website\"},\"primaryImageOfPage\":{\"@id\":\"https:\/\/www.africa-press.net\/cameroun\/politique\/grave-accusations-contre-amougou-belinga-un-membre-du-gouvernement-cite-dans-le-dossier-issam-video#primaryimage\"},\"image\":{\"@id\":\"https:\/\/www.africa-press.net\/cameroun\/politique\/grave-accusations-contre-amougou-belinga-un-membre-du-gouvernement-cite-dans-le-dossier-issam-video#primaryimage\"},\"thumbnailUrl\":\"https:\/\/static.africa-press.net\/cameroun\/sites\/57\/2023\/03\/postQueueImg_1678982365.12.jpg\",\"datePublished\":\"2023-03-16T19:17:57+00:00\",\"dateModified\":\"2023-03-16T20:10:50+00:00\",\"author\":{\"@id\":\"https:\/\/www.africa-press.net\/cameroun\/#\/schema\/person\/2b1cf3cd81a31e3cd26889ca66d677f1\"},\"description\":\"Dans une nouvelle vide\u0301o poste\u0301e sur sa page Facebook, le rappeur Valse\u0301ro s\u2019en prend violemment a\u0300 la galaxie Amougou B ...\",\"breadcrumb\":{\"@id\":\"https:\/\/www.africa-press.net\/cameroun\/politique\/grave-accusations-contre-amougou-belinga-un-membre-du-gouvernement-cite-dans-le-dossier-issam-video#breadcrumb\"},\"inLanguage\":\"fr-FR\",\"potentialAction\":[{\"@type\":\"ReadAction\",\"target\":[\"https:\/\/www.africa-press.net\/cameroun\/politique\/grave-accusations-contre-amougou-belinga-un-membre-du-gouvernement-cite-dans-le-dossier-issam-video\"]}]},{\"@type\":\"ImageObject\",\"inLanguage\":\"fr-FR\",\"@id\":\"https:\/\/www.africa-press.net\/cameroun\/politique\/grave-accusations-contre-amougou-belinga-un-membre-du-gouvernement-cite-dans-le-dossier-issam-video#primaryimage\",\"url\":\"https:\/\/static.africa-press.net\/cameroun\/sites\/57\/2023\/03\/postQueueImg_1678982365.12.jpg\",\"contentUrl\":\"https:\/\/static.africa-press.net\/cameroun\/sites\/57\/2023\/03\/postQueueImg_1678982365.12.jpg\",\"width\":720,\"height\":440,\"caption\":\"Grave accusations contre Amougou Belinga : un membre du gouvernement cit\u00e9 dans le dossier ISSAM (vid\u00e9o)\"},{\"@type\":\"BreadcrumbList\",\"@id\":\"https:\/\/www.africa-press.net\/cameroun\/politique\/grave-accusations-contre-amougou-belinga-un-membre-du-gouvernement-cite-dans-le-dossier-issam-video#breadcrumb\",\"itemListElement\":[{\"@type\":\"ListItem\",\"position\":1,\"name\":\"Accueil\",\"item\":\"https:\/\/www.africa-press.net\/cameroun\/\"},{\"@type\":\"ListItem\",\"position\":2,\"name\":\"Grave accusations contre Amougou Belinga : un membre du gouvernement cit\u00e9 dans le dossier ISSAM (vid\u00e9o)\"}]},{\"@type\":\"WebSite\",\"@id\":\"https:\/\/www.africa-press.net\/cameroun\/#website\",\"url\":\"https:\/\/www.africa-press.net\/cameroun\/\",\"name\":\"Cameroun\",\"description\":\"Just another Africa News Agency Sites site\",\"potentialAction\":[{\"@type\":\"SearchAction\",\"target\":{\"@type\":\"EntryPoint\",\"urlTemplate\":\"https:\/\/www.africa-press.net\/cameroun\/?s={search_term_string}\"},\"query-input\":{\"@type\":\"PropertyValueSpecification\",\"valueRequired\":true,\"valueName\":\"search_term_string\"}}],\"inLanguage\":\"fr-FR\"},{\"@type\":\"Person\",\"@id\":\"https:\/\/www.africa-press.net\/cameroun\/#\/schema\/person\/2b1cf3cd81a31e3cd26889ca66d677f1\",\"name\":\"cfeditorfr\"}]}<\/script>\n<!-- \/ Yoast SEO Premium plugin. -->","yoast_head_json":{"title":"Grave accusations contre Amougou Belinga : un membre du gouvernement cit\u00e9 dans le dossier ISSAM (vid\u00e9o) - Cameroun","description":"Dans une nouvelle vide\u0301o poste\u0301e sur sa page Facebook, le rappeur Valse\u0301ro s\u2019en prend violemment a\u0300 la galaxie Amougou B ...","robots":{"index":"index","follow":"follow","max-snippet":"max-snippet:-1","max-image-preview":"max-image-preview:large","max-video-preview":"max-video-preview:-1"},"canonical":"https:\/\/www.africa-press.net\/cameroun\/politique\/grave-accusations-contre-amougou-belinga-un-membre-du-gouvernement-cite-dans-le-dossier-issam-video","og_locale":"fr_FR","og_type":"article","og_title":"Grave accusations contre Amougou Belinga : un membre du gouvernement cit\u00e9 dans le dossier ISSAM (vid\u00e9o)","og_description":"Dans une nouvelle vide\u0301o poste\u0301e sur sa page Facebook, le rappeur Valse\u0301ro s\u2019en prend violemment a\u0300 la galaxie Amougou B ...","og_url":"https:\/\/www.africa-press.net\/cameroun\/politique\/grave-accusations-contre-amougou-belinga-un-membre-du-gouvernement-cite-dans-le-dossier-issam-video","og_site_name":"Cameroun","article_published_time":"2023-03-16T19:17:57+00:00","article_modified_time":"2023-03-16T20:10:50+00:00","og_image":[{"width":720,"height":440,"url":"https:\/\/static.africa-press.net\/cameroun\/sites\/57\/2023\/03\/postQueueImg_1678982365.12.jpg","type":"image\/jpeg"}],"author":"cfeditorfr","twitter_card":"summary_large_image","twitter_misc":{"\u00c9crit par":"cfeditorfr","Dur\u00e9e de lecture estim\u00e9e":"5 minutes"},"schema":{"@context":"https:\/\/schema.org","@graph":[{"@type":"Article","@id":"https:\/\/www.africa-press.net\/cameroun\/politique\/grave-accusations-contre-amougou-belinga-un-membre-du-gouvernement-cite-dans-le-dossier-issam-video#article","isPartOf":{"@id":"https:\/\/www.africa-press.net\/cameroun\/politique\/grave-accusations-contre-amougou-belinga-un-membre-du-gouvernement-cite-dans-le-dossier-issam-video"},"author":{"name":"cfeditorfr","@id":"https:\/\/www.africa-press.net\/cameroun\/#\/schema\/person\/2b1cf3cd81a31e3cd26889ca66d677f1"},"headline":"Grave accusations contre Amougou Belinga : un membre du gouvernement cit\u00e9 dans le dossier ISSAM (vid\u00e9o)","datePublished":"2023-03-16T19:17:57+00:00","dateModified":"2023-03-16T20:10:50+00:00","mainEntityOfPage":{"@id":"https:\/\/www.africa-press.net\/cameroun\/politique\/grave-accusations-contre-amougou-belinga-un-membre-du-gouvernement-cite-dans-le-dossier-issam-video"},"wordCount":1032,"commentCount":0,"image":{"@id":"https:\/\/www.africa-press.net\/cameroun\/politique\/grave-accusations-contre-amougou-belinga-un-membre-du-gouvernement-cite-dans-le-dossier-issam-video#primaryimage"},"thumbnailUrl":"https:\/\/static.africa-press.net\/cameroun\/sites\/57\/2023\/03\/postQueueImg_1678982365.12.jpg","keywords":["Africa Press","Africa Press-Cameroun","Cameroun"],"articleSection":["Politique","Toutes les actualit\u00e9s","vid\u00e9o"],"inLanguage":"fr-FR","potentialAction":[{"@type":"CommentAction","name":"Comment","target":["https:\/\/www.africa-press.net\/cameroun\/politique\/grave-accusations-contre-amougou-belinga-un-membre-du-gouvernement-cite-dans-le-dossier-issam-video#respond"]}]},{"@type":"WebPage","@id":"https:\/\/www.africa-press.net\/cameroun\/politique\/grave-accusations-contre-amougou-belinga-un-membre-du-gouvernement-cite-dans-le-dossier-issam-video","url":"https:\/\/www.africa-press.net\/cameroun\/politique\/grave-accusations-contre-amougou-belinga-un-membre-du-gouvernement-cite-dans-le-dossier-issam-video","name":"Grave accusations contre Amougou Belinga : un membre du gouvernement cit\u00e9 dans le dossier ISSAM (vid\u00e9o) - Cameroun","isPartOf":{"@id":"https:\/\/www.africa-press.net\/cameroun\/#website"},"primaryImageOfPage":{"@id":"https:\/\/www.africa-press.net\/cameroun\/politique\/grave-accusations-contre-amougou-belinga-un-membre-du-gouvernement-cite-dans-le-dossier-issam-video#primaryimage"},"image":{"@id":"https:\/\/www.africa-press.net\/cameroun\/politique\/grave-accusations-contre-amougou-belinga-un-membre-du-gouvernement-cite-dans-le-dossier-issam-video#primaryimage"},"thumbnailUrl":"https:\/\/static.africa-press.net\/cameroun\/sites\/57\/2023\/03\/postQueueImg_1678982365.12.jpg","datePublished":"2023-03-16T19:17:57+00:00","dateModified":"2023-03-16T20:10:50+00:00","author":{"@id":"https:\/\/www.africa-press.net\/cameroun\/#\/schema\/person\/2b1cf3cd81a31e3cd26889ca66d677f1"},"description":"Dans une nouvelle vide\u0301o poste\u0301e sur sa page Facebook, le rappeur Valse\u0301ro s\u2019en prend violemment a\u0300 la galaxie Amougou B ...","breadcrumb":{"@id":"https:\/\/www.africa-press.net\/cameroun\/politique\/grave-accusations-contre-amougou-belinga-un-membre-du-gouvernement-cite-dans-le-dossier-issam-video#breadcrumb"},"inLanguage":"fr-FR","potentialAction":[{"@type":"ReadAction","target":["https:\/\/www.africa-press.net\/cameroun\/politique\/grave-accusations-contre-amougou-belinga-un-membre-du-gouvernement-cite-dans-le-dossier-issam-video"]}]},{"@type":"ImageObject","inLanguage":"fr-FR","@id":"https:\/\/www.africa-press.net\/cameroun\/politique\/grave-accusations-contre-amougou-belinga-un-membre-du-gouvernement-cite-dans-le-dossier-issam-video#primaryimage","url":"https:\/\/static.africa-press.net\/cameroun\/sites\/57\/2023\/03\/postQueueImg_1678982365.12.jpg","contentUrl":"https:\/\/static.africa-press.net\/cameroun\/sites\/57\/2023\/03\/postQueueImg_1678982365.12.jpg","width":720,"height":440,"caption":"Grave accusations contre Amougou Belinga : un membre du gouvernement cit\u00e9 dans le dossier ISSAM (vid\u00e9o)"},{"@type":"BreadcrumbList","@id":"https:\/\/www.africa-press.net\/cameroun\/politique\/grave-accusations-contre-amougou-belinga-un-membre-du-gouvernement-cite-dans-le-dossier-issam-video#breadcrumb","itemListElement":[{"@type":"ListItem","position":1,"name":"Accueil","item":"https:\/\/www.africa-press.net\/cameroun\/"},{"@type":"ListItem","position":2,"name":"Grave accusations contre Amougou Belinga : un membre du gouvernement cit\u00e9 dans le dossier ISSAM (vid\u00e9o)"}]},{"@type":"WebSite","@id":"https:\/\/www.africa-press.net\/cameroun\/#website","url":"https:\/\/www.africa-press.net\/cameroun\/","name":"Cameroun","description":"Just another Africa News Agency Sites site","potentialAction":[{"@type":"SearchAction","target":{"@type":"EntryPoint","urlTemplate":"https:\/\/www.africa-press.net\/cameroun\/?s={search_term_string}"},"query-input":{"@type":"PropertyValueSpecification","valueRequired":true,"valueName":"search_term_string"}}],"inLanguage":"fr-FR"},{"@type":"Person","@id":"https:\/\/www.africa-press.net\/cameroun\/#\/schema\/person\/2b1cf3cd81a31e3cd26889ca66d677f1","name":"cfeditorfr"}]}},"_links":{"self":[{"href":"https:\/\/www.africa-press.net\/cameroun\/wp-json\/wp\/v2\/posts\/39503","targetHints":{"allow":["GET"]}}],"collection":[{"href":"https:\/\/www.africa-press.net\/cameroun\/wp-json\/wp\/v2\/posts"}],"about":[{"href":"https:\/\/www.africa-press.net\/cameroun\/wp-json\/wp\/v2\/types\/post"}],"author":[{"embeddable":true,"href":"https:\/\/www.africa-press.net\/cameroun\/wp-json\/wp\/v2\/users\/82"}],"replies":[{"embeddable":true,"href":"https:\/\/www.africa-press.net\/cameroun\/wp-json\/wp\/v2\/comments?post=39503"}],"version-history":[{"count":0,"href":"https:\/\/www.africa-press.net\/cameroun\/wp-json\/wp\/v2\/posts\/39503\/revisions"}],"wp:featuredmedia":[{"embeddable":true,"href":"https:\/\/www.africa-press.net\/cameroun\/wp-json\/wp\/v2\/media\/39502"}],"wp:attachment":[{"href":"https:\/\/www.africa-press.net\/cameroun\/wp-json\/wp\/v2\/media?parent=39503"}],"wp:term":[{"taxonomy":"category","embeddable":true,"href":"https:\/\/www.africa-press.net\/cameroun\/wp-json\/wp\/v2\/categories?post=39503"},{"taxonomy":"post_tag","embeddable":true,"href":"https:\/\/www.africa-press.net\/cameroun\/wp-json\/wp\/v2\/tags?post=39503"}],"curies":[{"name":"wp","href":"https:\/\/api.w.org\/{rel}","templated":true}]}}