{"id":39507,"date":"2023-03-16T19:30:14","date_gmt":"2023-03-16T19:30:14","guid":{"rendered":"https:\/\/www.africa-press.net\/cameroun\/politique\/officiel-etoudi-recadre-etoo-seidou-mbombo-njoya-recu-par-ferdinand-ngoh-ngoh"},"modified":"2023-03-16T20:11:32","modified_gmt":"2023-03-16T20:11:32","slug":"officiel-etoudi-recadre-etoo-seidou-mbombo-njoya-recu-par-ferdinand-ngoh-ngoh","status":"publish","type":"post","link":"https:\/\/www.africa-press.net\/cameroun\/sports\/officiel-etoudi-recadre-etoo-seidou-mbombo-njoya-recu-par-ferdinand-ngoh-ngoh","title":{"rendered":"Officiel: Etoudi recadre Eto&rsquo;o, Seidou Mbombo Njoya re\u00e7u par Ferdinand Ngoh Ngoh"},"content":{"rendered":"<p><span style=\"color: #ff6600\"><strong>Africa-Press &#8211; Cameroun. <\/strong><\/span>Il s&rsquo;agit d&rsquo;une information re\u0301ve\u0301le\u0301e ce jeudi 16 mars par nos confre\u0300res du site d&rsquo;information marocain, lionsdelatlas.ma. Selon notre confre\u0300re, le pre\u0301sident de la Fe\u0301cafoot ne pourra plus tenir une promesse qu&rsquo;il a faite a\u0300 l&rsquo;Alge\u0301rie il y a quelques mois.<\/p>\n<p>Samuel Eto&rsquo;o avait promis le soutien du Cameroun a\u0300 l&rsquo;Alge\u0301rie, candidate a\u0300 l&rsquo;e\u0301lection de l&rsquo;organisation de la CAN 2025.<\/p>\n<p>\u00ab\u00a0Face a\u0300 des de\u0301clarations qui engageaient tout le peuple camerounais, le Maroc a de\u0301pe\u0302che\u0301 des e\u0301missaires a\u0300 Yaounde\u0301 pour demander des explication et s\u2019enque\u0301rir de la position de l\u2019e\u0301tat camerounais. Et ce dernier a tenu a\u0300 se dissocier du pre\u0301sident de la Fe\u0301cafoot tout en le recadrant\u00a0\u00bb, e\u0301crit lionsdelatlas.ma.<\/p>\n<p>\u00ab\u00a0Le gouvernement a tenu a\u0300 rappeler que \u00ab les propos du pre\u0301sident de la Fecafoot l\u2019engagent seul et n\u2019emportent pas la position du Cameroun \u00bb, pre\u0301cisant que \u00ab le Comite\u0301 exe\u0301cutif de la CAF e\u0301tant l\u2019instance qui choisit le pays ho\u0302te d\u2019une compe\u0301tition, le repre\u0301sentant du Cameroun en son sein est Seidou Mbombo Njoya\u00a0\u00bb, ajoute le site marocain.<\/p>\n<p>\u00ab\u00a0A cet effet, Seidou Mbombo Njoya a e\u0301te\u0301 rec\u0327u il y a quelques jours par le secre\u0301taire ge\u0301ne\u0301ral de la pre\u0301sidence de la Re\u0301publique, Ferdinand Ngoh Ngoh qui lui a communique\u0301 la position du Cameroun. Le gouvernement camerounais estime que la position ou le choix du Cameroun n\u2019est pas du ressort d\u2019un pre\u0301sident de fe\u0301de\u0301ration qui n\u2019est pas habilite\u0301 pour de\u0301cider du soutien du Cameroun a\u0300 un autre pays au de\u0301triment d\u2019un autre. Une telle de\u0301cision rele\u0300ve de la compe\u0301tence exclusive du chef de l\u2019E\u0301tat, chef de la diplomatie camerounaise\u00a0\u00bb, renche\u0301rit notre confre\u0300re.<\/p>\n<p>En effet, selon les textes de la CAF, le pre\u0301sident de la Fe\u0301cafoot ne pourra pas voter, et on se demande comment il va faire pour influencer le choix des personnes qui vont voter pour le pays organisateur. Et c&rsquo;est a\u0300 ce niveau que son pre\u0301de\u0301cesseur lui intervient. Car Seidou Mbombo Njoya est le quatrie\u0300me vice-pre\u0301sident de la CAF.<\/p>\n<p><strong>Pour plus d&rsquo;informations et d&rsquo;analyses sur la <a href=\"https:\/\/www.africa-press.net\/cameroun\">Cameroun<\/a>, suivez <a href=\"https:\/\/www.africa-press.net\/\">Africa-Press<\/a><\/strong><\/p>\n","protected":false},"excerpt":{"rendered":"<p>Africa-Press &#8211; Cameroun. Il s&rsquo;agit d&rsquo;une information re\u0301ve\u0301le\u0301e ce jeudi 16 mars par nos confre\u0300res du site d&rsquo;information marocain, lionsdelatlas.ma. Selon notre confre\u0300re, le pre\u0301sident de la Fe\u0301cafoot ne pourra plus tenir une promesse qu&rsquo;il a faite a\u0300 l&rsquo;Alge\u0301rie il y a quelques mois. Samuel Eto&rsquo;o avait promis le soutien du Cameroun a\u0300 l&rsquo;Alge\u0301rie, candidate [&hellip;]<\/p>\n","protected":false},"author":82,"featured_media":39505,"comment_status":"open","ping_status":"closed","sticky":false,"template":"","format":"standard","meta":{"footnotes":""},"categories":[6,10],"tags":[36,50,49],"class_list":["post-39507","post","type-post","status-publish","format-standard","has-post-thumbnail","hentry","category-sports","category-toutes-les-actualites","tag-africa-press","tag-africa-press-cameroun","tag-cameroun"],"yoast_head":"<!-- This site is optimized with the Yoast SEO Premium plugin v26.1 (Yoast SEO v27.0) - https:\/\/yoast.com\/product\/yoast-seo-premium-wordpress\/ -->\n<title>Officiel: Etoudi recadre Eto&#039;o, Seidou Mbombo Njoya re\u00e7u par Ferdinand Ngoh Ngoh - Cameroun<\/title>\n<meta name=\"description\" content=\"Il s&#039;agit d&#039;une information re\u0301ve\u0301le\u0301e ce jeudi 16 mars par nos confre\u0300res du site d&#039;information marocain, lionsdelatlas ...\" \/>\n<meta name=\"robots\" content=\"index, follow, max-snippet:-1, max-image-preview:large, max-video-preview:-1\" \/>\n<link rel=\"canonical\" href=\"https:\/\/www.africa-press.net\/cameroun\/sports\/officiel-etoudi-recadre-etoo-seidou-mbombo-njoya-recu-par-ferdinand-ngoh-ngoh\" \/>\n<meta property=\"og:locale\" content=\"fr_FR\" \/>\n<meta property=\"og:type\" content=\"article\" \/>\n<meta property=\"og:title\" content=\"Officiel: Etoudi recadre Eto&#039;o, Seidou Mbombo Njoya re\u00e7u par Ferdinand Ngoh Ngoh\" \/>\n<meta property=\"og:description\" content=\"Il s&#039;agit d&#039;une information re\u0301ve\u0301le\u0301e ce jeudi 16 mars par nos confre\u0300res du site d&#039;information marocain, lionsdelatlas ...\" \/>\n<meta property=\"og:url\" content=\"https:\/\/www.africa-press.net\/cameroun\/sports\/officiel-etoudi-recadre-etoo-seidou-mbombo-njoya-recu-par-ferdinand-ngoh-ngoh\" \/>\n<meta property=\"og:site_name\" content=\"Cameroun\" \/>\n<meta property=\"article:published_time\" content=\"2023-03-16T19:30:14+00:00\" \/>\n<meta property=\"article:modified_time\" content=\"2023-03-16T20:11:32+00:00\" \/>\n<meta property=\"og:image\" content=\"https:\/\/static.africa-press.net\/cameroun\/sites\/57\/2023\/03\/postQueueImg_1678982418.05.jpg\" \/>\n\t<meta property=\"og:image:width\" content=\"720\" \/>\n\t<meta property=\"og:image:height\" content=\"404\" \/>\n\t<meta property=\"og:image:type\" content=\"image\/jpeg\" \/>\n<meta name=\"author\" content=\"cfeditorfr\" \/>\n<meta name=\"twitter:card\" content=\"summary_large_image\" \/>\n<meta name=\"twitter:label1\" content=\"\u00c9crit par\" \/>\n\t<meta name=\"twitter:data1\" content=\"cfeditorfr\" \/>\n\t<meta name=\"twitter:label2\" content=\"Dur\u00e9e de lecture estim\u00e9e\" \/>\n\t<meta name=\"twitter:data2\" content=\"2 minutes\" \/>\n<script type=\"application\/ld+json\" class=\"yoast-schema-graph\">{\"@context\":\"https:\/\/schema.org\",\"@graph\":[{\"@type\":\"Article\",\"@id\":\"https:\/\/www.africa-press.net\/cameroun\/sports\/officiel-etoudi-recadre-etoo-seidou-mbombo-njoya-recu-par-ferdinand-ngoh-ngoh#article\",\"isPartOf\":{\"@id\":\"https:\/\/www.africa-press.net\/cameroun\/sports\/officiel-etoudi-recadre-etoo-seidou-mbombo-njoya-recu-par-ferdinand-ngoh-ngoh\"},\"author\":{\"name\":\"cfeditorfr\",\"@id\":\"https:\/\/www.africa-press.net\/cameroun\/#\/schema\/person\/2b1cf3cd81a31e3cd26889ca66d677f1\"},\"headline\":\"Officiel: Etoudi recadre Eto&rsquo;o, Seidou Mbombo Njoya re\u00e7u par Ferdinand Ngoh Ngoh\",\"datePublished\":\"2023-03-16T19:30:14+00:00\",\"dateModified\":\"2023-03-16T20:11:32+00:00\",\"mainEntityOfPage\":{\"@id\":\"https:\/\/www.africa-press.net\/cameroun\/sports\/officiel-etoudi-recadre-etoo-seidou-mbombo-njoya-recu-par-ferdinand-ngoh-ngoh\"},\"wordCount\":416,\"commentCount\":0,\"image\":{\"@id\":\"https:\/\/www.africa-press.net\/cameroun\/sports\/officiel-etoudi-recadre-etoo-seidou-mbombo-njoya-recu-par-ferdinand-ngoh-ngoh#primaryimage\"},\"thumbnailUrl\":\"https:\/\/static.africa-press.net\/cameroun\/sites\/57\/2023\/03\/postQueueImg_1678982418.05.jpg\",\"keywords\":[\"Africa Press\",\"Africa Press-Cameroun\",\"Cameroun\"],\"articleSection\":[\"Sports\",\"Toutes les actualit\u00e9s\"],\"inLanguage\":\"fr-FR\",\"potentialAction\":[{\"@type\":\"CommentAction\",\"name\":\"Comment\",\"target\":[\"https:\/\/www.africa-press.net\/cameroun\/sports\/officiel-etoudi-recadre-etoo-seidou-mbombo-njoya-recu-par-ferdinand-ngoh-ngoh#respond\"]}]},{\"@type\":\"WebPage\",\"@id\":\"https:\/\/www.africa-press.net\/cameroun\/sports\/officiel-etoudi-recadre-etoo-seidou-mbombo-njoya-recu-par-ferdinand-ngoh-ngoh\",\"url\":\"https:\/\/www.africa-press.net\/cameroun\/sports\/officiel-etoudi-recadre-etoo-seidou-mbombo-njoya-recu-par-ferdinand-ngoh-ngoh\",\"name\":\"Officiel: Etoudi recadre Eto'o, Seidou Mbombo Njoya re\u00e7u par Ferdinand Ngoh Ngoh - Cameroun\",\"isPartOf\":{\"@id\":\"https:\/\/www.africa-press.net\/cameroun\/#website\"},\"primaryImageOfPage\":{\"@id\":\"https:\/\/www.africa-press.net\/cameroun\/sports\/officiel-etoudi-recadre-etoo-seidou-mbombo-njoya-recu-par-ferdinand-ngoh-ngoh#primaryimage\"},\"image\":{\"@id\":\"https:\/\/www.africa-press.net\/cameroun\/sports\/officiel-etoudi-recadre-etoo-seidou-mbombo-njoya-recu-par-ferdinand-ngoh-ngoh#primaryimage\"},\"thumbnailUrl\":\"https:\/\/static.africa-press.net\/cameroun\/sites\/57\/2023\/03\/postQueueImg_1678982418.05.jpg\",\"datePublished\":\"2023-03-16T19:30:14+00:00\",\"dateModified\":\"2023-03-16T20:11:32+00:00\",\"author\":{\"@id\":\"https:\/\/www.africa-press.net\/cameroun\/#\/schema\/person\/2b1cf3cd81a31e3cd26889ca66d677f1\"},\"description\":\"Il s'agit d'une information re\u0301ve\u0301le\u0301e ce jeudi 16 mars par nos confre\u0300res du site d'information marocain, lionsdelatlas ...\",\"breadcrumb\":{\"@id\":\"https:\/\/www.africa-press.net\/cameroun\/sports\/officiel-etoudi-recadre-etoo-seidou-mbombo-njoya-recu-par-ferdinand-ngoh-ngoh#breadcrumb\"},\"inLanguage\":\"fr-FR\",\"potentialAction\":[{\"@type\":\"ReadAction\",\"target\":[\"https:\/\/www.africa-press.net\/cameroun\/sports\/officiel-etoudi-recadre-etoo-seidou-mbombo-njoya-recu-par-ferdinand-ngoh-ngoh\"]}]},{\"@type\":\"ImageObject\",\"inLanguage\":\"fr-FR\",\"@id\":\"https:\/\/www.africa-press.net\/cameroun\/sports\/officiel-etoudi-recadre-etoo-seidou-mbombo-njoya-recu-par-ferdinand-ngoh-ngoh#primaryimage\",\"url\":\"https:\/\/static.africa-press.net\/cameroun\/sites\/57\/2023\/03\/postQueueImg_1678982418.05.jpg\",\"contentUrl\":\"https:\/\/static.africa-press.net\/cameroun\/sites\/57\/2023\/03\/postQueueImg_1678982418.05.jpg\",\"width\":720,\"height\":404,\"caption\":\"Officiel: Etoudi recadre Eto'o, Seidou Mbombo Njoya re\u00e7u par Ferdinand Ngoh Ngoh\"},{\"@type\":\"BreadcrumbList\",\"@id\":\"https:\/\/www.africa-press.net\/cameroun\/sports\/officiel-etoudi-recadre-etoo-seidou-mbombo-njoya-recu-par-ferdinand-ngoh-ngoh#breadcrumb\",\"itemListElement\":[{\"@type\":\"ListItem\",\"position\":1,\"name\":\"Accueil\",\"item\":\"https:\/\/www.africa-press.net\/cameroun\/\"},{\"@type\":\"ListItem\",\"position\":2,\"name\":\"Officiel: Etoudi recadre Eto&rsquo;o, Seidou Mbombo Njoya re\u00e7u par Ferdinand Ngoh Ngoh\"}]},{\"@type\":\"WebSite\",\"@id\":\"https:\/\/www.africa-press.net\/cameroun\/#website\",\"url\":\"https:\/\/www.africa-press.net\/cameroun\/\",\"name\":\"Cameroun\",\"description\":\"Just another Africa News Agency Sites site\",\"potentialAction\":[{\"@type\":\"SearchAction\",\"target\":{\"@type\":\"EntryPoint\",\"urlTemplate\":\"https:\/\/www.africa-press.net\/cameroun\/?s={search_term_string}\"},\"query-input\":{\"@type\":\"PropertyValueSpecification\",\"valueRequired\":true,\"valueName\":\"search_term_string\"}}],\"inLanguage\":\"fr-FR\"},{\"@type\":\"Person\",\"@id\":\"https:\/\/www.africa-press.net\/cameroun\/#\/schema\/person\/2b1cf3cd81a31e3cd26889ca66d677f1\",\"name\":\"cfeditorfr\"}]}<\/script>\n<!-- \/ Yoast SEO Premium plugin. -->","yoast_head_json":{"title":"Officiel: Etoudi recadre Eto'o, Seidou Mbombo Njoya re\u00e7u par Ferdinand Ngoh Ngoh - Cameroun","description":"Il s'agit d'une information re\u0301ve\u0301le\u0301e ce jeudi 16 mars par nos confre\u0300res du site d'information marocain, lionsdelatlas ...","robots":{"index":"index","follow":"follow","max-snippet":"max-snippet:-1","max-image-preview":"max-image-preview:large","max-video-preview":"max-video-preview:-1"},"canonical":"https:\/\/www.africa-press.net\/cameroun\/sports\/officiel-etoudi-recadre-etoo-seidou-mbombo-njoya-recu-par-ferdinand-ngoh-ngoh","og_locale":"fr_FR","og_type":"article","og_title":"Officiel: Etoudi recadre Eto'o, Seidou Mbombo Njoya re\u00e7u par Ferdinand Ngoh Ngoh","og_description":"Il s'agit d'une information re\u0301ve\u0301le\u0301e ce jeudi 16 mars par nos confre\u0300res du site d'information marocain, lionsdelatlas ...","og_url":"https:\/\/www.africa-press.net\/cameroun\/sports\/officiel-etoudi-recadre-etoo-seidou-mbombo-njoya-recu-par-ferdinand-ngoh-ngoh","og_site_name":"Cameroun","article_published_time":"2023-03-16T19:30:14+00:00","article_modified_time":"2023-03-16T20:11:32+00:00","og_image":[{"width":720,"height":404,"url":"https:\/\/static.africa-press.net\/cameroun\/sites\/57\/2023\/03\/postQueueImg_1678982418.05.jpg","type":"image\/jpeg"}],"author":"cfeditorfr","twitter_card":"summary_large_image","twitter_misc":{"\u00c9crit par":"cfeditorfr","Dur\u00e9e de lecture estim\u00e9e":"2 minutes"},"schema":{"@context":"https:\/\/schema.org","@graph":[{"@type":"Article","@id":"https:\/\/www.africa-press.net\/cameroun\/sports\/officiel-etoudi-recadre-etoo-seidou-mbombo-njoya-recu-par-ferdinand-ngoh-ngoh#article","isPartOf":{"@id":"https:\/\/www.africa-press.net\/cameroun\/sports\/officiel-etoudi-recadre-etoo-seidou-mbombo-njoya-recu-par-ferdinand-ngoh-ngoh"},"author":{"name":"cfeditorfr","@id":"https:\/\/www.africa-press.net\/cameroun\/#\/schema\/person\/2b1cf3cd81a31e3cd26889ca66d677f1"},"headline":"Officiel: Etoudi recadre Eto&rsquo;o, Seidou Mbombo Njoya re\u00e7u par Ferdinand Ngoh Ngoh","datePublished":"2023-03-16T19:30:14+00:00","dateModified":"2023-03-16T20:11:32+00:00","mainEntityOfPage":{"@id":"https:\/\/www.africa-press.net\/cameroun\/sports\/officiel-etoudi-recadre-etoo-seidou-mbombo-njoya-recu-par-ferdinand-ngoh-ngoh"},"wordCount":416,"commentCount":0,"image":{"@id":"https:\/\/www.africa-press.net\/cameroun\/sports\/officiel-etoudi-recadre-etoo-seidou-mbombo-njoya-recu-par-ferdinand-ngoh-ngoh#primaryimage"},"thumbnailUrl":"https:\/\/static.africa-press.net\/cameroun\/sites\/57\/2023\/03\/postQueueImg_1678982418.05.jpg","keywords":["Africa Press","Africa Press-Cameroun","Cameroun"],"articleSection":["Sports","Toutes les actualit\u00e9s"],"inLanguage":"fr-FR","potentialAction":[{"@type":"CommentAction","name":"Comment","target":["https:\/\/www.africa-press.net\/cameroun\/sports\/officiel-etoudi-recadre-etoo-seidou-mbombo-njoya-recu-par-ferdinand-ngoh-ngoh#respond"]}]},{"@type":"WebPage","@id":"https:\/\/www.africa-press.net\/cameroun\/sports\/officiel-etoudi-recadre-etoo-seidou-mbombo-njoya-recu-par-ferdinand-ngoh-ngoh","url":"https:\/\/www.africa-press.net\/cameroun\/sports\/officiel-etoudi-recadre-etoo-seidou-mbombo-njoya-recu-par-ferdinand-ngoh-ngoh","name":"Officiel: Etoudi recadre Eto'o, Seidou Mbombo Njoya re\u00e7u par Ferdinand Ngoh Ngoh - Cameroun","isPartOf":{"@id":"https:\/\/www.africa-press.net\/cameroun\/#website"},"primaryImageOfPage":{"@id":"https:\/\/www.africa-press.net\/cameroun\/sports\/officiel-etoudi-recadre-etoo-seidou-mbombo-njoya-recu-par-ferdinand-ngoh-ngoh#primaryimage"},"image":{"@id":"https:\/\/www.africa-press.net\/cameroun\/sports\/officiel-etoudi-recadre-etoo-seidou-mbombo-njoya-recu-par-ferdinand-ngoh-ngoh#primaryimage"},"thumbnailUrl":"https:\/\/static.africa-press.net\/cameroun\/sites\/57\/2023\/03\/postQueueImg_1678982418.05.jpg","datePublished":"2023-03-16T19:30:14+00:00","dateModified":"2023-03-16T20:11:32+00:00","author":{"@id":"https:\/\/www.africa-press.net\/cameroun\/#\/schema\/person\/2b1cf3cd81a31e3cd26889ca66d677f1"},"description":"Il s'agit d'une information re\u0301ve\u0301le\u0301e ce jeudi 16 mars par nos confre\u0300res du site d'information marocain, lionsdelatlas ...","breadcrumb":{"@id":"https:\/\/www.africa-press.net\/cameroun\/sports\/officiel-etoudi-recadre-etoo-seidou-mbombo-njoya-recu-par-ferdinand-ngoh-ngoh#breadcrumb"},"inLanguage":"fr-FR","potentialAction":[{"@type":"ReadAction","target":["https:\/\/www.africa-press.net\/cameroun\/sports\/officiel-etoudi-recadre-etoo-seidou-mbombo-njoya-recu-par-ferdinand-ngoh-ngoh"]}]},{"@type":"ImageObject","inLanguage":"fr-FR","@id":"https:\/\/www.africa-press.net\/cameroun\/sports\/officiel-etoudi-recadre-etoo-seidou-mbombo-njoya-recu-par-ferdinand-ngoh-ngoh#primaryimage","url":"https:\/\/static.africa-press.net\/cameroun\/sites\/57\/2023\/03\/postQueueImg_1678982418.05.jpg","contentUrl":"https:\/\/static.africa-press.net\/cameroun\/sites\/57\/2023\/03\/postQueueImg_1678982418.05.jpg","width":720,"height":404,"caption":"Officiel: Etoudi recadre Eto'o, Seidou Mbombo Njoya re\u00e7u par Ferdinand Ngoh Ngoh"},{"@type":"BreadcrumbList","@id":"https:\/\/www.africa-press.net\/cameroun\/sports\/officiel-etoudi-recadre-etoo-seidou-mbombo-njoya-recu-par-ferdinand-ngoh-ngoh#breadcrumb","itemListElement":[{"@type":"ListItem","position":1,"name":"Accueil","item":"https:\/\/www.africa-press.net\/cameroun\/"},{"@type":"ListItem","position":2,"name":"Officiel: Etoudi recadre Eto&rsquo;o, Seidou Mbombo Njoya re\u00e7u par Ferdinand Ngoh Ngoh"}]},{"@type":"WebSite","@id":"https:\/\/www.africa-press.net\/cameroun\/#website","url":"https:\/\/www.africa-press.net\/cameroun\/","name":"Cameroun","description":"Just another Africa News Agency Sites site","potentialAction":[{"@type":"SearchAction","target":{"@type":"EntryPoint","urlTemplate":"https:\/\/www.africa-press.net\/cameroun\/?s={search_term_string}"},"query-input":{"@type":"PropertyValueSpecification","valueRequired":true,"valueName":"search_term_string"}}],"inLanguage":"fr-FR"},{"@type":"Person","@id":"https:\/\/www.africa-press.net\/cameroun\/#\/schema\/person\/2b1cf3cd81a31e3cd26889ca66d677f1","name":"cfeditorfr"}]}},"_links":{"self":[{"href":"https:\/\/www.africa-press.net\/cameroun\/wp-json\/wp\/v2\/posts\/39507","targetHints":{"allow":["GET"]}}],"collection":[{"href":"https:\/\/www.africa-press.net\/cameroun\/wp-json\/wp\/v2\/posts"}],"about":[{"href":"https:\/\/www.africa-press.net\/cameroun\/wp-json\/wp\/v2\/types\/post"}],"author":[{"embeddable":true,"href":"https:\/\/www.africa-press.net\/cameroun\/wp-json\/wp\/v2\/users\/82"}],"replies":[{"embeddable":true,"href":"https:\/\/www.africa-press.net\/cameroun\/wp-json\/wp\/v2\/comments?post=39507"}],"version-history":[{"count":0,"href":"https:\/\/www.africa-press.net\/cameroun\/wp-json\/wp\/v2\/posts\/39507\/revisions"}],"wp:featuredmedia":[{"embeddable":true,"href":"https:\/\/www.africa-press.net\/cameroun\/wp-json\/wp\/v2\/media\/39505"}],"wp:attachment":[{"href":"https:\/\/www.africa-press.net\/cameroun\/wp-json\/wp\/v2\/media?parent=39507"}],"wp:term":[{"taxonomy":"category","embeddable":true,"href":"https:\/\/www.africa-press.net\/cameroun\/wp-json\/wp\/v2\/categories?post=39507"},{"taxonomy":"post_tag","embeddable":true,"href":"https:\/\/www.africa-press.net\/cameroun\/wp-json\/wp\/v2\/tags?post=39507"}],"curies":[{"name":"wp","href":"https:\/\/api.w.org\/{rel}","templated":true}]}}