{"id":39513,"date":"2023-03-16T19:30:24","date_gmt":"2023-03-16T19:30:24","guid":{"rendered":"https:\/\/www.africa-press.net\/cameroun\/politique\/derniere-minute-bataille-autour-de-la-depouille-de-labbe-emilien-messina-decede-a-la-prison-centrale-de-bertoua"},"modified":"2023-03-16T20:13:10","modified_gmt":"2023-03-16T20:13:10","slug":"derniere-minute-bataille-autour-de-la-depouille-de-labbe-emilien-messina-decede-a-la-prison-centrale-de-bertoua","status":"publish","type":"post","link":"https:\/\/www.africa-press.net\/cameroun\/toutes-les-actualites\/derniere-minute-bataille-autour-de-la-depouille-de-labbe-emilien-messina-decede-a-la-prison-centrale-de-bertoua","title":{"rendered":"Derni\u00e8re Minute :  Bataille autour de la d\u00e9pouille de l&rsquo;Abb\u00e9 Emilien Messina d\u00e9c\u00e9d\u00e9 \u00e0 la prison centrale de Bertoua"},"content":{"rendered":"<p><span style=\"color: #ff6600\"><strong>Africa-Press &#8211; Cameroun. <\/strong><\/span>De\u0301ce\u0301de\u0301 des suites de maladie ce 15 mars 2023 a\u0300 l&rsquo;Ho\u0302pital re\u0301gional de Bertoua alors qu&rsquo;il e\u0301tait sous le coup d&rsquo;un mandat de de\u0301tention provisoire a\u0300 la Prison centrale de la me\u0302me ville, une danse macabre autour de la de\u0301pouille du de\u0301funt est en cours depuis quelques heures a\u0300 la morgue. En effet, la famille de l&rsquo;Abbe\u0301 Emilien Messina veut re\u0301cupe\u0301rer le corps mais l&rsquo;administration pe\u0301nitentiaire de Bertoua s&rsquo;oppose et estime que le corps doit e\u0302tre remis a\u0300 l&rsquo;e\u0301glise catholique. Mais lorsqu&rsquo;on se souvient que l&rsquo;abbe\u0301 E\u0301milien Messina avait e\u0301te\u0301 de\u0301charge\u0301 de son ministe\u0300re par le Pe\u0300re Archeve\u0302que, Mgr Joseph Atanga a\u0300 la suite de la proce\u0301dure judiciaire ouverte, il y&rsquo;a lieu de s&rsquo;interroger. En effet, la mort de vient de frapper et a emporte\u0301 l&rsquo;homme de Dieu abandonne\u0301 par les siens.<\/p>\n<p>C&rsquo;est alors que l&rsquo;on a appris que la famille du pre\u0302tre est farouchement en cole\u0300re a\u0300 l&rsquo;ide\u0301e selon laquelle, l&rsquo;e\u0301glise catholique est responsable de la de\u0301pouille de l&rsquo;Abbe\u0301 Emilien Messina. Elle s&rsquo;appuie sur un argument selon lequelle leur fils a e\u0301te\u0301 humilie\u0301 et trai\u0302ne\u0301 dans la boue par l&rsquo;e\u0301glise catholique durant ses derniers jours. \u00ab\u00a0Des tribulations inhumaines qui l&rsquo;ont sans doute conduit a\u0300 la mort sans le soutien des dirigeants de l&rsquo;e\u0301glise catholique\u00a0\u00bb, apprend-on.<\/p>\n<p><strong>Pour plus d&rsquo;informations et d&rsquo;analyses sur la <a href=\"https:\/\/www.africa-press.net\/cameroun\">Cameroun<\/a>, suivez <a href=\"https:\/\/www.africa-press.net\/\">Africa-Press<\/a><\/strong><\/p>\n","protected":false},"excerpt":{"rendered":"<p>Africa-Press &#8211; Cameroun. De\u0301ce\u0301de\u0301 des suites de maladie ce 15 mars 2023 a\u0300 l&rsquo;Ho\u0302pital re\u0301gional de Bertoua alors qu&rsquo;il e\u0301tait sous le coup d&rsquo;un mandat de de\u0301tention provisoire a\u0300 la Prison centrale de la me\u0302me ville, une danse macabre autour de la de\u0301pouille du de\u0301funt est en cours depuis quelques heures a\u0300 la morgue. En [&hellip;]<\/p>\n","protected":false},"author":82,"featured_media":39512,"comment_status":"open","ping_status":"closed","sticky":false,"template":"","format":"standard","meta":{"footnotes":""},"categories":[21,10],"tags":[36,50,49],"class_list":["post-39513","post","type-post","status-publish","format-standard","has-post-thumbnail","hentry","category-communaute","category-toutes-les-actualites","tag-africa-press","tag-africa-press-cameroun","tag-cameroun"],"yoast_head":"<!-- This site is optimized with the Yoast SEO Premium plugin v26.1 (Yoast SEO v27.0) - https:\/\/yoast.com\/product\/yoast-seo-premium-wordpress\/ -->\n<title>Derni\u00e8re Minute : Bataille autour de la d\u00e9pouille de l&#039;Abb\u00e9 Emilien Messina d\u00e9c\u00e9d\u00e9 \u00e0 la prison centrale de Bertoua - Cameroun<\/title>\n<meta name=\"description\" content=\"De\u0301ce\u0301de\u0301 des suites de maladie ce 15 mars 2023 a\u0300 l&#039;Ho\u0302pital re\u0301gional de Bertoua alors qu&#039;il e\u0301tait sous le coup d&#039;un ...\" \/>\n<meta name=\"robots\" content=\"index, follow, max-snippet:-1, max-image-preview:large, max-video-preview:-1\" \/>\n<link rel=\"canonical\" href=\"https:\/\/www.africa-press.net\/cameroun\/toutes-les-actualites\/derniere-minute-bataille-autour-de-la-depouille-de-labbe-emilien-messina-decede-a-la-prison-centrale-de-bertoua\" \/>\n<meta property=\"og:locale\" content=\"fr_FR\" \/>\n<meta property=\"og:type\" content=\"article\" \/>\n<meta property=\"og:title\" content=\"Derni\u00e8re Minute : Bataille autour de la d\u00e9pouille de l&#039;Abb\u00e9 Emilien Messina d\u00e9c\u00e9d\u00e9 \u00e0 la prison centrale de Bertoua\" \/>\n<meta property=\"og:description\" content=\"De\u0301ce\u0301de\u0301 des suites de maladie ce 15 mars 2023 a\u0300 l&#039;Ho\u0302pital re\u0301gional de Bertoua alors qu&#039;il e\u0301tait sous le coup d&#039;un ...\" \/>\n<meta property=\"og:url\" content=\"https:\/\/www.africa-press.net\/cameroun\/toutes-les-actualites\/derniere-minute-bataille-autour-de-la-depouille-de-labbe-emilien-messina-decede-a-la-prison-centrale-de-bertoua\" \/>\n<meta property=\"og:site_name\" content=\"Cameroun\" \/>\n<meta property=\"article:published_time\" content=\"2023-03-16T19:30:24+00:00\" \/>\n<meta property=\"article:modified_time\" content=\"2023-03-16T20:13:10+00:00\" \/>\n<meta property=\"og:image\" content=\"https:\/\/static.africa-press.net\/cameroun\/sites\/57\/2023\/03\/postQueueImg_1678982429.68.jpg\" \/>\n\t<meta property=\"og:image:width\" content=\"720\" \/>\n\t<meta property=\"og:image:height\" content=\"500\" \/>\n\t<meta property=\"og:image:type\" content=\"image\/jpeg\" \/>\n<meta name=\"author\" content=\"cfeditorfr\" \/>\n<meta name=\"twitter:card\" content=\"summary_large_image\" \/>\n<meta name=\"twitter:label1\" content=\"\u00c9crit par\" \/>\n\t<meta name=\"twitter:data1\" content=\"cfeditorfr\" \/>\n\t<meta name=\"twitter:label2\" content=\"Dur\u00e9e de lecture estim\u00e9e\" \/>\n\t<meta name=\"twitter:data2\" content=\"1 minute\" \/>\n<script type=\"application\/ld+json\" class=\"yoast-schema-graph\">{\"@context\":\"https:\/\/schema.org\",\"@graph\":[{\"@type\":\"Article\",\"@id\":\"https:\/\/www.africa-press.net\/cameroun\/toutes-les-actualites\/derniere-minute-bataille-autour-de-la-depouille-de-labbe-emilien-messina-decede-a-la-prison-centrale-de-bertoua#article\",\"isPartOf\":{\"@id\":\"https:\/\/www.africa-press.net\/cameroun\/toutes-les-actualites\/derniere-minute-bataille-autour-de-la-depouille-de-labbe-emilien-messina-decede-a-la-prison-centrale-de-bertoua\"},\"author\":{\"name\":\"cfeditorfr\",\"@id\":\"https:\/\/www.africa-press.net\/cameroun\/#\/schema\/person\/2b1cf3cd81a31e3cd26889ca66d677f1\"},\"headline\":\"Derni\u00e8re Minute : Bataille autour de la d\u00e9pouille de l&rsquo;Abb\u00e9 Emilien Messina d\u00e9c\u00e9d\u00e9 \u00e0 la prison centrale de Bertoua\",\"datePublished\":\"2023-03-16T19:30:24+00:00\",\"dateModified\":\"2023-03-16T20:13:10+00:00\",\"mainEntityOfPage\":{\"@id\":\"https:\/\/www.africa-press.net\/cameroun\/toutes-les-actualites\/derniere-minute-bataille-autour-de-la-depouille-de-labbe-emilien-messina-decede-a-la-prison-centrale-de-bertoua\"},\"wordCount\":292,\"commentCount\":0,\"image\":{\"@id\":\"https:\/\/www.africa-press.net\/cameroun\/toutes-les-actualites\/derniere-minute-bataille-autour-de-la-depouille-de-labbe-emilien-messina-decede-a-la-prison-centrale-de-bertoua#primaryimage\"},\"thumbnailUrl\":\"https:\/\/static.africa-press.net\/cameroun\/sites\/57\/2023\/03\/postQueueImg_1678982429.68.jpg\",\"keywords\":[\"Africa Press\",\"Africa Press-Cameroun\",\"Cameroun\"],\"articleSection\":[\"Communaut\u00e9\",\"Toutes les actualit\u00e9s\"],\"inLanguage\":\"fr-FR\",\"potentialAction\":[{\"@type\":\"CommentAction\",\"name\":\"Comment\",\"target\":[\"https:\/\/www.africa-press.net\/cameroun\/toutes-les-actualites\/derniere-minute-bataille-autour-de-la-depouille-de-labbe-emilien-messina-decede-a-la-prison-centrale-de-bertoua#respond\"]}]},{\"@type\":\"WebPage\",\"@id\":\"https:\/\/www.africa-press.net\/cameroun\/toutes-les-actualites\/derniere-minute-bataille-autour-de-la-depouille-de-labbe-emilien-messina-decede-a-la-prison-centrale-de-bertoua\",\"url\":\"https:\/\/www.africa-press.net\/cameroun\/toutes-les-actualites\/derniere-minute-bataille-autour-de-la-depouille-de-labbe-emilien-messina-decede-a-la-prison-centrale-de-bertoua\",\"name\":\"Derni\u00e8re Minute : Bataille autour de la d\u00e9pouille de l'Abb\u00e9 Emilien Messina d\u00e9c\u00e9d\u00e9 \u00e0 la prison centrale de Bertoua - Cameroun\",\"isPartOf\":{\"@id\":\"https:\/\/www.africa-press.net\/cameroun\/#website\"},\"primaryImageOfPage\":{\"@id\":\"https:\/\/www.africa-press.net\/cameroun\/toutes-les-actualites\/derniere-minute-bataille-autour-de-la-depouille-de-labbe-emilien-messina-decede-a-la-prison-centrale-de-bertoua#primaryimage\"},\"image\":{\"@id\":\"https:\/\/www.africa-press.net\/cameroun\/toutes-les-actualites\/derniere-minute-bataille-autour-de-la-depouille-de-labbe-emilien-messina-decede-a-la-prison-centrale-de-bertoua#primaryimage\"},\"thumbnailUrl\":\"https:\/\/static.africa-press.net\/cameroun\/sites\/57\/2023\/03\/postQueueImg_1678982429.68.jpg\",\"datePublished\":\"2023-03-16T19:30:24+00:00\",\"dateModified\":\"2023-03-16T20:13:10+00:00\",\"author\":{\"@id\":\"https:\/\/www.africa-press.net\/cameroun\/#\/schema\/person\/2b1cf3cd81a31e3cd26889ca66d677f1\"},\"description\":\"De\u0301ce\u0301de\u0301 des suites de maladie ce 15 mars 2023 a\u0300 l'Ho\u0302pital re\u0301gional de Bertoua alors qu'il e\u0301tait sous le coup d'un ...\",\"breadcrumb\":{\"@id\":\"https:\/\/www.africa-press.net\/cameroun\/toutes-les-actualites\/derniere-minute-bataille-autour-de-la-depouille-de-labbe-emilien-messina-decede-a-la-prison-centrale-de-bertoua#breadcrumb\"},\"inLanguage\":\"fr-FR\",\"potentialAction\":[{\"@type\":\"ReadAction\",\"target\":[\"https:\/\/www.africa-press.net\/cameroun\/toutes-les-actualites\/derniere-minute-bataille-autour-de-la-depouille-de-labbe-emilien-messina-decede-a-la-prison-centrale-de-bertoua\"]}]},{\"@type\":\"ImageObject\",\"inLanguage\":\"fr-FR\",\"@id\":\"https:\/\/www.africa-press.net\/cameroun\/toutes-les-actualites\/derniere-minute-bataille-autour-de-la-depouille-de-labbe-emilien-messina-decede-a-la-prison-centrale-de-bertoua#primaryimage\",\"url\":\"https:\/\/static.africa-press.net\/cameroun\/sites\/57\/2023\/03\/postQueueImg_1678982429.68.jpg\",\"contentUrl\":\"https:\/\/static.africa-press.net\/cameroun\/sites\/57\/2023\/03\/postQueueImg_1678982429.68.jpg\",\"width\":720,\"height\":500,\"caption\":\"Derni\u00e8re Minute : Bataille autour de la d\u00e9pouille de l'Abb\u00e9 Emilien Messina d\u00e9c\u00e9d\u00e9 \u00e0 la prison centrale de Bertoua\"},{\"@type\":\"BreadcrumbList\",\"@id\":\"https:\/\/www.africa-press.net\/cameroun\/toutes-les-actualites\/derniere-minute-bataille-autour-de-la-depouille-de-labbe-emilien-messina-decede-a-la-prison-centrale-de-bertoua#breadcrumb\",\"itemListElement\":[{\"@type\":\"ListItem\",\"position\":1,\"name\":\"Accueil\",\"item\":\"https:\/\/www.africa-press.net\/cameroun\/\"},{\"@type\":\"ListItem\",\"position\":2,\"name\":\"Derni\u00e8re Minute : Bataille autour de la d\u00e9pouille de l&rsquo;Abb\u00e9 Emilien Messina d\u00e9c\u00e9d\u00e9 \u00e0 la prison centrale de Bertoua\"}]},{\"@type\":\"WebSite\",\"@id\":\"https:\/\/www.africa-press.net\/cameroun\/#website\",\"url\":\"https:\/\/www.africa-press.net\/cameroun\/\",\"name\":\"Cameroun\",\"description\":\"Just another Africa News Agency Sites site\",\"potentialAction\":[{\"@type\":\"SearchAction\",\"target\":{\"@type\":\"EntryPoint\",\"urlTemplate\":\"https:\/\/www.africa-press.net\/cameroun\/?s={search_term_string}\"},\"query-input\":{\"@type\":\"PropertyValueSpecification\",\"valueRequired\":true,\"valueName\":\"search_term_string\"}}],\"inLanguage\":\"fr-FR\"},{\"@type\":\"Person\",\"@id\":\"https:\/\/www.africa-press.net\/cameroun\/#\/schema\/person\/2b1cf3cd81a31e3cd26889ca66d677f1\",\"name\":\"cfeditorfr\"}]}<\/script>\n<!-- \/ Yoast SEO Premium plugin. -->","yoast_head_json":{"title":"Derni\u00e8re Minute : Bataille autour de la d\u00e9pouille de l'Abb\u00e9 Emilien Messina d\u00e9c\u00e9d\u00e9 \u00e0 la prison centrale de Bertoua - Cameroun","description":"De\u0301ce\u0301de\u0301 des suites de maladie ce 15 mars 2023 a\u0300 l'Ho\u0302pital re\u0301gional de Bertoua alors qu'il e\u0301tait sous le coup d'un ...","robots":{"index":"index","follow":"follow","max-snippet":"max-snippet:-1","max-image-preview":"max-image-preview:large","max-video-preview":"max-video-preview:-1"},"canonical":"https:\/\/www.africa-press.net\/cameroun\/toutes-les-actualites\/derniere-minute-bataille-autour-de-la-depouille-de-labbe-emilien-messina-decede-a-la-prison-centrale-de-bertoua","og_locale":"fr_FR","og_type":"article","og_title":"Derni\u00e8re Minute : Bataille autour de la d\u00e9pouille de l'Abb\u00e9 Emilien Messina d\u00e9c\u00e9d\u00e9 \u00e0 la prison centrale de Bertoua","og_description":"De\u0301ce\u0301de\u0301 des suites de maladie ce 15 mars 2023 a\u0300 l'Ho\u0302pital re\u0301gional de Bertoua alors qu'il e\u0301tait sous le coup d'un ...","og_url":"https:\/\/www.africa-press.net\/cameroun\/toutes-les-actualites\/derniere-minute-bataille-autour-de-la-depouille-de-labbe-emilien-messina-decede-a-la-prison-centrale-de-bertoua","og_site_name":"Cameroun","article_published_time":"2023-03-16T19:30:24+00:00","article_modified_time":"2023-03-16T20:13:10+00:00","og_image":[{"width":720,"height":500,"url":"https:\/\/static.africa-press.net\/cameroun\/sites\/57\/2023\/03\/postQueueImg_1678982429.68.jpg","type":"image\/jpeg"}],"author":"cfeditorfr","twitter_card":"summary_large_image","twitter_misc":{"\u00c9crit par":"cfeditorfr","Dur\u00e9e de lecture estim\u00e9e":"1 minute"},"schema":{"@context":"https:\/\/schema.org","@graph":[{"@type":"Article","@id":"https:\/\/www.africa-press.net\/cameroun\/toutes-les-actualites\/derniere-minute-bataille-autour-de-la-depouille-de-labbe-emilien-messina-decede-a-la-prison-centrale-de-bertoua#article","isPartOf":{"@id":"https:\/\/www.africa-press.net\/cameroun\/toutes-les-actualites\/derniere-minute-bataille-autour-de-la-depouille-de-labbe-emilien-messina-decede-a-la-prison-centrale-de-bertoua"},"author":{"name":"cfeditorfr","@id":"https:\/\/www.africa-press.net\/cameroun\/#\/schema\/person\/2b1cf3cd81a31e3cd26889ca66d677f1"},"headline":"Derni\u00e8re Minute : Bataille autour de la d\u00e9pouille de l&rsquo;Abb\u00e9 Emilien Messina d\u00e9c\u00e9d\u00e9 \u00e0 la prison centrale de Bertoua","datePublished":"2023-03-16T19:30:24+00:00","dateModified":"2023-03-16T20:13:10+00:00","mainEntityOfPage":{"@id":"https:\/\/www.africa-press.net\/cameroun\/toutes-les-actualites\/derniere-minute-bataille-autour-de-la-depouille-de-labbe-emilien-messina-decede-a-la-prison-centrale-de-bertoua"},"wordCount":292,"commentCount":0,"image":{"@id":"https:\/\/www.africa-press.net\/cameroun\/toutes-les-actualites\/derniere-minute-bataille-autour-de-la-depouille-de-labbe-emilien-messina-decede-a-la-prison-centrale-de-bertoua#primaryimage"},"thumbnailUrl":"https:\/\/static.africa-press.net\/cameroun\/sites\/57\/2023\/03\/postQueueImg_1678982429.68.jpg","keywords":["Africa Press","Africa Press-Cameroun","Cameroun"],"articleSection":["Communaut\u00e9","Toutes les actualit\u00e9s"],"inLanguage":"fr-FR","potentialAction":[{"@type":"CommentAction","name":"Comment","target":["https:\/\/www.africa-press.net\/cameroun\/toutes-les-actualites\/derniere-minute-bataille-autour-de-la-depouille-de-labbe-emilien-messina-decede-a-la-prison-centrale-de-bertoua#respond"]}]},{"@type":"WebPage","@id":"https:\/\/www.africa-press.net\/cameroun\/toutes-les-actualites\/derniere-minute-bataille-autour-de-la-depouille-de-labbe-emilien-messina-decede-a-la-prison-centrale-de-bertoua","url":"https:\/\/www.africa-press.net\/cameroun\/toutes-les-actualites\/derniere-minute-bataille-autour-de-la-depouille-de-labbe-emilien-messina-decede-a-la-prison-centrale-de-bertoua","name":"Derni\u00e8re Minute : Bataille autour de la d\u00e9pouille de l'Abb\u00e9 Emilien Messina d\u00e9c\u00e9d\u00e9 \u00e0 la prison centrale de Bertoua - Cameroun","isPartOf":{"@id":"https:\/\/www.africa-press.net\/cameroun\/#website"},"primaryImageOfPage":{"@id":"https:\/\/www.africa-press.net\/cameroun\/toutes-les-actualites\/derniere-minute-bataille-autour-de-la-depouille-de-labbe-emilien-messina-decede-a-la-prison-centrale-de-bertoua#primaryimage"},"image":{"@id":"https:\/\/www.africa-press.net\/cameroun\/toutes-les-actualites\/derniere-minute-bataille-autour-de-la-depouille-de-labbe-emilien-messina-decede-a-la-prison-centrale-de-bertoua#primaryimage"},"thumbnailUrl":"https:\/\/static.africa-press.net\/cameroun\/sites\/57\/2023\/03\/postQueueImg_1678982429.68.jpg","datePublished":"2023-03-16T19:30:24+00:00","dateModified":"2023-03-16T20:13:10+00:00","author":{"@id":"https:\/\/www.africa-press.net\/cameroun\/#\/schema\/person\/2b1cf3cd81a31e3cd26889ca66d677f1"},"description":"De\u0301ce\u0301de\u0301 des suites de maladie ce 15 mars 2023 a\u0300 l'Ho\u0302pital re\u0301gional de Bertoua alors qu'il e\u0301tait sous le coup d'un ...","breadcrumb":{"@id":"https:\/\/www.africa-press.net\/cameroun\/toutes-les-actualites\/derniere-minute-bataille-autour-de-la-depouille-de-labbe-emilien-messina-decede-a-la-prison-centrale-de-bertoua#breadcrumb"},"inLanguage":"fr-FR","potentialAction":[{"@type":"ReadAction","target":["https:\/\/www.africa-press.net\/cameroun\/toutes-les-actualites\/derniere-minute-bataille-autour-de-la-depouille-de-labbe-emilien-messina-decede-a-la-prison-centrale-de-bertoua"]}]},{"@type":"ImageObject","inLanguage":"fr-FR","@id":"https:\/\/www.africa-press.net\/cameroun\/toutes-les-actualites\/derniere-minute-bataille-autour-de-la-depouille-de-labbe-emilien-messina-decede-a-la-prison-centrale-de-bertoua#primaryimage","url":"https:\/\/static.africa-press.net\/cameroun\/sites\/57\/2023\/03\/postQueueImg_1678982429.68.jpg","contentUrl":"https:\/\/static.africa-press.net\/cameroun\/sites\/57\/2023\/03\/postQueueImg_1678982429.68.jpg","width":720,"height":500,"caption":"Derni\u00e8re Minute : Bataille autour de la d\u00e9pouille de l'Abb\u00e9 Emilien Messina d\u00e9c\u00e9d\u00e9 \u00e0 la prison centrale de Bertoua"},{"@type":"BreadcrumbList","@id":"https:\/\/www.africa-press.net\/cameroun\/toutes-les-actualites\/derniere-minute-bataille-autour-de-la-depouille-de-labbe-emilien-messina-decede-a-la-prison-centrale-de-bertoua#breadcrumb","itemListElement":[{"@type":"ListItem","position":1,"name":"Accueil","item":"https:\/\/www.africa-press.net\/cameroun\/"},{"@type":"ListItem","position":2,"name":"Derni\u00e8re Minute : Bataille autour de la d\u00e9pouille de l&rsquo;Abb\u00e9 Emilien Messina d\u00e9c\u00e9d\u00e9 \u00e0 la prison centrale de Bertoua"}]},{"@type":"WebSite","@id":"https:\/\/www.africa-press.net\/cameroun\/#website","url":"https:\/\/www.africa-press.net\/cameroun\/","name":"Cameroun","description":"Just another Africa News Agency Sites site","potentialAction":[{"@type":"SearchAction","target":{"@type":"EntryPoint","urlTemplate":"https:\/\/www.africa-press.net\/cameroun\/?s={search_term_string}"},"query-input":{"@type":"PropertyValueSpecification","valueRequired":true,"valueName":"search_term_string"}}],"inLanguage":"fr-FR"},{"@type":"Person","@id":"https:\/\/www.africa-press.net\/cameroun\/#\/schema\/person\/2b1cf3cd81a31e3cd26889ca66d677f1","name":"cfeditorfr"}]}},"_links":{"self":[{"href":"https:\/\/www.africa-press.net\/cameroun\/wp-json\/wp\/v2\/posts\/39513","targetHints":{"allow":["GET"]}}],"collection":[{"href":"https:\/\/www.africa-press.net\/cameroun\/wp-json\/wp\/v2\/posts"}],"about":[{"href":"https:\/\/www.africa-press.net\/cameroun\/wp-json\/wp\/v2\/types\/post"}],"author":[{"embeddable":true,"href":"https:\/\/www.africa-press.net\/cameroun\/wp-json\/wp\/v2\/users\/82"}],"replies":[{"embeddable":true,"href":"https:\/\/www.africa-press.net\/cameroun\/wp-json\/wp\/v2\/comments?post=39513"}],"version-history":[{"count":0,"href":"https:\/\/www.africa-press.net\/cameroun\/wp-json\/wp\/v2\/posts\/39513\/revisions"}],"wp:featuredmedia":[{"embeddable":true,"href":"https:\/\/www.africa-press.net\/cameroun\/wp-json\/wp\/v2\/media\/39512"}],"wp:attachment":[{"href":"https:\/\/www.africa-press.net\/cameroun\/wp-json\/wp\/v2\/media?parent=39513"}],"wp:term":[{"taxonomy":"category","embeddable":true,"href":"https:\/\/www.africa-press.net\/cameroun\/wp-json\/wp\/v2\/categories?post=39513"},{"taxonomy":"post_tag","embeddable":true,"href":"https:\/\/www.africa-press.net\/cameroun\/wp-json\/wp\/v2\/tags?post=39513"}],"curies":[{"name":"wp","href":"https:\/\/api.w.org\/{rel}","templated":true}]}}