{"id":39528,"date":"2023-03-16T19:31:20","date_gmt":"2023-03-16T19:31:20","guid":{"rendered":"https:\/\/www.africa-press.net\/cameroun\/politique\/armee-camerounaise-deux-capitaines-de-la-marine-demasques"},"modified":"2023-03-16T20:18:43","modified_gmt":"2023-03-16T20:18:43","slug":"armee-camerounaise-deux-capitaines-de-la-marine-demasques","status":"publish","type":"post","link":"https:\/\/www.africa-press.net\/cameroun\/politique\/armee-camerounaise-deux-capitaines-de-la-marine-demasques","title":{"rendered":"Arm\u00e9e camerounaise : deux capitaines de la marine d\u00e9masqu\u00e9s"},"content":{"rendered":"<p><span style=\"color: #ff6600\"><strong>Africa-Press &#8211; Cameroun. <\/strong><\/span>Il s&rsquo;agit d&rsquo;une re\u0301ve\u0301lation du tre\u0300s ce\u0301le\u0300bre Boris Bertolt sur le comportement de deux membres bien positionne\u0301s de l&rsquo;arme\u0301e camerounaise. Voici l&rsquo;inte\u0301gralite\u0301 de sa de\u0301claration.<\/p>\n<p>\u00ab Il s\u2019agit Deux officiers supe\u0301rieurs symboles des promotions sur la base des re\u0301seaux et non du me\u0301rite au sein de l\u2019arme\u0301e.<\/p>\n<p>Primo: Le capitaine de Vaisseau Essomba qui est attache\u0301 de De\u0301fense adjoint depuis plus de 6 ans n\u2019a pas re\u0301ussi a\u0300 se faire nomme Attache de Defense, cette fois la\u0302che\u0301 par son mentor. Victime de son attitude et de ses agissements : e\u0301crire contre ses supe\u0301rieures, les noircissants pre\u0301textant e\u0302tre l\u2019ami du ministre de La De\u0301fense, Joseph Beti Assomo.<\/p>\n<p>Le capitaine Essomba a me\u0302me re\u0301ussi l\u2019exploit d\u2019inventer une histoire contre le capitaine de Vaisseau Nakong Gustave, ancien Chef de bureau militaire en Belgique, accusant ce dernier d&rsquo;e\u0302tre de connivence avec la BAS Europe. Il a initie\u0301 la me\u0302me de\u0301marche avec le Colonel Bindele, son chef, malheureusement pour lui, elle l&rsquo;a remis dans ses petites bottes.<\/p>\n<p>Le capitaine de Vaisseau Elle Mengue officier supe\u0301rieur, il faut le reconnai\u0302tre est un officier opportuniste et ruse\u0301. Ami et fre\u0300re du colonel Mboutou Elle Ghislain, ancien chef du secre\u0301tariat militaire adjoint tre\u0300s puissant, a\u0300 l\u2019e\u0301poque de Edgard Alain Mebe Ngo\u2019o et aujourd&rsquo;hui en prison.<\/p>\n<p>Pas d&rsquo;e\u0301tat de service connus a\u0300 la hauteur de sa position. Ne\u0301anmoins, il a be\u0301ne\u0301ficie\u0301 que de promotions juteuses sous le re\u0300gne du MINDEF Mebe Ngo\u2019o.<\/p>\n<p>Il faut souligner que cet officier supe\u0301rieur n&rsquo;a pas ve\u0301ritablement travaille\u0301 a\u0300 la Marine. A l&rsquo;arrive\u0301e de Be\u0302ti Assomo, de par son opportunisme, le capitaine de Vaisseau elle Mengue s\u2019est rapproche\u0301 du colonel NGOLO Ngomba, chef du secre\u0301tariat militaire adjoint. Celui ci l&rsquo;a fait nommer commandant de la base navale de Limbe sans avis du contre Amiral MENDOUA, chef d&rsquo;e\u0301tat major de la Marine. Au lieu donc qu&rsquo;il fasse profil bas, Elle Mengue s\u2019est mis a\u0300 narguer le contre Amiral Mendoua, se disant super protege.<\/p>\n<p>Il a oublie\u0301 que le contre Amiral Mendoua connait les rouages de la Pre\u0301sidence mieux que quiconque. Cette fois, le contre Amiral MENDOUA l\u2019a envoye\u0301 en long se\u0301jour prive\u0301 au Nord comme adjoint naval a\u0300 la 3e re\u0301gion militaire \u00bb<\/p>\n<p><strong>Pour plus d&rsquo;informations et d&rsquo;analyses sur la <a href=\"https:\/\/www.africa-press.net\/cameroun\">Cameroun<\/a>, suivez <a href=\"https:\/\/www.africa-press.net\/\">Africa-Press<\/a><\/strong><\/p>\n","protected":false},"excerpt":{"rendered":"<p>Africa-Press &#8211; Cameroun. Il s&rsquo;agit d&rsquo;une re\u0301ve\u0301lation du tre\u0300s ce\u0301le\u0300bre Boris Bertolt sur le comportement de deux membres bien positionne\u0301s de l&rsquo;arme\u0301e camerounaise. Voici l&rsquo;inte\u0301gralite\u0301 de sa de\u0301claration. \u00ab Il s\u2019agit Deux officiers supe\u0301rieurs symboles des promotions sur la base des re\u0301seaux et non du me\u0301rite au sein de l\u2019arme\u0301e. Primo: Le capitaine de Vaisseau [&hellip;]<\/p>\n","protected":false},"author":82,"featured_media":39527,"comment_status":"open","ping_status":"closed","sticky":false,"template":"","format":"standard","meta":{"footnotes":""},"categories":[2,10],"tags":[36,50,49],"class_list":["post-39528","post","type-post","status-publish","format-standard","has-post-thumbnail","hentry","category-politique","category-toutes-les-actualites","tag-africa-press","tag-africa-press-cameroun","tag-cameroun"],"yoast_head":"<!-- This site is optimized with the Yoast SEO Premium plugin v26.1 (Yoast SEO v27.0) - https:\/\/yoast.com\/product\/yoast-seo-premium-wordpress\/ -->\n<title>Arm\u00e9e camerounaise : deux capitaines de la marine d\u00e9masqu\u00e9s - Cameroun<\/title>\n<meta name=\"description\" content=\"Il s&#039;agit d&#039;une re\u0301ve\u0301lation du tre\u0300s ce\u0301le\u0300bre Boris Bertolt sur le comportement de deux membres bien positionne\u0301s de l ...\" \/>\n<meta name=\"robots\" content=\"index, follow, max-snippet:-1, max-image-preview:large, max-video-preview:-1\" \/>\n<link rel=\"canonical\" href=\"https:\/\/www.africa-press.net\/cameroun\/politique\/armee-camerounaise-deux-capitaines-de-la-marine-demasques\" \/>\n<meta property=\"og:locale\" content=\"fr_FR\" \/>\n<meta property=\"og:type\" content=\"article\" \/>\n<meta property=\"og:title\" content=\"Arm\u00e9e camerounaise : deux capitaines de la marine d\u00e9masqu\u00e9s\" \/>\n<meta property=\"og:description\" content=\"Il s&#039;agit d&#039;une re\u0301ve\u0301lation du tre\u0300s ce\u0301le\u0300bre Boris Bertolt sur le comportement de deux membres bien positionne\u0301s de l ...\" \/>\n<meta property=\"og:url\" content=\"https:\/\/www.africa-press.net\/cameroun\/politique\/armee-camerounaise-deux-capitaines-de-la-marine-demasques\" \/>\n<meta property=\"og:site_name\" content=\"Cameroun\" \/>\n<meta property=\"article:published_time\" content=\"2023-03-16T19:31:20+00:00\" \/>\n<meta property=\"article:modified_time\" content=\"2023-03-16T20:18:43+00:00\" \/>\n<meta property=\"og:image\" content=\"https:\/\/static.africa-press.net\/cameroun\/sites\/57\/2023\/03\/postQueueImg_1678982502.63.jpg\" \/>\n\t<meta property=\"og:image:width\" content=\"720\" \/>\n\t<meta property=\"og:image:height\" content=\"360\" \/>\n\t<meta property=\"og:image:type\" content=\"image\/jpeg\" \/>\n<meta name=\"author\" content=\"cfeditorfr\" \/>\n<meta name=\"twitter:card\" content=\"summary_large_image\" \/>\n<meta name=\"twitter:label1\" content=\"\u00c9crit par\" \/>\n\t<meta name=\"twitter:data1\" content=\"cfeditorfr\" \/>\n\t<meta name=\"twitter:label2\" content=\"Dur\u00e9e de lecture estim\u00e9e\" \/>\n\t<meta name=\"twitter:data2\" content=\"2 minutes\" \/>\n<script type=\"application\/ld+json\" class=\"yoast-schema-graph\">{\"@context\":\"https:\/\/schema.org\",\"@graph\":[{\"@type\":\"Article\",\"@id\":\"https:\/\/www.africa-press.net\/cameroun\/politique\/armee-camerounaise-deux-capitaines-de-la-marine-demasques#article\",\"isPartOf\":{\"@id\":\"https:\/\/www.africa-press.net\/cameroun\/politique\/armee-camerounaise-deux-capitaines-de-la-marine-demasques\"},\"author\":{\"name\":\"cfeditorfr\",\"@id\":\"https:\/\/www.africa-press.net\/cameroun\/#\/schema\/person\/2b1cf3cd81a31e3cd26889ca66d677f1\"},\"headline\":\"Arm\u00e9e camerounaise : deux capitaines de la marine d\u00e9masqu\u00e9s\",\"datePublished\":\"2023-03-16T19:31:20+00:00\",\"dateModified\":\"2023-03-16T20:18:43+00:00\",\"mainEntityOfPage\":{\"@id\":\"https:\/\/www.africa-press.net\/cameroun\/politique\/armee-camerounaise-deux-capitaines-de-la-marine-demasques\"},\"wordCount\":451,\"commentCount\":0,\"image\":{\"@id\":\"https:\/\/www.africa-press.net\/cameroun\/politique\/armee-camerounaise-deux-capitaines-de-la-marine-demasques#primaryimage\"},\"thumbnailUrl\":\"https:\/\/static.africa-press.net\/cameroun\/sites\/57\/2023\/03\/postQueueImg_1678982502.63.jpg\",\"keywords\":[\"Africa Press\",\"Africa Press-Cameroun\",\"Cameroun\"],\"articleSection\":[\"Politique\",\"Toutes les actualit\u00e9s\"],\"inLanguage\":\"fr-FR\",\"potentialAction\":[{\"@type\":\"CommentAction\",\"name\":\"Comment\",\"target\":[\"https:\/\/www.africa-press.net\/cameroun\/politique\/armee-camerounaise-deux-capitaines-de-la-marine-demasques#respond\"]}]},{\"@type\":\"WebPage\",\"@id\":\"https:\/\/www.africa-press.net\/cameroun\/politique\/armee-camerounaise-deux-capitaines-de-la-marine-demasques\",\"url\":\"https:\/\/www.africa-press.net\/cameroun\/politique\/armee-camerounaise-deux-capitaines-de-la-marine-demasques\",\"name\":\"Arm\u00e9e camerounaise : deux capitaines de la marine d\u00e9masqu\u00e9s - Cameroun\",\"isPartOf\":{\"@id\":\"https:\/\/www.africa-press.net\/cameroun\/#website\"},\"primaryImageOfPage\":{\"@id\":\"https:\/\/www.africa-press.net\/cameroun\/politique\/armee-camerounaise-deux-capitaines-de-la-marine-demasques#primaryimage\"},\"image\":{\"@id\":\"https:\/\/www.africa-press.net\/cameroun\/politique\/armee-camerounaise-deux-capitaines-de-la-marine-demasques#primaryimage\"},\"thumbnailUrl\":\"https:\/\/static.africa-press.net\/cameroun\/sites\/57\/2023\/03\/postQueueImg_1678982502.63.jpg\",\"datePublished\":\"2023-03-16T19:31:20+00:00\",\"dateModified\":\"2023-03-16T20:18:43+00:00\",\"author\":{\"@id\":\"https:\/\/www.africa-press.net\/cameroun\/#\/schema\/person\/2b1cf3cd81a31e3cd26889ca66d677f1\"},\"description\":\"Il s'agit d'une re\u0301ve\u0301lation du tre\u0300s ce\u0301le\u0300bre Boris Bertolt sur le comportement de deux membres bien positionne\u0301s de l ...\",\"breadcrumb\":{\"@id\":\"https:\/\/www.africa-press.net\/cameroun\/politique\/armee-camerounaise-deux-capitaines-de-la-marine-demasques#breadcrumb\"},\"inLanguage\":\"fr-FR\",\"potentialAction\":[{\"@type\":\"ReadAction\",\"target\":[\"https:\/\/www.africa-press.net\/cameroun\/politique\/armee-camerounaise-deux-capitaines-de-la-marine-demasques\"]}]},{\"@type\":\"ImageObject\",\"inLanguage\":\"fr-FR\",\"@id\":\"https:\/\/www.africa-press.net\/cameroun\/politique\/armee-camerounaise-deux-capitaines-de-la-marine-demasques#primaryimage\",\"url\":\"https:\/\/static.africa-press.net\/cameroun\/sites\/57\/2023\/03\/postQueueImg_1678982502.63.jpg\",\"contentUrl\":\"https:\/\/static.africa-press.net\/cameroun\/sites\/57\/2023\/03\/postQueueImg_1678982502.63.jpg\",\"width\":720,\"height\":360,\"caption\":\"Arm\u00e9e camerounaise : deux capitaines de la marine d\u00e9masqu\u00e9s\"},{\"@type\":\"BreadcrumbList\",\"@id\":\"https:\/\/www.africa-press.net\/cameroun\/politique\/armee-camerounaise-deux-capitaines-de-la-marine-demasques#breadcrumb\",\"itemListElement\":[{\"@type\":\"ListItem\",\"position\":1,\"name\":\"Accueil\",\"item\":\"https:\/\/www.africa-press.net\/cameroun\/\"},{\"@type\":\"ListItem\",\"position\":2,\"name\":\"Arm\u00e9e camerounaise : deux capitaines de la marine d\u00e9masqu\u00e9s\"}]},{\"@type\":\"WebSite\",\"@id\":\"https:\/\/www.africa-press.net\/cameroun\/#website\",\"url\":\"https:\/\/www.africa-press.net\/cameroun\/\",\"name\":\"Cameroun\",\"description\":\"Just another Africa News Agency Sites site\",\"potentialAction\":[{\"@type\":\"SearchAction\",\"target\":{\"@type\":\"EntryPoint\",\"urlTemplate\":\"https:\/\/www.africa-press.net\/cameroun\/?s={search_term_string}\"},\"query-input\":{\"@type\":\"PropertyValueSpecification\",\"valueRequired\":true,\"valueName\":\"search_term_string\"}}],\"inLanguage\":\"fr-FR\"},{\"@type\":\"Person\",\"@id\":\"https:\/\/www.africa-press.net\/cameroun\/#\/schema\/person\/2b1cf3cd81a31e3cd26889ca66d677f1\",\"name\":\"cfeditorfr\"}]}<\/script>\n<!-- \/ Yoast SEO Premium plugin. -->","yoast_head_json":{"title":"Arm\u00e9e camerounaise : deux capitaines de la marine d\u00e9masqu\u00e9s - Cameroun","description":"Il s'agit d'une re\u0301ve\u0301lation du tre\u0300s ce\u0301le\u0300bre Boris Bertolt sur le comportement de deux membres bien positionne\u0301s de l ...","robots":{"index":"index","follow":"follow","max-snippet":"max-snippet:-1","max-image-preview":"max-image-preview:large","max-video-preview":"max-video-preview:-1"},"canonical":"https:\/\/www.africa-press.net\/cameroun\/politique\/armee-camerounaise-deux-capitaines-de-la-marine-demasques","og_locale":"fr_FR","og_type":"article","og_title":"Arm\u00e9e camerounaise : deux capitaines de la marine d\u00e9masqu\u00e9s","og_description":"Il s'agit d'une re\u0301ve\u0301lation du tre\u0300s ce\u0301le\u0300bre Boris Bertolt sur le comportement de deux membres bien positionne\u0301s de l ...","og_url":"https:\/\/www.africa-press.net\/cameroun\/politique\/armee-camerounaise-deux-capitaines-de-la-marine-demasques","og_site_name":"Cameroun","article_published_time":"2023-03-16T19:31:20+00:00","article_modified_time":"2023-03-16T20:18:43+00:00","og_image":[{"width":720,"height":360,"url":"https:\/\/static.africa-press.net\/cameroun\/sites\/57\/2023\/03\/postQueueImg_1678982502.63.jpg","type":"image\/jpeg"}],"author":"cfeditorfr","twitter_card":"summary_large_image","twitter_misc":{"\u00c9crit par":"cfeditorfr","Dur\u00e9e de lecture estim\u00e9e":"2 minutes"},"schema":{"@context":"https:\/\/schema.org","@graph":[{"@type":"Article","@id":"https:\/\/www.africa-press.net\/cameroun\/politique\/armee-camerounaise-deux-capitaines-de-la-marine-demasques#article","isPartOf":{"@id":"https:\/\/www.africa-press.net\/cameroun\/politique\/armee-camerounaise-deux-capitaines-de-la-marine-demasques"},"author":{"name":"cfeditorfr","@id":"https:\/\/www.africa-press.net\/cameroun\/#\/schema\/person\/2b1cf3cd81a31e3cd26889ca66d677f1"},"headline":"Arm\u00e9e camerounaise : deux capitaines de la marine d\u00e9masqu\u00e9s","datePublished":"2023-03-16T19:31:20+00:00","dateModified":"2023-03-16T20:18:43+00:00","mainEntityOfPage":{"@id":"https:\/\/www.africa-press.net\/cameroun\/politique\/armee-camerounaise-deux-capitaines-de-la-marine-demasques"},"wordCount":451,"commentCount":0,"image":{"@id":"https:\/\/www.africa-press.net\/cameroun\/politique\/armee-camerounaise-deux-capitaines-de-la-marine-demasques#primaryimage"},"thumbnailUrl":"https:\/\/static.africa-press.net\/cameroun\/sites\/57\/2023\/03\/postQueueImg_1678982502.63.jpg","keywords":["Africa Press","Africa Press-Cameroun","Cameroun"],"articleSection":["Politique","Toutes les actualit\u00e9s"],"inLanguage":"fr-FR","potentialAction":[{"@type":"CommentAction","name":"Comment","target":["https:\/\/www.africa-press.net\/cameroun\/politique\/armee-camerounaise-deux-capitaines-de-la-marine-demasques#respond"]}]},{"@type":"WebPage","@id":"https:\/\/www.africa-press.net\/cameroun\/politique\/armee-camerounaise-deux-capitaines-de-la-marine-demasques","url":"https:\/\/www.africa-press.net\/cameroun\/politique\/armee-camerounaise-deux-capitaines-de-la-marine-demasques","name":"Arm\u00e9e camerounaise : deux capitaines de la marine d\u00e9masqu\u00e9s - Cameroun","isPartOf":{"@id":"https:\/\/www.africa-press.net\/cameroun\/#website"},"primaryImageOfPage":{"@id":"https:\/\/www.africa-press.net\/cameroun\/politique\/armee-camerounaise-deux-capitaines-de-la-marine-demasques#primaryimage"},"image":{"@id":"https:\/\/www.africa-press.net\/cameroun\/politique\/armee-camerounaise-deux-capitaines-de-la-marine-demasques#primaryimage"},"thumbnailUrl":"https:\/\/static.africa-press.net\/cameroun\/sites\/57\/2023\/03\/postQueueImg_1678982502.63.jpg","datePublished":"2023-03-16T19:31:20+00:00","dateModified":"2023-03-16T20:18:43+00:00","author":{"@id":"https:\/\/www.africa-press.net\/cameroun\/#\/schema\/person\/2b1cf3cd81a31e3cd26889ca66d677f1"},"description":"Il s'agit d'une re\u0301ve\u0301lation du tre\u0300s ce\u0301le\u0300bre Boris Bertolt sur le comportement de deux membres bien positionne\u0301s de l ...","breadcrumb":{"@id":"https:\/\/www.africa-press.net\/cameroun\/politique\/armee-camerounaise-deux-capitaines-de-la-marine-demasques#breadcrumb"},"inLanguage":"fr-FR","potentialAction":[{"@type":"ReadAction","target":["https:\/\/www.africa-press.net\/cameroun\/politique\/armee-camerounaise-deux-capitaines-de-la-marine-demasques"]}]},{"@type":"ImageObject","inLanguage":"fr-FR","@id":"https:\/\/www.africa-press.net\/cameroun\/politique\/armee-camerounaise-deux-capitaines-de-la-marine-demasques#primaryimage","url":"https:\/\/static.africa-press.net\/cameroun\/sites\/57\/2023\/03\/postQueueImg_1678982502.63.jpg","contentUrl":"https:\/\/static.africa-press.net\/cameroun\/sites\/57\/2023\/03\/postQueueImg_1678982502.63.jpg","width":720,"height":360,"caption":"Arm\u00e9e camerounaise : deux capitaines de la marine d\u00e9masqu\u00e9s"},{"@type":"BreadcrumbList","@id":"https:\/\/www.africa-press.net\/cameroun\/politique\/armee-camerounaise-deux-capitaines-de-la-marine-demasques#breadcrumb","itemListElement":[{"@type":"ListItem","position":1,"name":"Accueil","item":"https:\/\/www.africa-press.net\/cameroun\/"},{"@type":"ListItem","position":2,"name":"Arm\u00e9e camerounaise : deux capitaines de la marine d\u00e9masqu\u00e9s"}]},{"@type":"WebSite","@id":"https:\/\/www.africa-press.net\/cameroun\/#website","url":"https:\/\/www.africa-press.net\/cameroun\/","name":"Cameroun","description":"Just another Africa News Agency Sites site","potentialAction":[{"@type":"SearchAction","target":{"@type":"EntryPoint","urlTemplate":"https:\/\/www.africa-press.net\/cameroun\/?s={search_term_string}"},"query-input":{"@type":"PropertyValueSpecification","valueRequired":true,"valueName":"search_term_string"}}],"inLanguage":"fr-FR"},{"@type":"Person","@id":"https:\/\/www.africa-press.net\/cameroun\/#\/schema\/person\/2b1cf3cd81a31e3cd26889ca66d677f1","name":"cfeditorfr"}]}},"_links":{"self":[{"href":"https:\/\/www.africa-press.net\/cameroun\/wp-json\/wp\/v2\/posts\/39528","targetHints":{"allow":["GET"]}}],"collection":[{"href":"https:\/\/www.africa-press.net\/cameroun\/wp-json\/wp\/v2\/posts"}],"about":[{"href":"https:\/\/www.africa-press.net\/cameroun\/wp-json\/wp\/v2\/types\/post"}],"author":[{"embeddable":true,"href":"https:\/\/www.africa-press.net\/cameroun\/wp-json\/wp\/v2\/users\/82"}],"replies":[{"embeddable":true,"href":"https:\/\/www.africa-press.net\/cameroun\/wp-json\/wp\/v2\/comments?post=39528"}],"version-history":[{"count":0,"href":"https:\/\/www.africa-press.net\/cameroun\/wp-json\/wp\/v2\/posts\/39528\/revisions"}],"wp:featuredmedia":[{"embeddable":true,"href":"https:\/\/www.africa-press.net\/cameroun\/wp-json\/wp\/v2\/media\/39527"}],"wp:attachment":[{"href":"https:\/\/www.africa-press.net\/cameroun\/wp-json\/wp\/v2\/media?parent=39528"}],"wp:term":[{"taxonomy":"category","embeddable":true,"href":"https:\/\/www.africa-press.net\/cameroun\/wp-json\/wp\/v2\/categories?post=39528"},{"taxonomy":"post_tag","embeddable":true,"href":"https:\/\/www.africa-press.net\/cameroun\/wp-json\/wp\/v2\/tags?post=39528"}],"curies":[{"name":"wp","href":"https:\/\/api.w.org\/{rel}","templated":true}]}}