{"id":39537,"date":"2023-03-16T19:31:56","date_gmt":"2023-03-16T19:31:56","guid":{"rendered":"https:\/\/www.africa-press.net\/cameroun\/politique\/mandat-darret-le-nom-dun-autre-promoteur-tele-sort-dans-laffaire-de-la-ligne-94"},"modified":"2023-03-16T20:21:35","modified_gmt":"2023-03-16T20:21:35","slug":"mandat-darret-le-nom-dun-autre-promoteur-tele-sort-dans-laffaire-de-la-ligne-94","status":"publish","type":"post","link":"https:\/\/www.africa-press.net\/cameroun\/politique\/mandat-darret-le-nom-dun-autre-promoteur-tele-sort-dans-laffaire-de-la-ligne-94","title":{"rendered":"Mandat d&rsquo;arr\u00eat : le nom d&rsquo;un autre promoteur t\u00e9l\u00e9 sort dans l&rsquo;affaire de la ligne 94"},"content":{"rendered":"<p><span style=\"color: #ff6600\"><strong>Africa-Press &#8211; Cameroun. <\/strong><\/span>Que ce soit hier ou aujourd\u2019hui, le Cameroun a toujours trempe\u0301 dans des scandales financiers qui laissent les observateurs de la sce\u0300ne sociopolitique bouche be\u0301ante. L&rsquo;ope\u0301ration E\u0301pervier a montre\u0301 la face cache\u0301e de plusieurs ministres et directeurs de socie\u0301te\u0301s publiques qui de\u0301tournent de l\u2019argent dans les caisses de l\u2019E\u0301tat pour s\u2019offrir une fortune. Plusieurs d\u2019entre eux ont e\u0301te\u0301 interpelle\u0301s.<\/p>\n<p>L&rsquo;ope\u0301ration E\u0301pervier, s\u2019il faut le rappeler, est une vaste ope\u0301ration judiciaire initie\u0301e dans le cadre de la lutte anti-corruption au Cameroun. Elle a e\u0301te\u0301 lance\u0301e par le gouvernement du Premier ministre Ephrai\u0308m Inoni en 2006, sous la pression des bailleurs de fonds internationaux. Ce me\u0302me Ephrai\u0308m Inoni a e\u0301te\u0301 arre\u0302te\u0301 depuis en 2012, dans le cadre de cette me\u0302me ope\u0301ration.<\/p>\n<p>D\u2019autres personnalite\u0301s publiques l\u2019ont suivi comme Polycarpe Abah Abah, Urbain Olanguena Awono, Gervais Mondo Ze\u0301, Yves Michel Fotso, Roger Ntongo Ongue\u0301ne\u0301, Edgar Alain Mebe Ngo&rsquo;o, Basile Kouna Atangana, pour ne citer que ceux-la\u0300.<\/p>\n<p>Re\u0301cemment ce sont des scandales autour des lignes 65 et 94 qui ont e\u0301clate\u0301. Les lignes 65 et 94 servent respectivement a\u0300 couvrir les charges non re\u0301parties de l\u2019E\u0301tat en fonctionnement, et a\u0300 assurer la disponibilite\u0301 des fonds de contrepartie et couvrir les autres charges non re\u0301parties de l\u2019E\u0301tat en investissement.<\/p>\n<p>En re\u0301alite\u0301, d\u2019apre\u0300s les lois de re\u0300glement qui arre\u0302tent le montant de\u0301finitif des recettes et des de\u0301penses du budget de l\u2019E\u0301tat entre 2010 et 2021, les de\u0301penses publiques exe\u0301cute\u0301es sur les lignes budge\u0301taires 65 et 94 ont de\u0301passe\u0301 les 5 400 milliards de francs CFA.<\/p>\n<p>Dans une lettre signe\u0301e le 18 janvier 2022 et adresse\u0301e au ministre en charge du Contro\u0302le supe\u0301rieur de l\u2019E\u0301tat (Consupe) Mbah Acha Rose Fomundam, le ministre d\u2019E\u0301tat et secre\u0301taire ge\u0301ne\u0301ral de la pre\u0301sidence de la Re\u0301publique Ferdinand Ngoh Ngoh a fait savoir que le chef de l\u2019E\u0301tat Paul Biya a demande\u0301 a\u0300 cette structure sous son autorite\u0301 de \u00ab proce\u0301der a\u0300 l\u2019audit de la gestion des ressources issues des chapitres budge\u0301taires 65 et 94 sur la pe\u0301riode de 2010 a\u0300 2021 \u00bb.<\/p>\n<p>L\u2019ide\u0301e derrie\u0300re cette demande officielle est de tirer tout au clair, face aux soupc\u0327ons de de\u0301tournements de fonds massifs et a\u0300 des partages de la chose publique entre les fonctionnaires comme de petits pains. Il est ressorti de la bouche du journaliste Martinez Zogo assassine\u0301 que l\u2019homme d\u2019affaires Jean-Pierre Amougou Belinga a be\u0301ne\u0301ficie\u0301 de plusieurs milliards de francs CFA non justifie\u0301s dans les lignes budge\u0301taires en question, avec l\u2019aide du ministre des Finances Louis-Paul Motaze.<\/p>\n<p>L\u2019enque\u0302te administrative est en cours et est conside\u0301re\u0301e comme la plus importante jamais conduite dans le pays. Elle porte sur des de\u0301penses qui font l\u2019objet de suspicions, en raison d\u2019une absence de transparence sur leur gestion.<\/p>\n<p>Le journaliste politique Boris Bertolt sait de sources su\u0302res que \u00ab Junior Eyebe, cadre au cabinet civil de la pre\u0301sidence de la Re\u0301publique, promoteur de CAM10 Te\u0301le\u0301vision a be\u0301ne\u0301ficie\u0301 de la ligne 94 pour payer ses employe\u0301s sur plusieurs mois \u00bb.<\/p>\n<p>Le lanceur d\u2019alertes fait cette de\u0301claration plusieurs mois apre\u0300s l\u2019ouverture des enque\u0302tes qui ont aide\u0301 a\u0300 se rendre compte qu\u2019il y a vraiment eu du faux dans la gestion de ces sommes colossales destine\u0301es au fonctionnement de l\u2019E\u0301tat et au bien-e\u0302tre des Camerounais. Si les faits sont ave\u0301re\u0301s, Junior Eyebe pourrait rapidement fait l\u2019objet d\u2019un mandat d\u2019arre\u0302t pour e\u0302tre auditionne\u0301.<\/p>\n<p><strong>Pour plus d&rsquo;informations et d&rsquo;analyses sur la <a href=\"https:\/\/www.africa-press.net\/cameroun\">Cameroun<\/a>, suivez <a href=\"https:\/\/www.africa-press.net\/\">Africa-Press<\/a><\/strong><\/p>\n","protected":false},"excerpt":{"rendered":"<p>Africa-Press &#8211; Cameroun. Que ce soit hier ou aujourd\u2019hui, le Cameroun a toujours trempe\u0301 dans des scandales financiers qui laissent les observateurs de la sce\u0300ne sociopolitique bouche be\u0301ante. L&rsquo;ope\u0301ration E\u0301pervier a montre\u0301 la face cache\u0301e de plusieurs ministres et directeurs de socie\u0301te\u0301s publiques qui de\u0301tournent de l\u2019argent dans les caisses de l\u2019E\u0301tat pour s\u2019offrir une [&hellip;]<\/p>\n","protected":false},"author":82,"featured_media":39536,"comment_status":"open","ping_status":"closed","sticky":false,"template":"","format":"standard","meta":{"footnotes":""},"categories":[2,10],"tags":[36,50,49],"class_list":["post-39537","post","type-post","status-publish","format-standard","has-post-thumbnail","hentry","category-politique","category-toutes-les-actualites","tag-africa-press","tag-africa-press-cameroun","tag-cameroun"],"yoast_head":"<!-- This site is optimized with the Yoast SEO Premium plugin v26.1 (Yoast SEO v27.0) - https:\/\/yoast.com\/product\/yoast-seo-premium-wordpress\/ -->\n<title>Mandat d&#039;arr\u00eat : le nom d&#039;un autre promoteur t\u00e9l\u00e9 sort dans l&#039;affaire de la ligne 94 - Cameroun<\/title>\n<meta name=\"description\" content=\"Que ce soit hier ou aujourd\u2019hui, le Cameroun a toujours trempe\u0301 dans des scandales financiers qui laissent les observate ...\" \/>\n<meta name=\"robots\" content=\"index, follow, max-snippet:-1, max-image-preview:large, max-video-preview:-1\" \/>\n<link rel=\"canonical\" href=\"https:\/\/www.africa-press.net\/cameroun\/politique\/mandat-darret-le-nom-dun-autre-promoteur-tele-sort-dans-laffaire-de-la-ligne-94\" \/>\n<meta property=\"og:locale\" content=\"fr_FR\" \/>\n<meta property=\"og:type\" content=\"article\" \/>\n<meta property=\"og:title\" content=\"Mandat d&#039;arr\u00eat : le nom d&#039;un autre promoteur t\u00e9l\u00e9 sort dans l&#039;affaire de la ligne 94\" \/>\n<meta property=\"og:description\" content=\"Que ce soit hier ou aujourd\u2019hui, le Cameroun a toujours trempe\u0301 dans des scandales financiers qui laissent les observate ...\" \/>\n<meta property=\"og:url\" content=\"https:\/\/www.africa-press.net\/cameroun\/politique\/mandat-darret-le-nom-dun-autre-promoteur-tele-sort-dans-laffaire-de-la-ligne-94\" \/>\n<meta property=\"og:site_name\" content=\"Cameroun\" \/>\n<meta property=\"article:published_time\" content=\"2023-03-16T19:31:56+00:00\" \/>\n<meta property=\"article:modified_time\" content=\"2023-03-16T20:21:35+00:00\" \/>\n<meta property=\"og:image\" content=\"https:\/\/static.africa-press.net\/cameroun\/sites\/57\/2023\/03\/postQueueImg_1678982519.87.jpg\" \/>\n\t<meta property=\"og:image:width\" content=\"1280\" \/>\n\t<meta property=\"og:image:height\" content=\"720\" \/>\n\t<meta property=\"og:image:type\" content=\"image\/jpeg\" \/>\n<meta name=\"author\" content=\"cfeditorfr\" \/>\n<meta name=\"twitter:card\" content=\"summary_large_image\" \/>\n<meta name=\"twitter:label1\" content=\"\u00c9crit par\" \/>\n\t<meta name=\"twitter:data1\" content=\"cfeditorfr\" \/>\n\t<meta name=\"twitter:label2\" content=\"Dur\u00e9e de lecture estim\u00e9e\" \/>\n\t<meta name=\"twitter:data2\" content=\"3 minutes\" \/>\n<script type=\"application\/ld+json\" class=\"yoast-schema-graph\">{\"@context\":\"https:\/\/schema.org\",\"@graph\":[{\"@type\":\"Article\",\"@id\":\"https:\/\/www.africa-press.net\/cameroun\/politique\/mandat-darret-le-nom-dun-autre-promoteur-tele-sort-dans-laffaire-de-la-ligne-94#article\",\"isPartOf\":{\"@id\":\"https:\/\/www.africa-press.net\/cameroun\/politique\/mandat-darret-le-nom-dun-autre-promoteur-tele-sort-dans-laffaire-de-la-ligne-94\"},\"author\":{\"name\":\"cfeditorfr\",\"@id\":\"https:\/\/www.africa-press.net\/cameroun\/#\/schema\/person\/2b1cf3cd81a31e3cd26889ca66d677f1\"},\"headline\":\"Mandat d&rsquo;arr\u00eat : le nom d&rsquo;un autre promoteur t\u00e9l\u00e9 sort dans l&rsquo;affaire de la ligne 94\",\"datePublished\":\"2023-03-16T19:31:56+00:00\",\"dateModified\":\"2023-03-16T20:21:35+00:00\",\"mainEntityOfPage\":{\"@id\":\"https:\/\/www.africa-press.net\/cameroun\/politique\/mandat-darret-le-nom-dun-autre-promoteur-tele-sort-dans-laffaire-de-la-ligne-94\"},\"wordCount\":675,\"commentCount\":0,\"image\":{\"@id\":\"https:\/\/www.africa-press.net\/cameroun\/politique\/mandat-darret-le-nom-dun-autre-promoteur-tele-sort-dans-laffaire-de-la-ligne-94#primaryimage\"},\"thumbnailUrl\":\"https:\/\/static.africa-press.net\/cameroun\/sites\/57\/2023\/03\/postQueueImg_1678982519.87.jpg\",\"keywords\":[\"Africa Press\",\"Africa Press-Cameroun\",\"Cameroun\"],\"articleSection\":[\"Politique\",\"Toutes les actualit\u00e9s\"],\"inLanguage\":\"fr-FR\",\"potentialAction\":[{\"@type\":\"CommentAction\",\"name\":\"Comment\",\"target\":[\"https:\/\/www.africa-press.net\/cameroun\/politique\/mandat-darret-le-nom-dun-autre-promoteur-tele-sort-dans-laffaire-de-la-ligne-94#respond\"]}]},{\"@type\":\"WebPage\",\"@id\":\"https:\/\/www.africa-press.net\/cameroun\/politique\/mandat-darret-le-nom-dun-autre-promoteur-tele-sort-dans-laffaire-de-la-ligne-94\",\"url\":\"https:\/\/www.africa-press.net\/cameroun\/politique\/mandat-darret-le-nom-dun-autre-promoteur-tele-sort-dans-laffaire-de-la-ligne-94\",\"name\":\"Mandat d'arr\u00eat : le nom d'un autre promoteur t\u00e9l\u00e9 sort dans l'affaire de la ligne 94 - Cameroun\",\"isPartOf\":{\"@id\":\"https:\/\/www.africa-press.net\/cameroun\/#website\"},\"primaryImageOfPage\":{\"@id\":\"https:\/\/www.africa-press.net\/cameroun\/politique\/mandat-darret-le-nom-dun-autre-promoteur-tele-sort-dans-laffaire-de-la-ligne-94#primaryimage\"},\"image\":{\"@id\":\"https:\/\/www.africa-press.net\/cameroun\/politique\/mandat-darret-le-nom-dun-autre-promoteur-tele-sort-dans-laffaire-de-la-ligne-94#primaryimage\"},\"thumbnailUrl\":\"https:\/\/static.africa-press.net\/cameroun\/sites\/57\/2023\/03\/postQueueImg_1678982519.87.jpg\",\"datePublished\":\"2023-03-16T19:31:56+00:00\",\"dateModified\":\"2023-03-16T20:21:35+00:00\",\"author\":{\"@id\":\"https:\/\/www.africa-press.net\/cameroun\/#\/schema\/person\/2b1cf3cd81a31e3cd26889ca66d677f1\"},\"description\":\"Que ce soit hier ou aujourd\u2019hui, le Cameroun a toujours trempe\u0301 dans des scandales financiers qui laissent les observate ...\",\"breadcrumb\":{\"@id\":\"https:\/\/www.africa-press.net\/cameroun\/politique\/mandat-darret-le-nom-dun-autre-promoteur-tele-sort-dans-laffaire-de-la-ligne-94#breadcrumb\"},\"inLanguage\":\"fr-FR\",\"potentialAction\":[{\"@type\":\"ReadAction\",\"target\":[\"https:\/\/www.africa-press.net\/cameroun\/politique\/mandat-darret-le-nom-dun-autre-promoteur-tele-sort-dans-laffaire-de-la-ligne-94\"]}]},{\"@type\":\"ImageObject\",\"inLanguage\":\"fr-FR\",\"@id\":\"https:\/\/www.africa-press.net\/cameroun\/politique\/mandat-darret-le-nom-dun-autre-promoteur-tele-sort-dans-laffaire-de-la-ligne-94#primaryimage\",\"url\":\"https:\/\/static.africa-press.net\/cameroun\/sites\/57\/2023\/03\/postQueueImg_1678982519.87.jpg\",\"contentUrl\":\"https:\/\/static.africa-press.net\/cameroun\/sites\/57\/2023\/03\/postQueueImg_1678982519.87.jpg\",\"width\":1280,\"height\":720,\"caption\":\"Mandat d'arr\u00eat : le nom d'un autre promoteur t\u00e9l\u00e9 sort dans l'affaire de la ligne 94\"},{\"@type\":\"BreadcrumbList\",\"@id\":\"https:\/\/www.africa-press.net\/cameroun\/politique\/mandat-darret-le-nom-dun-autre-promoteur-tele-sort-dans-laffaire-de-la-ligne-94#breadcrumb\",\"itemListElement\":[{\"@type\":\"ListItem\",\"position\":1,\"name\":\"Accueil\",\"item\":\"https:\/\/www.africa-press.net\/cameroun\/\"},{\"@type\":\"ListItem\",\"position\":2,\"name\":\"Mandat d&rsquo;arr\u00eat : le nom d&rsquo;un autre promoteur t\u00e9l\u00e9 sort dans l&rsquo;affaire de la ligne 94\"}]},{\"@type\":\"WebSite\",\"@id\":\"https:\/\/www.africa-press.net\/cameroun\/#website\",\"url\":\"https:\/\/www.africa-press.net\/cameroun\/\",\"name\":\"Cameroun\",\"description\":\"Just another Africa News Agency Sites site\",\"potentialAction\":[{\"@type\":\"SearchAction\",\"target\":{\"@type\":\"EntryPoint\",\"urlTemplate\":\"https:\/\/www.africa-press.net\/cameroun\/?s={search_term_string}\"},\"query-input\":{\"@type\":\"PropertyValueSpecification\",\"valueRequired\":true,\"valueName\":\"search_term_string\"}}],\"inLanguage\":\"fr-FR\"},{\"@type\":\"Person\",\"@id\":\"https:\/\/www.africa-press.net\/cameroun\/#\/schema\/person\/2b1cf3cd81a31e3cd26889ca66d677f1\",\"name\":\"cfeditorfr\"}]}<\/script>\n<!-- \/ Yoast SEO Premium plugin. -->","yoast_head_json":{"title":"Mandat d'arr\u00eat : le nom d'un autre promoteur t\u00e9l\u00e9 sort dans l'affaire de la ligne 94 - Cameroun","description":"Que ce soit hier ou aujourd\u2019hui, le Cameroun a toujours trempe\u0301 dans des scandales financiers qui laissent les observate ...","robots":{"index":"index","follow":"follow","max-snippet":"max-snippet:-1","max-image-preview":"max-image-preview:large","max-video-preview":"max-video-preview:-1"},"canonical":"https:\/\/www.africa-press.net\/cameroun\/politique\/mandat-darret-le-nom-dun-autre-promoteur-tele-sort-dans-laffaire-de-la-ligne-94","og_locale":"fr_FR","og_type":"article","og_title":"Mandat d'arr\u00eat : le nom d'un autre promoteur t\u00e9l\u00e9 sort dans l'affaire de la ligne 94","og_description":"Que ce soit hier ou aujourd\u2019hui, le Cameroun a toujours trempe\u0301 dans des scandales financiers qui laissent les observate ...","og_url":"https:\/\/www.africa-press.net\/cameroun\/politique\/mandat-darret-le-nom-dun-autre-promoteur-tele-sort-dans-laffaire-de-la-ligne-94","og_site_name":"Cameroun","article_published_time":"2023-03-16T19:31:56+00:00","article_modified_time":"2023-03-16T20:21:35+00:00","og_image":[{"width":1280,"height":720,"url":"https:\/\/static.africa-press.net\/cameroun\/sites\/57\/2023\/03\/postQueueImg_1678982519.87.jpg","type":"image\/jpeg"}],"author":"cfeditorfr","twitter_card":"summary_large_image","twitter_misc":{"\u00c9crit par":"cfeditorfr","Dur\u00e9e de lecture estim\u00e9e":"3 minutes"},"schema":{"@context":"https:\/\/schema.org","@graph":[{"@type":"Article","@id":"https:\/\/www.africa-press.net\/cameroun\/politique\/mandat-darret-le-nom-dun-autre-promoteur-tele-sort-dans-laffaire-de-la-ligne-94#article","isPartOf":{"@id":"https:\/\/www.africa-press.net\/cameroun\/politique\/mandat-darret-le-nom-dun-autre-promoteur-tele-sort-dans-laffaire-de-la-ligne-94"},"author":{"name":"cfeditorfr","@id":"https:\/\/www.africa-press.net\/cameroun\/#\/schema\/person\/2b1cf3cd81a31e3cd26889ca66d677f1"},"headline":"Mandat d&rsquo;arr\u00eat : le nom d&rsquo;un autre promoteur t\u00e9l\u00e9 sort dans l&rsquo;affaire de la ligne 94","datePublished":"2023-03-16T19:31:56+00:00","dateModified":"2023-03-16T20:21:35+00:00","mainEntityOfPage":{"@id":"https:\/\/www.africa-press.net\/cameroun\/politique\/mandat-darret-le-nom-dun-autre-promoteur-tele-sort-dans-laffaire-de-la-ligne-94"},"wordCount":675,"commentCount":0,"image":{"@id":"https:\/\/www.africa-press.net\/cameroun\/politique\/mandat-darret-le-nom-dun-autre-promoteur-tele-sort-dans-laffaire-de-la-ligne-94#primaryimage"},"thumbnailUrl":"https:\/\/static.africa-press.net\/cameroun\/sites\/57\/2023\/03\/postQueueImg_1678982519.87.jpg","keywords":["Africa Press","Africa Press-Cameroun","Cameroun"],"articleSection":["Politique","Toutes les actualit\u00e9s"],"inLanguage":"fr-FR","potentialAction":[{"@type":"CommentAction","name":"Comment","target":["https:\/\/www.africa-press.net\/cameroun\/politique\/mandat-darret-le-nom-dun-autre-promoteur-tele-sort-dans-laffaire-de-la-ligne-94#respond"]}]},{"@type":"WebPage","@id":"https:\/\/www.africa-press.net\/cameroun\/politique\/mandat-darret-le-nom-dun-autre-promoteur-tele-sort-dans-laffaire-de-la-ligne-94","url":"https:\/\/www.africa-press.net\/cameroun\/politique\/mandat-darret-le-nom-dun-autre-promoteur-tele-sort-dans-laffaire-de-la-ligne-94","name":"Mandat d'arr\u00eat : le nom d'un autre promoteur t\u00e9l\u00e9 sort dans l'affaire de la ligne 94 - Cameroun","isPartOf":{"@id":"https:\/\/www.africa-press.net\/cameroun\/#website"},"primaryImageOfPage":{"@id":"https:\/\/www.africa-press.net\/cameroun\/politique\/mandat-darret-le-nom-dun-autre-promoteur-tele-sort-dans-laffaire-de-la-ligne-94#primaryimage"},"image":{"@id":"https:\/\/www.africa-press.net\/cameroun\/politique\/mandat-darret-le-nom-dun-autre-promoteur-tele-sort-dans-laffaire-de-la-ligne-94#primaryimage"},"thumbnailUrl":"https:\/\/static.africa-press.net\/cameroun\/sites\/57\/2023\/03\/postQueueImg_1678982519.87.jpg","datePublished":"2023-03-16T19:31:56+00:00","dateModified":"2023-03-16T20:21:35+00:00","author":{"@id":"https:\/\/www.africa-press.net\/cameroun\/#\/schema\/person\/2b1cf3cd81a31e3cd26889ca66d677f1"},"description":"Que ce soit hier ou aujourd\u2019hui, le Cameroun a toujours trempe\u0301 dans des scandales financiers qui laissent les observate ...","breadcrumb":{"@id":"https:\/\/www.africa-press.net\/cameroun\/politique\/mandat-darret-le-nom-dun-autre-promoteur-tele-sort-dans-laffaire-de-la-ligne-94#breadcrumb"},"inLanguage":"fr-FR","potentialAction":[{"@type":"ReadAction","target":["https:\/\/www.africa-press.net\/cameroun\/politique\/mandat-darret-le-nom-dun-autre-promoteur-tele-sort-dans-laffaire-de-la-ligne-94"]}]},{"@type":"ImageObject","inLanguage":"fr-FR","@id":"https:\/\/www.africa-press.net\/cameroun\/politique\/mandat-darret-le-nom-dun-autre-promoteur-tele-sort-dans-laffaire-de-la-ligne-94#primaryimage","url":"https:\/\/static.africa-press.net\/cameroun\/sites\/57\/2023\/03\/postQueueImg_1678982519.87.jpg","contentUrl":"https:\/\/static.africa-press.net\/cameroun\/sites\/57\/2023\/03\/postQueueImg_1678982519.87.jpg","width":1280,"height":720,"caption":"Mandat d'arr\u00eat : le nom d'un autre promoteur t\u00e9l\u00e9 sort dans l'affaire de la ligne 94"},{"@type":"BreadcrumbList","@id":"https:\/\/www.africa-press.net\/cameroun\/politique\/mandat-darret-le-nom-dun-autre-promoteur-tele-sort-dans-laffaire-de-la-ligne-94#breadcrumb","itemListElement":[{"@type":"ListItem","position":1,"name":"Accueil","item":"https:\/\/www.africa-press.net\/cameroun\/"},{"@type":"ListItem","position":2,"name":"Mandat d&rsquo;arr\u00eat : le nom d&rsquo;un autre promoteur t\u00e9l\u00e9 sort dans l&rsquo;affaire de la ligne 94"}]},{"@type":"WebSite","@id":"https:\/\/www.africa-press.net\/cameroun\/#website","url":"https:\/\/www.africa-press.net\/cameroun\/","name":"Cameroun","description":"Just another Africa News Agency Sites site","potentialAction":[{"@type":"SearchAction","target":{"@type":"EntryPoint","urlTemplate":"https:\/\/www.africa-press.net\/cameroun\/?s={search_term_string}"},"query-input":{"@type":"PropertyValueSpecification","valueRequired":true,"valueName":"search_term_string"}}],"inLanguage":"fr-FR"},{"@type":"Person","@id":"https:\/\/www.africa-press.net\/cameroun\/#\/schema\/person\/2b1cf3cd81a31e3cd26889ca66d677f1","name":"cfeditorfr"}]}},"_links":{"self":[{"href":"https:\/\/www.africa-press.net\/cameroun\/wp-json\/wp\/v2\/posts\/39537","targetHints":{"allow":["GET"]}}],"collection":[{"href":"https:\/\/www.africa-press.net\/cameroun\/wp-json\/wp\/v2\/posts"}],"about":[{"href":"https:\/\/www.africa-press.net\/cameroun\/wp-json\/wp\/v2\/types\/post"}],"author":[{"embeddable":true,"href":"https:\/\/www.africa-press.net\/cameroun\/wp-json\/wp\/v2\/users\/82"}],"replies":[{"embeddable":true,"href":"https:\/\/www.africa-press.net\/cameroun\/wp-json\/wp\/v2\/comments?post=39537"}],"version-history":[{"count":0,"href":"https:\/\/www.africa-press.net\/cameroun\/wp-json\/wp\/v2\/posts\/39537\/revisions"}],"wp:featuredmedia":[{"embeddable":true,"href":"https:\/\/www.africa-press.net\/cameroun\/wp-json\/wp\/v2\/media\/39536"}],"wp:attachment":[{"href":"https:\/\/www.africa-press.net\/cameroun\/wp-json\/wp\/v2\/media?parent=39537"}],"wp:term":[{"taxonomy":"category","embeddable":true,"href":"https:\/\/www.africa-press.net\/cameroun\/wp-json\/wp\/v2\/categories?post=39537"},{"taxonomy":"post_tag","embeddable":true,"href":"https:\/\/www.africa-press.net\/cameroun\/wp-json\/wp\/v2\/tags?post=39537"}],"curies":[{"name":"wp","href":"https:\/\/api.w.org\/{rel}","templated":true}]}}