{"id":39540,"date":"2023-03-16T19:32:02","date_gmt":"2023-03-16T19:32:02","guid":{"rendered":"https:\/\/www.africa-press.net\/cameroun\/politique\/ali-bongo-atterrit-en-urgence-au-cameroun-il-y-a-du-mouvement-a-mvomekaa"},"modified":"2023-03-16T20:22:57","modified_gmt":"2023-03-16T20:22:57","slug":"ali-bongo-atterrit-en-urgence-au-cameroun-il-y-a-du-mouvement-a-mvomekaa","status":"publish","type":"post","link":"https:\/\/www.africa-press.net\/cameroun\/politique\/ali-bongo-atterrit-en-urgence-au-cameroun-il-y-a-du-mouvement-a-mvomekaa","title":{"rendered":"Ali Bongo atterrit en urgence au Cameroun : il y a du mouvement \u00e0 Mvomeka&rsquo;a"},"content":{"rendered":"<p><span style=\"color: #ff6600\"><strong>Africa-Press &#8211; Cameroun. <\/strong><\/span>Le pre\u0301sident de la Re\u0301publique Paul Biya \u2013 qu\u2019on annonce pas tre\u0300s bien portant ces derniers temps \u2013 se trouve actuellement dans son village natal a\u0300 Mvomeka&rsquo;a. Son retour est tre\u0300s attendu dans la capitale Yaounde\u0301, lui qui est depuis quelques anne\u0301es tre\u0300s rare en public, sauf pour les occasions qui demandent vraiment sa pre\u0301sence.<\/p>\n<p>Des sources bien renseigne\u0301es nous confirment que le pre\u0301sident de la Re\u0301publique gabonaise Ali Bongo a atterri de toute urgence a\u0300 Yaounde\u0301 ces dernie\u0300res heures.<\/p>\n<p>Il n\u2019est pas le seul puisqu\u2019avant lui, c\u2019est Mahamat Idriss De\u0301by le leader tchadien qui est arrive\u0301 sur le sol camerounais.<\/p>\n<p>Les deux (02) dirigeants sont de\u0301ja\u0300 pre\u0301sents pour le sommet de la Communaute\u0301 e\u0301conomique et mone\u0301taire de l&rsquo;Afrique centrale (Cemac). Le lanceur d\u2019alertes Boris Bertolt informe que \u00ab Paul Biya, le chef de l&rsquo;E\u0301tat est toujours dans son village et devrait quitter Mvomeka&rsquo;a dans les prochaines heures \u00bb. D&rsquo;autres informateurs proches de la pre\u0301sidence annonce qu&rsquo;il y a du mouvement a\u0300 Mvomeka&rsquo;a.<\/p>\n<p>Au menu des discussions, il y aura la question du \u00ab franc CFA, pre\u0301sidence, mandats \u00bb, ce sont les sujets phare que Paul Biya et ses pairs vont aborder lors du sommet de la Cemac, selon le me\u0301dia Jeune Afrique.<\/p>\n<p>Il e\u0301crit qu\u2019attendue depuis pre\u0300s de deux (02) ans, \u00ab la prochaine confe\u0301rence des chefs d\u2019E\u0301tat de l\u2019organisation re\u0301gionale se tient ce 17 mars a\u0300 Yaounde\u0301. Au menu des discussions, des annonces fortes, notamment sur la re\u0301forme du franc CFA \u00bb. Voila\u0300 qui devrait passionner le de\u0301bat.<\/p>\n<p>La Communaute\u0301 e\u0301conomique et mone\u0301taire de l&rsquo;Afrique centrale (Cemac), pre\u0301side\u0301e depuis le 24 mars 2019 par Paul Biya, est une organisation internationale qui regroupe plusieurs pays d&rsquo;Afrique centrale. Elle a e\u0301te\u0301 cre\u0301e\u0301e pour prendre le relais de l&rsquo;Union douanie\u0300re et e\u0301conomique de l&rsquo;Afrique centrale (UDEAC).<\/p>\n<p>La Cemac regroupe l\u2019Union mone\u0301taire de l\u2019Afrique centrale (UMAC) qui est responsable de la convergence mone\u0301taire des E\u0301tats membres, qui partagent la me\u0302me monnaie, et l\u2019Union e\u0301conomique de l\u2019Afrique centrale (UEAC), qui a pour mission d\u2019harmoniser les re\u0301glementations en vigueur au sein des E\u0301tats membres afin de dynamiser les e\u0301changes commerciaux et faciliter la convergence des politiques e\u0301conomiques au sein de la sous-re\u0301gion.<\/p>\n<p>En aou\u0302t 2020, la Cemac et la France ont conclu un accord pour passer du CFA a\u0300 l\u2019Eco. C\u2019est l\u2019annonce que des officiels camerounais ont fait a\u0300 des investisseurs internationaux, avec quelques pre\u0301cisions : tout comme le processus qui est mene\u0301 dans la zone jumelle de l\u2019Uemoa, la nouvelle monnaie serait toujours lie\u0301e a\u0300 l\u2019euro sur la base d\u2019une parite\u0301 fixe, mais la France ne figurerait plus dans les instances mone\u0301taires sous re\u0301gionales. Depuis, tout s\u2019est tasse\u0301.<\/p>\n<p><strong>Pour plus d&rsquo;informations et d&rsquo;analyses sur la <a href=\"https:\/\/www.africa-press.net\/cameroun\">Cameroun<\/a>, suivez <a href=\"https:\/\/www.africa-press.net\/\">Africa-Press<\/a><\/strong><\/p>\n","protected":false},"excerpt":{"rendered":"<p>Africa-Press &#8211; Cameroun. Le pre\u0301sident de la Re\u0301publique Paul Biya \u2013 qu\u2019on annonce pas tre\u0300s bien portant ces derniers temps \u2013 se trouve actuellement dans son village natal a\u0300 Mvomeka&rsquo;a. Son retour est tre\u0300s attendu dans la capitale Yaounde\u0301, lui qui est depuis quelques anne\u0301es tre\u0300s rare en public, sauf pour les occasions qui demandent [&hellip;]<\/p>\n","protected":false},"author":82,"featured_media":39539,"comment_status":"open","ping_status":"closed","sticky":false,"template":"","format":"standard","meta":{"footnotes":""},"categories":[2,10],"tags":[36,50,49],"class_list":["post-39540","post","type-post","status-publish","format-standard","has-post-thumbnail","hentry","category-politique","category-toutes-les-actualites","tag-africa-press","tag-africa-press-cameroun","tag-cameroun"],"yoast_head":"<!-- This site is optimized with the Yoast SEO Premium plugin v26.1 (Yoast SEO v27.0) - https:\/\/yoast.com\/product\/yoast-seo-premium-wordpress\/ -->\n<title>Ali Bongo atterrit en urgence au Cameroun : il y a du mouvement \u00e0 Mvomeka&#039;a - Cameroun<\/title>\n<meta name=\"description\" content=\"Le pre\u0301sident de la Re\u0301publique Paul Biya \u2013 qu\u2019on annonce pas tre\u0300s bien portant ces derniers temps \u2013 se trouve actuelle ...\" \/>\n<meta name=\"robots\" content=\"index, follow, max-snippet:-1, max-image-preview:large, max-video-preview:-1\" \/>\n<link rel=\"canonical\" href=\"https:\/\/www.africa-press.net\/cameroun\/politique\/ali-bongo-atterrit-en-urgence-au-cameroun-il-y-a-du-mouvement-a-mvomekaa\" \/>\n<meta property=\"og:locale\" content=\"fr_FR\" \/>\n<meta property=\"og:type\" content=\"article\" \/>\n<meta property=\"og:title\" content=\"Ali Bongo atterrit en urgence au Cameroun : il y a du mouvement \u00e0 Mvomeka&#039;a\" \/>\n<meta property=\"og:description\" content=\"Le pre\u0301sident de la Re\u0301publique Paul Biya \u2013 qu\u2019on annonce pas tre\u0300s bien portant ces derniers temps \u2013 se trouve actuelle ...\" \/>\n<meta property=\"og:url\" content=\"https:\/\/www.africa-press.net\/cameroun\/politique\/ali-bongo-atterrit-en-urgence-au-cameroun-il-y-a-du-mouvement-a-mvomekaa\" \/>\n<meta property=\"og:site_name\" content=\"Cameroun\" \/>\n<meta property=\"article:published_time\" content=\"2023-03-16T19:32:02+00:00\" \/>\n<meta property=\"article:modified_time\" content=\"2023-03-16T20:22:57+00:00\" \/>\n<meta property=\"og:image\" content=\"https:\/\/static.africa-press.net\/cameroun\/sites\/57\/2023\/03\/postQueueImg_1678982530.52.jpg\" \/>\n\t<meta property=\"og:image:width\" content=\"720\" \/>\n\t<meta property=\"og:image:height\" content=\"480\" \/>\n\t<meta property=\"og:image:type\" content=\"image\/jpeg\" \/>\n<meta name=\"author\" content=\"cfeditorfr\" \/>\n<meta name=\"twitter:card\" content=\"summary_large_image\" \/>\n<meta name=\"twitter:label1\" content=\"\u00c9crit par\" \/>\n\t<meta name=\"twitter:data1\" content=\"cfeditorfr\" \/>\n\t<meta name=\"twitter:label2\" content=\"Dur\u00e9e de lecture estim\u00e9e\" \/>\n\t<meta name=\"twitter:data2\" content=\"3 minutes\" \/>\n<script type=\"application\/ld+json\" class=\"yoast-schema-graph\">{\"@context\":\"https:\/\/schema.org\",\"@graph\":[{\"@type\":\"Article\",\"@id\":\"https:\/\/www.africa-press.net\/cameroun\/politique\/ali-bongo-atterrit-en-urgence-au-cameroun-il-y-a-du-mouvement-a-mvomekaa#article\",\"isPartOf\":{\"@id\":\"https:\/\/www.africa-press.net\/cameroun\/politique\/ali-bongo-atterrit-en-urgence-au-cameroun-il-y-a-du-mouvement-a-mvomekaa\"},\"author\":{\"name\":\"cfeditorfr\",\"@id\":\"https:\/\/www.africa-press.net\/cameroun\/#\/schema\/person\/2b1cf3cd81a31e3cd26889ca66d677f1\"},\"headline\":\"Ali Bongo atterrit en urgence au Cameroun : il y a du mouvement \u00e0 Mvomeka&rsquo;a\",\"datePublished\":\"2023-03-16T19:32:02+00:00\",\"dateModified\":\"2023-03-16T20:22:57+00:00\",\"mainEntityOfPage\":{\"@id\":\"https:\/\/www.africa-press.net\/cameroun\/politique\/ali-bongo-atterrit-en-urgence-au-cameroun-il-y-a-du-mouvement-a-mvomekaa\"},\"wordCount\":531,\"commentCount\":0,\"image\":{\"@id\":\"https:\/\/www.africa-press.net\/cameroun\/politique\/ali-bongo-atterrit-en-urgence-au-cameroun-il-y-a-du-mouvement-a-mvomekaa#primaryimage\"},\"thumbnailUrl\":\"https:\/\/static.africa-press.net\/cameroun\/sites\/57\/2023\/03\/postQueueImg_1678982530.52.jpg\",\"keywords\":[\"Africa Press\",\"Africa Press-Cameroun\",\"Cameroun\"],\"articleSection\":[\"Politique\",\"Toutes les actualit\u00e9s\"],\"inLanguage\":\"fr-FR\",\"potentialAction\":[{\"@type\":\"CommentAction\",\"name\":\"Comment\",\"target\":[\"https:\/\/www.africa-press.net\/cameroun\/politique\/ali-bongo-atterrit-en-urgence-au-cameroun-il-y-a-du-mouvement-a-mvomekaa#respond\"]}]},{\"@type\":\"WebPage\",\"@id\":\"https:\/\/www.africa-press.net\/cameroun\/politique\/ali-bongo-atterrit-en-urgence-au-cameroun-il-y-a-du-mouvement-a-mvomekaa\",\"url\":\"https:\/\/www.africa-press.net\/cameroun\/politique\/ali-bongo-atterrit-en-urgence-au-cameroun-il-y-a-du-mouvement-a-mvomekaa\",\"name\":\"Ali Bongo atterrit en urgence au Cameroun : il y a du mouvement \u00e0 Mvomeka'a - Cameroun\",\"isPartOf\":{\"@id\":\"https:\/\/www.africa-press.net\/cameroun\/#website\"},\"primaryImageOfPage\":{\"@id\":\"https:\/\/www.africa-press.net\/cameroun\/politique\/ali-bongo-atterrit-en-urgence-au-cameroun-il-y-a-du-mouvement-a-mvomekaa#primaryimage\"},\"image\":{\"@id\":\"https:\/\/www.africa-press.net\/cameroun\/politique\/ali-bongo-atterrit-en-urgence-au-cameroun-il-y-a-du-mouvement-a-mvomekaa#primaryimage\"},\"thumbnailUrl\":\"https:\/\/static.africa-press.net\/cameroun\/sites\/57\/2023\/03\/postQueueImg_1678982530.52.jpg\",\"datePublished\":\"2023-03-16T19:32:02+00:00\",\"dateModified\":\"2023-03-16T20:22:57+00:00\",\"author\":{\"@id\":\"https:\/\/www.africa-press.net\/cameroun\/#\/schema\/person\/2b1cf3cd81a31e3cd26889ca66d677f1\"},\"description\":\"Le pre\u0301sident de la Re\u0301publique Paul Biya \u2013 qu\u2019on annonce pas tre\u0300s bien portant ces derniers temps \u2013 se trouve actuelle ...\",\"breadcrumb\":{\"@id\":\"https:\/\/www.africa-press.net\/cameroun\/politique\/ali-bongo-atterrit-en-urgence-au-cameroun-il-y-a-du-mouvement-a-mvomekaa#breadcrumb\"},\"inLanguage\":\"fr-FR\",\"potentialAction\":[{\"@type\":\"ReadAction\",\"target\":[\"https:\/\/www.africa-press.net\/cameroun\/politique\/ali-bongo-atterrit-en-urgence-au-cameroun-il-y-a-du-mouvement-a-mvomekaa\"]}]},{\"@type\":\"ImageObject\",\"inLanguage\":\"fr-FR\",\"@id\":\"https:\/\/www.africa-press.net\/cameroun\/politique\/ali-bongo-atterrit-en-urgence-au-cameroun-il-y-a-du-mouvement-a-mvomekaa#primaryimage\",\"url\":\"https:\/\/static.africa-press.net\/cameroun\/sites\/57\/2023\/03\/postQueueImg_1678982530.52.jpg\",\"contentUrl\":\"https:\/\/static.africa-press.net\/cameroun\/sites\/57\/2023\/03\/postQueueImg_1678982530.52.jpg\",\"width\":720,\"height\":480,\"caption\":\"Ali Bongo atterrit en urgence au Cameroun : il y a du mouvement \u00e0 Mvomeka'a\"},{\"@type\":\"BreadcrumbList\",\"@id\":\"https:\/\/www.africa-press.net\/cameroun\/politique\/ali-bongo-atterrit-en-urgence-au-cameroun-il-y-a-du-mouvement-a-mvomekaa#breadcrumb\",\"itemListElement\":[{\"@type\":\"ListItem\",\"position\":1,\"name\":\"Accueil\",\"item\":\"https:\/\/www.africa-press.net\/cameroun\/\"},{\"@type\":\"ListItem\",\"position\":2,\"name\":\"Ali Bongo atterrit en urgence au Cameroun : il y a du mouvement \u00e0 Mvomeka&rsquo;a\"}]},{\"@type\":\"WebSite\",\"@id\":\"https:\/\/www.africa-press.net\/cameroun\/#website\",\"url\":\"https:\/\/www.africa-press.net\/cameroun\/\",\"name\":\"Cameroun\",\"description\":\"Just another Africa News Agency Sites site\",\"potentialAction\":[{\"@type\":\"SearchAction\",\"target\":{\"@type\":\"EntryPoint\",\"urlTemplate\":\"https:\/\/www.africa-press.net\/cameroun\/?s={search_term_string}\"},\"query-input\":{\"@type\":\"PropertyValueSpecification\",\"valueRequired\":true,\"valueName\":\"search_term_string\"}}],\"inLanguage\":\"fr-FR\"},{\"@type\":\"Person\",\"@id\":\"https:\/\/www.africa-press.net\/cameroun\/#\/schema\/person\/2b1cf3cd81a31e3cd26889ca66d677f1\",\"name\":\"cfeditorfr\"}]}<\/script>\n<!-- \/ Yoast SEO Premium plugin. -->","yoast_head_json":{"title":"Ali Bongo atterrit en urgence au Cameroun : il y a du mouvement \u00e0 Mvomeka'a - Cameroun","description":"Le pre\u0301sident de la Re\u0301publique Paul Biya \u2013 qu\u2019on annonce pas tre\u0300s bien portant ces derniers temps \u2013 se trouve actuelle ...","robots":{"index":"index","follow":"follow","max-snippet":"max-snippet:-1","max-image-preview":"max-image-preview:large","max-video-preview":"max-video-preview:-1"},"canonical":"https:\/\/www.africa-press.net\/cameroun\/politique\/ali-bongo-atterrit-en-urgence-au-cameroun-il-y-a-du-mouvement-a-mvomekaa","og_locale":"fr_FR","og_type":"article","og_title":"Ali Bongo atterrit en urgence au Cameroun : il y a du mouvement \u00e0 Mvomeka'a","og_description":"Le pre\u0301sident de la Re\u0301publique Paul Biya \u2013 qu\u2019on annonce pas tre\u0300s bien portant ces derniers temps \u2013 se trouve actuelle ...","og_url":"https:\/\/www.africa-press.net\/cameroun\/politique\/ali-bongo-atterrit-en-urgence-au-cameroun-il-y-a-du-mouvement-a-mvomekaa","og_site_name":"Cameroun","article_published_time":"2023-03-16T19:32:02+00:00","article_modified_time":"2023-03-16T20:22:57+00:00","og_image":[{"width":720,"height":480,"url":"https:\/\/static.africa-press.net\/cameroun\/sites\/57\/2023\/03\/postQueueImg_1678982530.52.jpg","type":"image\/jpeg"}],"author":"cfeditorfr","twitter_card":"summary_large_image","twitter_misc":{"\u00c9crit par":"cfeditorfr","Dur\u00e9e de lecture estim\u00e9e":"3 minutes"},"schema":{"@context":"https:\/\/schema.org","@graph":[{"@type":"Article","@id":"https:\/\/www.africa-press.net\/cameroun\/politique\/ali-bongo-atterrit-en-urgence-au-cameroun-il-y-a-du-mouvement-a-mvomekaa#article","isPartOf":{"@id":"https:\/\/www.africa-press.net\/cameroun\/politique\/ali-bongo-atterrit-en-urgence-au-cameroun-il-y-a-du-mouvement-a-mvomekaa"},"author":{"name":"cfeditorfr","@id":"https:\/\/www.africa-press.net\/cameroun\/#\/schema\/person\/2b1cf3cd81a31e3cd26889ca66d677f1"},"headline":"Ali Bongo atterrit en urgence au Cameroun : il y a du mouvement \u00e0 Mvomeka&rsquo;a","datePublished":"2023-03-16T19:32:02+00:00","dateModified":"2023-03-16T20:22:57+00:00","mainEntityOfPage":{"@id":"https:\/\/www.africa-press.net\/cameroun\/politique\/ali-bongo-atterrit-en-urgence-au-cameroun-il-y-a-du-mouvement-a-mvomekaa"},"wordCount":531,"commentCount":0,"image":{"@id":"https:\/\/www.africa-press.net\/cameroun\/politique\/ali-bongo-atterrit-en-urgence-au-cameroun-il-y-a-du-mouvement-a-mvomekaa#primaryimage"},"thumbnailUrl":"https:\/\/static.africa-press.net\/cameroun\/sites\/57\/2023\/03\/postQueueImg_1678982530.52.jpg","keywords":["Africa Press","Africa Press-Cameroun","Cameroun"],"articleSection":["Politique","Toutes les actualit\u00e9s"],"inLanguage":"fr-FR","potentialAction":[{"@type":"CommentAction","name":"Comment","target":["https:\/\/www.africa-press.net\/cameroun\/politique\/ali-bongo-atterrit-en-urgence-au-cameroun-il-y-a-du-mouvement-a-mvomekaa#respond"]}]},{"@type":"WebPage","@id":"https:\/\/www.africa-press.net\/cameroun\/politique\/ali-bongo-atterrit-en-urgence-au-cameroun-il-y-a-du-mouvement-a-mvomekaa","url":"https:\/\/www.africa-press.net\/cameroun\/politique\/ali-bongo-atterrit-en-urgence-au-cameroun-il-y-a-du-mouvement-a-mvomekaa","name":"Ali Bongo atterrit en urgence au Cameroun : il y a du mouvement \u00e0 Mvomeka'a - Cameroun","isPartOf":{"@id":"https:\/\/www.africa-press.net\/cameroun\/#website"},"primaryImageOfPage":{"@id":"https:\/\/www.africa-press.net\/cameroun\/politique\/ali-bongo-atterrit-en-urgence-au-cameroun-il-y-a-du-mouvement-a-mvomekaa#primaryimage"},"image":{"@id":"https:\/\/www.africa-press.net\/cameroun\/politique\/ali-bongo-atterrit-en-urgence-au-cameroun-il-y-a-du-mouvement-a-mvomekaa#primaryimage"},"thumbnailUrl":"https:\/\/static.africa-press.net\/cameroun\/sites\/57\/2023\/03\/postQueueImg_1678982530.52.jpg","datePublished":"2023-03-16T19:32:02+00:00","dateModified":"2023-03-16T20:22:57+00:00","author":{"@id":"https:\/\/www.africa-press.net\/cameroun\/#\/schema\/person\/2b1cf3cd81a31e3cd26889ca66d677f1"},"description":"Le pre\u0301sident de la Re\u0301publique Paul Biya \u2013 qu\u2019on annonce pas tre\u0300s bien portant ces derniers temps \u2013 se trouve actuelle ...","breadcrumb":{"@id":"https:\/\/www.africa-press.net\/cameroun\/politique\/ali-bongo-atterrit-en-urgence-au-cameroun-il-y-a-du-mouvement-a-mvomekaa#breadcrumb"},"inLanguage":"fr-FR","potentialAction":[{"@type":"ReadAction","target":["https:\/\/www.africa-press.net\/cameroun\/politique\/ali-bongo-atterrit-en-urgence-au-cameroun-il-y-a-du-mouvement-a-mvomekaa"]}]},{"@type":"ImageObject","inLanguage":"fr-FR","@id":"https:\/\/www.africa-press.net\/cameroun\/politique\/ali-bongo-atterrit-en-urgence-au-cameroun-il-y-a-du-mouvement-a-mvomekaa#primaryimage","url":"https:\/\/static.africa-press.net\/cameroun\/sites\/57\/2023\/03\/postQueueImg_1678982530.52.jpg","contentUrl":"https:\/\/static.africa-press.net\/cameroun\/sites\/57\/2023\/03\/postQueueImg_1678982530.52.jpg","width":720,"height":480,"caption":"Ali Bongo atterrit en urgence au Cameroun : il y a du mouvement \u00e0 Mvomeka'a"},{"@type":"BreadcrumbList","@id":"https:\/\/www.africa-press.net\/cameroun\/politique\/ali-bongo-atterrit-en-urgence-au-cameroun-il-y-a-du-mouvement-a-mvomekaa#breadcrumb","itemListElement":[{"@type":"ListItem","position":1,"name":"Accueil","item":"https:\/\/www.africa-press.net\/cameroun\/"},{"@type":"ListItem","position":2,"name":"Ali Bongo atterrit en urgence au Cameroun : il y a du mouvement \u00e0 Mvomeka&rsquo;a"}]},{"@type":"WebSite","@id":"https:\/\/www.africa-press.net\/cameroun\/#website","url":"https:\/\/www.africa-press.net\/cameroun\/","name":"Cameroun","description":"Just another Africa News Agency Sites site","potentialAction":[{"@type":"SearchAction","target":{"@type":"EntryPoint","urlTemplate":"https:\/\/www.africa-press.net\/cameroun\/?s={search_term_string}"},"query-input":{"@type":"PropertyValueSpecification","valueRequired":true,"valueName":"search_term_string"}}],"inLanguage":"fr-FR"},{"@type":"Person","@id":"https:\/\/www.africa-press.net\/cameroun\/#\/schema\/person\/2b1cf3cd81a31e3cd26889ca66d677f1","name":"cfeditorfr"}]}},"_links":{"self":[{"href":"https:\/\/www.africa-press.net\/cameroun\/wp-json\/wp\/v2\/posts\/39540","targetHints":{"allow":["GET"]}}],"collection":[{"href":"https:\/\/www.africa-press.net\/cameroun\/wp-json\/wp\/v2\/posts"}],"about":[{"href":"https:\/\/www.africa-press.net\/cameroun\/wp-json\/wp\/v2\/types\/post"}],"author":[{"embeddable":true,"href":"https:\/\/www.africa-press.net\/cameroun\/wp-json\/wp\/v2\/users\/82"}],"replies":[{"embeddable":true,"href":"https:\/\/www.africa-press.net\/cameroun\/wp-json\/wp\/v2\/comments?post=39540"}],"version-history":[{"count":0,"href":"https:\/\/www.africa-press.net\/cameroun\/wp-json\/wp\/v2\/posts\/39540\/revisions"}],"wp:featuredmedia":[{"embeddable":true,"href":"https:\/\/www.africa-press.net\/cameroun\/wp-json\/wp\/v2\/media\/39539"}],"wp:attachment":[{"href":"https:\/\/www.africa-press.net\/cameroun\/wp-json\/wp\/v2\/media?parent=39540"}],"wp:term":[{"taxonomy":"category","embeddable":true,"href":"https:\/\/www.africa-press.net\/cameroun\/wp-json\/wp\/v2\/categories?post=39540"},{"taxonomy":"post_tag","embeddable":true,"href":"https:\/\/www.africa-press.net\/cameroun\/wp-json\/wp\/v2\/tags?post=39540"}],"curies":[{"name":"wp","href":"https:\/\/api.w.org\/{rel}","templated":true}]}}