{"id":39549,"date":"2023-03-16T19:32:28","date_gmt":"2023-03-16T19:32:28","guid":{"rendered":"https:\/\/www.africa-press.net\/cameroun\/politique\/cameroun-yaounde-accueille-les-presidents-des-pays-de-la-cemac"},"modified":"2023-03-16T20:24:46","modified_gmt":"2023-03-16T20:24:46","slug":"cameroun-yaounde-accueille-les-presidents-des-pays-de-la-cemac","status":"publish","type":"post","link":"https:\/\/www.africa-press.net\/cameroun\/politique\/cameroun-yaounde-accueille-les-presidents-des-pays-de-la-cemac","title":{"rendered":"Cameroun : Yaound\u00e9 accueille les pr\u00e9sidents des pays de la CEMAC"},"content":{"rendered":"<p><span style=\"color: #ff6600\"><strong>Africa-Press &#8211; Cameroun. <\/strong><\/span>Les chefs d\u2019Etat du Tchad Mahamat Idriss De\u0301by Itno et du Gabon Ali Bongo Ondimba sont de\u0301ja\u0300 dans la capitale camerounaise. Restent attendus ce jour, les pre\u0301sidents du Congo et de RCA.<\/p>\n<p>Le pre\u0301sident de Transition, pre\u0301sident de la Re\u0301publique du Tchad et le pre\u0301sident de la Re\u0301publique du Gabon sont au Cameroun. Mahamat Idriss De\u0301by Itno, Ali Bongo Ondimba arrivent sur invitation du pre\u0301sident de la Re\u0301publique du Cameroun Paul Biya, pre\u0301sident en exercice de la Confe\u0301rence des chefs d\u2019Etat de la Communaute\u0301 e\u0301conomique et mone\u0301taire de l\u2019Afrique centrale (Cemac).<\/p>\n<p>Tous deux, ainsi que leurs homologues de la Centrafrique Faustin Archange Touadera, du Congo Denis Sassou Nguesso et de la Guine\u0301e Equatoriale Teodoro Obiang Nguema Mbasogo, prendront part aux travaux de la 15e\u0300 session ordinaire de cette confe\u0301rence le vendredi 17 mars 2023 au Palais de l\u2019Unite\u0301.<\/p>\n<p>Comme le pre\u0301voit le programme officiel de ce sommet des chefs d\u2019Etat, cette journe\u0301e du 16 mars 2023 est consacre\u0301e a\u0300 l\u2019accueil des chefs d\u2019Etat a\u0300 l\u2019ae\u0301roport international de Yaounde\u0301-Nsimalen. A cet effet, le pre\u0301sident de la Re\u0301publique du Tchad est le premier a\u0300 toucher le tarmac de l\u2019ae\u0301roport international de Yaounde\u0301-Nsimalen. Arrive\u0301 aux environs de 11h30, il a e\u0301te\u0301 accueilli au bas de la passerelle par le Premier ministre camerounais Joseph Dion Ngute. Apre\u0300s remise du bouquet de fleurs, exe\u0301cution de l\u2019hymne de la Cemac, il a e\u0301te\u0301 conduit en corte\u0300ge a\u0300 l\u2019ho\u0302tel Hilton.<\/p>\n<p>Accueil de S.E Mahamat Idriss De\u0301by Itno<\/p>\n<p>Autour de 15h tout a\u0300 l\u2019heure, le Premier ministre Joseph Dion Ngute a accueilli le pre\u0301sident gabonais Ali Bongo Ondimba. Comme le premier arrive\u0301, suite a\u0300 la remise du bouquet de fleurs et a\u0300 l\u2019exe\u0301cution de l\u2019hymne de la Cemac, il a pris la route pour rejoindre l\u2019ho\u0302tel Hilton. Il vient aussi d\u2019y e\u0302tre accueilli. Deux autres chefs d\u2019Etat restent attendus ce jeudi. Il s\u2019agit du pre\u0301sident congolais Denis Sassou Nguesso et le chef de l\u2019Etat centrafricain Faustin Archange Touadera. <b>Les enjeux du sommet a\u0300 lire dans cet article<\/b>.<\/p>\n<p><b>Ci-dessous, le programme officiel de la 15e\u0300 session ordinaire de la Confe\u0301rence des chefs d\u2019Etat de la Communaute\u0301 e\u0301conomique et mone\u0301taire de l\u2019Afrique centrale (Cemac) des 16 et 17 mars 2023 au Palais de l\u2019Unite\u0301.<\/b><\/p>\n<p><strong>Pour plus d&rsquo;informations et d&rsquo;analyses sur la <a href=\"https:\/\/www.africa-press.net\/cameroun\">Cameroun<\/a>, suivez <a href=\"https:\/\/www.africa-press.net\/\">Africa-Press<\/a><\/strong><\/p>\n","protected":false},"excerpt":{"rendered":"<p>Africa-Press &#8211; Cameroun. Les chefs d\u2019Etat du Tchad Mahamat Idriss De\u0301by Itno et du Gabon Ali Bongo Ondimba sont de\u0301ja\u0300 dans la capitale camerounaise. Restent attendus ce jour, les pre\u0301sidents du Congo et de RCA. Le pre\u0301sident de Transition, pre\u0301sident de la Re\u0301publique du Tchad et le pre\u0301sident de la Re\u0301publique du Gabon sont au [&hellip;]<\/p>\n","protected":false},"author":82,"featured_media":39547,"comment_status":"open","ping_status":"closed","sticky":false,"template":"","format":"standard","meta":{"footnotes":""},"categories":[2,10],"tags":[36,50,49],"class_list":["post-39549","post","type-post","status-publish","format-standard","has-post-thumbnail","hentry","category-politique","category-toutes-les-actualites","tag-africa-press","tag-africa-press-cameroun","tag-cameroun"],"yoast_head":"<!-- This site is optimized with the Yoast SEO Premium plugin v26.1 (Yoast SEO v27.0) - https:\/\/yoast.com\/product\/yoast-seo-premium-wordpress\/ -->\n<title>Cameroun : Yaound\u00e9 accueille les pr\u00e9sidents des pays de la CEMAC - Cameroun<\/title>\n<meta name=\"description\" content=\"Les chefs d\u2019Etat du Tchad Mahamat Idriss De\u0301by Itno et du Gabon Ali Bongo Ondimba sont de\u0301ja\u0300 dans la capitale camerouna ...\" \/>\n<meta name=\"robots\" content=\"index, follow, max-snippet:-1, max-image-preview:large, max-video-preview:-1\" \/>\n<link rel=\"canonical\" href=\"https:\/\/www.africa-press.net\/cameroun\/politique\/cameroun-yaounde-accueille-les-presidents-des-pays-de-la-cemac\" \/>\n<meta property=\"og:locale\" content=\"fr_FR\" \/>\n<meta property=\"og:type\" content=\"article\" \/>\n<meta property=\"og:title\" content=\"Cameroun : Yaound\u00e9 accueille les pr\u00e9sidents des pays de la CEMAC\" \/>\n<meta property=\"og:description\" content=\"Les chefs d\u2019Etat du Tchad Mahamat Idriss De\u0301by Itno et du Gabon Ali Bongo Ondimba sont de\u0301ja\u0300 dans la capitale camerouna ...\" \/>\n<meta property=\"og:url\" content=\"https:\/\/www.africa-press.net\/cameroun\/politique\/cameroun-yaounde-accueille-les-presidents-des-pays-de-la-cemac\" \/>\n<meta property=\"og:site_name\" content=\"Cameroun\" \/>\n<meta property=\"article:published_time\" content=\"2023-03-16T19:32:28+00:00\" \/>\n<meta property=\"article:modified_time\" content=\"2023-03-16T20:24:46+00:00\" \/>\n<meta property=\"og:image\" content=\"https:\/\/static.africa-press.net\/cameroun\/sites\/57\/2023\/03\/postQueueImg_1678982551.02.jpg\" \/>\n\t<meta property=\"og:image:width\" content=\"720\" \/>\n\t<meta property=\"og:image:height\" content=\"448\" \/>\n\t<meta property=\"og:image:type\" content=\"image\/jpeg\" \/>\n<meta name=\"author\" content=\"cfeditorfr\" \/>\n<meta name=\"twitter:card\" content=\"summary_large_image\" \/>\n<meta name=\"twitter:label1\" content=\"\u00c9crit par\" \/>\n\t<meta name=\"twitter:data1\" content=\"cfeditorfr\" \/>\n\t<meta name=\"twitter:label2\" content=\"Dur\u00e9e de lecture estim\u00e9e\" \/>\n\t<meta name=\"twitter:data2\" content=\"2 minutes\" \/>\n<script type=\"application\/ld+json\" class=\"yoast-schema-graph\">{\"@context\":\"https:\/\/schema.org\",\"@graph\":[{\"@type\":\"Article\",\"@id\":\"https:\/\/www.africa-press.net\/cameroun\/politique\/cameroun-yaounde-accueille-les-presidents-des-pays-de-la-cemac#article\",\"isPartOf\":{\"@id\":\"https:\/\/www.africa-press.net\/cameroun\/politique\/cameroun-yaounde-accueille-les-presidents-des-pays-de-la-cemac\"},\"author\":{\"name\":\"cfeditorfr\",\"@id\":\"https:\/\/www.africa-press.net\/cameroun\/#\/schema\/person\/2b1cf3cd81a31e3cd26889ca66d677f1\"},\"headline\":\"Cameroun : Yaound\u00e9 accueille les pr\u00e9sidents des pays de la CEMAC\",\"datePublished\":\"2023-03-16T19:32:28+00:00\",\"dateModified\":\"2023-03-16T20:24:46+00:00\",\"mainEntityOfPage\":{\"@id\":\"https:\/\/www.africa-press.net\/cameroun\/politique\/cameroun-yaounde-accueille-les-presidents-des-pays-de-la-cemac\"},\"wordCount\":447,\"commentCount\":0,\"image\":{\"@id\":\"https:\/\/www.africa-press.net\/cameroun\/politique\/cameroun-yaounde-accueille-les-presidents-des-pays-de-la-cemac#primaryimage\"},\"thumbnailUrl\":\"https:\/\/static.africa-press.net\/cameroun\/sites\/57\/2023\/03\/postQueueImg_1678982551.02.jpg\",\"keywords\":[\"Africa Press\",\"Africa Press-Cameroun\",\"Cameroun\"],\"articleSection\":[\"Politique\",\"Toutes les actualit\u00e9s\"],\"inLanguage\":\"fr-FR\",\"potentialAction\":[{\"@type\":\"CommentAction\",\"name\":\"Comment\",\"target\":[\"https:\/\/www.africa-press.net\/cameroun\/politique\/cameroun-yaounde-accueille-les-presidents-des-pays-de-la-cemac#respond\"]}]},{\"@type\":\"WebPage\",\"@id\":\"https:\/\/www.africa-press.net\/cameroun\/politique\/cameroun-yaounde-accueille-les-presidents-des-pays-de-la-cemac\",\"url\":\"https:\/\/www.africa-press.net\/cameroun\/politique\/cameroun-yaounde-accueille-les-presidents-des-pays-de-la-cemac\",\"name\":\"Cameroun : Yaound\u00e9 accueille les pr\u00e9sidents des pays de la CEMAC - Cameroun\",\"isPartOf\":{\"@id\":\"https:\/\/www.africa-press.net\/cameroun\/#website\"},\"primaryImageOfPage\":{\"@id\":\"https:\/\/www.africa-press.net\/cameroun\/politique\/cameroun-yaounde-accueille-les-presidents-des-pays-de-la-cemac#primaryimage\"},\"image\":{\"@id\":\"https:\/\/www.africa-press.net\/cameroun\/politique\/cameroun-yaounde-accueille-les-presidents-des-pays-de-la-cemac#primaryimage\"},\"thumbnailUrl\":\"https:\/\/static.africa-press.net\/cameroun\/sites\/57\/2023\/03\/postQueueImg_1678982551.02.jpg\",\"datePublished\":\"2023-03-16T19:32:28+00:00\",\"dateModified\":\"2023-03-16T20:24:46+00:00\",\"author\":{\"@id\":\"https:\/\/www.africa-press.net\/cameroun\/#\/schema\/person\/2b1cf3cd81a31e3cd26889ca66d677f1\"},\"description\":\"Les chefs d\u2019Etat du Tchad Mahamat Idriss De\u0301by Itno et du Gabon Ali Bongo Ondimba sont de\u0301ja\u0300 dans la capitale camerouna ...\",\"breadcrumb\":{\"@id\":\"https:\/\/www.africa-press.net\/cameroun\/politique\/cameroun-yaounde-accueille-les-presidents-des-pays-de-la-cemac#breadcrumb\"},\"inLanguage\":\"fr-FR\",\"potentialAction\":[{\"@type\":\"ReadAction\",\"target\":[\"https:\/\/www.africa-press.net\/cameroun\/politique\/cameroun-yaounde-accueille-les-presidents-des-pays-de-la-cemac\"]}]},{\"@type\":\"ImageObject\",\"inLanguage\":\"fr-FR\",\"@id\":\"https:\/\/www.africa-press.net\/cameroun\/politique\/cameroun-yaounde-accueille-les-presidents-des-pays-de-la-cemac#primaryimage\",\"url\":\"https:\/\/static.africa-press.net\/cameroun\/sites\/57\/2023\/03\/postQueueImg_1678982551.02.jpg\",\"contentUrl\":\"https:\/\/static.africa-press.net\/cameroun\/sites\/57\/2023\/03\/postQueueImg_1678982551.02.jpg\",\"width\":720,\"height\":448,\"caption\":\"Cameroun : Yaound\u00e9 accueille les pr\u00e9sidents des pays de la CEMAC\"},{\"@type\":\"BreadcrumbList\",\"@id\":\"https:\/\/www.africa-press.net\/cameroun\/politique\/cameroun-yaounde-accueille-les-presidents-des-pays-de-la-cemac#breadcrumb\",\"itemListElement\":[{\"@type\":\"ListItem\",\"position\":1,\"name\":\"Accueil\",\"item\":\"https:\/\/www.africa-press.net\/cameroun\/\"},{\"@type\":\"ListItem\",\"position\":2,\"name\":\"Cameroun : Yaound\u00e9 accueille les pr\u00e9sidents des pays de la CEMAC\"}]},{\"@type\":\"WebSite\",\"@id\":\"https:\/\/www.africa-press.net\/cameroun\/#website\",\"url\":\"https:\/\/www.africa-press.net\/cameroun\/\",\"name\":\"Cameroun\",\"description\":\"Just another Africa News Agency Sites site\",\"potentialAction\":[{\"@type\":\"SearchAction\",\"target\":{\"@type\":\"EntryPoint\",\"urlTemplate\":\"https:\/\/www.africa-press.net\/cameroun\/?s={search_term_string}\"},\"query-input\":{\"@type\":\"PropertyValueSpecification\",\"valueRequired\":true,\"valueName\":\"search_term_string\"}}],\"inLanguage\":\"fr-FR\"},{\"@type\":\"Person\",\"@id\":\"https:\/\/www.africa-press.net\/cameroun\/#\/schema\/person\/2b1cf3cd81a31e3cd26889ca66d677f1\",\"name\":\"cfeditorfr\"}]}<\/script>\n<!-- \/ Yoast SEO Premium plugin. -->","yoast_head_json":{"title":"Cameroun : Yaound\u00e9 accueille les pr\u00e9sidents des pays de la CEMAC - Cameroun","description":"Les chefs d\u2019Etat du Tchad Mahamat Idriss De\u0301by Itno et du Gabon Ali Bongo Ondimba sont de\u0301ja\u0300 dans la capitale camerouna ...","robots":{"index":"index","follow":"follow","max-snippet":"max-snippet:-1","max-image-preview":"max-image-preview:large","max-video-preview":"max-video-preview:-1"},"canonical":"https:\/\/www.africa-press.net\/cameroun\/politique\/cameroun-yaounde-accueille-les-presidents-des-pays-de-la-cemac","og_locale":"fr_FR","og_type":"article","og_title":"Cameroun : Yaound\u00e9 accueille les pr\u00e9sidents des pays de la CEMAC","og_description":"Les chefs d\u2019Etat du Tchad Mahamat Idriss De\u0301by Itno et du Gabon Ali Bongo Ondimba sont de\u0301ja\u0300 dans la capitale camerouna ...","og_url":"https:\/\/www.africa-press.net\/cameroun\/politique\/cameroun-yaounde-accueille-les-presidents-des-pays-de-la-cemac","og_site_name":"Cameroun","article_published_time":"2023-03-16T19:32:28+00:00","article_modified_time":"2023-03-16T20:24:46+00:00","og_image":[{"width":720,"height":448,"url":"https:\/\/static.africa-press.net\/cameroun\/sites\/57\/2023\/03\/postQueueImg_1678982551.02.jpg","type":"image\/jpeg"}],"author":"cfeditorfr","twitter_card":"summary_large_image","twitter_misc":{"\u00c9crit par":"cfeditorfr","Dur\u00e9e de lecture estim\u00e9e":"2 minutes"},"schema":{"@context":"https:\/\/schema.org","@graph":[{"@type":"Article","@id":"https:\/\/www.africa-press.net\/cameroun\/politique\/cameroun-yaounde-accueille-les-presidents-des-pays-de-la-cemac#article","isPartOf":{"@id":"https:\/\/www.africa-press.net\/cameroun\/politique\/cameroun-yaounde-accueille-les-presidents-des-pays-de-la-cemac"},"author":{"name":"cfeditorfr","@id":"https:\/\/www.africa-press.net\/cameroun\/#\/schema\/person\/2b1cf3cd81a31e3cd26889ca66d677f1"},"headline":"Cameroun : Yaound\u00e9 accueille les pr\u00e9sidents des pays de la CEMAC","datePublished":"2023-03-16T19:32:28+00:00","dateModified":"2023-03-16T20:24:46+00:00","mainEntityOfPage":{"@id":"https:\/\/www.africa-press.net\/cameroun\/politique\/cameroun-yaounde-accueille-les-presidents-des-pays-de-la-cemac"},"wordCount":447,"commentCount":0,"image":{"@id":"https:\/\/www.africa-press.net\/cameroun\/politique\/cameroun-yaounde-accueille-les-presidents-des-pays-de-la-cemac#primaryimage"},"thumbnailUrl":"https:\/\/static.africa-press.net\/cameroun\/sites\/57\/2023\/03\/postQueueImg_1678982551.02.jpg","keywords":["Africa Press","Africa Press-Cameroun","Cameroun"],"articleSection":["Politique","Toutes les actualit\u00e9s"],"inLanguage":"fr-FR","potentialAction":[{"@type":"CommentAction","name":"Comment","target":["https:\/\/www.africa-press.net\/cameroun\/politique\/cameroun-yaounde-accueille-les-presidents-des-pays-de-la-cemac#respond"]}]},{"@type":"WebPage","@id":"https:\/\/www.africa-press.net\/cameroun\/politique\/cameroun-yaounde-accueille-les-presidents-des-pays-de-la-cemac","url":"https:\/\/www.africa-press.net\/cameroun\/politique\/cameroun-yaounde-accueille-les-presidents-des-pays-de-la-cemac","name":"Cameroun : Yaound\u00e9 accueille les pr\u00e9sidents des pays de la CEMAC - Cameroun","isPartOf":{"@id":"https:\/\/www.africa-press.net\/cameroun\/#website"},"primaryImageOfPage":{"@id":"https:\/\/www.africa-press.net\/cameroun\/politique\/cameroun-yaounde-accueille-les-presidents-des-pays-de-la-cemac#primaryimage"},"image":{"@id":"https:\/\/www.africa-press.net\/cameroun\/politique\/cameroun-yaounde-accueille-les-presidents-des-pays-de-la-cemac#primaryimage"},"thumbnailUrl":"https:\/\/static.africa-press.net\/cameroun\/sites\/57\/2023\/03\/postQueueImg_1678982551.02.jpg","datePublished":"2023-03-16T19:32:28+00:00","dateModified":"2023-03-16T20:24:46+00:00","author":{"@id":"https:\/\/www.africa-press.net\/cameroun\/#\/schema\/person\/2b1cf3cd81a31e3cd26889ca66d677f1"},"description":"Les chefs d\u2019Etat du Tchad Mahamat Idriss De\u0301by Itno et du Gabon Ali Bongo Ondimba sont de\u0301ja\u0300 dans la capitale camerouna ...","breadcrumb":{"@id":"https:\/\/www.africa-press.net\/cameroun\/politique\/cameroun-yaounde-accueille-les-presidents-des-pays-de-la-cemac#breadcrumb"},"inLanguage":"fr-FR","potentialAction":[{"@type":"ReadAction","target":["https:\/\/www.africa-press.net\/cameroun\/politique\/cameroun-yaounde-accueille-les-presidents-des-pays-de-la-cemac"]}]},{"@type":"ImageObject","inLanguage":"fr-FR","@id":"https:\/\/www.africa-press.net\/cameroun\/politique\/cameroun-yaounde-accueille-les-presidents-des-pays-de-la-cemac#primaryimage","url":"https:\/\/static.africa-press.net\/cameroun\/sites\/57\/2023\/03\/postQueueImg_1678982551.02.jpg","contentUrl":"https:\/\/static.africa-press.net\/cameroun\/sites\/57\/2023\/03\/postQueueImg_1678982551.02.jpg","width":720,"height":448,"caption":"Cameroun : Yaound\u00e9 accueille les pr\u00e9sidents des pays de la CEMAC"},{"@type":"BreadcrumbList","@id":"https:\/\/www.africa-press.net\/cameroun\/politique\/cameroun-yaounde-accueille-les-presidents-des-pays-de-la-cemac#breadcrumb","itemListElement":[{"@type":"ListItem","position":1,"name":"Accueil","item":"https:\/\/www.africa-press.net\/cameroun\/"},{"@type":"ListItem","position":2,"name":"Cameroun : Yaound\u00e9 accueille les pr\u00e9sidents des pays de la CEMAC"}]},{"@type":"WebSite","@id":"https:\/\/www.africa-press.net\/cameroun\/#website","url":"https:\/\/www.africa-press.net\/cameroun\/","name":"Cameroun","description":"Just another Africa News Agency Sites site","potentialAction":[{"@type":"SearchAction","target":{"@type":"EntryPoint","urlTemplate":"https:\/\/www.africa-press.net\/cameroun\/?s={search_term_string}"},"query-input":{"@type":"PropertyValueSpecification","valueRequired":true,"valueName":"search_term_string"}}],"inLanguage":"fr-FR"},{"@type":"Person","@id":"https:\/\/www.africa-press.net\/cameroun\/#\/schema\/person\/2b1cf3cd81a31e3cd26889ca66d677f1","name":"cfeditorfr"}]}},"_links":{"self":[{"href":"https:\/\/www.africa-press.net\/cameroun\/wp-json\/wp\/v2\/posts\/39549","targetHints":{"allow":["GET"]}}],"collection":[{"href":"https:\/\/www.africa-press.net\/cameroun\/wp-json\/wp\/v2\/posts"}],"about":[{"href":"https:\/\/www.africa-press.net\/cameroun\/wp-json\/wp\/v2\/types\/post"}],"author":[{"embeddable":true,"href":"https:\/\/www.africa-press.net\/cameroun\/wp-json\/wp\/v2\/users\/82"}],"replies":[{"embeddable":true,"href":"https:\/\/www.africa-press.net\/cameroun\/wp-json\/wp\/v2\/comments?post=39549"}],"version-history":[{"count":0,"href":"https:\/\/www.africa-press.net\/cameroun\/wp-json\/wp\/v2\/posts\/39549\/revisions"}],"wp:featuredmedia":[{"embeddable":true,"href":"https:\/\/www.africa-press.net\/cameroun\/wp-json\/wp\/v2\/media\/39547"}],"wp:attachment":[{"href":"https:\/\/www.africa-press.net\/cameroun\/wp-json\/wp\/v2\/media?parent=39549"}],"wp:term":[{"taxonomy":"category","embeddable":true,"href":"https:\/\/www.africa-press.net\/cameroun\/wp-json\/wp\/v2\/categories?post=39549"},{"taxonomy":"post_tag","embeddable":true,"href":"https:\/\/www.africa-press.net\/cameroun\/wp-json\/wp\/v2\/tags?post=39549"}],"curies":[{"name":"wp","href":"https:\/\/api.w.org\/{rel}","templated":true}]}}