{"id":39552,"date":"2023-03-16T19:33:11","date_gmt":"2023-03-16T19:33:11","guid":{"rendered":"https:\/\/www.africa-press.net\/cameroun\/politique\/filiere-cafe-la-hausse-de-la-transformation-locale-3-comme-point-positif-dune-campagne-2021-2022-catastrophique"},"modified":"2023-03-16T20:25:21","modified_gmt":"2023-03-16T20:25:21","slug":"filiere-cafe-la-hausse-de-la-transformation-locale-3-comme-point-positif-dune-campagne-2021-2022-catastrophique","status":"publish","type":"post","link":"https:\/\/www.africa-press.net\/cameroun\/economie\/filiere-cafe-la-hausse-de-la-transformation-locale-3-comme-point-positif-dune-campagne-2021-2022-catastrophique","title":{"rendered":"Fili\u00e8re caf\u00e9\u00a0: la hausse de la transformation locale (+3%) comme point positif d\u2019une campagne 2021-2022 catastrophique"},"content":{"rendered":"<p><span style=\"color: #ff6600\"><strong>Africa-Press &#8211; Cameroun. <\/strong><\/span>Investir au Cameroun) &#8211; Selon les chiffres re\u0301ve\u0301le\u0301s le 15 mars 2023 lors du lancement officiel de la campagne cafe\u0301ie\u0300re 2022-2023 a\u0300 Maroua, dans la re\u0301gion de l\u2019Extre\u0302me-Nord du Cameroun, les volumes de cafe\u0301s transforme\u0301s au cours de la campagne 2021-2022 ont une nouvelle fois progresse\u0301. Concre\u0300tement, re\u0301ve\u0300le l\u2019Office national du cacao et du cafe\u0301 (ONCC), les volumes traite\u0301s par les 28 torre\u0301facteurs recense\u0301s dans les bassins de production du pays ont augmente\u0301 de 32 tonnes, soit 3% en valeur relative, passant de 1 014 tonnes en 2020-2021, a\u0300 1 046 tonnes au cours de la campagne 2021-2022.<\/p>\n<p>Bien que cette performance soit e\u0301loigne\u0301e de la progression de 20% enregistre\u0301e au cours de la campagne 2020-2021, par rapport a\u0300 la saison pre\u0301ce\u0301dente, la nouvelle hausse de la transformation locale du cafe\u0301 au Cameroun te\u0301moigne du dynamisme des ope\u0301rateurs locaux. En effet, contrairement a\u0300 la filie\u0300re cacao, ou\u0300 les plus grands transformateurs sont ge\u0301ne\u0301ralement des filiales de multinationales e\u0301trange\u0300res (Tiger Brands, Barry Callebaut&#8230;), les nationaux affichent une expertise reconnue dans la torre\u0301faction du cafe\u0301 au Cameroun. Ces derniers remportent d\u2019ailleurs tre\u0300s re\u0301gulie\u0300rement des prix a\u0300 l\u2019international pour la qualite\u0301 de leurs produits.<\/p>\n<p>C\u2019est le cas de l\u2019Uccao, la fai\u0302tie\u0300re des producteurs de cafe\u0301 de la re\u0301gion de l\u2019Ouest, qui rafle souvent de nombreux prix lors des Awards des cafe\u0301s torre\u0301fie\u0301s a\u0300 l\u2019origine, organise\u0301s en France par l\u2019Agence de valorisation des produits agricoles (AVPA). Pour ces Awards en 2017, par exemple, les cafe\u0301s torre\u0301fie\u0301s au Cameroun avaient rafle\u0301 cinq prix sur neuf mis en compe\u0301tition.<\/p>\n<p>La progression soutenue observe\u0301e sur le marche\u0301 de la transformation du cafe\u0301 au Cameroun re\u0301sulte, selon l\u2019interprofession cacao-cafe\u0301, de la tendance haussie\u0300re de la consommation locale depuis 2012. \u00ab A\u0300 ce sujet, une corre\u0301lation peut e\u0302tre e\u0301tablie entre ce de\u0301collage et l\u2019institutionnalisation de Festicoffee (Festival du cafe\u0301 camerounais, NDLR), des journe\u0301es promotionnelles du cafe\u0301 (relance\u0301es le 22 fe\u0301vrier 2023 apre\u0300s 2 ans de suspension pour cause de Covid-19, NDLR) et autres actions de promotion de la consommation du cafe\u0301 \u00bb sur le territoire camerounais, soutient le Conseil interprofessionnel du cacao et du cafe\u0301 (CICC) dans un document officiel.<\/p>\n<p>Au demeurant, malgre\u0301 l\u2019embellie une nouvelle fois observe\u0301e dans la transformation locale, la saison cafe\u0301ie\u0300re 2021-2022 au Cameroun est la plus mauvaise sur plus de 50 ans, en termes de production commercialise\u0301e. Selon le bilan de fin de campagne dresse\u0301 le 15 mars 2023 a\u0300 Maroua par l\u2019ONCC, le Cameroun affiche une production commercialise\u0301e de seulement 11 557 tonnes, soit 10 579 tonnes pour le robusta et 977 tonnes pour l\u2019arabica. Cette performance est pire que les 16 142 tonnes de production commercialise\u0301e de la campagne 2012-2013, alors qualifie\u0301e par les acteurs de la filie\u0300re nationale, de campagne la plus mauvaise \u00ab des 50 dernie\u0300res anne\u0301es \u00bb.<\/p>\n<p><b>Brice R. Mbodiam<\/b><\/p>\n<p><strong>Pour plus d&rsquo;informations et d&rsquo;analyses sur la <a href=\"https:\/\/www.africa-press.net\/cameroun\">Cameroun<\/a>, suivez <a href=\"https:\/\/www.africa-press.net\/\">Africa-Press<\/a><\/strong><\/p>\n","protected":false},"excerpt":{"rendered":"<p>Africa-Press &#8211; Cameroun. Investir au Cameroun) &#8211; Selon les chiffres re\u0301ve\u0301le\u0301s le 15 mars 2023 lors du lancement officiel de la campagne cafe\u0301ie\u0300re 2022-2023 a\u0300 Maroua, dans la re\u0301gion de l\u2019Extre\u0302me-Nord du Cameroun, les volumes de cafe\u0301s transforme\u0301s au cours de la campagne 2021-2022 ont une nouvelle fois progresse\u0301. Concre\u0300tement, re\u0301ve\u0300le l\u2019Office national du cacao [&hellip;]<\/p>\n","protected":false},"author":82,"featured_media":39550,"comment_status":"open","ping_status":"closed","sticky":false,"template":"","format":"standard","meta":{"footnotes":""},"categories":[3,10],"tags":[36,50,49],"class_list":["post-39552","post","type-post","status-publish","format-standard","has-post-thumbnail","hentry","category-economie","category-toutes-les-actualites","tag-africa-press","tag-africa-press-cameroun","tag-cameroun"],"yoast_head":"<!-- This site is optimized with the Yoast SEO Premium plugin v26.1 (Yoast SEO v27.0) - https:\/\/yoast.com\/product\/yoast-seo-premium-wordpress\/ -->\n<title>Fili\u00e8re caf\u00e9\u00a0: la hausse de la transformation locale (+3%) comme point positif d\u2019une campagne 2021-2022 catastrophique - Cameroun<\/title>\n<meta name=\"description\" content=\"Investir au Cameroun) - Selon les chiffres re\u0301ve\u0301le\u0301s le 15 mars 2023 lors du lancement officiel de la campagne cafe\u0301ie\u0300 ...\" \/>\n<meta name=\"robots\" content=\"index, follow, max-snippet:-1, max-image-preview:large, max-video-preview:-1\" \/>\n<link rel=\"canonical\" href=\"https:\/\/www.africa-press.net\/cameroun\/economie\/filiere-cafe-la-hausse-de-la-transformation-locale-3-comme-point-positif-dune-campagne-2021-2022-catastrophique\" \/>\n<meta property=\"og:locale\" content=\"fr_FR\" \/>\n<meta property=\"og:type\" content=\"article\" \/>\n<meta property=\"og:title\" content=\"Fili\u00e8re caf\u00e9\u00a0: la hausse de la transformation locale (+3%) comme point positif d\u2019une campagne 2021-2022 catastrophique\" \/>\n<meta property=\"og:description\" content=\"Investir au Cameroun) - Selon les chiffres re\u0301ve\u0301le\u0301s le 15 mars 2023 lors du lancement officiel de la campagne cafe\u0301ie\u0300 ...\" \/>\n<meta property=\"og:url\" content=\"https:\/\/www.africa-press.net\/cameroun\/economie\/filiere-cafe-la-hausse-de-la-transformation-locale-3-comme-point-positif-dune-campagne-2021-2022-catastrophique\" \/>\n<meta property=\"og:site_name\" content=\"Cameroun\" \/>\n<meta property=\"article:published_time\" content=\"2023-03-16T19:33:11+00:00\" \/>\n<meta property=\"article:modified_time\" content=\"2023-03-16T20:25:21+00:00\" \/>\n<meta property=\"og:image\" content=\"https:\/\/static.africa-press.net\/cameroun\/sites\/57\/2023\/03\/postQueueImg_1678982596.84.jpg\" \/>\n\t<meta property=\"og:image:width\" content=\"720\" \/>\n\t<meta property=\"og:image:height\" content=\"479\" \/>\n\t<meta property=\"og:image:type\" content=\"image\/jpeg\" \/>\n<meta name=\"author\" content=\"cfeditorfr\" \/>\n<meta name=\"twitter:card\" content=\"summary_large_image\" \/>\n<meta name=\"twitter:label1\" content=\"\u00c9crit par\" \/>\n\t<meta name=\"twitter:data1\" content=\"cfeditorfr\" \/>\n\t<meta name=\"twitter:label2\" content=\"Dur\u00e9e de lecture estim\u00e9e\" \/>\n\t<meta name=\"twitter:data2\" content=\"3 minutes\" \/>\n<script type=\"application\/ld+json\" class=\"yoast-schema-graph\">{\"@context\":\"https:\/\/schema.org\",\"@graph\":[{\"@type\":\"Article\",\"@id\":\"https:\/\/www.africa-press.net\/cameroun\/economie\/filiere-cafe-la-hausse-de-la-transformation-locale-3-comme-point-positif-dune-campagne-2021-2022-catastrophique#article\",\"isPartOf\":{\"@id\":\"https:\/\/www.africa-press.net\/cameroun\/economie\/filiere-cafe-la-hausse-de-la-transformation-locale-3-comme-point-positif-dune-campagne-2021-2022-catastrophique\"},\"author\":{\"name\":\"cfeditorfr\",\"@id\":\"https:\/\/www.africa-press.net\/cameroun\/#\/schema\/person\/2b1cf3cd81a31e3cd26889ca66d677f1\"},\"headline\":\"Fili\u00e8re caf\u00e9\u00a0: la hausse de la transformation locale (+3%) comme point positif d\u2019une campagne 2021-2022 catastrophique\",\"datePublished\":\"2023-03-16T19:33:11+00:00\",\"dateModified\":\"2023-03-16T20:25:21+00:00\",\"mainEntityOfPage\":{\"@id\":\"https:\/\/www.africa-press.net\/cameroun\/economie\/filiere-cafe-la-hausse-de-la-transformation-locale-3-comme-point-positif-dune-campagne-2021-2022-catastrophique\"},\"wordCount\":540,\"commentCount\":0,\"image\":{\"@id\":\"https:\/\/www.africa-press.net\/cameroun\/economie\/filiere-cafe-la-hausse-de-la-transformation-locale-3-comme-point-positif-dune-campagne-2021-2022-catastrophique#primaryimage\"},\"thumbnailUrl\":\"https:\/\/static.africa-press.net\/cameroun\/sites\/57\/2023\/03\/postQueueImg_1678982596.84.jpg\",\"keywords\":[\"Africa Press\",\"Africa Press-Cameroun\",\"Cameroun\"],\"articleSection\":[\"\u00c9conomie\",\"Toutes les actualit\u00e9s\"],\"inLanguage\":\"fr-FR\",\"potentialAction\":[{\"@type\":\"CommentAction\",\"name\":\"Comment\",\"target\":[\"https:\/\/www.africa-press.net\/cameroun\/economie\/filiere-cafe-la-hausse-de-la-transformation-locale-3-comme-point-positif-dune-campagne-2021-2022-catastrophique#respond\"]}]},{\"@type\":\"WebPage\",\"@id\":\"https:\/\/www.africa-press.net\/cameroun\/economie\/filiere-cafe-la-hausse-de-la-transformation-locale-3-comme-point-positif-dune-campagne-2021-2022-catastrophique\",\"url\":\"https:\/\/www.africa-press.net\/cameroun\/economie\/filiere-cafe-la-hausse-de-la-transformation-locale-3-comme-point-positif-dune-campagne-2021-2022-catastrophique\",\"name\":\"Fili\u00e8re caf\u00e9\u00a0: la hausse de la transformation locale (+3%) comme point positif d\u2019une campagne 2021-2022 catastrophique - Cameroun\",\"isPartOf\":{\"@id\":\"https:\/\/www.africa-press.net\/cameroun\/#website\"},\"primaryImageOfPage\":{\"@id\":\"https:\/\/www.africa-press.net\/cameroun\/economie\/filiere-cafe-la-hausse-de-la-transformation-locale-3-comme-point-positif-dune-campagne-2021-2022-catastrophique#primaryimage\"},\"image\":{\"@id\":\"https:\/\/www.africa-press.net\/cameroun\/economie\/filiere-cafe-la-hausse-de-la-transformation-locale-3-comme-point-positif-dune-campagne-2021-2022-catastrophique#primaryimage\"},\"thumbnailUrl\":\"https:\/\/static.africa-press.net\/cameroun\/sites\/57\/2023\/03\/postQueueImg_1678982596.84.jpg\",\"datePublished\":\"2023-03-16T19:33:11+00:00\",\"dateModified\":\"2023-03-16T20:25:21+00:00\",\"author\":{\"@id\":\"https:\/\/www.africa-press.net\/cameroun\/#\/schema\/person\/2b1cf3cd81a31e3cd26889ca66d677f1\"},\"description\":\"Investir au Cameroun) - Selon les chiffres re\u0301ve\u0301le\u0301s le 15 mars 2023 lors du lancement officiel de la campagne cafe\u0301ie\u0300 ...\",\"breadcrumb\":{\"@id\":\"https:\/\/www.africa-press.net\/cameroun\/economie\/filiere-cafe-la-hausse-de-la-transformation-locale-3-comme-point-positif-dune-campagne-2021-2022-catastrophique#breadcrumb\"},\"inLanguage\":\"fr-FR\",\"potentialAction\":[{\"@type\":\"ReadAction\",\"target\":[\"https:\/\/www.africa-press.net\/cameroun\/economie\/filiere-cafe-la-hausse-de-la-transformation-locale-3-comme-point-positif-dune-campagne-2021-2022-catastrophique\"]}]},{\"@type\":\"ImageObject\",\"inLanguage\":\"fr-FR\",\"@id\":\"https:\/\/www.africa-press.net\/cameroun\/economie\/filiere-cafe-la-hausse-de-la-transformation-locale-3-comme-point-positif-dune-campagne-2021-2022-catastrophique#primaryimage\",\"url\":\"https:\/\/static.africa-press.net\/cameroun\/sites\/57\/2023\/03\/postQueueImg_1678982596.84.jpg\",\"contentUrl\":\"https:\/\/static.africa-press.net\/cameroun\/sites\/57\/2023\/03\/postQueueImg_1678982596.84.jpg\",\"width\":720,\"height\":479,\"caption\":\"Fili\u00e8re caf\u00e9\u00a0: la hausse de la transformation locale (+3%) comme point positif d\u2019une campagne 2021-2022 catastrophique\"},{\"@type\":\"BreadcrumbList\",\"@id\":\"https:\/\/www.africa-press.net\/cameroun\/economie\/filiere-cafe-la-hausse-de-la-transformation-locale-3-comme-point-positif-dune-campagne-2021-2022-catastrophique#breadcrumb\",\"itemListElement\":[{\"@type\":\"ListItem\",\"position\":1,\"name\":\"Accueil\",\"item\":\"https:\/\/www.africa-press.net\/cameroun\/\"},{\"@type\":\"ListItem\",\"position\":2,\"name\":\"Fili\u00e8re caf\u00e9\u00a0: la hausse de la transformation locale (+3%) comme point positif d\u2019une campagne 2021-2022 catastrophique\"}]},{\"@type\":\"WebSite\",\"@id\":\"https:\/\/www.africa-press.net\/cameroun\/#website\",\"url\":\"https:\/\/www.africa-press.net\/cameroun\/\",\"name\":\"Cameroun\",\"description\":\"Just another Africa News Agency Sites site\",\"potentialAction\":[{\"@type\":\"SearchAction\",\"target\":{\"@type\":\"EntryPoint\",\"urlTemplate\":\"https:\/\/www.africa-press.net\/cameroun\/?s={search_term_string}\"},\"query-input\":{\"@type\":\"PropertyValueSpecification\",\"valueRequired\":true,\"valueName\":\"search_term_string\"}}],\"inLanguage\":\"fr-FR\"},{\"@type\":\"Person\",\"@id\":\"https:\/\/www.africa-press.net\/cameroun\/#\/schema\/person\/2b1cf3cd81a31e3cd26889ca66d677f1\",\"name\":\"cfeditorfr\"}]}<\/script>\n<!-- \/ Yoast SEO Premium plugin. -->","yoast_head_json":{"title":"Fili\u00e8re caf\u00e9\u00a0: la hausse de la transformation locale (+3%) comme point positif d\u2019une campagne 2021-2022 catastrophique - Cameroun","description":"Investir au Cameroun) - Selon les chiffres re\u0301ve\u0301le\u0301s le 15 mars 2023 lors du lancement officiel de la campagne cafe\u0301ie\u0300 ...","robots":{"index":"index","follow":"follow","max-snippet":"max-snippet:-1","max-image-preview":"max-image-preview:large","max-video-preview":"max-video-preview:-1"},"canonical":"https:\/\/www.africa-press.net\/cameroun\/economie\/filiere-cafe-la-hausse-de-la-transformation-locale-3-comme-point-positif-dune-campagne-2021-2022-catastrophique","og_locale":"fr_FR","og_type":"article","og_title":"Fili\u00e8re caf\u00e9\u00a0: la hausse de la transformation locale (+3%) comme point positif d\u2019une campagne 2021-2022 catastrophique","og_description":"Investir au Cameroun) - Selon les chiffres re\u0301ve\u0301le\u0301s le 15 mars 2023 lors du lancement officiel de la campagne cafe\u0301ie\u0300 ...","og_url":"https:\/\/www.africa-press.net\/cameroun\/economie\/filiere-cafe-la-hausse-de-la-transformation-locale-3-comme-point-positif-dune-campagne-2021-2022-catastrophique","og_site_name":"Cameroun","article_published_time":"2023-03-16T19:33:11+00:00","article_modified_time":"2023-03-16T20:25:21+00:00","og_image":[{"width":720,"height":479,"url":"https:\/\/static.africa-press.net\/cameroun\/sites\/57\/2023\/03\/postQueueImg_1678982596.84.jpg","type":"image\/jpeg"}],"author":"cfeditorfr","twitter_card":"summary_large_image","twitter_misc":{"\u00c9crit par":"cfeditorfr","Dur\u00e9e de lecture estim\u00e9e":"3 minutes"},"schema":{"@context":"https:\/\/schema.org","@graph":[{"@type":"Article","@id":"https:\/\/www.africa-press.net\/cameroun\/economie\/filiere-cafe-la-hausse-de-la-transformation-locale-3-comme-point-positif-dune-campagne-2021-2022-catastrophique#article","isPartOf":{"@id":"https:\/\/www.africa-press.net\/cameroun\/economie\/filiere-cafe-la-hausse-de-la-transformation-locale-3-comme-point-positif-dune-campagne-2021-2022-catastrophique"},"author":{"name":"cfeditorfr","@id":"https:\/\/www.africa-press.net\/cameroun\/#\/schema\/person\/2b1cf3cd81a31e3cd26889ca66d677f1"},"headline":"Fili\u00e8re caf\u00e9\u00a0: la hausse de la transformation locale (+3%) comme point positif d\u2019une campagne 2021-2022 catastrophique","datePublished":"2023-03-16T19:33:11+00:00","dateModified":"2023-03-16T20:25:21+00:00","mainEntityOfPage":{"@id":"https:\/\/www.africa-press.net\/cameroun\/economie\/filiere-cafe-la-hausse-de-la-transformation-locale-3-comme-point-positif-dune-campagne-2021-2022-catastrophique"},"wordCount":540,"commentCount":0,"image":{"@id":"https:\/\/www.africa-press.net\/cameroun\/economie\/filiere-cafe-la-hausse-de-la-transformation-locale-3-comme-point-positif-dune-campagne-2021-2022-catastrophique#primaryimage"},"thumbnailUrl":"https:\/\/static.africa-press.net\/cameroun\/sites\/57\/2023\/03\/postQueueImg_1678982596.84.jpg","keywords":["Africa Press","Africa Press-Cameroun","Cameroun"],"articleSection":["\u00c9conomie","Toutes les actualit\u00e9s"],"inLanguage":"fr-FR","potentialAction":[{"@type":"CommentAction","name":"Comment","target":["https:\/\/www.africa-press.net\/cameroun\/economie\/filiere-cafe-la-hausse-de-la-transformation-locale-3-comme-point-positif-dune-campagne-2021-2022-catastrophique#respond"]}]},{"@type":"WebPage","@id":"https:\/\/www.africa-press.net\/cameroun\/economie\/filiere-cafe-la-hausse-de-la-transformation-locale-3-comme-point-positif-dune-campagne-2021-2022-catastrophique","url":"https:\/\/www.africa-press.net\/cameroun\/economie\/filiere-cafe-la-hausse-de-la-transformation-locale-3-comme-point-positif-dune-campagne-2021-2022-catastrophique","name":"Fili\u00e8re caf\u00e9\u00a0: la hausse de la transformation locale (+3%) comme point positif d\u2019une campagne 2021-2022 catastrophique - Cameroun","isPartOf":{"@id":"https:\/\/www.africa-press.net\/cameroun\/#website"},"primaryImageOfPage":{"@id":"https:\/\/www.africa-press.net\/cameroun\/economie\/filiere-cafe-la-hausse-de-la-transformation-locale-3-comme-point-positif-dune-campagne-2021-2022-catastrophique#primaryimage"},"image":{"@id":"https:\/\/www.africa-press.net\/cameroun\/economie\/filiere-cafe-la-hausse-de-la-transformation-locale-3-comme-point-positif-dune-campagne-2021-2022-catastrophique#primaryimage"},"thumbnailUrl":"https:\/\/static.africa-press.net\/cameroun\/sites\/57\/2023\/03\/postQueueImg_1678982596.84.jpg","datePublished":"2023-03-16T19:33:11+00:00","dateModified":"2023-03-16T20:25:21+00:00","author":{"@id":"https:\/\/www.africa-press.net\/cameroun\/#\/schema\/person\/2b1cf3cd81a31e3cd26889ca66d677f1"},"description":"Investir au Cameroun) - Selon les chiffres re\u0301ve\u0301le\u0301s le 15 mars 2023 lors du lancement officiel de la campagne cafe\u0301ie\u0300 ...","breadcrumb":{"@id":"https:\/\/www.africa-press.net\/cameroun\/economie\/filiere-cafe-la-hausse-de-la-transformation-locale-3-comme-point-positif-dune-campagne-2021-2022-catastrophique#breadcrumb"},"inLanguage":"fr-FR","potentialAction":[{"@type":"ReadAction","target":["https:\/\/www.africa-press.net\/cameroun\/economie\/filiere-cafe-la-hausse-de-la-transformation-locale-3-comme-point-positif-dune-campagne-2021-2022-catastrophique"]}]},{"@type":"ImageObject","inLanguage":"fr-FR","@id":"https:\/\/www.africa-press.net\/cameroun\/economie\/filiere-cafe-la-hausse-de-la-transformation-locale-3-comme-point-positif-dune-campagne-2021-2022-catastrophique#primaryimage","url":"https:\/\/static.africa-press.net\/cameroun\/sites\/57\/2023\/03\/postQueueImg_1678982596.84.jpg","contentUrl":"https:\/\/static.africa-press.net\/cameroun\/sites\/57\/2023\/03\/postQueueImg_1678982596.84.jpg","width":720,"height":479,"caption":"Fili\u00e8re caf\u00e9\u00a0: la hausse de la transformation locale (+3%) comme point positif d\u2019une campagne 2021-2022 catastrophique"},{"@type":"BreadcrumbList","@id":"https:\/\/www.africa-press.net\/cameroun\/economie\/filiere-cafe-la-hausse-de-la-transformation-locale-3-comme-point-positif-dune-campagne-2021-2022-catastrophique#breadcrumb","itemListElement":[{"@type":"ListItem","position":1,"name":"Accueil","item":"https:\/\/www.africa-press.net\/cameroun\/"},{"@type":"ListItem","position":2,"name":"Fili\u00e8re caf\u00e9\u00a0: la hausse de la transformation locale (+3%) comme point positif d\u2019une campagne 2021-2022 catastrophique"}]},{"@type":"WebSite","@id":"https:\/\/www.africa-press.net\/cameroun\/#website","url":"https:\/\/www.africa-press.net\/cameroun\/","name":"Cameroun","description":"Just another Africa News Agency Sites site","potentialAction":[{"@type":"SearchAction","target":{"@type":"EntryPoint","urlTemplate":"https:\/\/www.africa-press.net\/cameroun\/?s={search_term_string}"},"query-input":{"@type":"PropertyValueSpecification","valueRequired":true,"valueName":"search_term_string"}}],"inLanguage":"fr-FR"},{"@type":"Person","@id":"https:\/\/www.africa-press.net\/cameroun\/#\/schema\/person\/2b1cf3cd81a31e3cd26889ca66d677f1","name":"cfeditorfr"}]}},"_links":{"self":[{"href":"https:\/\/www.africa-press.net\/cameroun\/wp-json\/wp\/v2\/posts\/39552","targetHints":{"allow":["GET"]}}],"collection":[{"href":"https:\/\/www.africa-press.net\/cameroun\/wp-json\/wp\/v2\/posts"}],"about":[{"href":"https:\/\/www.africa-press.net\/cameroun\/wp-json\/wp\/v2\/types\/post"}],"author":[{"embeddable":true,"href":"https:\/\/www.africa-press.net\/cameroun\/wp-json\/wp\/v2\/users\/82"}],"replies":[{"embeddable":true,"href":"https:\/\/www.africa-press.net\/cameroun\/wp-json\/wp\/v2\/comments?post=39552"}],"version-history":[{"count":0,"href":"https:\/\/www.africa-press.net\/cameroun\/wp-json\/wp\/v2\/posts\/39552\/revisions"}],"wp:featuredmedia":[{"embeddable":true,"href":"https:\/\/www.africa-press.net\/cameroun\/wp-json\/wp\/v2\/media\/39550"}],"wp:attachment":[{"href":"https:\/\/www.africa-press.net\/cameroun\/wp-json\/wp\/v2\/media?parent=39552"}],"wp:term":[{"taxonomy":"category","embeddable":true,"href":"https:\/\/www.africa-press.net\/cameroun\/wp-json\/wp\/v2\/categories?post=39552"},{"taxonomy":"post_tag","embeddable":true,"href":"https:\/\/www.africa-press.net\/cameroun\/wp-json\/wp\/v2\/tags?post=39552"}],"curies":[{"name":"wp","href":"https:\/\/api.w.org\/{rel}","templated":true}]}}