{"id":39566,"date":"2023-03-16T19:34:27","date_gmt":"2023-03-16T19:34:27","guid":{"rendered":"https:\/\/www.africa-press.net\/cameroun\/politique\/le-cameroun-veut-ameliorer-les-conditions-de-vie-des-populations-grace-a-linternet"},"modified":"2023-03-16T20:27:54","modified_gmt":"2023-03-16T20:27:54","slug":"le-cameroun-veut-ameliorer-les-conditions-de-vie-des-populations-grace-a-linternet","status":"publish","type":"post","link":"https:\/\/www.africa-press.net\/cameroun\/toutes-les-actualites\/le-cameroun-veut-ameliorer-les-conditions-de-vie-des-populations-grace-a-linternet","title":{"rendered":"Le Cameroun veut am\u00e9liorer les conditions de vie des populations gr\u00e2ce \u00e0 l\u2019internet"},"content":{"rendered":"<p><span style=\"color: #ff6600\"><strong>Africa-Press &#8211; Cameroun. <\/strong><\/span><b>La re\u0301duction des fractures nume\u0301riques est le terme central d\u2019une confe\u0301rence qui se tient les 15 et 16 mars 2023 a\u0300 Yaounde\u0301. <\/b><\/p>\n<p>C\u2019est Minette Libom Li Likeng, la ministre des Postes et te\u0301le\u0301communications (Minpostel) qui pre\u0301side les travaux. D\u2019apre\u0300s l\u2019Organisation de coope\u0301ration et de de\u0301veloppement e\u0301conomiques (Ocde), seulement 17% de la population africaine a les moyens de s\u2019offrir un (GO) de donne\u0301es a\u0300 cause des cou\u0302ts plus one\u0301reux sur le continent et le recours aux services en ligne qui demeure extre\u0302mement ine\u0301gal selon la situation professionnelle, le genre et le niveau d\u2019e\u0301ducation. L\u2019Afrique centrale et le Cameroun en particulier ne sont pas exempts de cette triste re\u0301alite\u0301.<\/p>\n<p>A cet effet, Minette Libom Li Likeng, pre\u0301side un atelier axe\u0301 sur les solutions de connectivite\u0301 comple\u0301mentaire pour re\u0301duire la fracture nume\u0301rique en Afrique francophone. \u00ab Cet atelier est important pour nous puisque le Cameroun est engage\u0301 dans la transformation digitale. Il est question pour le gouvernement de re\u0301duire la fracture nume\u0301rique et apre\u0300s avoir identifie\u0301 les freins, le proble\u0300me de connectivite\u0301 des zones rurales, des couches vulne\u0301rables, se pose.<\/p>\n<p>Le marche\u0301 des te\u0301le\u0301communications est libe\u0301ralise\u0301, les ope\u0301rateurs classiques qui ont pris l\u2019habitude de ne s\u2019inte\u0301resser que la\u0300 ou\u0300 ils ont eu leur rentabilite\u0301, il est donc question de trouver une solution pour une connectivite\u0301 comple\u0301mentaire. Mais maintenant, le tout n\u2019est pas de connecter les villages, les zones rurales. C\u2019est connecter pour quoi faire ? Voila\u0300 pourquoi nous parlons d\u2019une connectivite\u0301 significative. Il faudrait que, quand on s\u2019inte\u0300gre, on se connecte aux TIC, c\u2019est pour ame\u0301liorer ses conditions de vie \u00bb, explique Minette Libom Li Likeng.<\/p>\n<p>A en croire le membre du gouvernement, le Cameroun ou\u0300 le taux de pe\u0301ne\u0301tration de l\u2019internet est passe\u0301 de 4,3% en 2010 a\u0300 plus de 36,5% en de\u0301but 2022, selon Hootsuite et We are Social, va tirer grand profit de cet e\u0301change coorganise\u0301 par la Banque allemande GIZ, Association for Progressive Communications(APC) et l\u2019Union internationale des te\u0301le\u0301communications(UIT).<\/p>\n<p><strong>Pour plus d&rsquo;informations et d&rsquo;analyses sur la <a href=\"https:\/\/www.africa-press.net\/cameroun\">Cameroun<\/a>, suivez <a href=\"https:\/\/www.africa-press.net\/\">Africa-Press<\/a><\/strong><\/p>\n","protected":false},"excerpt":{"rendered":"<p>Africa-Press &#8211; Cameroun. La re\u0301duction des fractures nume\u0301riques est le terme central d\u2019une confe\u0301rence qui se tient les 15 et 16 mars 2023 a\u0300 Yaounde\u0301. C\u2019est Minette Libom Li Likeng, la ministre des Postes et te\u0301le\u0301communications (Minpostel) qui pre\u0301side les travaux. D\u2019apre\u0300s l\u2019Organisation de coope\u0301ration et de de\u0301veloppement e\u0301conomiques (Ocde), seulement 17% de la population [&hellip;]<\/p>\n","protected":false},"author":82,"featured_media":39565,"comment_status":"open","ping_status":"closed","sticky":false,"template":"","format":"standard","meta":{"footnotes":""},"categories":[21,10],"tags":[36,50,49],"class_list":["post-39566","post","type-post","status-publish","format-standard","has-post-thumbnail","hentry","category-communaute","category-toutes-les-actualites","tag-africa-press","tag-africa-press-cameroun","tag-cameroun"],"yoast_head":"<!-- This site is optimized with the Yoast SEO Premium plugin v26.1 (Yoast SEO v27.0) - https:\/\/yoast.com\/product\/yoast-seo-premium-wordpress\/ -->\n<title>Le Cameroun veut am\u00e9liorer les conditions de vie des populations gr\u00e2ce \u00e0 l\u2019internet - Cameroun<\/title>\n<meta name=\"description\" content=\"La re\u0301duction des fractures nume\u0301riques est le terme central d\u2019une confe\u0301rence qui se tient les 15 et 16 mars 2023 a\u0300 ...\" \/>\n<meta name=\"robots\" content=\"index, follow, max-snippet:-1, max-image-preview:large, max-video-preview:-1\" \/>\n<link rel=\"canonical\" href=\"https:\/\/www.africa-press.net\/cameroun\/toutes-les-actualites\/le-cameroun-veut-ameliorer-les-conditions-de-vie-des-populations-grace-a-linternet\" \/>\n<meta property=\"og:locale\" content=\"fr_FR\" \/>\n<meta property=\"og:type\" content=\"article\" \/>\n<meta property=\"og:title\" content=\"Le Cameroun veut am\u00e9liorer les conditions de vie des populations gr\u00e2ce \u00e0 l\u2019internet\" \/>\n<meta property=\"og:description\" content=\"La re\u0301duction des fractures nume\u0301riques est le terme central d\u2019une confe\u0301rence qui se tient les 15 et 16 mars 2023 a\u0300 ...\" \/>\n<meta property=\"og:url\" content=\"https:\/\/www.africa-press.net\/cameroun\/toutes-les-actualites\/le-cameroun-veut-ameliorer-les-conditions-de-vie-des-populations-grace-a-linternet\" \/>\n<meta property=\"og:site_name\" content=\"Cameroun\" \/>\n<meta property=\"article:published_time\" content=\"2023-03-16T19:34:27+00:00\" \/>\n<meta property=\"article:modified_time\" content=\"2023-03-16T20:27:54+00:00\" \/>\n<meta property=\"og:image\" content=\"https:\/\/static.africa-press.net\/cameroun\/sites\/57\/2023\/03\/postQueueImg_1678982669.82.jpg\" \/>\n\t<meta property=\"og:image:width\" content=\"780\" \/>\n\t<meta property=\"og:image:height\" content=\"470\" \/>\n\t<meta property=\"og:image:type\" content=\"image\/jpeg\" \/>\n<meta name=\"author\" content=\"cfeditorfr\" \/>\n<meta name=\"twitter:card\" content=\"summary_large_image\" \/>\n<meta name=\"twitter:label1\" content=\"\u00c9crit par\" \/>\n\t<meta name=\"twitter:data1\" content=\"cfeditorfr\" \/>\n\t<meta name=\"twitter:label2\" content=\"Dur\u00e9e de lecture estim\u00e9e\" \/>\n\t<meta name=\"twitter:data2\" content=\"2 minutes\" \/>\n<script type=\"application\/ld+json\" class=\"yoast-schema-graph\">{\"@context\":\"https:\/\/schema.org\",\"@graph\":[{\"@type\":\"Article\",\"@id\":\"https:\/\/www.africa-press.net\/cameroun\/toutes-les-actualites\/le-cameroun-veut-ameliorer-les-conditions-de-vie-des-populations-grace-a-linternet#article\",\"isPartOf\":{\"@id\":\"https:\/\/www.africa-press.net\/cameroun\/toutes-les-actualites\/le-cameroun-veut-ameliorer-les-conditions-de-vie-des-populations-grace-a-linternet\"},\"author\":{\"name\":\"cfeditorfr\",\"@id\":\"https:\/\/www.africa-press.net\/cameroun\/#\/schema\/person\/2b1cf3cd81a31e3cd26889ca66d677f1\"},\"headline\":\"Le Cameroun veut am\u00e9liorer les conditions de vie des populations gr\u00e2ce \u00e0 l\u2019internet\",\"datePublished\":\"2023-03-16T19:34:27+00:00\",\"dateModified\":\"2023-03-16T20:27:54+00:00\",\"mainEntityOfPage\":{\"@id\":\"https:\/\/www.africa-press.net\/cameroun\/toutes-les-actualites\/le-cameroun-veut-ameliorer-les-conditions-de-vie-des-populations-grace-a-linternet\"},\"wordCount\":397,\"commentCount\":0,\"image\":{\"@id\":\"https:\/\/www.africa-press.net\/cameroun\/toutes-les-actualites\/le-cameroun-veut-ameliorer-les-conditions-de-vie-des-populations-grace-a-linternet#primaryimage\"},\"thumbnailUrl\":\"https:\/\/static.africa-press.net\/cameroun\/sites\/57\/2023\/03\/postQueueImg_1678982669.82.jpg\",\"keywords\":[\"Africa Press\",\"Africa Press-Cameroun\",\"Cameroun\"],\"articleSection\":[\"Communaut\u00e9\",\"Toutes les actualit\u00e9s\"],\"inLanguage\":\"fr-FR\",\"potentialAction\":[{\"@type\":\"CommentAction\",\"name\":\"Comment\",\"target\":[\"https:\/\/www.africa-press.net\/cameroun\/toutes-les-actualites\/le-cameroun-veut-ameliorer-les-conditions-de-vie-des-populations-grace-a-linternet#respond\"]}]},{\"@type\":\"WebPage\",\"@id\":\"https:\/\/www.africa-press.net\/cameroun\/toutes-les-actualites\/le-cameroun-veut-ameliorer-les-conditions-de-vie-des-populations-grace-a-linternet\",\"url\":\"https:\/\/www.africa-press.net\/cameroun\/toutes-les-actualites\/le-cameroun-veut-ameliorer-les-conditions-de-vie-des-populations-grace-a-linternet\",\"name\":\"Le Cameroun veut am\u00e9liorer les conditions de vie des populations gr\u00e2ce \u00e0 l\u2019internet - Cameroun\",\"isPartOf\":{\"@id\":\"https:\/\/www.africa-press.net\/cameroun\/#website\"},\"primaryImageOfPage\":{\"@id\":\"https:\/\/www.africa-press.net\/cameroun\/toutes-les-actualites\/le-cameroun-veut-ameliorer-les-conditions-de-vie-des-populations-grace-a-linternet#primaryimage\"},\"image\":{\"@id\":\"https:\/\/www.africa-press.net\/cameroun\/toutes-les-actualites\/le-cameroun-veut-ameliorer-les-conditions-de-vie-des-populations-grace-a-linternet#primaryimage\"},\"thumbnailUrl\":\"https:\/\/static.africa-press.net\/cameroun\/sites\/57\/2023\/03\/postQueueImg_1678982669.82.jpg\",\"datePublished\":\"2023-03-16T19:34:27+00:00\",\"dateModified\":\"2023-03-16T20:27:54+00:00\",\"author\":{\"@id\":\"https:\/\/www.africa-press.net\/cameroun\/#\/schema\/person\/2b1cf3cd81a31e3cd26889ca66d677f1\"},\"description\":\"La re\u0301duction des fractures nume\u0301riques est le terme central d\u2019une confe\u0301rence qui se tient les 15 et 16 mars 2023 a\u0300 ...\",\"breadcrumb\":{\"@id\":\"https:\/\/www.africa-press.net\/cameroun\/toutes-les-actualites\/le-cameroun-veut-ameliorer-les-conditions-de-vie-des-populations-grace-a-linternet#breadcrumb\"},\"inLanguage\":\"fr-FR\",\"potentialAction\":[{\"@type\":\"ReadAction\",\"target\":[\"https:\/\/www.africa-press.net\/cameroun\/toutes-les-actualites\/le-cameroun-veut-ameliorer-les-conditions-de-vie-des-populations-grace-a-linternet\"]}]},{\"@type\":\"ImageObject\",\"inLanguage\":\"fr-FR\",\"@id\":\"https:\/\/www.africa-press.net\/cameroun\/toutes-les-actualites\/le-cameroun-veut-ameliorer-les-conditions-de-vie-des-populations-grace-a-linternet#primaryimage\",\"url\":\"https:\/\/static.africa-press.net\/cameroun\/sites\/57\/2023\/03\/postQueueImg_1678982669.82.jpg\",\"contentUrl\":\"https:\/\/static.africa-press.net\/cameroun\/sites\/57\/2023\/03\/postQueueImg_1678982669.82.jpg\",\"width\":780,\"height\":470,\"caption\":\"Le Cameroun veut am\u00e9liorer les conditions de vie des populations gr\u00e2ce \u00e0 l\u2019internet\"},{\"@type\":\"BreadcrumbList\",\"@id\":\"https:\/\/www.africa-press.net\/cameroun\/toutes-les-actualites\/le-cameroun-veut-ameliorer-les-conditions-de-vie-des-populations-grace-a-linternet#breadcrumb\",\"itemListElement\":[{\"@type\":\"ListItem\",\"position\":1,\"name\":\"Accueil\",\"item\":\"https:\/\/www.africa-press.net\/cameroun\/\"},{\"@type\":\"ListItem\",\"position\":2,\"name\":\"Le Cameroun veut am\u00e9liorer les conditions de vie des populations gr\u00e2ce \u00e0 l\u2019internet\"}]},{\"@type\":\"WebSite\",\"@id\":\"https:\/\/www.africa-press.net\/cameroun\/#website\",\"url\":\"https:\/\/www.africa-press.net\/cameroun\/\",\"name\":\"Cameroun\",\"description\":\"Just another Africa News Agency Sites site\",\"potentialAction\":[{\"@type\":\"SearchAction\",\"target\":{\"@type\":\"EntryPoint\",\"urlTemplate\":\"https:\/\/www.africa-press.net\/cameroun\/?s={search_term_string}\"},\"query-input\":{\"@type\":\"PropertyValueSpecification\",\"valueRequired\":true,\"valueName\":\"search_term_string\"}}],\"inLanguage\":\"fr-FR\"},{\"@type\":\"Person\",\"@id\":\"https:\/\/www.africa-press.net\/cameroun\/#\/schema\/person\/2b1cf3cd81a31e3cd26889ca66d677f1\",\"name\":\"cfeditorfr\"}]}<\/script>\n<!-- \/ Yoast SEO Premium plugin. -->","yoast_head_json":{"title":"Le Cameroun veut am\u00e9liorer les conditions de vie des populations gr\u00e2ce \u00e0 l\u2019internet - Cameroun","description":"La re\u0301duction des fractures nume\u0301riques est le terme central d\u2019une confe\u0301rence qui se tient les 15 et 16 mars 2023 a\u0300 ...","robots":{"index":"index","follow":"follow","max-snippet":"max-snippet:-1","max-image-preview":"max-image-preview:large","max-video-preview":"max-video-preview:-1"},"canonical":"https:\/\/www.africa-press.net\/cameroun\/toutes-les-actualites\/le-cameroun-veut-ameliorer-les-conditions-de-vie-des-populations-grace-a-linternet","og_locale":"fr_FR","og_type":"article","og_title":"Le Cameroun veut am\u00e9liorer les conditions de vie des populations gr\u00e2ce \u00e0 l\u2019internet","og_description":"La re\u0301duction des fractures nume\u0301riques est le terme central d\u2019une confe\u0301rence qui se tient les 15 et 16 mars 2023 a\u0300 ...","og_url":"https:\/\/www.africa-press.net\/cameroun\/toutes-les-actualites\/le-cameroun-veut-ameliorer-les-conditions-de-vie-des-populations-grace-a-linternet","og_site_name":"Cameroun","article_published_time":"2023-03-16T19:34:27+00:00","article_modified_time":"2023-03-16T20:27:54+00:00","og_image":[{"width":780,"height":470,"url":"https:\/\/static.africa-press.net\/cameroun\/sites\/57\/2023\/03\/postQueueImg_1678982669.82.jpg","type":"image\/jpeg"}],"author":"cfeditorfr","twitter_card":"summary_large_image","twitter_misc":{"\u00c9crit par":"cfeditorfr","Dur\u00e9e de lecture estim\u00e9e":"2 minutes"},"schema":{"@context":"https:\/\/schema.org","@graph":[{"@type":"Article","@id":"https:\/\/www.africa-press.net\/cameroun\/toutes-les-actualites\/le-cameroun-veut-ameliorer-les-conditions-de-vie-des-populations-grace-a-linternet#article","isPartOf":{"@id":"https:\/\/www.africa-press.net\/cameroun\/toutes-les-actualites\/le-cameroun-veut-ameliorer-les-conditions-de-vie-des-populations-grace-a-linternet"},"author":{"name":"cfeditorfr","@id":"https:\/\/www.africa-press.net\/cameroun\/#\/schema\/person\/2b1cf3cd81a31e3cd26889ca66d677f1"},"headline":"Le Cameroun veut am\u00e9liorer les conditions de vie des populations gr\u00e2ce \u00e0 l\u2019internet","datePublished":"2023-03-16T19:34:27+00:00","dateModified":"2023-03-16T20:27:54+00:00","mainEntityOfPage":{"@id":"https:\/\/www.africa-press.net\/cameroun\/toutes-les-actualites\/le-cameroun-veut-ameliorer-les-conditions-de-vie-des-populations-grace-a-linternet"},"wordCount":397,"commentCount":0,"image":{"@id":"https:\/\/www.africa-press.net\/cameroun\/toutes-les-actualites\/le-cameroun-veut-ameliorer-les-conditions-de-vie-des-populations-grace-a-linternet#primaryimage"},"thumbnailUrl":"https:\/\/static.africa-press.net\/cameroun\/sites\/57\/2023\/03\/postQueueImg_1678982669.82.jpg","keywords":["Africa Press","Africa Press-Cameroun","Cameroun"],"articleSection":["Communaut\u00e9","Toutes les actualit\u00e9s"],"inLanguage":"fr-FR","potentialAction":[{"@type":"CommentAction","name":"Comment","target":["https:\/\/www.africa-press.net\/cameroun\/toutes-les-actualites\/le-cameroun-veut-ameliorer-les-conditions-de-vie-des-populations-grace-a-linternet#respond"]}]},{"@type":"WebPage","@id":"https:\/\/www.africa-press.net\/cameroun\/toutes-les-actualites\/le-cameroun-veut-ameliorer-les-conditions-de-vie-des-populations-grace-a-linternet","url":"https:\/\/www.africa-press.net\/cameroun\/toutes-les-actualites\/le-cameroun-veut-ameliorer-les-conditions-de-vie-des-populations-grace-a-linternet","name":"Le Cameroun veut am\u00e9liorer les conditions de vie des populations gr\u00e2ce \u00e0 l\u2019internet - Cameroun","isPartOf":{"@id":"https:\/\/www.africa-press.net\/cameroun\/#website"},"primaryImageOfPage":{"@id":"https:\/\/www.africa-press.net\/cameroun\/toutes-les-actualites\/le-cameroun-veut-ameliorer-les-conditions-de-vie-des-populations-grace-a-linternet#primaryimage"},"image":{"@id":"https:\/\/www.africa-press.net\/cameroun\/toutes-les-actualites\/le-cameroun-veut-ameliorer-les-conditions-de-vie-des-populations-grace-a-linternet#primaryimage"},"thumbnailUrl":"https:\/\/static.africa-press.net\/cameroun\/sites\/57\/2023\/03\/postQueueImg_1678982669.82.jpg","datePublished":"2023-03-16T19:34:27+00:00","dateModified":"2023-03-16T20:27:54+00:00","author":{"@id":"https:\/\/www.africa-press.net\/cameroun\/#\/schema\/person\/2b1cf3cd81a31e3cd26889ca66d677f1"},"description":"La re\u0301duction des fractures nume\u0301riques est le terme central d\u2019une confe\u0301rence qui se tient les 15 et 16 mars 2023 a\u0300 ...","breadcrumb":{"@id":"https:\/\/www.africa-press.net\/cameroun\/toutes-les-actualites\/le-cameroun-veut-ameliorer-les-conditions-de-vie-des-populations-grace-a-linternet#breadcrumb"},"inLanguage":"fr-FR","potentialAction":[{"@type":"ReadAction","target":["https:\/\/www.africa-press.net\/cameroun\/toutes-les-actualites\/le-cameroun-veut-ameliorer-les-conditions-de-vie-des-populations-grace-a-linternet"]}]},{"@type":"ImageObject","inLanguage":"fr-FR","@id":"https:\/\/www.africa-press.net\/cameroun\/toutes-les-actualites\/le-cameroun-veut-ameliorer-les-conditions-de-vie-des-populations-grace-a-linternet#primaryimage","url":"https:\/\/static.africa-press.net\/cameroun\/sites\/57\/2023\/03\/postQueueImg_1678982669.82.jpg","contentUrl":"https:\/\/static.africa-press.net\/cameroun\/sites\/57\/2023\/03\/postQueueImg_1678982669.82.jpg","width":780,"height":470,"caption":"Le Cameroun veut am\u00e9liorer les conditions de vie des populations gr\u00e2ce \u00e0 l\u2019internet"},{"@type":"BreadcrumbList","@id":"https:\/\/www.africa-press.net\/cameroun\/toutes-les-actualites\/le-cameroun-veut-ameliorer-les-conditions-de-vie-des-populations-grace-a-linternet#breadcrumb","itemListElement":[{"@type":"ListItem","position":1,"name":"Accueil","item":"https:\/\/www.africa-press.net\/cameroun\/"},{"@type":"ListItem","position":2,"name":"Le Cameroun veut am\u00e9liorer les conditions de vie des populations gr\u00e2ce \u00e0 l\u2019internet"}]},{"@type":"WebSite","@id":"https:\/\/www.africa-press.net\/cameroun\/#website","url":"https:\/\/www.africa-press.net\/cameroun\/","name":"Cameroun","description":"Just another Africa News Agency Sites site","potentialAction":[{"@type":"SearchAction","target":{"@type":"EntryPoint","urlTemplate":"https:\/\/www.africa-press.net\/cameroun\/?s={search_term_string}"},"query-input":{"@type":"PropertyValueSpecification","valueRequired":true,"valueName":"search_term_string"}}],"inLanguage":"fr-FR"},{"@type":"Person","@id":"https:\/\/www.africa-press.net\/cameroun\/#\/schema\/person\/2b1cf3cd81a31e3cd26889ca66d677f1","name":"cfeditorfr"}]}},"_links":{"self":[{"href":"https:\/\/www.africa-press.net\/cameroun\/wp-json\/wp\/v2\/posts\/39566","targetHints":{"allow":["GET"]}}],"collection":[{"href":"https:\/\/www.africa-press.net\/cameroun\/wp-json\/wp\/v2\/posts"}],"about":[{"href":"https:\/\/www.africa-press.net\/cameroun\/wp-json\/wp\/v2\/types\/post"}],"author":[{"embeddable":true,"href":"https:\/\/www.africa-press.net\/cameroun\/wp-json\/wp\/v2\/users\/82"}],"replies":[{"embeddable":true,"href":"https:\/\/www.africa-press.net\/cameroun\/wp-json\/wp\/v2\/comments?post=39566"}],"version-history":[{"count":0,"href":"https:\/\/www.africa-press.net\/cameroun\/wp-json\/wp\/v2\/posts\/39566\/revisions"}],"wp:featuredmedia":[{"embeddable":true,"href":"https:\/\/www.africa-press.net\/cameroun\/wp-json\/wp\/v2\/media\/39565"}],"wp:attachment":[{"href":"https:\/\/www.africa-press.net\/cameroun\/wp-json\/wp\/v2\/media?parent=39566"}],"wp:term":[{"taxonomy":"category","embeddable":true,"href":"https:\/\/www.africa-press.net\/cameroun\/wp-json\/wp\/v2\/categories?post=39566"},{"taxonomy":"post_tag","embeddable":true,"href":"https:\/\/www.africa-press.net\/cameroun\/wp-json\/wp\/v2\/tags?post=39566"}],"curies":[{"name":"wp","href":"https:\/\/api.w.org\/{rel}","templated":true}]}}