{"id":39569,"date":"2023-03-16T19:34:34","date_gmt":"2023-03-16T19:34:34","guid":{"rendered":"https:\/\/www.africa-press.net\/cameroun\/politique\/financement-le-directeur-general-adjoint-du-fmi-est-au-cameroun"},"modified":"2023-03-16T20:28:21","modified_gmt":"2023-03-16T20:28:21","slug":"financement-le-directeur-general-adjoint-du-fmi-est-au-cameroun","status":"publish","type":"post","link":"https:\/\/www.africa-press.net\/cameroun\/economie\/financement-le-directeur-general-adjoint-du-fmi-est-au-cameroun","title":{"rendered":"Financement\u00a0: le Directeur g\u00e9n\u00e9ral adjoint du FMI est au Cameroun"},"content":{"rendered":"<p><span style=\"color: #ff6600\"><strong>Africa-Press &#8211; Cameroun. <\/strong><\/span>Kenji Okamura, Directeur ge\u0301ne\u0301ral adjoint du Fonds mone\u0301taire international (FMI) effectue une visite de travail au Cameroun depuis ce 14 mars 2023.<\/p>\n<p>Cette visite intervient au lendemain de l\u2019approbation des conclusions de la troisie\u0300me revue du Programme Economique et Financier du Cameroun par cette instance internationale.<\/p>\n<p>Le nume\u0301ro 2 du FMI a rencontre\u0301 hier 15 mars plusieurs autorite\u0301s parmi lesquelles le ministre des finances et celui de l\u2019e\u0301conomie. \u00ab Nous avons d\u2019abord parle\u0301 du programme e\u0301conomique et financier du Cameroun soutenu par le FMI et le fait qu\u2019il y a quelques semaines, le conseil d\u2019administration du FMI a approuve\u0301 la 3e revue dans le cadre de ce programme e\u0301conomique et financier \u00bb, souligne\u0301 Okamura.<\/p>\n<p>Le ministre des Finances Louis Paul Motaze pre\u0301cisait que les e\u0301changes avec les autorite\u0301s nationales visent a\u0300 \u00ab explorer de nouvelles perspectives de dialogue dans l\u2019optique du financement des projets prioritaires inscrits dans notre strate\u0301gie nationale de de\u0301veloppement, la SND30 \u00bb. En effet, les besoins globaux de financement de la SND30 sont estime\u0301s par a\u0300 88 000 milliards de FCFA sur la pe\u0301riode 2023-2030 dont 9670 milliards pour les 68 projets du Plan d\u2019investissements prioritaires 2023-2025.<\/p>\n<p>A noter que, le FMI a approuve\u0301 la troisie\u0300me revue du Programme Economique et Financier du Cameroun, une somme de 46 milliards de Fcfa sera alloue\u0301e au Tre\u0301sor Public came-<\/p>\n<p>rounais. Un appui qui correspond au respect des engagements financiers de cette institution dans le cadre du programme e\u0301conomique et financier conclu en 2021 avec le Cameroun. Ce nouveau de\u0301caissement va porter a\u0300 plus de 240 milliards de Fcfa le total des appuis du FMI au titre de ce programme depuis 2021.<\/p>\n<p><strong>Pour plus d&rsquo;informations et d&rsquo;analyses sur la <a href=\"https:\/\/www.africa-press.net\/cameroun\">Cameroun<\/a>, suivez <a href=\"https:\/\/www.africa-press.net\/\">Africa-Press<\/a><\/strong><\/p>\n","protected":false},"excerpt":{"rendered":"<p>Africa-Press &#8211; Cameroun. Kenji Okamura, Directeur ge\u0301ne\u0301ral adjoint du Fonds mone\u0301taire international (FMI) effectue une visite de travail au Cameroun depuis ce 14 mars 2023. Cette visite intervient au lendemain de l\u2019approbation des conclusions de la troisie\u0300me revue du Programme Economique et Financier du Cameroun par cette instance internationale. Le nume\u0301ro 2 du FMI a [&hellip;]<\/p>\n","protected":false},"author":82,"featured_media":39567,"comment_status":"open","ping_status":"closed","sticky":false,"template":"","format":"standard","meta":{"footnotes":""},"categories":[3,10],"tags":[36,50,49],"class_list":["post-39569","post","type-post","status-publish","format-standard","has-post-thumbnail","hentry","category-economie","category-toutes-les-actualites","tag-africa-press","tag-africa-press-cameroun","tag-cameroun"],"yoast_head":"<!-- This site is optimized with the Yoast SEO Premium plugin v26.1 (Yoast SEO v27.0) - https:\/\/yoast.com\/product\/yoast-seo-premium-wordpress\/ -->\n<title>Financement\u00a0: le Directeur g\u00e9n\u00e9ral adjoint du FMI est au Cameroun - Cameroun<\/title>\n<meta name=\"description\" content=\"Kenji Okamura, Directeur ge\u0301ne\u0301ral adjoint du Fonds mone\u0301taire international (FMI) effectue une visite de travail au Cam ...\" \/>\n<meta name=\"robots\" content=\"index, follow, max-snippet:-1, max-image-preview:large, max-video-preview:-1\" \/>\n<link rel=\"canonical\" href=\"https:\/\/www.africa-press.net\/cameroun\/economie\/financement-le-directeur-general-adjoint-du-fmi-est-au-cameroun\" \/>\n<meta property=\"og:locale\" content=\"fr_FR\" \/>\n<meta property=\"og:type\" content=\"article\" \/>\n<meta property=\"og:title\" content=\"Financement\u00a0: le Directeur g\u00e9n\u00e9ral adjoint du FMI est au Cameroun\" \/>\n<meta property=\"og:description\" content=\"Kenji Okamura, Directeur ge\u0301ne\u0301ral adjoint du Fonds mone\u0301taire international (FMI) effectue une visite de travail au Cam ...\" \/>\n<meta property=\"og:url\" content=\"https:\/\/www.africa-press.net\/cameroun\/economie\/financement-le-directeur-general-adjoint-du-fmi-est-au-cameroun\" \/>\n<meta property=\"og:site_name\" content=\"Cameroun\" \/>\n<meta property=\"article:published_time\" content=\"2023-03-16T19:34:34+00:00\" \/>\n<meta property=\"article:modified_time\" content=\"2023-03-16T20:28:21+00:00\" \/>\n<meta property=\"og:image\" content=\"https:\/\/static.africa-press.net\/cameroun\/sites\/57\/2023\/03\/postQueueImg_1678982676.72.jpg\" \/>\n\t<meta property=\"og:image:width\" content=\"800\" \/>\n\t<meta property=\"og:image:height\" content=\"445\" \/>\n\t<meta property=\"og:image:type\" content=\"image\/jpeg\" \/>\n<meta name=\"author\" content=\"cfeditorfr\" \/>\n<meta name=\"twitter:card\" content=\"summary_large_image\" \/>\n<meta name=\"twitter:label1\" content=\"\u00c9crit par\" \/>\n\t<meta name=\"twitter:data1\" content=\"cfeditorfr\" \/>\n\t<meta name=\"twitter:label2\" content=\"Dur\u00e9e de lecture estim\u00e9e\" \/>\n\t<meta name=\"twitter:data2\" content=\"1 minute\" \/>\n<script type=\"application\/ld+json\" class=\"yoast-schema-graph\">{\"@context\":\"https:\/\/schema.org\",\"@graph\":[{\"@type\":\"Article\",\"@id\":\"https:\/\/www.africa-press.net\/cameroun\/economie\/financement-le-directeur-general-adjoint-du-fmi-est-au-cameroun#article\",\"isPartOf\":{\"@id\":\"https:\/\/www.africa-press.net\/cameroun\/economie\/financement-le-directeur-general-adjoint-du-fmi-est-au-cameroun\"},\"author\":{\"name\":\"cfeditorfr\",\"@id\":\"https:\/\/www.africa-press.net\/cameroun\/#\/schema\/person\/2b1cf3cd81a31e3cd26889ca66d677f1\"},\"headline\":\"Financement\u00a0: le Directeur g\u00e9n\u00e9ral adjoint du FMI est au Cameroun\",\"datePublished\":\"2023-03-16T19:34:34+00:00\",\"dateModified\":\"2023-03-16T20:28:21+00:00\",\"mainEntityOfPage\":{\"@id\":\"https:\/\/www.africa-press.net\/cameroun\/economie\/financement-le-directeur-general-adjoint-du-fmi-est-au-cameroun\"},\"wordCount\":311,\"commentCount\":0,\"image\":{\"@id\":\"https:\/\/www.africa-press.net\/cameroun\/economie\/financement-le-directeur-general-adjoint-du-fmi-est-au-cameroun#primaryimage\"},\"thumbnailUrl\":\"https:\/\/static.africa-press.net\/cameroun\/sites\/57\/2023\/03\/postQueueImg_1678982676.72.jpg\",\"keywords\":[\"Africa Press\",\"Africa Press-Cameroun\",\"Cameroun\"],\"articleSection\":[\"\u00c9conomie\",\"Toutes les actualit\u00e9s\"],\"inLanguage\":\"fr-FR\",\"potentialAction\":[{\"@type\":\"CommentAction\",\"name\":\"Comment\",\"target\":[\"https:\/\/www.africa-press.net\/cameroun\/economie\/financement-le-directeur-general-adjoint-du-fmi-est-au-cameroun#respond\"]}]},{\"@type\":\"WebPage\",\"@id\":\"https:\/\/www.africa-press.net\/cameroun\/economie\/financement-le-directeur-general-adjoint-du-fmi-est-au-cameroun\",\"url\":\"https:\/\/www.africa-press.net\/cameroun\/economie\/financement-le-directeur-general-adjoint-du-fmi-est-au-cameroun\",\"name\":\"Financement\u00a0: le Directeur g\u00e9n\u00e9ral adjoint du FMI est au Cameroun - Cameroun\",\"isPartOf\":{\"@id\":\"https:\/\/www.africa-press.net\/cameroun\/#website\"},\"primaryImageOfPage\":{\"@id\":\"https:\/\/www.africa-press.net\/cameroun\/economie\/financement-le-directeur-general-adjoint-du-fmi-est-au-cameroun#primaryimage\"},\"image\":{\"@id\":\"https:\/\/www.africa-press.net\/cameroun\/economie\/financement-le-directeur-general-adjoint-du-fmi-est-au-cameroun#primaryimage\"},\"thumbnailUrl\":\"https:\/\/static.africa-press.net\/cameroun\/sites\/57\/2023\/03\/postQueueImg_1678982676.72.jpg\",\"datePublished\":\"2023-03-16T19:34:34+00:00\",\"dateModified\":\"2023-03-16T20:28:21+00:00\",\"author\":{\"@id\":\"https:\/\/www.africa-press.net\/cameroun\/#\/schema\/person\/2b1cf3cd81a31e3cd26889ca66d677f1\"},\"description\":\"Kenji Okamura, Directeur ge\u0301ne\u0301ral adjoint du Fonds mone\u0301taire international (FMI) effectue une visite de travail au Cam ...\",\"breadcrumb\":{\"@id\":\"https:\/\/www.africa-press.net\/cameroun\/economie\/financement-le-directeur-general-adjoint-du-fmi-est-au-cameroun#breadcrumb\"},\"inLanguage\":\"fr-FR\",\"potentialAction\":[{\"@type\":\"ReadAction\",\"target\":[\"https:\/\/www.africa-press.net\/cameroun\/economie\/financement-le-directeur-general-adjoint-du-fmi-est-au-cameroun\"]}]},{\"@type\":\"ImageObject\",\"inLanguage\":\"fr-FR\",\"@id\":\"https:\/\/www.africa-press.net\/cameroun\/economie\/financement-le-directeur-general-adjoint-du-fmi-est-au-cameroun#primaryimage\",\"url\":\"https:\/\/static.africa-press.net\/cameroun\/sites\/57\/2023\/03\/postQueueImg_1678982676.72.jpg\",\"contentUrl\":\"https:\/\/static.africa-press.net\/cameroun\/sites\/57\/2023\/03\/postQueueImg_1678982676.72.jpg\",\"width\":800,\"height\":445,\"caption\":\"Financement\u00a0: le Directeur g\u00e9n\u00e9ral adjoint du FMI est au Cameroun\"},{\"@type\":\"BreadcrumbList\",\"@id\":\"https:\/\/www.africa-press.net\/cameroun\/economie\/financement-le-directeur-general-adjoint-du-fmi-est-au-cameroun#breadcrumb\",\"itemListElement\":[{\"@type\":\"ListItem\",\"position\":1,\"name\":\"Accueil\",\"item\":\"https:\/\/www.africa-press.net\/cameroun\/\"},{\"@type\":\"ListItem\",\"position\":2,\"name\":\"Financement\u00a0: le Directeur g\u00e9n\u00e9ral adjoint du FMI est au Cameroun\"}]},{\"@type\":\"WebSite\",\"@id\":\"https:\/\/www.africa-press.net\/cameroun\/#website\",\"url\":\"https:\/\/www.africa-press.net\/cameroun\/\",\"name\":\"Cameroun\",\"description\":\"Just another Africa News Agency Sites site\",\"potentialAction\":[{\"@type\":\"SearchAction\",\"target\":{\"@type\":\"EntryPoint\",\"urlTemplate\":\"https:\/\/www.africa-press.net\/cameroun\/?s={search_term_string}\"},\"query-input\":{\"@type\":\"PropertyValueSpecification\",\"valueRequired\":true,\"valueName\":\"search_term_string\"}}],\"inLanguage\":\"fr-FR\"},{\"@type\":\"Person\",\"@id\":\"https:\/\/www.africa-press.net\/cameroun\/#\/schema\/person\/2b1cf3cd81a31e3cd26889ca66d677f1\",\"name\":\"cfeditorfr\"}]}<\/script>\n<!-- \/ Yoast SEO Premium plugin. -->","yoast_head_json":{"title":"Financement\u00a0: le Directeur g\u00e9n\u00e9ral adjoint du FMI est au Cameroun - Cameroun","description":"Kenji Okamura, Directeur ge\u0301ne\u0301ral adjoint du Fonds mone\u0301taire international (FMI) effectue une visite de travail au Cam ...","robots":{"index":"index","follow":"follow","max-snippet":"max-snippet:-1","max-image-preview":"max-image-preview:large","max-video-preview":"max-video-preview:-1"},"canonical":"https:\/\/www.africa-press.net\/cameroun\/economie\/financement-le-directeur-general-adjoint-du-fmi-est-au-cameroun","og_locale":"fr_FR","og_type":"article","og_title":"Financement\u00a0: le Directeur g\u00e9n\u00e9ral adjoint du FMI est au Cameroun","og_description":"Kenji Okamura, Directeur ge\u0301ne\u0301ral adjoint du Fonds mone\u0301taire international (FMI) effectue une visite de travail au Cam ...","og_url":"https:\/\/www.africa-press.net\/cameroun\/economie\/financement-le-directeur-general-adjoint-du-fmi-est-au-cameroun","og_site_name":"Cameroun","article_published_time":"2023-03-16T19:34:34+00:00","article_modified_time":"2023-03-16T20:28:21+00:00","og_image":[{"width":800,"height":445,"url":"https:\/\/static.africa-press.net\/cameroun\/sites\/57\/2023\/03\/postQueueImg_1678982676.72.jpg","type":"image\/jpeg"}],"author":"cfeditorfr","twitter_card":"summary_large_image","twitter_misc":{"\u00c9crit par":"cfeditorfr","Dur\u00e9e de lecture estim\u00e9e":"1 minute"},"schema":{"@context":"https:\/\/schema.org","@graph":[{"@type":"Article","@id":"https:\/\/www.africa-press.net\/cameroun\/economie\/financement-le-directeur-general-adjoint-du-fmi-est-au-cameroun#article","isPartOf":{"@id":"https:\/\/www.africa-press.net\/cameroun\/economie\/financement-le-directeur-general-adjoint-du-fmi-est-au-cameroun"},"author":{"name":"cfeditorfr","@id":"https:\/\/www.africa-press.net\/cameroun\/#\/schema\/person\/2b1cf3cd81a31e3cd26889ca66d677f1"},"headline":"Financement\u00a0: le Directeur g\u00e9n\u00e9ral adjoint du FMI est au Cameroun","datePublished":"2023-03-16T19:34:34+00:00","dateModified":"2023-03-16T20:28:21+00:00","mainEntityOfPage":{"@id":"https:\/\/www.africa-press.net\/cameroun\/economie\/financement-le-directeur-general-adjoint-du-fmi-est-au-cameroun"},"wordCount":311,"commentCount":0,"image":{"@id":"https:\/\/www.africa-press.net\/cameroun\/economie\/financement-le-directeur-general-adjoint-du-fmi-est-au-cameroun#primaryimage"},"thumbnailUrl":"https:\/\/static.africa-press.net\/cameroun\/sites\/57\/2023\/03\/postQueueImg_1678982676.72.jpg","keywords":["Africa Press","Africa Press-Cameroun","Cameroun"],"articleSection":["\u00c9conomie","Toutes les actualit\u00e9s"],"inLanguage":"fr-FR","potentialAction":[{"@type":"CommentAction","name":"Comment","target":["https:\/\/www.africa-press.net\/cameroun\/economie\/financement-le-directeur-general-adjoint-du-fmi-est-au-cameroun#respond"]}]},{"@type":"WebPage","@id":"https:\/\/www.africa-press.net\/cameroun\/economie\/financement-le-directeur-general-adjoint-du-fmi-est-au-cameroun","url":"https:\/\/www.africa-press.net\/cameroun\/economie\/financement-le-directeur-general-adjoint-du-fmi-est-au-cameroun","name":"Financement\u00a0: le Directeur g\u00e9n\u00e9ral adjoint du FMI est au Cameroun - Cameroun","isPartOf":{"@id":"https:\/\/www.africa-press.net\/cameroun\/#website"},"primaryImageOfPage":{"@id":"https:\/\/www.africa-press.net\/cameroun\/economie\/financement-le-directeur-general-adjoint-du-fmi-est-au-cameroun#primaryimage"},"image":{"@id":"https:\/\/www.africa-press.net\/cameroun\/economie\/financement-le-directeur-general-adjoint-du-fmi-est-au-cameroun#primaryimage"},"thumbnailUrl":"https:\/\/static.africa-press.net\/cameroun\/sites\/57\/2023\/03\/postQueueImg_1678982676.72.jpg","datePublished":"2023-03-16T19:34:34+00:00","dateModified":"2023-03-16T20:28:21+00:00","author":{"@id":"https:\/\/www.africa-press.net\/cameroun\/#\/schema\/person\/2b1cf3cd81a31e3cd26889ca66d677f1"},"description":"Kenji Okamura, Directeur ge\u0301ne\u0301ral adjoint du Fonds mone\u0301taire international (FMI) effectue une visite de travail au Cam ...","breadcrumb":{"@id":"https:\/\/www.africa-press.net\/cameroun\/economie\/financement-le-directeur-general-adjoint-du-fmi-est-au-cameroun#breadcrumb"},"inLanguage":"fr-FR","potentialAction":[{"@type":"ReadAction","target":["https:\/\/www.africa-press.net\/cameroun\/economie\/financement-le-directeur-general-adjoint-du-fmi-est-au-cameroun"]}]},{"@type":"ImageObject","inLanguage":"fr-FR","@id":"https:\/\/www.africa-press.net\/cameroun\/economie\/financement-le-directeur-general-adjoint-du-fmi-est-au-cameroun#primaryimage","url":"https:\/\/static.africa-press.net\/cameroun\/sites\/57\/2023\/03\/postQueueImg_1678982676.72.jpg","contentUrl":"https:\/\/static.africa-press.net\/cameroun\/sites\/57\/2023\/03\/postQueueImg_1678982676.72.jpg","width":800,"height":445,"caption":"Financement\u00a0: le Directeur g\u00e9n\u00e9ral adjoint du FMI est au Cameroun"},{"@type":"BreadcrumbList","@id":"https:\/\/www.africa-press.net\/cameroun\/economie\/financement-le-directeur-general-adjoint-du-fmi-est-au-cameroun#breadcrumb","itemListElement":[{"@type":"ListItem","position":1,"name":"Accueil","item":"https:\/\/www.africa-press.net\/cameroun\/"},{"@type":"ListItem","position":2,"name":"Financement\u00a0: le Directeur g\u00e9n\u00e9ral adjoint du FMI est au Cameroun"}]},{"@type":"WebSite","@id":"https:\/\/www.africa-press.net\/cameroun\/#website","url":"https:\/\/www.africa-press.net\/cameroun\/","name":"Cameroun","description":"Just another Africa News Agency Sites site","potentialAction":[{"@type":"SearchAction","target":{"@type":"EntryPoint","urlTemplate":"https:\/\/www.africa-press.net\/cameroun\/?s={search_term_string}"},"query-input":{"@type":"PropertyValueSpecification","valueRequired":true,"valueName":"search_term_string"}}],"inLanguage":"fr-FR"},{"@type":"Person","@id":"https:\/\/www.africa-press.net\/cameroun\/#\/schema\/person\/2b1cf3cd81a31e3cd26889ca66d677f1","name":"cfeditorfr"}]}},"_links":{"self":[{"href":"https:\/\/www.africa-press.net\/cameroun\/wp-json\/wp\/v2\/posts\/39569","targetHints":{"allow":["GET"]}}],"collection":[{"href":"https:\/\/www.africa-press.net\/cameroun\/wp-json\/wp\/v2\/posts"}],"about":[{"href":"https:\/\/www.africa-press.net\/cameroun\/wp-json\/wp\/v2\/types\/post"}],"author":[{"embeddable":true,"href":"https:\/\/www.africa-press.net\/cameroun\/wp-json\/wp\/v2\/users\/82"}],"replies":[{"embeddable":true,"href":"https:\/\/www.africa-press.net\/cameroun\/wp-json\/wp\/v2\/comments?post=39569"}],"version-history":[{"count":0,"href":"https:\/\/www.africa-press.net\/cameroun\/wp-json\/wp\/v2\/posts\/39569\/revisions"}],"wp:featuredmedia":[{"embeddable":true,"href":"https:\/\/www.africa-press.net\/cameroun\/wp-json\/wp\/v2\/media\/39567"}],"wp:attachment":[{"href":"https:\/\/www.africa-press.net\/cameroun\/wp-json\/wp\/v2\/media?parent=39569"}],"wp:term":[{"taxonomy":"category","embeddable":true,"href":"https:\/\/www.africa-press.net\/cameroun\/wp-json\/wp\/v2\/categories?post=39569"},{"taxonomy":"post_tag","embeddable":true,"href":"https:\/\/www.africa-press.net\/cameroun\/wp-json\/wp\/v2\/tags?post=39569"}],"curies":[{"name":"wp","href":"https:\/\/api.w.org\/{rel}","templated":true}]}}