{"id":39573,"date":"2023-03-16T19:39:49","date_gmt":"2023-03-16T19:39:49","guid":{"rendered":"https:\/\/www.africa-press.net\/cameroun\/politique\/sommet-de-la-cemac-ali-bongo-attendu-au-cameroun-ce-17-mars-2023"},"modified":"2023-03-16T20:45:59","modified_gmt":"2023-03-16T20:45:59","slug":"sommet-de-la-cemac-ali-bongo-attendu-au-cameroun-ce-17-mars-2023","status":"publish","type":"post","link":"https:\/\/www.africa-press.net\/cameroun\/politique\/sommet-de-la-cemac-ali-bongo-attendu-au-cameroun-ce-17-mars-2023","title":{"rendered":"Sommet de la CEMAC : Ali Bongo attendu au Cameroun \u00a0ce 17 mars 2023"},"content":{"rendered":"<p><span style=\"color: #ff6600\"><strong>Africa-Press &#8211; Cameroun. <\/strong><\/span><b>Le Pre\u0301sident gabonais. Ali Bongo Ondimba prendra part au 15e\u0300me Sommet ordinaire des Chefs d\u2019Etat de la Communaute\u0301 e\u0301conomique et mone\u0301taire de l\u2019Afrique centrale (CEMAC), qui se tiendra ce 17 mars 2023, a\u0300 Yaounde\u0301 au Cameroun, sous le the\u0300me : \u00ab<\/b> <b>faire de la CEMAC, en 2025, un espace e\u0301conomique inte\u0301gre\u0301 et e\u0301mergent, ou\u0300 re\u0300gnent la se\u0301curite\u0301, la solidarite\u0301 et la bonne gouvernance, au service du de\u0301veloppement humain<\/b> \u00bb.<\/p>\n<p>Selon la communication pre\u0301sidentielle, les questions inscrites a\u0300 l\u2019Ordre du jour du Sommet ont trait aux conclusions de la re\u0301flexion sur le Franc CFA en Zone CEMAC, aux re\u0301formes en cours de la CEMAC, et au financement de la Communaute\u0301 par la Taxe Communautaire d\u2019Inte\u0301gration (TCI), entre autres sujets.<\/p>\n<p>Le Sommet sera e\u0301galement l\u2019occasion pour les Pre\u0301sidents du Congo et du Cameroun, de pre\u0301senter leurs communications respectives sur le programme des Re\u0301formes Economiques et Financie\u0300res de la CEMAC (PREF-CEMAC) et sur le dossier de la rationalisation des Communaute\u0301s Economiques Re\u0301gionales d\u2019Afrique Centrale. Comme a\u0300 l\u2019accoutume\u0301e, les Chefs d\u2019Etat examineront les rapports des Organes de la CEMAC tels qu\u2019inscrits a\u0300 leur Agenda.<\/p>\n<p>Le Sommet proce\u0300dera e\u0301galement au renouve\u0300lement des plus hauts responsables des organes et institutions internes a\u0300 la CEMAC, conforme\u0301ment au principe de rotation par ordre alphabe\u0301tique des Etats membres institue\u0301 le 17 janvier 2010 a\u0300 Bangui, en Re\u0301publique Centrafricaine.<\/p>\n<p>A l\u2019issue de ce Sommet interviendra la passation de charges entre SE Paul Biya, Pre\u0301sident de la Re\u0301publique du Cameroun, Pre\u0301sident en Exercice de la CEMAC et S.E. Faustin Archange Touadera, Pre\u0301sident de la Re\u0301publique Centrafricaine.<\/p>\n<p>Pour rappel, ce 15e\u0300me Sommet Ordinaire des Chefs d\u2019Etat fait suite aux diffe\u0301rents Sommets Extraordinaires qui se sont tenus en 2019 et en 2021 au Cameroun, et qui ont traite\u0301 respectivement de la situation e\u0301conomique et mone\u0301taire dans la zone CEMAC, ainsi que de la situation macroe\u0301conomique dans la CEMAC et les mesures de redressement.<\/p>\n<p><strong>Pour plus d&rsquo;informations et d&rsquo;analyses sur la <a href=\"https:\/\/www.africa-press.net\/cameroun\">Cameroun<\/a>, suivez <a href=\"https:\/\/www.africa-press.net\/\">Africa-Press<\/a><\/strong><\/p>\n","protected":false},"excerpt":{"rendered":"<p>Africa-Press &#8211; Cameroun. Le Pre\u0301sident gabonais. Ali Bongo Ondimba prendra part au 15e\u0300me Sommet ordinaire des Chefs d\u2019Etat de la Communaute\u0301 e\u0301conomique et mone\u0301taire de l\u2019Afrique centrale (CEMAC), qui se tiendra ce 17 mars 2023, a\u0300 Yaounde\u0301 au Cameroun, sous le the\u0300me : \u00ab faire de la CEMAC, en 2025, un espace e\u0301conomique inte\u0301gre\u0301 et [&hellip;]<\/p>\n","protected":false},"author":82,"featured_media":39572,"comment_status":"open","ping_status":"closed","sticky":false,"template":"","format":"standard","meta":{"footnotes":""},"categories":[2,10],"tags":[36,50,49],"class_list":["post-39573","post","type-post","status-publish","format-standard","has-post-thumbnail","hentry","category-politique","category-toutes-les-actualites","tag-africa-press","tag-africa-press-cameroun","tag-cameroun"],"yoast_head":"<!-- This site is optimized with the Yoast SEO Premium plugin v26.1 (Yoast SEO v27.0) - https:\/\/yoast.com\/product\/yoast-seo-premium-wordpress\/ -->\n<title>Sommet de la CEMAC : Ali Bongo attendu au Cameroun \u00a0ce 17 mars 2023 - Cameroun<\/title>\n<meta name=\"description\" content=\"Le Pre\u0301sident gabonais. Ali Bongo Ondimba prendra part au 15e\u0300me Sommet ordinaire des Chefs d\u2019Etat de la Communaute\u0301 ...\" \/>\n<meta name=\"robots\" content=\"index, follow, max-snippet:-1, max-image-preview:large, max-video-preview:-1\" \/>\n<link rel=\"canonical\" href=\"https:\/\/www.africa-press.net\/cameroun\/politique\/sommet-de-la-cemac-ali-bongo-attendu-au-cameroun-ce-17-mars-2023\" \/>\n<meta property=\"og:locale\" content=\"fr_FR\" \/>\n<meta property=\"og:type\" content=\"article\" \/>\n<meta property=\"og:title\" content=\"Sommet de la CEMAC : Ali Bongo attendu au Cameroun \u00a0ce 17 mars 2023\" \/>\n<meta property=\"og:description\" content=\"Le Pre\u0301sident gabonais. Ali Bongo Ondimba prendra part au 15e\u0300me Sommet ordinaire des Chefs d\u2019Etat de la Communaute\u0301 ...\" \/>\n<meta property=\"og:url\" content=\"https:\/\/www.africa-press.net\/cameroun\/politique\/sommet-de-la-cemac-ali-bongo-attendu-au-cameroun-ce-17-mars-2023\" \/>\n<meta property=\"og:site_name\" content=\"Cameroun\" \/>\n<meta property=\"article:published_time\" content=\"2023-03-16T19:39:49+00:00\" \/>\n<meta property=\"article:modified_time\" content=\"2023-03-16T20:45:59+00:00\" \/>\n<meta property=\"og:image\" content=\"https:\/\/static.africa-press.net\/cameroun\/sites\/57\/2023\/03\/postQueueImg_1678982999.98.jpg\" \/>\n\t<meta property=\"og:image:width\" content=\"770\" \/>\n\t<meta property=\"og:image:height\" content=\"440\" \/>\n\t<meta property=\"og:image:type\" content=\"image\/jpeg\" \/>\n<meta name=\"author\" content=\"cfeditorfr\" \/>\n<meta name=\"twitter:card\" content=\"summary_large_image\" \/>\n<meta name=\"twitter:label1\" content=\"\u00c9crit par\" \/>\n\t<meta name=\"twitter:data1\" content=\"cfeditorfr\" \/>\n\t<meta name=\"twitter:label2\" content=\"Dur\u00e9e de lecture estim\u00e9e\" \/>\n\t<meta name=\"twitter:data2\" content=\"2 minutes\" \/>\n<script type=\"application\/ld+json\" class=\"yoast-schema-graph\">{\"@context\":\"https:\/\/schema.org\",\"@graph\":[{\"@type\":\"Article\",\"@id\":\"https:\/\/www.africa-press.net\/cameroun\/politique\/sommet-de-la-cemac-ali-bongo-attendu-au-cameroun-ce-17-mars-2023#article\",\"isPartOf\":{\"@id\":\"https:\/\/www.africa-press.net\/cameroun\/politique\/sommet-de-la-cemac-ali-bongo-attendu-au-cameroun-ce-17-mars-2023\"},\"author\":{\"name\":\"cfeditorfr\",\"@id\":\"https:\/\/www.africa-press.net\/cameroun\/#\/schema\/person\/2b1cf3cd81a31e3cd26889ca66d677f1\"},\"headline\":\"Sommet de la CEMAC : Ali Bongo attendu au Cameroun \u00a0ce 17 mars 2023\",\"datePublished\":\"2023-03-16T19:39:49+00:00\",\"dateModified\":\"2023-03-16T20:45:59+00:00\",\"mainEntityOfPage\":{\"@id\":\"https:\/\/www.africa-press.net\/cameroun\/politique\/sommet-de-la-cemac-ali-bongo-attendu-au-cameroun-ce-17-mars-2023\"},\"wordCount\":377,\"commentCount\":0,\"image\":{\"@id\":\"https:\/\/www.africa-press.net\/cameroun\/politique\/sommet-de-la-cemac-ali-bongo-attendu-au-cameroun-ce-17-mars-2023#primaryimage\"},\"thumbnailUrl\":\"https:\/\/static.africa-press.net\/cameroun\/sites\/57\/2023\/03\/postQueueImg_1678982999.98.jpg\",\"keywords\":[\"Africa Press\",\"Africa Press-Cameroun\",\"Cameroun\"],\"articleSection\":[\"Politique\",\"Toutes les actualit\u00e9s\"],\"inLanguage\":\"fr-FR\",\"potentialAction\":[{\"@type\":\"CommentAction\",\"name\":\"Comment\",\"target\":[\"https:\/\/www.africa-press.net\/cameroun\/politique\/sommet-de-la-cemac-ali-bongo-attendu-au-cameroun-ce-17-mars-2023#respond\"]}]},{\"@type\":\"WebPage\",\"@id\":\"https:\/\/www.africa-press.net\/cameroun\/politique\/sommet-de-la-cemac-ali-bongo-attendu-au-cameroun-ce-17-mars-2023\",\"url\":\"https:\/\/www.africa-press.net\/cameroun\/politique\/sommet-de-la-cemac-ali-bongo-attendu-au-cameroun-ce-17-mars-2023\",\"name\":\"Sommet de la CEMAC : Ali Bongo attendu au Cameroun \u00a0ce 17 mars 2023 - Cameroun\",\"isPartOf\":{\"@id\":\"https:\/\/www.africa-press.net\/cameroun\/#website\"},\"primaryImageOfPage\":{\"@id\":\"https:\/\/www.africa-press.net\/cameroun\/politique\/sommet-de-la-cemac-ali-bongo-attendu-au-cameroun-ce-17-mars-2023#primaryimage\"},\"image\":{\"@id\":\"https:\/\/www.africa-press.net\/cameroun\/politique\/sommet-de-la-cemac-ali-bongo-attendu-au-cameroun-ce-17-mars-2023#primaryimage\"},\"thumbnailUrl\":\"https:\/\/static.africa-press.net\/cameroun\/sites\/57\/2023\/03\/postQueueImg_1678982999.98.jpg\",\"datePublished\":\"2023-03-16T19:39:49+00:00\",\"dateModified\":\"2023-03-16T20:45:59+00:00\",\"author\":{\"@id\":\"https:\/\/www.africa-press.net\/cameroun\/#\/schema\/person\/2b1cf3cd81a31e3cd26889ca66d677f1\"},\"description\":\"Le Pre\u0301sident gabonais. Ali Bongo Ondimba prendra part au 15e\u0300me Sommet ordinaire des Chefs d\u2019Etat de la Communaute\u0301 ...\",\"breadcrumb\":{\"@id\":\"https:\/\/www.africa-press.net\/cameroun\/politique\/sommet-de-la-cemac-ali-bongo-attendu-au-cameroun-ce-17-mars-2023#breadcrumb\"},\"inLanguage\":\"fr-FR\",\"potentialAction\":[{\"@type\":\"ReadAction\",\"target\":[\"https:\/\/www.africa-press.net\/cameroun\/politique\/sommet-de-la-cemac-ali-bongo-attendu-au-cameroun-ce-17-mars-2023\"]}]},{\"@type\":\"ImageObject\",\"inLanguage\":\"fr-FR\",\"@id\":\"https:\/\/www.africa-press.net\/cameroun\/politique\/sommet-de-la-cemac-ali-bongo-attendu-au-cameroun-ce-17-mars-2023#primaryimage\",\"url\":\"https:\/\/static.africa-press.net\/cameroun\/sites\/57\/2023\/03\/postQueueImg_1678982999.98.jpg\",\"contentUrl\":\"https:\/\/static.africa-press.net\/cameroun\/sites\/57\/2023\/03\/postQueueImg_1678982999.98.jpg\",\"width\":770,\"height\":440,\"caption\":\"Sommet de la CEMAC : Ali Bongo attendu au Cameroun \u00a0ce 17 mars 2023\"},{\"@type\":\"BreadcrumbList\",\"@id\":\"https:\/\/www.africa-press.net\/cameroun\/politique\/sommet-de-la-cemac-ali-bongo-attendu-au-cameroun-ce-17-mars-2023#breadcrumb\",\"itemListElement\":[{\"@type\":\"ListItem\",\"position\":1,\"name\":\"Accueil\",\"item\":\"https:\/\/www.africa-press.net\/cameroun\/\"},{\"@type\":\"ListItem\",\"position\":2,\"name\":\"Sommet de la CEMAC : Ali Bongo attendu au Cameroun \u00a0ce 17 mars 2023\"}]},{\"@type\":\"WebSite\",\"@id\":\"https:\/\/www.africa-press.net\/cameroun\/#website\",\"url\":\"https:\/\/www.africa-press.net\/cameroun\/\",\"name\":\"Cameroun\",\"description\":\"Just another Africa News Agency Sites site\",\"potentialAction\":[{\"@type\":\"SearchAction\",\"target\":{\"@type\":\"EntryPoint\",\"urlTemplate\":\"https:\/\/www.africa-press.net\/cameroun\/?s={search_term_string}\"},\"query-input\":{\"@type\":\"PropertyValueSpecification\",\"valueRequired\":true,\"valueName\":\"search_term_string\"}}],\"inLanguage\":\"fr-FR\"},{\"@type\":\"Person\",\"@id\":\"https:\/\/www.africa-press.net\/cameroun\/#\/schema\/person\/2b1cf3cd81a31e3cd26889ca66d677f1\",\"name\":\"cfeditorfr\"}]}<\/script>\n<!-- \/ Yoast SEO Premium plugin. -->","yoast_head_json":{"title":"Sommet de la CEMAC : Ali Bongo attendu au Cameroun \u00a0ce 17 mars 2023 - Cameroun","description":"Le Pre\u0301sident gabonais. Ali Bongo Ondimba prendra part au 15e\u0300me Sommet ordinaire des Chefs d\u2019Etat de la Communaute\u0301 ...","robots":{"index":"index","follow":"follow","max-snippet":"max-snippet:-1","max-image-preview":"max-image-preview:large","max-video-preview":"max-video-preview:-1"},"canonical":"https:\/\/www.africa-press.net\/cameroun\/politique\/sommet-de-la-cemac-ali-bongo-attendu-au-cameroun-ce-17-mars-2023","og_locale":"fr_FR","og_type":"article","og_title":"Sommet de la CEMAC : Ali Bongo attendu au Cameroun \u00a0ce 17 mars 2023","og_description":"Le Pre\u0301sident gabonais. Ali Bongo Ondimba prendra part au 15e\u0300me Sommet ordinaire des Chefs d\u2019Etat de la Communaute\u0301 ...","og_url":"https:\/\/www.africa-press.net\/cameroun\/politique\/sommet-de-la-cemac-ali-bongo-attendu-au-cameroun-ce-17-mars-2023","og_site_name":"Cameroun","article_published_time":"2023-03-16T19:39:49+00:00","article_modified_time":"2023-03-16T20:45:59+00:00","og_image":[{"width":770,"height":440,"url":"https:\/\/static.africa-press.net\/cameroun\/sites\/57\/2023\/03\/postQueueImg_1678982999.98.jpg","type":"image\/jpeg"}],"author":"cfeditorfr","twitter_card":"summary_large_image","twitter_misc":{"\u00c9crit par":"cfeditorfr","Dur\u00e9e de lecture estim\u00e9e":"2 minutes"},"schema":{"@context":"https:\/\/schema.org","@graph":[{"@type":"Article","@id":"https:\/\/www.africa-press.net\/cameroun\/politique\/sommet-de-la-cemac-ali-bongo-attendu-au-cameroun-ce-17-mars-2023#article","isPartOf":{"@id":"https:\/\/www.africa-press.net\/cameroun\/politique\/sommet-de-la-cemac-ali-bongo-attendu-au-cameroun-ce-17-mars-2023"},"author":{"name":"cfeditorfr","@id":"https:\/\/www.africa-press.net\/cameroun\/#\/schema\/person\/2b1cf3cd81a31e3cd26889ca66d677f1"},"headline":"Sommet de la CEMAC : Ali Bongo attendu au Cameroun \u00a0ce 17 mars 2023","datePublished":"2023-03-16T19:39:49+00:00","dateModified":"2023-03-16T20:45:59+00:00","mainEntityOfPage":{"@id":"https:\/\/www.africa-press.net\/cameroun\/politique\/sommet-de-la-cemac-ali-bongo-attendu-au-cameroun-ce-17-mars-2023"},"wordCount":377,"commentCount":0,"image":{"@id":"https:\/\/www.africa-press.net\/cameroun\/politique\/sommet-de-la-cemac-ali-bongo-attendu-au-cameroun-ce-17-mars-2023#primaryimage"},"thumbnailUrl":"https:\/\/static.africa-press.net\/cameroun\/sites\/57\/2023\/03\/postQueueImg_1678982999.98.jpg","keywords":["Africa Press","Africa Press-Cameroun","Cameroun"],"articleSection":["Politique","Toutes les actualit\u00e9s"],"inLanguage":"fr-FR","potentialAction":[{"@type":"CommentAction","name":"Comment","target":["https:\/\/www.africa-press.net\/cameroun\/politique\/sommet-de-la-cemac-ali-bongo-attendu-au-cameroun-ce-17-mars-2023#respond"]}]},{"@type":"WebPage","@id":"https:\/\/www.africa-press.net\/cameroun\/politique\/sommet-de-la-cemac-ali-bongo-attendu-au-cameroun-ce-17-mars-2023","url":"https:\/\/www.africa-press.net\/cameroun\/politique\/sommet-de-la-cemac-ali-bongo-attendu-au-cameroun-ce-17-mars-2023","name":"Sommet de la CEMAC : Ali Bongo attendu au Cameroun \u00a0ce 17 mars 2023 - Cameroun","isPartOf":{"@id":"https:\/\/www.africa-press.net\/cameroun\/#website"},"primaryImageOfPage":{"@id":"https:\/\/www.africa-press.net\/cameroun\/politique\/sommet-de-la-cemac-ali-bongo-attendu-au-cameroun-ce-17-mars-2023#primaryimage"},"image":{"@id":"https:\/\/www.africa-press.net\/cameroun\/politique\/sommet-de-la-cemac-ali-bongo-attendu-au-cameroun-ce-17-mars-2023#primaryimage"},"thumbnailUrl":"https:\/\/static.africa-press.net\/cameroun\/sites\/57\/2023\/03\/postQueueImg_1678982999.98.jpg","datePublished":"2023-03-16T19:39:49+00:00","dateModified":"2023-03-16T20:45:59+00:00","author":{"@id":"https:\/\/www.africa-press.net\/cameroun\/#\/schema\/person\/2b1cf3cd81a31e3cd26889ca66d677f1"},"description":"Le Pre\u0301sident gabonais. Ali Bongo Ondimba prendra part au 15e\u0300me Sommet ordinaire des Chefs d\u2019Etat de la Communaute\u0301 ...","breadcrumb":{"@id":"https:\/\/www.africa-press.net\/cameroun\/politique\/sommet-de-la-cemac-ali-bongo-attendu-au-cameroun-ce-17-mars-2023#breadcrumb"},"inLanguage":"fr-FR","potentialAction":[{"@type":"ReadAction","target":["https:\/\/www.africa-press.net\/cameroun\/politique\/sommet-de-la-cemac-ali-bongo-attendu-au-cameroun-ce-17-mars-2023"]}]},{"@type":"ImageObject","inLanguage":"fr-FR","@id":"https:\/\/www.africa-press.net\/cameroun\/politique\/sommet-de-la-cemac-ali-bongo-attendu-au-cameroun-ce-17-mars-2023#primaryimage","url":"https:\/\/static.africa-press.net\/cameroun\/sites\/57\/2023\/03\/postQueueImg_1678982999.98.jpg","contentUrl":"https:\/\/static.africa-press.net\/cameroun\/sites\/57\/2023\/03\/postQueueImg_1678982999.98.jpg","width":770,"height":440,"caption":"Sommet de la CEMAC : Ali Bongo attendu au Cameroun \u00a0ce 17 mars 2023"},{"@type":"BreadcrumbList","@id":"https:\/\/www.africa-press.net\/cameroun\/politique\/sommet-de-la-cemac-ali-bongo-attendu-au-cameroun-ce-17-mars-2023#breadcrumb","itemListElement":[{"@type":"ListItem","position":1,"name":"Accueil","item":"https:\/\/www.africa-press.net\/cameroun\/"},{"@type":"ListItem","position":2,"name":"Sommet de la CEMAC : Ali Bongo attendu au Cameroun \u00a0ce 17 mars 2023"}]},{"@type":"WebSite","@id":"https:\/\/www.africa-press.net\/cameroun\/#website","url":"https:\/\/www.africa-press.net\/cameroun\/","name":"Cameroun","description":"Just another Africa News Agency Sites site","potentialAction":[{"@type":"SearchAction","target":{"@type":"EntryPoint","urlTemplate":"https:\/\/www.africa-press.net\/cameroun\/?s={search_term_string}"},"query-input":{"@type":"PropertyValueSpecification","valueRequired":true,"valueName":"search_term_string"}}],"inLanguage":"fr-FR"},{"@type":"Person","@id":"https:\/\/www.africa-press.net\/cameroun\/#\/schema\/person\/2b1cf3cd81a31e3cd26889ca66d677f1","name":"cfeditorfr"}]}},"_links":{"self":[{"href":"https:\/\/www.africa-press.net\/cameroun\/wp-json\/wp\/v2\/posts\/39573","targetHints":{"allow":["GET"]}}],"collection":[{"href":"https:\/\/www.africa-press.net\/cameroun\/wp-json\/wp\/v2\/posts"}],"about":[{"href":"https:\/\/www.africa-press.net\/cameroun\/wp-json\/wp\/v2\/types\/post"}],"author":[{"embeddable":true,"href":"https:\/\/www.africa-press.net\/cameroun\/wp-json\/wp\/v2\/users\/82"}],"replies":[{"embeddable":true,"href":"https:\/\/www.africa-press.net\/cameroun\/wp-json\/wp\/v2\/comments?post=39573"}],"version-history":[{"count":0,"href":"https:\/\/www.africa-press.net\/cameroun\/wp-json\/wp\/v2\/posts\/39573\/revisions"}],"wp:featuredmedia":[{"embeddable":true,"href":"https:\/\/www.africa-press.net\/cameroun\/wp-json\/wp\/v2\/media\/39572"}],"wp:attachment":[{"href":"https:\/\/www.africa-press.net\/cameroun\/wp-json\/wp\/v2\/media?parent=39573"}],"wp:term":[{"taxonomy":"category","embeddable":true,"href":"https:\/\/www.africa-press.net\/cameroun\/wp-json\/wp\/v2\/categories?post=39573"},{"taxonomy":"post_tag","embeddable":true,"href":"https:\/\/www.africa-press.net\/cameroun\/wp-json\/wp\/v2\/tags?post=39573"}],"curies":[{"name":"wp","href":"https:\/\/api.w.org\/{rel}","templated":true}]}}