{"id":39602,"date":"2023-03-17T12:28:17","date_gmt":"2023-03-17T12:28:17","guid":{"rendered":"https:\/\/www.africa-press.net\/cameroun\/politique\/bafoussam-1-er-la-pose-de-la-premiere-pierre-de-lhotel-de-ville-est-effective"},"modified":"2023-03-17T12:41:49","modified_gmt":"2023-03-17T12:41:49","slug":"bafoussam-1-er-la-pose-de-la-premiere-pierre-de-lhotel-de-ville-est-effective","status":"publish","type":"post","link":"https:\/\/www.africa-press.net\/cameroun\/toutes-les-actualites\/bafoussam-1-er-la-pose-de-la-premiere-pierre-de-lhotel-de-ville-est-effective","title":{"rendered":"Bafoussam 1 er : La pose de la premi\u00e8re pierre de l&rsquo;H\u00f4tel de ville est effective"},"content":{"rendered":"<p><span style=\"color: #ff6600\"><strong>Africa-Press &#8211; Cameroun. <\/strong><\/span>La ce\u0301re\u0301monie y relative s&rsquo;est de\u0301roule\u0301e en face de l&rsquo;e\u0301cole publique de cette localite\u0301 dans le de\u0301partement de la Mifi a\u0300 l&rsquo;Ouest Cameroun. C&rsquo;e\u0301tait avec l&rsquo;onction de Sa Majeste\u0301 Njitack Ngompe Pele\u0301, Roi des Fussep.<\/p>\n<p>L&rsquo;Ho\u0302tel de ville de la Commune d&rsquo;arrondissement de Bafoussam 1er qui sortira des terres de Ndiengso 2 sur une superficie de 355 me\u0300tres carre\u0301s va s&rsquo;e\u0301tablir dans un de\u0301lai d&rsquo;exe\u0301cution de 12 mois calendaires. Le Directeur Ge\u0301ne\u0301ral de l&rsquo;entreprise contractante, Mbakop Charlie des E\u0301tablissements Charlie Bet et Btp a pre\u0301cise\u0301 a\u0300 l&rsquo;assistance que cet ouvrage sera en perspective le plus grand sur le plan communal dans la re\u0301gion de l&rsquo;Ouest Cameroun. Finance\u0301 par le Fonds Spe\u0301cial d&rsquo;Equipement et d&rsquo;Intervention Intercommunal (Feicom), les travaux auront pour Mai\u0302tre d&rsquo;ouvrage le Maire Ngnang Cyrille de la Commune d&rsquo;arrondissement de Bafoussam 1er, par ailleurs Chef de service du marche\u0301. Pour le patron de l&rsquo;exe\u0301cutif municipal, voici un re\u0302ve devenu re\u0301alite\u0301. Un chantier qui n&rsquo;est pas le seul projet depuis le retour aux affaires en fe\u0301vrier 2020.<\/p>\n<p>Les composantes de cette \u0153uvre futuriste ont e\u0301te\u0301 pre\u0301sente\u0301es par le Chef service technique de la Mairie de Bafoussam 1er. La premie\u0300re phase pour la construction du ba\u0302timent principal d&rsquo;un montant de 847 Millions 152 Fcfa sur les 3 555 me\u0300tres carre\u0301s en R+3 sera livre\u0301e au bout d&rsquo;un an. Les trois autres phases vont inte\u0301grer deux ba\u0302timents annexes. Ceux-ci abriteront un restaurant, une salle des fe\u0302tes, les autres bureaux, le sous-sol, une galerie commerciale de sept boutiques, une salle multime\u0301dia et un parking. L&rsquo;Ho\u0302tel de ville de la Commune d&rsquo;arrondissement de Bafoussam 1er avec pour Mai\u0302tre d&rsquo;\u0153uvre le Cabinet des Inge\u0301nieurs Associe\u0301s apre\u0300s la pose de la premie\u0300re pierre aura pour observateur le Ministe\u0300re des marche\u0301s publics et Inge\u0301nieur du marche\u0301 le De\u0301le\u0301gue\u0301 De\u0301partemental des travaux publics de la Mifi.<\/p>\n<p>Ces travaux de construction s&rsquo;appuient sur les dispositions des avenants 1 et 2 au marche\u0301 N\u00b002\/M\/Cab.Baf 1er\/Feicom\/Cipm\/2016 du 19 juillet 2016 passe\u0301 apre\u0300s appel national ouvert en proce\u0301dure d&rsquo;urgence N\u00b006\/Aono\/Cipm\/Cab.Baf 1er\/Maire\/2015 du 09 octobre 2015. La ce\u0301re\u0301monie s&rsquo;est acheve\u0301e par le rituel de conse\u0301cration des lieux sous la conduite du Roi des Fussep, Sa Majeste\u0301 Njitack Ngompe Pele\u0301 ; en pre\u0301sence du repre\u0301sentant du Pre\u0301fet Koulbout Aman David, son Deuxie\u0300me Adjoint Alain Martin Essoh Ntindi, du Premier Adjoint Mouafo aupre\u0300s du Maire de la ville de Bafoussam, de la De\u0301le\u0301gue\u0301e De\u0301partementale de la de\u0301centralisation et du de\u0301veloppement local de la Mifi et bien d&rsquo;autres personnalite\u0301s d&rsquo;ici et d&rsquo;ailleurs.<\/p>\n<p><strong>Pour plus d&rsquo;informations et d&rsquo;analyses sur la <a href=\"https:\/\/www.africa-press.net\/cameroun\">Cameroun<\/a>, suivez <a href=\"https:\/\/www.africa-press.net\/\">Africa-Press<\/a><\/strong><\/p>\n","protected":false},"excerpt":{"rendered":"<p>Africa-Press &#8211; Cameroun. La ce\u0301re\u0301monie y relative s&rsquo;est de\u0301roule\u0301e en face de l&rsquo;e\u0301cole publique de cette localite\u0301 dans le de\u0301partement de la Mifi a\u0300 l&rsquo;Ouest Cameroun. C&rsquo;e\u0301tait avec l&rsquo;onction de Sa Majeste\u0301 Njitack Ngompe Pele\u0301, Roi des Fussep. L&rsquo;Ho\u0302tel de ville de la Commune d&rsquo;arrondissement de Bafoussam 1er qui sortira des terres de Ndiengso 2 [&hellip;]<\/p>\n","protected":false},"author":82,"featured_media":39599,"comment_status":"open","ping_status":"closed","sticky":false,"template":"","format":"standard","meta":{"footnotes":""},"categories":[21,10],"tags":[36,50,49],"class_list":["post-39602","post","type-post","status-publish","format-standard","has-post-thumbnail","hentry","category-communaute","category-toutes-les-actualites","tag-africa-press","tag-africa-press-cameroun","tag-cameroun"],"yoast_head":"<!-- This site is optimized with the Yoast SEO Premium plugin v26.1 (Yoast SEO v27.0) - https:\/\/yoast.com\/product\/yoast-seo-premium-wordpress\/ -->\n<title>Bafoussam 1 er : La pose de la premi\u00e8re pierre de l&#039;H\u00f4tel de ville est effective - Cameroun<\/title>\n<meta name=\"description\" content=\"La ce\u0301re\u0301monie y relative s&#039;est de\u0301roule\u0301e en face de l&#039;e\u0301cole publique de cette localite\u0301 dans le de\u0301partement de la Mi ...\" \/>\n<meta name=\"robots\" content=\"index, follow, max-snippet:-1, max-image-preview:large, max-video-preview:-1\" \/>\n<link rel=\"canonical\" href=\"https:\/\/www.africa-press.net\/cameroun\/toutes-les-actualites\/bafoussam-1-er-la-pose-de-la-premiere-pierre-de-lhotel-de-ville-est-effective\" \/>\n<meta property=\"og:locale\" content=\"fr_FR\" \/>\n<meta property=\"og:type\" content=\"article\" \/>\n<meta property=\"og:title\" content=\"Bafoussam 1 er : La pose de la premi\u00e8re pierre de l&#039;H\u00f4tel de ville est effective\" \/>\n<meta property=\"og:description\" content=\"La ce\u0301re\u0301monie y relative s&#039;est de\u0301roule\u0301e en face de l&#039;e\u0301cole publique de cette localite\u0301 dans le de\u0301partement de la Mi ...\" \/>\n<meta property=\"og:url\" content=\"https:\/\/www.africa-press.net\/cameroun\/toutes-les-actualites\/bafoussam-1-er-la-pose-de-la-premiere-pierre-de-lhotel-de-ville-est-effective\" \/>\n<meta property=\"og:site_name\" content=\"Cameroun\" \/>\n<meta property=\"article:published_time\" content=\"2023-03-17T12:28:17+00:00\" \/>\n<meta property=\"article:modified_time\" content=\"2023-03-17T12:41:49+00:00\" \/>\n<meta property=\"og:image\" content=\"https:\/\/static.africa-press.net\/cameroun\/sites\/57\/2023\/03\/postQueueImg_1679043512.09.jpg\" \/>\n\t<meta property=\"og:image:width\" content=\"720\" \/>\n\t<meta property=\"og:image:height\" content=\"540\" \/>\n\t<meta property=\"og:image:type\" content=\"image\/jpeg\" \/>\n<meta name=\"author\" content=\"cfeditorfr\" \/>\n<meta name=\"twitter:card\" content=\"summary_large_image\" \/>\n<meta name=\"twitter:label1\" content=\"\u00c9crit par\" \/>\n\t<meta name=\"twitter:data1\" content=\"cfeditorfr\" \/>\n\t<meta name=\"twitter:label2\" content=\"Dur\u00e9e de lecture estim\u00e9e\" \/>\n\t<meta name=\"twitter:data2\" content=\"2 minutes\" \/>\n<script type=\"application\/ld+json\" class=\"yoast-schema-graph\">{\"@context\":\"https:\/\/schema.org\",\"@graph\":[{\"@type\":\"Article\",\"@id\":\"https:\/\/www.africa-press.net\/cameroun\/toutes-les-actualites\/bafoussam-1-er-la-pose-de-la-premiere-pierre-de-lhotel-de-ville-est-effective#article\",\"isPartOf\":{\"@id\":\"https:\/\/www.africa-press.net\/cameroun\/toutes-les-actualites\/bafoussam-1-er-la-pose-de-la-premiere-pierre-de-lhotel-de-ville-est-effective\"},\"author\":{\"name\":\"cfeditorfr\",\"@id\":\"https:\/\/www.africa-press.net\/cameroun\/#\/schema\/person\/2b1cf3cd81a31e3cd26889ca66d677f1\"},\"headline\":\"Bafoussam 1 er : La pose de la premi\u00e8re pierre de l&rsquo;H\u00f4tel de ville est effective\",\"datePublished\":\"2023-03-17T12:28:17+00:00\",\"dateModified\":\"2023-03-17T12:41:49+00:00\",\"mainEntityOfPage\":{\"@id\":\"https:\/\/www.africa-press.net\/cameroun\/toutes-les-actualites\/bafoussam-1-er-la-pose-de-la-premiere-pierre-de-lhotel-de-ville-est-effective\"},\"wordCount\":528,\"commentCount\":0,\"image\":{\"@id\":\"https:\/\/www.africa-press.net\/cameroun\/toutes-les-actualites\/bafoussam-1-er-la-pose-de-la-premiere-pierre-de-lhotel-de-ville-est-effective#primaryimage\"},\"thumbnailUrl\":\"https:\/\/static.africa-press.net\/cameroun\/sites\/57\/2023\/03\/postQueueImg_1679043512.09.jpg\",\"keywords\":[\"Africa Press\",\"Africa Press-Cameroun\",\"Cameroun\"],\"articleSection\":[\"Communaut\u00e9\",\"Toutes les actualit\u00e9s\"],\"inLanguage\":\"fr-FR\",\"potentialAction\":[{\"@type\":\"CommentAction\",\"name\":\"Comment\",\"target\":[\"https:\/\/www.africa-press.net\/cameroun\/toutes-les-actualites\/bafoussam-1-er-la-pose-de-la-premiere-pierre-de-lhotel-de-ville-est-effective#respond\"]}]},{\"@type\":\"WebPage\",\"@id\":\"https:\/\/www.africa-press.net\/cameroun\/toutes-les-actualites\/bafoussam-1-er-la-pose-de-la-premiere-pierre-de-lhotel-de-ville-est-effective\",\"url\":\"https:\/\/www.africa-press.net\/cameroun\/toutes-les-actualites\/bafoussam-1-er-la-pose-de-la-premiere-pierre-de-lhotel-de-ville-est-effective\",\"name\":\"Bafoussam 1 er : La pose de la premi\u00e8re pierre de l'H\u00f4tel de ville est effective - Cameroun\",\"isPartOf\":{\"@id\":\"https:\/\/www.africa-press.net\/cameroun\/#website\"},\"primaryImageOfPage\":{\"@id\":\"https:\/\/www.africa-press.net\/cameroun\/toutes-les-actualites\/bafoussam-1-er-la-pose-de-la-premiere-pierre-de-lhotel-de-ville-est-effective#primaryimage\"},\"image\":{\"@id\":\"https:\/\/www.africa-press.net\/cameroun\/toutes-les-actualites\/bafoussam-1-er-la-pose-de-la-premiere-pierre-de-lhotel-de-ville-est-effective#primaryimage\"},\"thumbnailUrl\":\"https:\/\/static.africa-press.net\/cameroun\/sites\/57\/2023\/03\/postQueueImg_1679043512.09.jpg\",\"datePublished\":\"2023-03-17T12:28:17+00:00\",\"dateModified\":\"2023-03-17T12:41:49+00:00\",\"author\":{\"@id\":\"https:\/\/www.africa-press.net\/cameroun\/#\/schema\/person\/2b1cf3cd81a31e3cd26889ca66d677f1\"},\"description\":\"La ce\u0301re\u0301monie y relative s'est de\u0301roule\u0301e en face de l'e\u0301cole publique de cette localite\u0301 dans le de\u0301partement de la Mi ...\",\"breadcrumb\":{\"@id\":\"https:\/\/www.africa-press.net\/cameroun\/toutes-les-actualites\/bafoussam-1-er-la-pose-de-la-premiere-pierre-de-lhotel-de-ville-est-effective#breadcrumb\"},\"inLanguage\":\"fr-FR\",\"potentialAction\":[{\"@type\":\"ReadAction\",\"target\":[\"https:\/\/www.africa-press.net\/cameroun\/toutes-les-actualites\/bafoussam-1-er-la-pose-de-la-premiere-pierre-de-lhotel-de-ville-est-effective\"]}]},{\"@type\":\"ImageObject\",\"inLanguage\":\"fr-FR\",\"@id\":\"https:\/\/www.africa-press.net\/cameroun\/toutes-les-actualites\/bafoussam-1-er-la-pose-de-la-premiere-pierre-de-lhotel-de-ville-est-effective#primaryimage\",\"url\":\"https:\/\/static.africa-press.net\/cameroun\/sites\/57\/2023\/03\/postQueueImg_1679043512.09.jpg\",\"contentUrl\":\"https:\/\/static.africa-press.net\/cameroun\/sites\/57\/2023\/03\/postQueueImg_1679043512.09.jpg\",\"width\":720,\"height\":540,\"caption\":\"Bafoussam 1 er : La pose de la premi\u00e8re pierre de l'H\u00f4tel de ville est effective\"},{\"@type\":\"BreadcrumbList\",\"@id\":\"https:\/\/www.africa-press.net\/cameroun\/toutes-les-actualites\/bafoussam-1-er-la-pose-de-la-premiere-pierre-de-lhotel-de-ville-est-effective#breadcrumb\",\"itemListElement\":[{\"@type\":\"ListItem\",\"position\":1,\"name\":\"Accueil\",\"item\":\"https:\/\/www.africa-press.net\/cameroun\/\"},{\"@type\":\"ListItem\",\"position\":2,\"name\":\"Bafoussam 1 er : La pose de la premi\u00e8re pierre de l&rsquo;H\u00f4tel de ville est effective\"}]},{\"@type\":\"WebSite\",\"@id\":\"https:\/\/www.africa-press.net\/cameroun\/#website\",\"url\":\"https:\/\/www.africa-press.net\/cameroun\/\",\"name\":\"Cameroun\",\"description\":\"Just another Africa News Agency Sites site\",\"potentialAction\":[{\"@type\":\"SearchAction\",\"target\":{\"@type\":\"EntryPoint\",\"urlTemplate\":\"https:\/\/www.africa-press.net\/cameroun\/?s={search_term_string}\"},\"query-input\":{\"@type\":\"PropertyValueSpecification\",\"valueRequired\":true,\"valueName\":\"search_term_string\"}}],\"inLanguage\":\"fr-FR\"},{\"@type\":\"Person\",\"@id\":\"https:\/\/www.africa-press.net\/cameroun\/#\/schema\/person\/2b1cf3cd81a31e3cd26889ca66d677f1\",\"name\":\"cfeditorfr\"}]}<\/script>\n<!-- \/ Yoast SEO Premium plugin. -->","yoast_head_json":{"title":"Bafoussam 1 er : La pose de la premi\u00e8re pierre de l'H\u00f4tel de ville est effective - Cameroun","description":"La ce\u0301re\u0301monie y relative s'est de\u0301roule\u0301e en face de l'e\u0301cole publique de cette localite\u0301 dans le de\u0301partement de la Mi ...","robots":{"index":"index","follow":"follow","max-snippet":"max-snippet:-1","max-image-preview":"max-image-preview:large","max-video-preview":"max-video-preview:-1"},"canonical":"https:\/\/www.africa-press.net\/cameroun\/toutes-les-actualites\/bafoussam-1-er-la-pose-de-la-premiere-pierre-de-lhotel-de-ville-est-effective","og_locale":"fr_FR","og_type":"article","og_title":"Bafoussam 1 er : La pose de la premi\u00e8re pierre de l'H\u00f4tel de ville est effective","og_description":"La ce\u0301re\u0301monie y relative s'est de\u0301roule\u0301e en face de l'e\u0301cole publique de cette localite\u0301 dans le de\u0301partement de la Mi ...","og_url":"https:\/\/www.africa-press.net\/cameroun\/toutes-les-actualites\/bafoussam-1-er-la-pose-de-la-premiere-pierre-de-lhotel-de-ville-est-effective","og_site_name":"Cameroun","article_published_time":"2023-03-17T12:28:17+00:00","article_modified_time":"2023-03-17T12:41:49+00:00","og_image":[{"width":720,"height":540,"url":"https:\/\/static.africa-press.net\/cameroun\/sites\/57\/2023\/03\/postQueueImg_1679043512.09.jpg","type":"image\/jpeg"}],"author":"cfeditorfr","twitter_card":"summary_large_image","twitter_misc":{"\u00c9crit par":"cfeditorfr","Dur\u00e9e de lecture estim\u00e9e":"2 minutes"},"schema":{"@context":"https:\/\/schema.org","@graph":[{"@type":"Article","@id":"https:\/\/www.africa-press.net\/cameroun\/toutes-les-actualites\/bafoussam-1-er-la-pose-de-la-premiere-pierre-de-lhotel-de-ville-est-effective#article","isPartOf":{"@id":"https:\/\/www.africa-press.net\/cameroun\/toutes-les-actualites\/bafoussam-1-er-la-pose-de-la-premiere-pierre-de-lhotel-de-ville-est-effective"},"author":{"name":"cfeditorfr","@id":"https:\/\/www.africa-press.net\/cameroun\/#\/schema\/person\/2b1cf3cd81a31e3cd26889ca66d677f1"},"headline":"Bafoussam 1 er : La pose de la premi\u00e8re pierre de l&rsquo;H\u00f4tel de ville est effective","datePublished":"2023-03-17T12:28:17+00:00","dateModified":"2023-03-17T12:41:49+00:00","mainEntityOfPage":{"@id":"https:\/\/www.africa-press.net\/cameroun\/toutes-les-actualites\/bafoussam-1-er-la-pose-de-la-premiere-pierre-de-lhotel-de-ville-est-effective"},"wordCount":528,"commentCount":0,"image":{"@id":"https:\/\/www.africa-press.net\/cameroun\/toutes-les-actualites\/bafoussam-1-er-la-pose-de-la-premiere-pierre-de-lhotel-de-ville-est-effective#primaryimage"},"thumbnailUrl":"https:\/\/static.africa-press.net\/cameroun\/sites\/57\/2023\/03\/postQueueImg_1679043512.09.jpg","keywords":["Africa Press","Africa Press-Cameroun","Cameroun"],"articleSection":["Communaut\u00e9","Toutes les actualit\u00e9s"],"inLanguage":"fr-FR","potentialAction":[{"@type":"CommentAction","name":"Comment","target":["https:\/\/www.africa-press.net\/cameroun\/toutes-les-actualites\/bafoussam-1-er-la-pose-de-la-premiere-pierre-de-lhotel-de-ville-est-effective#respond"]}]},{"@type":"WebPage","@id":"https:\/\/www.africa-press.net\/cameroun\/toutes-les-actualites\/bafoussam-1-er-la-pose-de-la-premiere-pierre-de-lhotel-de-ville-est-effective","url":"https:\/\/www.africa-press.net\/cameroun\/toutes-les-actualites\/bafoussam-1-er-la-pose-de-la-premiere-pierre-de-lhotel-de-ville-est-effective","name":"Bafoussam 1 er : La pose de la premi\u00e8re pierre de l'H\u00f4tel de ville est effective - Cameroun","isPartOf":{"@id":"https:\/\/www.africa-press.net\/cameroun\/#website"},"primaryImageOfPage":{"@id":"https:\/\/www.africa-press.net\/cameroun\/toutes-les-actualites\/bafoussam-1-er-la-pose-de-la-premiere-pierre-de-lhotel-de-ville-est-effective#primaryimage"},"image":{"@id":"https:\/\/www.africa-press.net\/cameroun\/toutes-les-actualites\/bafoussam-1-er-la-pose-de-la-premiere-pierre-de-lhotel-de-ville-est-effective#primaryimage"},"thumbnailUrl":"https:\/\/static.africa-press.net\/cameroun\/sites\/57\/2023\/03\/postQueueImg_1679043512.09.jpg","datePublished":"2023-03-17T12:28:17+00:00","dateModified":"2023-03-17T12:41:49+00:00","author":{"@id":"https:\/\/www.africa-press.net\/cameroun\/#\/schema\/person\/2b1cf3cd81a31e3cd26889ca66d677f1"},"description":"La ce\u0301re\u0301monie y relative s'est de\u0301roule\u0301e en face de l'e\u0301cole publique de cette localite\u0301 dans le de\u0301partement de la Mi ...","breadcrumb":{"@id":"https:\/\/www.africa-press.net\/cameroun\/toutes-les-actualites\/bafoussam-1-er-la-pose-de-la-premiere-pierre-de-lhotel-de-ville-est-effective#breadcrumb"},"inLanguage":"fr-FR","potentialAction":[{"@type":"ReadAction","target":["https:\/\/www.africa-press.net\/cameroun\/toutes-les-actualites\/bafoussam-1-er-la-pose-de-la-premiere-pierre-de-lhotel-de-ville-est-effective"]}]},{"@type":"ImageObject","inLanguage":"fr-FR","@id":"https:\/\/www.africa-press.net\/cameroun\/toutes-les-actualites\/bafoussam-1-er-la-pose-de-la-premiere-pierre-de-lhotel-de-ville-est-effective#primaryimage","url":"https:\/\/static.africa-press.net\/cameroun\/sites\/57\/2023\/03\/postQueueImg_1679043512.09.jpg","contentUrl":"https:\/\/static.africa-press.net\/cameroun\/sites\/57\/2023\/03\/postQueueImg_1679043512.09.jpg","width":720,"height":540,"caption":"Bafoussam 1 er : La pose de la premi\u00e8re pierre de l'H\u00f4tel de ville est effective"},{"@type":"BreadcrumbList","@id":"https:\/\/www.africa-press.net\/cameroun\/toutes-les-actualites\/bafoussam-1-er-la-pose-de-la-premiere-pierre-de-lhotel-de-ville-est-effective#breadcrumb","itemListElement":[{"@type":"ListItem","position":1,"name":"Accueil","item":"https:\/\/www.africa-press.net\/cameroun\/"},{"@type":"ListItem","position":2,"name":"Bafoussam 1 er : La pose de la premi\u00e8re pierre de l&rsquo;H\u00f4tel de ville est effective"}]},{"@type":"WebSite","@id":"https:\/\/www.africa-press.net\/cameroun\/#website","url":"https:\/\/www.africa-press.net\/cameroun\/","name":"Cameroun","description":"Just another Africa News Agency Sites site","potentialAction":[{"@type":"SearchAction","target":{"@type":"EntryPoint","urlTemplate":"https:\/\/www.africa-press.net\/cameroun\/?s={search_term_string}"},"query-input":{"@type":"PropertyValueSpecification","valueRequired":true,"valueName":"search_term_string"}}],"inLanguage":"fr-FR"},{"@type":"Person","@id":"https:\/\/www.africa-press.net\/cameroun\/#\/schema\/person\/2b1cf3cd81a31e3cd26889ca66d677f1","name":"cfeditorfr"}]}},"_links":{"self":[{"href":"https:\/\/www.africa-press.net\/cameroun\/wp-json\/wp\/v2\/posts\/39602","targetHints":{"allow":["GET"]}}],"collection":[{"href":"https:\/\/www.africa-press.net\/cameroun\/wp-json\/wp\/v2\/posts"}],"about":[{"href":"https:\/\/www.africa-press.net\/cameroun\/wp-json\/wp\/v2\/types\/post"}],"author":[{"embeddable":true,"href":"https:\/\/www.africa-press.net\/cameroun\/wp-json\/wp\/v2\/users\/82"}],"replies":[{"embeddable":true,"href":"https:\/\/www.africa-press.net\/cameroun\/wp-json\/wp\/v2\/comments?post=39602"}],"version-history":[{"count":0,"href":"https:\/\/www.africa-press.net\/cameroun\/wp-json\/wp\/v2\/posts\/39602\/revisions"}],"wp:featuredmedia":[{"embeddable":true,"href":"https:\/\/www.africa-press.net\/cameroun\/wp-json\/wp\/v2\/media\/39599"}],"wp:attachment":[{"href":"https:\/\/www.africa-press.net\/cameroun\/wp-json\/wp\/v2\/media?parent=39602"}],"wp:term":[{"taxonomy":"category","embeddable":true,"href":"https:\/\/www.africa-press.net\/cameroun\/wp-json\/wp\/v2\/categories?post=39602"},{"taxonomy":"post_tag","embeddable":true,"href":"https:\/\/www.africa-press.net\/cameroun\/wp-json\/wp\/v2\/tags?post=39602"}],"curies":[{"name":"wp","href":"https:\/\/api.w.org\/{rel}","templated":true}]}}