{"id":39606,"date":"2023-03-17T12:30:55","date_gmt":"2023-03-17T12:30:55","guid":{"rendered":"https:\/\/www.africa-press.net\/cameroun\/politique\/cameroun-le-depute-jean-bernard-ndongo-essomba-est-mort"},"modified":"2023-03-17T12:42:23","modified_gmt":"2023-03-17T12:42:23","slug":"cameroun-le-depute-jean-bernard-ndongo-essomba-est-mort","status":"publish","type":"post","link":"https:\/\/www.africa-press.net\/cameroun\/politique\/cameroun-le-depute-jean-bernard-ndongo-essomba-est-mort","title":{"rendered":"Cameroun : le d\u00e9put\u00e9 Jean Bernard Ndongo Essomba est mort"},"content":{"rendered":"<p><span style=\"color: #ff6600\"><strong>Africa-Press &#8211; Cameroun. <\/strong><\/span>Le pre\u0301sident du Groupe parlementaire Rdpc a tire\u0301 sa re\u0301ve\u0301rence ce vendredi 17 mars 2023, a\u0300 l\u2019ho\u0302pital ge\u0301ne\u0301ral de Yaounde\u0301, des suites de maladie.<\/p>\n<p>Le <b>groupe parlementaire du Rdpc<\/b> a\u0300 l\u2019<b>Assemble\u0301e nationale<\/b> est orphelin. Son pre\u0301sident, <b>Jean Bernard Ndongo Essomba<\/b>, de\u0301pute\u0301 originaire de la Le\u0301kie\u0301, est de\u0301ce\u0301de\u0301 ce vendredi alors que le Parlement est re\u0301uni en session ordinaire depuis le 03 mars dernier. A la te\u0302te de ce Groupe parlementaire depuis 1992, le de\u0301pute\u0301 a pris une pause en 1997 apre\u0300s sa de\u0301faite lors des e\u0301lections internes au Rdpc dans sa circonscription d\u2019origine. Il est re\u0301e\u0301lu de\u0301pute\u0301 en 2002 et de\u0301signe\u0301 de nouveau a\u0300 la te\u0302te du Groupe parlementaire Rdpc. Ce fut aussi le cas lors des le\u0301gislatives de juillet 2007, de septembre 2013 et de fe\u0301vrier 2020. Un poste qu\u2019il occupe jusqu\u2019a\u0300 son de\u0301ce\u0300s.<\/p>\n<p>Avant de quitter de\u0301finitivement la sce\u0300ne, l\u2019homme politique aura servi l\u2019Union nationale camerounaise (Unc), le Rdpc et le Parlement pendant plusieurs de\u0301cennies. En effet, en mai 1984, le pre\u0301sident Paul Biya, agissant en qualite\u0301 de pre\u0301sident de <b>l\u2019Unc<\/b>, le nomme au Comite\u0301 central dudit parti alors qu\u2019il est connu comme e\u0301tant un homme d\u2019affaires.<\/p>\n<p>En mars 1985, lorsque l\u2019Unc laisse la place au Rdpc, Jean Bernard Ndongo Essomba est maintenu avec 64 autres personnalite\u0301s, comme membre titulaire au Comite\u0301 central du nouveau parti. En 1987, il est te\u0302te de liste a\u0300 la commune rurale de Sa\u2019a, un e\u0301lan politique qui le conduit a\u0300 l\u2019Assemble\u0301e nationale a\u0300 la suite des e\u0301lections du mars 1992.<\/p>\n<p>Homme d\u2019affaires, Jean Bernard Ndongo Essomba e\u0301tait jusqu\u2019a\u0300 une date re\u0301cente classe\u0301 parmi les trois plus grands et plus anciens <b>ne\u0301gociants de cacao au Cameroun<\/b>. Selon les informations, il contro\u0302lait les un quart des <b>exportations de cacao au Cameroun<\/b>. C\u2019est dans le ne\u0301goce des fe\u0300ves de cacao qu\u2019il a ba\u0302ti son immense fortune. Mais, en 2021, les e\u0301tablissements Ndongo Essomba ont ce\u0301de\u0301 leurs actifs a\u0300 la socie\u0301te\u0301 Teclar Cocoa de la firme ame\u0301ricaine Cargill au Cameroun.<\/p>\n<p>En sa qualite\u0301 d\u2019ope\u0301rateur e\u0301conomique, il a apporte\u0301 sa contribution a\u0300 la Chambre de commerce, de l\u2019Industrie et des mines. Il y a officie\u0301 comme troisie\u0300me vice-pre\u0301sident jusqu\u2019en 1984. Outre le ne\u0301goce, l\u2019homme d\u2019affaires disposait de nombreuses entreprises de fourniture de services.<\/p>\n<p><strong>Pour plus d&rsquo;informations et d&rsquo;analyses sur la <a href=\"https:\/\/www.africa-press.net\/cameroun\">Cameroun<\/a>, suivez <a href=\"https:\/\/www.africa-press.net\/\">Africa-Press<\/a><\/strong><\/p>\n","protected":false},"excerpt":{"rendered":"<p>Africa-Press &#8211; Cameroun. Le pre\u0301sident du Groupe parlementaire Rdpc a tire\u0301 sa re\u0301ve\u0301rence ce vendredi 17 mars 2023, a\u0300 l\u2019ho\u0302pital ge\u0301ne\u0301ral de Yaounde\u0301, des suites de maladie. Le groupe parlementaire du Rdpc a\u0300 l\u2019Assemble\u0301e nationale est orphelin. Son pre\u0301sident, Jean Bernard Ndongo Essomba, de\u0301pute\u0301 originaire de la Le\u0301kie\u0301, est de\u0301ce\u0301de\u0301 ce vendredi alors que le [&hellip;]<\/p>\n","protected":false},"author":82,"featured_media":39603,"comment_status":"open","ping_status":"closed","sticky":false,"template":"","format":"standard","meta":{"footnotes":""},"categories":[2,20,10],"tags":[36,50,49],"class_list":["post-39606","post","type-post","status-publish","format-standard","has-post-thumbnail","hentry","category-politique","category-top-nouvelles","category-toutes-les-actualites","tag-africa-press","tag-africa-press-cameroun","tag-cameroun"],"yoast_head":"<!-- This site is optimized with the Yoast SEO Premium plugin v26.1 (Yoast SEO v27.0) - https:\/\/yoast.com\/product\/yoast-seo-premium-wordpress\/ -->\n<title>Cameroun : le d\u00e9put\u00e9 Jean Bernard Ndongo Essomba est mort - Cameroun<\/title>\n<meta name=\"description\" content=\"Le pre\u0301sident du Groupe parlementaire Rdpc a tire\u0301 sa re\u0301ve\u0301rence ce vendredi 17 mars 2023, a\u0300 l\u2019ho\u0302pital ge\u0301ne\u0301ral de Y ...\" \/>\n<meta name=\"robots\" content=\"index, follow, max-snippet:-1, max-image-preview:large, max-video-preview:-1\" \/>\n<link rel=\"canonical\" href=\"https:\/\/www.africa-press.net\/cameroun\/politique\/cameroun-le-depute-jean-bernard-ndongo-essomba-est-mort\" \/>\n<meta property=\"og:locale\" content=\"fr_FR\" \/>\n<meta property=\"og:type\" content=\"article\" \/>\n<meta property=\"og:title\" content=\"Cameroun : le d\u00e9put\u00e9 Jean Bernard Ndongo Essomba est mort\" \/>\n<meta property=\"og:description\" content=\"Le pre\u0301sident du Groupe parlementaire Rdpc a tire\u0301 sa re\u0301ve\u0301rence ce vendredi 17 mars 2023, a\u0300 l\u2019ho\u0302pital ge\u0301ne\u0301ral de Y ...\" \/>\n<meta property=\"og:url\" content=\"https:\/\/www.africa-press.net\/cameroun\/politique\/cameroun-le-depute-jean-bernard-ndongo-essomba-est-mort\" \/>\n<meta property=\"og:site_name\" content=\"Cameroun\" \/>\n<meta property=\"article:published_time\" content=\"2023-03-17T12:30:55+00:00\" \/>\n<meta property=\"article:modified_time\" content=\"2023-03-17T12:42:23+00:00\" \/>\n<meta property=\"og:image\" content=\"https:\/\/static.africa-press.net\/cameroun\/sites\/57\/2023\/03\/postQueueImg_1679043659.42.jpg\" \/>\n\t<meta property=\"og:image:width\" content=\"720\" \/>\n\t<meta property=\"og:image:height\" content=\"430\" \/>\n\t<meta property=\"og:image:type\" content=\"image\/jpeg\" \/>\n<meta name=\"author\" content=\"cfeditorfr\" \/>\n<meta name=\"twitter:card\" content=\"summary_large_image\" \/>\n<meta name=\"twitter:label1\" content=\"\u00c9crit par\" \/>\n\t<meta name=\"twitter:data1\" content=\"cfeditorfr\" \/>\n\t<meta name=\"twitter:label2\" content=\"Dur\u00e9e de lecture estim\u00e9e\" \/>\n\t<meta name=\"twitter:data2\" content=\"2 minutes\" \/>\n<script type=\"application\/ld+json\" class=\"yoast-schema-graph\">{\"@context\":\"https:\/\/schema.org\",\"@graph\":[{\"@type\":\"Article\",\"@id\":\"https:\/\/www.africa-press.net\/cameroun\/politique\/cameroun-le-depute-jean-bernard-ndongo-essomba-est-mort#article\",\"isPartOf\":{\"@id\":\"https:\/\/www.africa-press.net\/cameroun\/politique\/cameroun-le-depute-jean-bernard-ndongo-essomba-est-mort\"},\"author\":{\"name\":\"cfeditorfr\",\"@id\":\"https:\/\/www.africa-press.net\/cameroun\/#\/schema\/person\/2b1cf3cd81a31e3cd26889ca66d677f1\"},\"headline\":\"Cameroun : le d\u00e9put\u00e9 Jean Bernard Ndongo Essomba est mort\",\"datePublished\":\"2023-03-17T12:30:55+00:00\",\"dateModified\":\"2023-03-17T12:42:23+00:00\",\"mainEntityOfPage\":{\"@id\":\"https:\/\/www.africa-press.net\/cameroun\/politique\/cameroun-le-depute-jean-bernard-ndongo-essomba-est-mort\"},\"wordCount\":451,\"commentCount\":0,\"image\":{\"@id\":\"https:\/\/www.africa-press.net\/cameroun\/politique\/cameroun-le-depute-jean-bernard-ndongo-essomba-est-mort#primaryimage\"},\"thumbnailUrl\":\"https:\/\/static.africa-press.net\/cameroun\/sites\/57\/2023\/03\/postQueueImg_1679043659.42.jpg\",\"keywords\":[\"Africa Press\",\"Africa Press-Cameroun\",\"Cameroun\"],\"articleSection\":[\"Politique\",\"Top Nouvelles\",\"Toutes les actualit\u00e9s\"],\"inLanguage\":\"fr-FR\",\"potentialAction\":[{\"@type\":\"CommentAction\",\"name\":\"Comment\",\"target\":[\"https:\/\/www.africa-press.net\/cameroun\/politique\/cameroun-le-depute-jean-bernard-ndongo-essomba-est-mort#respond\"]}]},{\"@type\":\"WebPage\",\"@id\":\"https:\/\/www.africa-press.net\/cameroun\/politique\/cameroun-le-depute-jean-bernard-ndongo-essomba-est-mort\",\"url\":\"https:\/\/www.africa-press.net\/cameroun\/politique\/cameroun-le-depute-jean-bernard-ndongo-essomba-est-mort\",\"name\":\"Cameroun : le d\u00e9put\u00e9 Jean Bernard Ndongo Essomba est mort - Cameroun\",\"isPartOf\":{\"@id\":\"https:\/\/www.africa-press.net\/cameroun\/#website\"},\"primaryImageOfPage\":{\"@id\":\"https:\/\/www.africa-press.net\/cameroun\/politique\/cameroun-le-depute-jean-bernard-ndongo-essomba-est-mort#primaryimage\"},\"image\":{\"@id\":\"https:\/\/www.africa-press.net\/cameroun\/politique\/cameroun-le-depute-jean-bernard-ndongo-essomba-est-mort#primaryimage\"},\"thumbnailUrl\":\"https:\/\/static.africa-press.net\/cameroun\/sites\/57\/2023\/03\/postQueueImg_1679043659.42.jpg\",\"datePublished\":\"2023-03-17T12:30:55+00:00\",\"dateModified\":\"2023-03-17T12:42:23+00:00\",\"author\":{\"@id\":\"https:\/\/www.africa-press.net\/cameroun\/#\/schema\/person\/2b1cf3cd81a31e3cd26889ca66d677f1\"},\"description\":\"Le pre\u0301sident du Groupe parlementaire Rdpc a tire\u0301 sa re\u0301ve\u0301rence ce vendredi 17 mars 2023, a\u0300 l\u2019ho\u0302pital ge\u0301ne\u0301ral de Y ...\",\"breadcrumb\":{\"@id\":\"https:\/\/www.africa-press.net\/cameroun\/politique\/cameroun-le-depute-jean-bernard-ndongo-essomba-est-mort#breadcrumb\"},\"inLanguage\":\"fr-FR\",\"potentialAction\":[{\"@type\":\"ReadAction\",\"target\":[\"https:\/\/www.africa-press.net\/cameroun\/politique\/cameroun-le-depute-jean-bernard-ndongo-essomba-est-mort\"]}]},{\"@type\":\"ImageObject\",\"inLanguage\":\"fr-FR\",\"@id\":\"https:\/\/www.africa-press.net\/cameroun\/politique\/cameroun-le-depute-jean-bernard-ndongo-essomba-est-mort#primaryimage\",\"url\":\"https:\/\/static.africa-press.net\/cameroun\/sites\/57\/2023\/03\/postQueueImg_1679043659.42.jpg\",\"contentUrl\":\"https:\/\/static.africa-press.net\/cameroun\/sites\/57\/2023\/03\/postQueueImg_1679043659.42.jpg\",\"width\":720,\"height\":430,\"caption\":\"Cameroun : le d\u00e9put\u00e9 Jean Bernard Ndongo Essomba est mort\"},{\"@type\":\"BreadcrumbList\",\"@id\":\"https:\/\/www.africa-press.net\/cameroun\/politique\/cameroun-le-depute-jean-bernard-ndongo-essomba-est-mort#breadcrumb\",\"itemListElement\":[{\"@type\":\"ListItem\",\"position\":1,\"name\":\"Accueil\",\"item\":\"https:\/\/www.africa-press.net\/cameroun\/\"},{\"@type\":\"ListItem\",\"position\":2,\"name\":\"Cameroun : le d\u00e9put\u00e9 Jean Bernard Ndongo Essomba est mort\"}]},{\"@type\":\"WebSite\",\"@id\":\"https:\/\/www.africa-press.net\/cameroun\/#website\",\"url\":\"https:\/\/www.africa-press.net\/cameroun\/\",\"name\":\"Cameroun\",\"description\":\"Just another Africa News Agency Sites site\",\"potentialAction\":[{\"@type\":\"SearchAction\",\"target\":{\"@type\":\"EntryPoint\",\"urlTemplate\":\"https:\/\/www.africa-press.net\/cameroun\/?s={search_term_string}\"},\"query-input\":{\"@type\":\"PropertyValueSpecification\",\"valueRequired\":true,\"valueName\":\"search_term_string\"}}],\"inLanguage\":\"fr-FR\"},{\"@type\":\"Person\",\"@id\":\"https:\/\/www.africa-press.net\/cameroun\/#\/schema\/person\/2b1cf3cd81a31e3cd26889ca66d677f1\",\"name\":\"cfeditorfr\"}]}<\/script>\n<!-- \/ Yoast SEO Premium plugin. -->","yoast_head_json":{"title":"Cameroun : le d\u00e9put\u00e9 Jean Bernard Ndongo Essomba est mort - Cameroun","description":"Le pre\u0301sident du Groupe parlementaire Rdpc a tire\u0301 sa re\u0301ve\u0301rence ce vendredi 17 mars 2023, a\u0300 l\u2019ho\u0302pital ge\u0301ne\u0301ral de Y ...","robots":{"index":"index","follow":"follow","max-snippet":"max-snippet:-1","max-image-preview":"max-image-preview:large","max-video-preview":"max-video-preview:-1"},"canonical":"https:\/\/www.africa-press.net\/cameroun\/politique\/cameroun-le-depute-jean-bernard-ndongo-essomba-est-mort","og_locale":"fr_FR","og_type":"article","og_title":"Cameroun : le d\u00e9put\u00e9 Jean Bernard Ndongo Essomba est mort","og_description":"Le pre\u0301sident du Groupe parlementaire Rdpc a tire\u0301 sa re\u0301ve\u0301rence ce vendredi 17 mars 2023, a\u0300 l\u2019ho\u0302pital ge\u0301ne\u0301ral de Y ...","og_url":"https:\/\/www.africa-press.net\/cameroun\/politique\/cameroun-le-depute-jean-bernard-ndongo-essomba-est-mort","og_site_name":"Cameroun","article_published_time":"2023-03-17T12:30:55+00:00","article_modified_time":"2023-03-17T12:42:23+00:00","og_image":[{"width":720,"height":430,"url":"https:\/\/static.africa-press.net\/cameroun\/sites\/57\/2023\/03\/postQueueImg_1679043659.42.jpg","type":"image\/jpeg"}],"author":"cfeditorfr","twitter_card":"summary_large_image","twitter_misc":{"\u00c9crit par":"cfeditorfr","Dur\u00e9e de lecture estim\u00e9e":"2 minutes"},"schema":{"@context":"https:\/\/schema.org","@graph":[{"@type":"Article","@id":"https:\/\/www.africa-press.net\/cameroun\/politique\/cameroun-le-depute-jean-bernard-ndongo-essomba-est-mort#article","isPartOf":{"@id":"https:\/\/www.africa-press.net\/cameroun\/politique\/cameroun-le-depute-jean-bernard-ndongo-essomba-est-mort"},"author":{"name":"cfeditorfr","@id":"https:\/\/www.africa-press.net\/cameroun\/#\/schema\/person\/2b1cf3cd81a31e3cd26889ca66d677f1"},"headline":"Cameroun : le d\u00e9put\u00e9 Jean Bernard Ndongo Essomba est mort","datePublished":"2023-03-17T12:30:55+00:00","dateModified":"2023-03-17T12:42:23+00:00","mainEntityOfPage":{"@id":"https:\/\/www.africa-press.net\/cameroun\/politique\/cameroun-le-depute-jean-bernard-ndongo-essomba-est-mort"},"wordCount":451,"commentCount":0,"image":{"@id":"https:\/\/www.africa-press.net\/cameroun\/politique\/cameroun-le-depute-jean-bernard-ndongo-essomba-est-mort#primaryimage"},"thumbnailUrl":"https:\/\/static.africa-press.net\/cameroun\/sites\/57\/2023\/03\/postQueueImg_1679043659.42.jpg","keywords":["Africa Press","Africa Press-Cameroun","Cameroun"],"articleSection":["Politique","Top Nouvelles","Toutes les actualit\u00e9s"],"inLanguage":"fr-FR","potentialAction":[{"@type":"CommentAction","name":"Comment","target":["https:\/\/www.africa-press.net\/cameroun\/politique\/cameroun-le-depute-jean-bernard-ndongo-essomba-est-mort#respond"]}]},{"@type":"WebPage","@id":"https:\/\/www.africa-press.net\/cameroun\/politique\/cameroun-le-depute-jean-bernard-ndongo-essomba-est-mort","url":"https:\/\/www.africa-press.net\/cameroun\/politique\/cameroun-le-depute-jean-bernard-ndongo-essomba-est-mort","name":"Cameroun : le d\u00e9put\u00e9 Jean Bernard Ndongo Essomba est mort - Cameroun","isPartOf":{"@id":"https:\/\/www.africa-press.net\/cameroun\/#website"},"primaryImageOfPage":{"@id":"https:\/\/www.africa-press.net\/cameroun\/politique\/cameroun-le-depute-jean-bernard-ndongo-essomba-est-mort#primaryimage"},"image":{"@id":"https:\/\/www.africa-press.net\/cameroun\/politique\/cameroun-le-depute-jean-bernard-ndongo-essomba-est-mort#primaryimage"},"thumbnailUrl":"https:\/\/static.africa-press.net\/cameroun\/sites\/57\/2023\/03\/postQueueImg_1679043659.42.jpg","datePublished":"2023-03-17T12:30:55+00:00","dateModified":"2023-03-17T12:42:23+00:00","author":{"@id":"https:\/\/www.africa-press.net\/cameroun\/#\/schema\/person\/2b1cf3cd81a31e3cd26889ca66d677f1"},"description":"Le pre\u0301sident du Groupe parlementaire Rdpc a tire\u0301 sa re\u0301ve\u0301rence ce vendredi 17 mars 2023, a\u0300 l\u2019ho\u0302pital ge\u0301ne\u0301ral de Y ...","breadcrumb":{"@id":"https:\/\/www.africa-press.net\/cameroun\/politique\/cameroun-le-depute-jean-bernard-ndongo-essomba-est-mort#breadcrumb"},"inLanguage":"fr-FR","potentialAction":[{"@type":"ReadAction","target":["https:\/\/www.africa-press.net\/cameroun\/politique\/cameroun-le-depute-jean-bernard-ndongo-essomba-est-mort"]}]},{"@type":"ImageObject","inLanguage":"fr-FR","@id":"https:\/\/www.africa-press.net\/cameroun\/politique\/cameroun-le-depute-jean-bernard-ndongo-essomba-est-mort#primaryimage","url":"https:\/\/static.africa-press.net\/cameroun\/sites\/57\/2023\/03\/postQueueImg_1679043659.42.jpg","contentUrl":"https:\/\/static.africa-press.net\/cameroun\/sites\/57\/2023\/03\/postQueueImg_1679043659.42.jpg","width":720,"height":430,"caption":"Cameroun : le d\u00e9put\u00e9 Jean Bernard Ndongo Essomba est mort"},{"@type":"BreadcrumbList","@id":"https:\/\/www.africa-press.net\/cameroun\/politique\/cameroun-le-depute-jean-bernard-ndongo-essomba-est-mort#breadcrumb","itemListElement":[{"@type":"ListItem","position":1,"name":"Accueil","item":"https:\/\/www.africa-press.net\/cameroun\/"},{"@type":"ListItem","position":2,"name":"Cameroun : le d\u00e9put\u00e9 Jean Bernard Ndongo Essomba est mort"}]},{"@type":"WebSite","@id":"https:\/\/www.africa-press.net\/cameroun\/#website","url":"https:\/\/www.africa-press.net\/cameroun\/","name":"Cameroun","description":"Just another Africa News Agency Sites site","potentialAction":[{"@type":"SearchAction","target":{"@type":"EntryPoint","urlTemplate":"https:\/\/www.africa-press.net\/cameroun\/?s={search_term_string}"},"query-input":{"@type":"PropertyValueSpecification","valueRequired":true,"valueName":"search_term_string"}}],"inLanguage":"fr-FR"},{"@type":"Person","@id":"https:\/\/www.africa-press.net\/cameroun\/#\/schema\/person\/2b1cf3cd81a31e3cd26889ca66d677f1","name":"cfeditorfr"}]}},"_links":{"self":[{"href":"https:\/\/www.africa-press.net\/cameroun\/wp-json\/wp\/v2\/posts\/39606","targetHints":{"allow":["GET"]}}],"collection":[{"href":"https:\/\/www.africa-press.net\/cameroun\/wp-json\/wp\/v2\/posts"}],"about":[{"href":"https:\/\/www.africa-press.net\/cameroun\/wp-json\/wp\/v2\/types\/post"}],"author":[{"embeddable":true,"href":"https:\/\/www.africa-press.net\/cameroun\/wp-json\/wp\/v2\/users\/82"}],"replies":[{"embeddable":true,"href":"https:\/\/www.africa-press.net\/cameroun\/wp-json\/wp\/v2\/comments?post=39606"}],"version-history":[{"count":0,"href":"https:\/\/www.africa-press.net\/cameroun\/wp-json\/wp\/v2\/posts\/39606\/revisions"}],"wp:featuredmedia":[{"embeddable":true,"href":"https:\/\/www.africa-press.net\/cameroun\/wp-json\/wp\/v2\/media\/39603"}],"wp:attachment":[{"href":"https:\/\/www.africa-press.net\/cameroun\/wp-json\/wp\/v2\/media?parent=39606"}],"wp:term":[{"taxonomy":"category","embeddable":true,"href":"https:\/\/www.africa-press.net\/cameroun\/wp-json\/wp\/v2\/categories?post=39606"},{"taxonomy":"post_tag","embeddable":true,"href":"https:\/\/www.africa-press.net\/cameroun\/wp-json\/wp\/v2\/tags?post=39606"}],"curies":[{"name":"wp","href":"https:\/\/api.w.org\/{rel}","templated":true}]}}