{"id":39607,"date":"2023-03-17T12:29:27","date_gmt":"2023-03-17T12:29:27","guid":{"rendered":"https:\/\/www.africa-press.net\/cameroun\/politique\/succession-et-guerre-des-clans-a-etoudi-de-nouvelles-revelations-font-craindre-le-pire"},"modified":"2023-03-17T12:42:18","modified_gmt":"2023-03-17T12:42:18","slug":"succession-et-guerre-des-clans-a-etoudi-de-nouvelles-revelations-font-craindre-le-pire","status":"publish","type":"post","link":"https:\/\/www.africa-press.net\/cameroun\/politique\/succession-et-guerre-des-clans-a-etoudi-de-nouvelles-revelations-font-craindre-le-pire","title":{"rendered":"Succession et guerre des clans \u00e0 Etoudi : de nouvelles r\u00e9v\u00e9lations font craindre le pire"},"content":{"rendered":"<p><span style=\"color: #ff6600\"><strong>Africa-Press &#8211; Cameroun. <\/strong><\/span>Alice Nkom, l\u2019avocate de 78 ans, l\u2019infatigable activiste a accorde\u0301 une interview a\u0300 Jeune Afrique. Elle a aborde\u0301 plusieurs sujet notamment la loi sur la double nationalite\u0301 mais aussi les autres grands sujets socio-politiques qui pre\u0301occupent aujourd\u2019hui tout le pays : l\u2019affaire Martinez Zogo et la succession du chef de l\u2019E\u0301tat. Sur la succession de Paul Biya au pouvoir, elle n\u2019a pas he\u0301site\u0301 a\u0300 dire ce qu\u2019elle pense effectivement surtout sur la guerre des clans.<\/p>\n<p>\u00ab La lutte des clans au sein du pouvoir met-elle en pe\u0301ril les droits de l\u2019homme au Cameroun ?<\/p>\n<p>Bien entendu. Mais avant cela, c\u2019est l\u2019absence de se\u0301paration des pouvoirs \u2013 ou la concentration des pouvoirs -, qui met en pe\u0301ril les droits de l\u2019homme. En l\u2019occurrence, si le pre\u0301sident de la Re\u0301publique dispose du pouvoir judiciaire, comme il est aujourd\u2019hui de\u0301montre\u0301 dans une affaire d\u2019assassinat et alors que la loi pre\u0301voit qui doit faire quoi quand il y a assassinat, alors nous sommes face a\u0300 pouvoir uniforme. A\u0300 partir de la\u0300, les droits de l\u2019homme sont clairement menace\u0301s \u00bb, a-t-elle de\u0301clare\u0301.<\/p>\n<p>Elle est revenu aussi sur la situation au NOSO. \u00ab Je trouve cela pitoyable. Quand vous e\u0302tes un \u00ab mendiant de la paix \u00bb comme le pre\u0301tend le pre\u0301sident de la Re\u0301publique [dans son discours a\u0300 la tribune des Nations unies, en septembre 2017], vous ne pouvez pas re\u0301pondre ce qu\u2019on a re\u0301pondu a\u0300 la me\u0301diation canadienne. Vous ne pouvez pas, c\u0327a n\u2019a pas de logique, pas de cohe\u0301rence. Le Canada est un pays qui ressemble beaucoup au no\u0302tre, d\u2019abord en matie\u0300re de diversite\u0301 \u00bb, pre\u0301cise Alice Nkom<\/p>\n<p>Vous e\u0302tes donc favorable a\u0300 une me\u0301diation e\u0301trange\u0300re ?, a demande\u0301 Jeune Afrique a\u0300 l\u2019avocate.\u00ab J\u2019estime que tout le monde peut e\u0302tre me\u0301diateur. Ce que je vois surtout, c\u2019est que le chef de l\u2019E\u0301tat est incapable de parler a\u0300 ses compatriotes. A-t-il de\u0301ja\u0300 e\u0301te\u0301 la\u0300-bas ? Non. Il est donc incapable de ramener la paix. Que ceux qui ont l\u2019habitude de la paix, qui ont la culture de la paix et du dialogue le fasse.L\u2019espoir d\u2019une solution pacifique est-il de\u0301finitivement abandonne\u0301 ?Il y a lieu de dire que oui. Tant que le pre\u0301sident de la Re\u0301publique sera la\u0300 et permettra a\u0300 ce genre de \u00ab , a-t-elle re\u0301pondu a\u0300 la question de Jeune Afrique.<\/p>\n<p><strong>Pour plus d&rsquo;informations et d&rsquo;analyses sur la <a href=\"https:\/\/www.africa-press.net\/cameroun\">Cameroun<\/a>, suivez <a href=\"https:\/\/www.africa-press.net\/\">Africa-Press<\/a><\/strong><\/p>\n","protected":false},"excerpt":{"rendered":"<p>Africa-Press &#8211; Cameroun. Alice Nkom, l\u2019avocate de 78 ans, l\u2019infatigable activiste a accorde\u0301 une interview a\u0300 Jeune Afrique. Elle a aborde\u0301 plusieurs sujet notamment la loi sur la double nationalite\u0301 mais aussi les autres grands sujets socio-politiques qui pre\u0301occupent aujourd\u2019hui tout le pays : l\u2019affaire Martinez Zogo et la succession du chef de l\u2019E\u0301tat. Sur [&hellip;]<\/p>\n","protected":false},"author":82,"featured_media":39604,"comment_status":"open","ping_status":"closed","sticky":false,"template":"","format":"standard","meta":{"footnotes":""},"categories":[2,10],"tags":[36,50,49],"class_list":["post-39607","post","type-post","status-publish","format-standard","has-post-thumbnail","hentry","category-politique","category-toutes-les-actualites","tag-africa-press","tag-africa-press-cameroun","tag-cameroun"],"yoast_head":"<!-- This site is optimized with the Yoast SEO Premium plugin v26.1 (Yoast SEO v27.0) - https:\/\/yoast.com\/product\/yoast-seo-premium-wordpress\/ -->\n<title>Succession et guerre des clans \u00e0 Etoudi : de nouvelles r\u00e9v\u00e9lations font craindre le pire - Cameroun<\/title>\n<meta name=\"description\" content=\"Alice Nkom, l\u2019avocate de 78 ans, l\u2019infatigable activiste a accorde\u0301 une interview a\u0300 Jeune Afrique. Elle a aborde\u0301 plusi ...\" \/>\n<meta name=\"robots\" content=\"index, follow, max-snippet:-1, max-image-preview:large, max-video-preview:-1\" \/>\n<link rel=\"canonical\" href=\"https:\/\/www.africa-press.net\/cameroun\/politique\/succession-et-guerre-des-clans-a-etoudi-de-nouvelles-revelations-font-craindre-le-pire\" \/>\n<meta property=\"og:locale\" content=\"fr_FR\" \/>\n<meta property=\"og:type\" content=\"article\" \/>\n<meta property=\"og:title\" content=\"Succession et guerre des clans \u00e0 Etoudi : de nouvelles r\u00e9v\u00e9lations font craindre le pire\" \/>\n<meta property=\"og:description\" content=\"Alice Nkom, l\u2019avocate de 78 ans, l\u2019infatigable activiste a accorde\u0301 une interview a\u0300 Jeune Afrique. Elle a aborde\u0301 plusi ...\" \/>\n<meta property=\"og:url\" content=\"https:\/\/www.africa-press.net\/cameroun\/politique\/succession-et-guerre-des-clans-a-etoudi-de-nouvelles-revelations-font-craindre-le-pire\" \/>\n<meta property=\"og:site_name\" content=\"Cameroun\" \/>\n<meta property=\"article:published_time\" content=\"2023-03-17T12:29:27+00:00\" \/>\n<meta property=\"article:modified_time\" content=\"2023-03-17T12:42:18+00:00\" \/>\n<meta property=\"og:image\" content=\"https:\/\/static.africa-press.net\/cameroun\/sites\/57\/2023\/03\/postQueueImg_1679043570.04.jpg\" \/>\n\t<meta property=\"og:image:width\" content=\"720\" \/>\n\t<meta property=\"og:image:height\" content=\"480\" \/>\n\t<meta property=\"og:image:type\" content=\"image\/jpeg\" \/>\n<meta name=\"author\" content=\"cfeditorfr\" \/>\n<meta name=\"twitter:card\" content=\"summary_large_image\" \/>\n<meta name=\"twitter:label1\" content=\"\u00c9crit par\" \/>\n\t<meta name=\"twitter:data1\" content=\"cfeditorfr\" \/>\n\t<meta name=\"twitter:label2\" content=\"Dur\u00e9e de lecture estim\u00e9e\" \/>\n\t<meta name=\"twitter:data2\" content=\"2 minutes\" \/>\n<script type=\"application\/ld+json\" class=\"yoast-schema-graph\">{\"@context\":\"https:\/\/schema.org\",\"@graph\":[{\"@type\":\"Article\",\"@id\":\"https:\/\/www.africa-press.net\/cameroun\/politique\/succession-et-guerre-des-clans-a-etoudi-de-nouvelles-revelations-font-craindre-le-pire#article\",\"isPartOf\":{\"@id\":\"https:\/\/www.africa-press.net\/cameroun\/politique\/succession-et-guerre-des-clans-a-etoudi-de-nouvelles-revelations-font-craindre-le-pire\"},\"author\":{\"name\":\"cfeditorfr\",\"@id\":\"https:\/\/www.africa-press.net\/cameroun\/#\/schema\/person\/2b1cf3cd81a31e3cd26889ca66d677f1\"},\"headline\":\"Succession et guerre des clans \u00e0 Etoudi : de nouvelles r\u00e9v\u00e9lations font craindre le pire\",\"datePublished\":\"2023-03-17T12:29:27+00:00\",\"dateModified\":\"2023-03-17T12:42:18+00:00\",\"mainEntityOfPage\":{\"@id\":\"https:\/\/www.africa-press.net\/cameroun\/politique\/succession-et-guerre-des-clans-a-etoudi-de-nouvelles-revelations-font-craindre-le-pire\"},\"wordCount\":458,\"commentCount\":0,\"image\":{\"@id\":\"https:\/\/www.africa-press.net\/cameroun\/politique\/succession-et-guerre-des-clans-a-etoudi-de-nouvelles-revelations-font-craindre-le-pire#primaryimage\"},\"thumbnailUrl\":\"https:\/\/static.africa-press.net\/cameroun\/sites\/57\/2023\/03\/postQueueImg_1679043570.04.jpg\",\"keywords\":[\"Africa Press\",\"Africa Press-Cameroun\",\"Cameroun\"],\"articleSection\":[\"Politique\",\"Toutes les actualit\u00e9s\"],\"inLanguage\":\"fr-FR\",\"potentialAction\":[{\"@type\":\"CommentAction\",\"name\":\"Comment\",\"target\":[\"https:\/\/www.africa-press.net\/cameroun\/politique\/succession-et-guerre-des-clans-a-etoudi-de-nouvelles-revelations-font-craindre-le-pire#respond\"]}]},{\"@type\":\"WebPage\",\"@id\":\"https:\/\/www.africa-press.net\/cameroun\/politique\/succession-et-guerre-des-clans-a-etoudi-de-nouvelles-revelations-font-craindre-le-pire\",\"url\":\"https:\/\/www.africa-press.net\/cameroun\/politique\/succession-et-guerre-des-clans-a-etoudi-de-nouvelles-revelations-font-craindre-le-pire\",\"name\":\"Succession et guerre des clans \u00e0 Etoudi : de nouvelles r\u00e9v\u00e9lations font craindre le pire - Cameroun\",\"isPartOf\":{\"@id\":\"https:\/\/www.africa-press.net\/cameroun\/#website\"},\"primaryImageOfPage\":{\"@id\":\"https:\/\/www.africa-press.net\/cameroun\/politique\/succession-et-guerre-des-clans-a-etoudi-de-nouvelles-revelations-font-craindre-le-pire#primaryimage\"},\"image\":{\"@id\":\"https:\/\/www.africa-press.net\/cameroun\/politique\/succession-et-guerre-des-clans-a-etoudi-de-nouvelles-revelations-font-craindre-le-pire#primaryimage\"},\"thumbnailUrl\":\"https:\/\/static.africa-press.net\/cameroun\/sites\/57\/2023\/03\/postQueueImg_1679043570.04.jpg\",\"datePublished\":\"2023-03-17T12:29:27+00:00\",\"dateModified\":\"2023-03-17T12:42:18+00:00\",\"author\":{\"@id\":\"https:\/\/www.africa-press.net\/cameroun\/#\/schema\/person\/2b1cf3cd81a31e3cd26889ca66d677f1\"},\"description\":\"Alice Nkom, l\u2019avocate de 78 ans, l\u2019infatigable activiste a accorde\u0301 une interview a\u0300 Jeune Afrique. Elle a aborde\u0301 plusi ...\",\"breadcrumb\":{\"@id\":\"https:\/\/www.africa-press.net\/cameroun\/politique\/succession-et-guerre-des-clans-a-etoudi-de-nouvelles-revelations-font-craindre-le-pire#breadcrumb\"},\"inLanguage\":\"fr-FR\",\"potentialAction\":[{\"@type\":\"ReadAction\",\"target\":[\"https:\/\/www.africa-press.net\/cameroun\/politique\/succession-et-guerre-des-clans-a-etoudi-de-nouvelles-revelations-font-craindre-le-pire\"]}]},{\"@type\":\"ImageObject\",\"inLanguage\":\"fr-FR\",\"@id\":\"https:\/\/www.africa-press.net\/cameroun\/politique\/succession-et-guerre-des-clans-a-etoudi-de-nouvelles-revelations-font-craindre-le-pire#primaryimage\",\"url\":\"https:\/\/static.africa-press.net\/cameroun\/sites\/57\/2023\/03\/postQueueImg_1679043570.04.jpg\",\"contentUrl\":\"https:\/\/static.africa-press.net\/cameroun\/sites\/57\/2023\/03\/postQueueImg_1679043570.04.jpg\",\"width\":720,\"height\":480,\"caption\":\"Succession et guerre des clans \u00e0 Etoudi : de nouvelles r\u00e9v\u00e9lations font craindre le pire\"},{\"@type\":\"BreadcrumbList\",\"@id\":\"https:\/\/www.africa-press.net\/cameroun\/politique\/succession-et-guerre-des-clans-a-etoudi-de-nouvelles-revelations-font-craindre-le-pire#breadcrumb\",\"itemListElement\":[{\"@type\":\"ListItem\",\"position\":1,\"name\":\"Accueil\",\"item\":\"https:\/\/www.africa-press.net\/cameroun\/\"},{\"@type\":\"ListItem\",\"position\":2,\"name\":\"Succession et guerre des clans \u00e0 Etoudi : de nouvelles r\u00e9v\u00e9lations font craindre le pire\"}]},{\"@type\":\"WebSite\",\"@id\":\"https:\/\/www.africa-press.net\/cameroun\/#website\",\"url\":\"https:\/\/www.africa-press.net\/cameroun\/\",\"name\":\"Cameroun\",\"description\":\"Just another Africa News Agency Sites site\",\"potentialAction\":[{\"@type\":\"SearchAction\",\"target\":{\"@type\":\"EntryPoint\",\"urlTemplate\":\"https:\/\/www.africa-press.net\/cameroun\/?s={search_term_string}\"},\"query-input\":{\"@type\":\"PropertyValueSpecification\",\"valueRequired\":true,\"valueName\":\"search_term_string\"}}],\"inLanguage\":\"fr-FR\"},{\"@type\":\"Person\",\"@id\":\"https:\/\/www.africa-press.net\/cameroun\/#\/schema\/person\/2b1cf3cd81a31e3cd26889ca66d677f1\",\"name\":\"cfeditorfr\"}]}<\/script>\n<!-- \/ Yoast SEO Premium plugin. -->","yoast_head_json":{"title":"Succession et guerre des clans \u00e0 Etoudi : de nouvelles r\u00e9v\u00e9lations font craindre le pire - Cameroun","description":"Alice Nkom, l\u2019avocate de 78 ans, l\u2019infatigable activiste a accorde\u0301 une interview a\u0300 Jeune Afrique. Elle a aborde\u0301 plusi ...","robots":{"index":"index","follow":"follow","max-snippet":"max-snippet:-1","max-image-preview":"max-image-preview:large","max-video-preview":"max-video-preview:-1"},"canonical":"https:\/\/www.africa-press.net\/cameroun\/politique\/succession-et-guerre-des-clans-a-etoudi-de-nouvelles-revelations-font-craindre-le-pire","og_locale":"fr_FR","og_type":"article","og_title":"Succession et guerre des clans \u00e0 Etoudi : de nouvelles r\u00e9v\u00e9lations font craindre le pire","og_description":"Alice Nkom, l\u2019avocate de 78 ans, l\u2019infatigable activiste a accorde\u0301 une interview a\u0300 Jeune Afrique. Elle a aborde\u0301 plusi ...","og_url":"https:\/\/www.africa-press.net\/cameroun\/politique\/succession-et-guerre-des-clans-a-etoudi-de-nouvelles-revelations-font-craindre-le-pire","og_site_name":"Cameroun","article_published_time":"2023-03-17T12:29:27+00:00","article_modified_time":"2023-03-17T12:42:18+00:00","og_image":[{"width":720,"height":480,"url":"https:\/\/static.africa-press.net\/cameroun\/sites\/57\/2023\/03\/postQueueImg_1679043570.04.jpg","type":"image\/jpeg"}],"author":"cfeditorfr","twitter_card":"summary_large_image","twitter_misc":{"\u00c9crit par":"cfeditorfr","Dur\u00e9e de lecture estim\u00e9e":"2 minutes"},"schema":{"@context":"https:\/\/schema.org","@graph":[{"@type":"Article","@id":"https:\/\/www.africa-press.net\/cameroun\/politique\/succession-et-guerre-des-clans-a-etoudi-de-nouvelles-revelations-font-craindre-le-pire#article","isPartOf":{"@id":"https:\/\/www.africa-press.net\/cameroun\/politique\/succession-et-guerre-des-clans-a-etoudi-de-nouvelles-revelations-font-craindre-le-pire"},"author":{"name":"cfeditorfr","@id":"https:\/\/www.africa-press.net\/cameroun\/#\/schema\/person\/2b1cf3cd81a31e3cd26889ca66d677f1"},"headline":"Succession et guerre des clans \u00e0 Etoudi : de nouvelles r\u00e9v\u00e9lations font craindre le pire","datePublished":"2023-03-17T12:29:27+00:00","dateModified":"2023-03-17T12:42:18+00:00","mainEntityOfPage":{"@id":"https:\/\/www.africa-press.net\/cameroun\/politique\/succession-et-guerre-des-clans-a-etoudi-de-nouvelles-revelations-font-craindre-le-pire"},"wordCount":458,"commentCount":0,"image":{"@id":"https:\/\/www.africa-press.net\/cameroun\/politique\/succession-et-guerre-des-clans-a-etoudi-de-nouvelles-revelations-font-craindre-le-pire#primaryimage"},"thumbnailUrl":"https:\/\/static.africa-press.net\/cameroun\/sites\/57\/2023\/03\/postQueueImg_1679043570.04.jpg","keywords":["Africa Press","Africa Press-Cameroun","Cameroun"],"articleSection":["Politique","Toutes les actualit\u00e9s"],"inLanguage":"fr-FR","potentialAction":[{"@type":"CommentAction","name":"Comment","target":["https:\/\/www.africa-press.net\/cameroun\/politique\/succession-et-guerre-des-clans-a-etoudi-de-nouvelles-revelations-font-craindre-le-pire#respond"]}]},{"@type":"WebPage","@id":"https:\/\/www.africa-press.net\/cameroun\/politique\/succession-et-guerre-des-clans-a-etoudi-de-nouvelles-revelations-font-craindre-le-pire","url":"https:\/\/www.africa-press.net\/cameroun\/politique\/succession-et-guerre-des-clans-a-etoudi-de-nouvelles-revelations-font-craindre-le-pire","name":"Succession et guerre des clans \u00e0 Etoudi : de nouvelles r\u00e9v\u00e9lations font craindre le pire - Cameroun","isPartOf":{"@id":"https:\/\/www.africa-press.net\/cameroun\/#website"},"primaryImageOfPage":{"@id":"https:\/\/www.africa-press.net\/cameroun\/politique\/succession-et-guerre-des-clans-a-etoudi-de-nouvelles-revelations-font-craindre-le-pire#primaryimage"},"image":{"@id":"https:\/\/www.africa-press.net\/cameroun\/politique\/succession-et-guerre-des-clans-a-etoudi-de-nouvelles-revelations-font-craindre-le-pire#primaryimage"},"thumbnailUrl":"https:\/\/static.africa-press.net\/cameroun\/sites\/57\/2023\/03\/postQueueImg_1679043570.04.jpg","datePublished":"2023-03-17T12:29:27+00:00","dateModified":"2023-03-17T12:42:18+00:00","author":{"@id":"https:\/\/www.africa-press.net\/cameroun\/#\/schema\/person\/2b1cf3cd81a31e3cd26889ca66d677f1"},"description":"Alice Nkom, l\u2019avocate de 78 ans, l\u2019infatigable activiste a accorde\u0301 une interview a\u0300 Jeune Afrique. Elle a aborde\u0301 plusi ...","breadcrumb":{"@id":"https:\/\/www.africa-press.net\/cameroun\/politique\/succession-et-guerre-des-clans-a-etoudi-de-nouvelles-revelations-font-craindre-le-pire#breadcrumb"},"inLanguage":"fr-FR","potentialAction":[{"@type":"ReadAction","target":["https:\/\/www.africa-press.net\/cameroun\/politique\/succession-et-guerre-des-clans-a-etoudi-de-nouvelles-revelations-font-craindre-le-pire"]}]},{"@type":"ImageObject","inLanguage":"fr-FR","@id":"https:\/\/www.africa-press.net\/cameroun\/politique\/succession-et-guerre-des-clans-a-etoudi-de-nouvelles-revelations-font-craindre-le-pire#primaryimage","url":"https:\/\/static.africa-press.net\/cameroun\/sites\/57\/2023\/03\/postQueueImg_1679043570.04.jpg","contentUrl":"https:\/\/static.africa-press.net\/cameroun\/sites\/57\/2023\/03\/postQueueImg_1679043570.04.jpg","width":720,"height":480,"caption":"Succession et guerre des clans \u00e0 Etoudi : de nouvelles r\u00e9v\u00e9lations font craindre le pire"},{"@type":"BreadcrumbList","@id":"https:\/\/www.africa-press.net\/cameroun\/politique\/succession-et-guerre-des-clans-a-etoudi-de-nouvelles-revelations-font-craindre-le-pire#breadcrumb","itemListElement":[{"@type":"ListItem","position":1,"name":"Accueil","item":"https:\/\/www.africa-press.net\/cameroun\/"},{"@type":"ListItem","position":2,"name":"Succession et guerre des clans \u00e0 Etoudi : de nouvelles r\u00e9v\u00e9lations font craindre le pire"}]},{"@type":"WebSite","@id":"https:\/\/www.africa-press.net\/cameroun\/#website","url":"https:\/\/www.africa-press.net\/cameroun\/","name":"Cameroun","description":"Just another Africa News Agency Sites site","potentialAction":[{"@type":"SearchAction","target":{"@type":"EntryPoint","urlTemplate":"https:\/\/www.africa-press.net\/cameroun\/?s={search_term_string}"},"query-input":{"@type":"PropertyValueSpecification","valueRequired":true,"valueName":"search_term_string"}}],"inLanguage":"fr-FR"},{"@type":"Person","@id":"https:\/\/www.africa-press.net\/cameroun\/#\/schema\/person\/2b1cf3cd81a31e3cd26889ca66d677f1","name":"cfeditorfr"}]}},"_links":{"self":[{"href":"https:\/\/www.africa-press.net\/cameroun\/wp-json\/wp\/v2\/posts\/39607","targetHints":{"allow":["GET"]}}],"collection":[{"href":"https:\/\/www.africa-press.net\/cameroun\/wp-json\/wp\/v2\/posts"}],"about":[{"href":"https:\/\/www.africa-press.net\/cameroun\/wp-json\/wp\/v2\/types\/post"}],"author":[{"embeddable":true,"href":"https:\/\/www.africa-press.net\/cameroun\/wp-json\/wp\/v2\/users\/82"}],"replies":[{"embeddable":true,"href":"https:\/\/www.africa-press.net\/cameroun\/wp-json\/wp\/v2\/comments?post=39607"}],"version-history":[{"count":0,"href":"https:\/\/www.africa-press.net\/cameroun\/wp-json\/wp\/v2\/posts\/39607\/revisions"}],"wp:featuredmedia":[{"embeddable":true,"href":"https:\/\/www.africa-press.net\/cameroun\/wp-json\/wp\/v2\/media\/39604"}],"wp:attachment":[{"href":"https:\/\/www.africa-press.net\/cameroun\/wp-json\/wp\/v2\/media?parent=39607"}],"wp:term":[{"taxonomy":"category","embeddable":true,"href":"https:\/\/www.africa-press.net\/cameroun\/wp-json\/wp\/v2\/categories?post=39607"},{"taxonomy":"post_tag","embeddable":true,"href":"https:\/\/www.africa-press.net\/cameroun\/wp-json\/wp\/v2\/tags?post=39607"}],"curies":[{"name":"wp","href":"https:\/\/api.w.org\/{rel}","templated":true}]}}