{"id":39608,"date":"2023-03-17T12:28:33","date_gmt":"2023-03-17T12:28:33","guid":{"rendered":"https:\/\/www.africa-press.net\/cameroun\/politique\/fonction-publique-region-de-lest-la-situation-des-agents-de-letat-passe-au-scanner"},"modified":"2023-03-17T12:42:31","modified_gmt":"2023-03-17T12:42:31","slug":"fonction-publique-region-de-lest-la-situation-des-agents-de-letat-passe-au-scanner","status":"publish","type":"post","link":"https:\/\/www.africa-press.net\/cameroun\/toutes-les-actualites\/fonction-publique-region-de-lest-la-situation-des-agents-de-letat-passe-au-scanner","title":{"rendered":"Fonction Publique\/R\u00e9gion de l&rsquo;Est : La situation des agents de l&rsquo;\u00c9tat pass\u00e9 au scanner"},"content":{"rendered":"<p><span style=\"color: #ff6600\"><strong>Africa-Press &#8211; Cameroun. <\/strong><\/span>Au regard de nombreux cas d&rsquo;abandon, d&rsquo;absence, d&rsquo;affectation, des fonctionnaires enregistre\u0301s dans les diffe\u0301rentes administrations publiques de la re\u0301gion de l&rsquo;Est, le gouverneur de la re\u0301gion de l&rsquo;Est Gre\u0301goire Mvongo a lance\u0301 l&rsquo;ope\u0301ration d&rsquo;assainissement du fichier solde et du personnel de l&rsquo;E\u0301tat instruit par le ministre de la fonction publique et de la re\u0301forme administrative Joseph Le\u0301, dans le but de proce\u0301der a\u0300 la mise a\u0300 jour du fichier du personnel. C&rsquo;est ainsi que le De\u0301le\u0301gue\u0301 re\u0301gional du Minfopra Est, Hassoumi Abdoulaye a passe\u0301 au scanner le fichier du personnel de l&rsquo;E\u0301tat en service dans la re\u0301gion de l&rsquo;Est dans la salle des confe\u0301rences de cette de\u0301le\u0301gation a\u0300 Bertoua.<\/p>\n<p>Cette semaine, le gouverneur de la re\u0301gion de l&rsquo;Est a invite\u0301 tous les de\u0301le\u0301gue\u0301s re\u0301gionaux du Soleil Levant a\u0300 lui pre\u0301senter la situation du personnel sous leur responsabilite\u0301 au plus tard le 15 juin 2023 et durant ladite se\u0301ance de travail, des fiches techniques et pratiques ont e\u0301te\u0301 remises aux participants afin de proce\u0301der a\u0300 la transmission des cas pour un meilleur traitement selon les re\u0300gles de l&rsquo;art. Afin de s&rsquo;approprier du mandat de\u0301volu aux responsables de la gestion des ressources humaines de l\u2019Etat, de lever l\u2019e\u0301quivoque sur les termes employe\u0301s dans les formulaires et autres fiches de renseignements, et enfin cre\u0301er un cadre de dialogue permanent entre les services de la fonction publique et les administrations sectorielles pour un meilleur rendement.<\/p>\n<p><strong>Pour plus d&rsquo;informations et d&rsquo;analyses sur la <a href=\"https:\/\/www.africa-press.net\/cameroun\">Cameroun<\/a>, suivez <a href=\"https:\/\/www.africa-press.net\/\">Africa-Press<\/a><\/strong><\/p>\n","protected":false},"excerpt":{"rendered":"<p>Africa-Press &#8211; Cameroun. Au regard de nombreux cas d&rsquo;abandon, d&rsquo;absence, d&rsquo;affectation, des fonctionnaires enregistre\u0301s dans les diffe\u0301rentes administrations publiques de la re\u0301gion de l&rsquo;Est, le gouverneur de la re\u0301gion de l&rsquo;Est Gre\u0301goire Mvongo a lance\u0301 l&rsquo;ope\u0301ration d&rsquo;assainissement du fichier solde et du personnel de l&rsquo;E\u0301tat instruit par le ministre de la fonction publique et de [&hellip;]<\/p>\n","protected":false},"author":82,"featured_media":39605,"comment_status":"open","ping_status":"closed","sticky":false,"template":"","format":"standard","meta":{"footnotes":""},"categories":[21,10],"tags":[36,50,49],"class_list":["post-39608","post","type-post","status-publish","format-standard","has-post-thumbnail","hentry","category-communaute","category-toutes-les-actualites","tag-africa-press","tag-africa-press-cameroun","tag-cameroun"],"yoast_head":"<!-- This site is optimized with the Yoast SEO Premium plugin v26.1 (Yoast SEO v27.0) - https:\/\/yoast.com\/product\/yoast-seo-premium-wordpress\/ -->\n<title>Fonction Publique\/R\u00e9gion de l&#039;Est : La situation des agents de l&#039;\u00c9tat pass\u00e9 au scanner - Cameroun<\/title>\n<meta name=\"description\" content=\"Au regard de nombreux cas d&#039;abandon, d&#039;absence, d&#039;affectation, des fonctionnaires enregistre\u0301s dans les diffe\u0301rentes adm ...\" \/>\n<meta name=\"robots\" content=\"index, follow, max-snippet:-1, max-image-preview:large, max-video-preview:-1\" \/>\n<link rel=\"canonical\" href=\"https:\/\/www.africa-press.net\/cameroun\/toutes-les-actualites\/fonction-publique-region-de-lest-la-situation-des-agents-de-letat-passe-au-scanner\" \/>\n<meta property=\"og:locale\" content=\"fr_FR\" \/>\n<meta property=\"og:type\" content=\"article\" \/>\n<meta property=\"og:title\" content=\"Fonction Publique\/R\u00e9gion de l&#039;Est : La situation des agents de l&#039;\u00c9tat pass\u00e9 au scanner\" \/>\n<meta property=\"og:description\" content=\"Au regard de nombreux cas d&#039;abandon, d&#039;absence, d&#039;affectation, des fonctionnaires enregistre\u0301s dans les diffe\u0301rentes adm ...\" \/>\n<meta property=\"og:url\" content=\"https:\/\/www.africa-press.net\/cameroun\/toutes-les-actualites\/fonction-publique-region-de-lest-la-situation-des-agents-de-letat-passe-au-scanner\" \/>\n<meta property=\"og:site_name\" content=\"Cameroun\" \/>\n<meta property=\"article:published_time\" content=\"2023-03-17T12:28:33+00:00\" \/>\n<meta property=\"article:modified_time\" content=\"2023-03-17T12:42:31+00:00\" \/>\n<meta property=\"og:image\" content=\"https:\/\/static.africa-press.net\/cameroun\/sites\/57\/2023\/03\/postQueueImg_1679043516.31.jpg\" \/>\n\t<meta property=\"og:image:width\" content=\"720\" \/>\n\t<meta property=\"og:image:height\" content=\"540\" \/>\n\t<meta property=\"og:image:type\" content=\"image\/jpeg\" \/>\n<meta name=\"author\" content=\"cfeditorfr\" \/>\n<meta name=\"twitter:card\" content=\"summary_large_image\" \/>\n<meta name=\"twitter:label1\" content=\"\u00c9crit par\" \/>\n\t<meta name=\"twitter:data1\" content=\"cfeditorfr\" \/>\n\t<meta name=\"twitter:label2\" content=\"Dur\u00e9e de lecture estim\u00e9e\" \/>\n\t<meta name=\"twitter:data2\" content=\"2 minutes\" \/>\n<script type=\"application\/ld+json\" class=\"yoast-schema-graph\">{\"@context\":\"https:\/\/schema.org\",\"@graph\":[{\"@type\":\"Article\",\"@id\":\"https:\/\/www.africa-press.net\/cameroun\/toutes-les-actualites\/fonction-publique-region-de-lest-la-situation-des-agents-de-letat-passe-au-scanner#article\",\"isPartOf\":{\"@id\":\"https:\/\/www.africa-press.net\/cameroun\/toutes-les-actualites\/fonction-publique-region-de-lest-la-situation-des-agents-de-letat-passe-au-scanner\"},\"author\":{\"name\":\"cfeditorfr\",\"@id\":\"https:\/\/www.africa-press.net\/cameroun\/#\/schema\/person\/2b1cf3cd81a31e3cd26889ca66d677f1\"},\"headline\":\"Fonction Publique\/R\u00e9gion de l&rsquo;Est : La situation des agents de l&rsquo;\u00c9tat pass\u00e9 au scanner\",\"datePublished\":\"2023-03-17T12:28:33+00:00\",\"dateModified\":\"2023-03-17T12:42:31+00:00\",\"mainEntityOfPage\":{\"@id\":\"https:\/\/www.africa-press.net\/cameroun\/toutes-les-actualites\/fonction-publique-region-de-lest-la-situation-des-agents-de-letat-passe-au-scanner\"},\"wordCount\":308,\"commentCount\":0,\"image\":{\"@id\":\"https:\/\/www.africa-press.net\/cameroun\/toutes-les-actualites\/fonction-publique-region-de-lest-la-situation-des-agents-de-letat-passe-au-scanner#primaryimage\"},\"thumbnailUrl\":\"https:\/\/static.africa-press.net\/cameroun\/sites\/57\/2023\/03\/postQueueImg_1679043516.31.jpg\",\"keywords\":[\"Africa Press\",\"Africa Press-Cameroun\",\"Cameroun\"],\"articleSection\":[\"Communaut\u00e9\",\"Toutes les actualit\u00e9s\"],\"inLanguage\":\"fr-FR\",\"potentialAction\":[{\"@type\":\"CommentAction\",\"name\":\"Comment\",\"target\":[\"https:\/\/www.africa-press.net\/cameroun\/toutes-les-actualites\/fonction-publique-region-de-lest-la-situation-des-agents-de-letat-passe-au-scanner#respond\"]}]},{\"@type\":\"WebPage\",\"@id\":\"https:\/\/www.africa-press.net\/cameroun\/toutes-les-actualites\/fonction-publique-region-de-lest-la-situation-des-agents-de-letat-passe-au-scanner\",\"url\":\"https:\/\/www.africa-press.net\/cameroun\/toutes-les-actualites\/fonction-publique-region-de-lest-la-situation-des-agents-de-letat-passe-au-scanner\",\"name\":\"Fonction Publique\/R\u00e9gion de l'Est : La situation des agents de l'\u00c9tat pass\u00e9 au scanner - Cameroun\",\"isPartOf\":{\"@id\":\"https:\/\/www.africa-press.net\/cameroun\/#website\"},\"primaryImageOfPage\":{\"@id\":\"https:\/\/www.africa-press.net\/cameroun\/toutes-les-actualites\/fonction-publique-region-de-lest-la-situation-des-agents-de-letat-passe-au-scanner#primaryimage\"},\"image\":{\"@id\":\"https:\/\/www.africa-press.net\/cameroun\/toutes-les-actualites\/fonction-publique-region-de-lest-la-situation-des-agents-de-letat-passe-au-scanner#primaryimage\"},\"thumbnailUrl\":\"https:\/\/static.africa-press.net\/cameroun\/sites\/57\/2023\/03\/postQueueImg_1679043516.31.jpg\",\"datePublished\":\"2023-03-17T12:28:33+00:00\",\"dateModified\":\"2023-03-17T12:42:31+00:00\",\"author\":{\"@id\":\"https:\/\/www.africa-press.net\/cameroun\/#\/schema\/person\/2b1cf3cd81a31e3cd26889ca66d677f1\"},\"description\":\"Au regard de nombreux cas d'abandon, d'absence, d'affectation, des fonctionnaires enregistre\u0301s dans les diffe\u0301rentes adm ...\",\"breadcrumb\":{\"@id\":\"https:\/\/www.africa-press.net\/cameroun\/toutes-les-actualites\/fonction-publique-region-de-lest-la-situation-des-agents-de-letat-passe-au-scanner#breadcrumb\"},\"inLanguage\":\"fr-FR\",\"potentialAction\":[{\"@type\":\"ReadAction\",\"target\":[\"https:\/\/www.africa-press.net\/cameroun\/toutes-les-actualites\/fonction-publique-region-de-lest-la-situation-des-agents-de-letat-passe-au-scanner\"]}]},{\"@type\":\"ImageObject\",\"inLanguage\":\"fr-FR\",\"@id\":\"https:\/\/www.africa-press.net\/cameroun\/toutes-les-actualites\/fonction-publique-region-de-lest-la-situation-des-agents-de-letat-passe-au-scanner#primaryimage\",\"url\":\"https:\/\/static.africa-press.net\/cameroun\/sites\/57\/2023\/03\/postQueueImg_1679043516.31.jpg\",\"contentUrl\":\"https:\/\/static.africa-press.net\/cameroun\/sites\/57\/2023\/03\/postQueueImg_1679043516.31.jpg\",\"width\":720,\"height\":540,\"caption\":\"Fonction Publique\/R\u00e9gion de l'Est : La situation des agents de l'\u00c9tat pass\u00e9 au scanner\"},{\"@type\":\"BreadcrumbList\",\"@id\":\"https:\/\/www.africa-press.net\/cameroun\/toutes-les-actualites\/fonction-publique-region-de-lest-la-situation-des-agents-de-letat-passe-au-scanner#breadcrumb\",\"itemListElement\":[{\"@type\":\"ListItem\",\"position\":1,\"name\":\"Accueil\",\"item\":\"https:\/\/www.africa-press.net\/cameroun\/\"},{\"@type\":\"ListItem\",\"position\":2,\"name\":\"Fonction Publique\/R\u00e9gion de l&rsquo;Est : La situation des agents de l&rsquo;\u00c9tat pass\u00e9 au scanner\"}]},{\"@type\":\"WebSite\",\"@id\":\"https:\/\/www.africa-press.net\/cameroun\/#website\",\"url\":\"https:\/\/www.africa-press.net\/cameroun\/\",\"name\":\"Cameroun\",\"description\":\"Just another Africa News Agency Sites site\",\"potentialAction\":[{\"@type\":\"SearchAction\",\"target\":{\"@type\":\"EntryPoint\",\"urlTemplate\":\"https:\/\/www.africa-press.net\/cameroun\/?s={search_term_string}\"},\"query-input\":{\"@type\":\"PropertyValueSpecification\",\"valueRequired\":true,\"valueName\":\"search_term_string\"}}],\"inLanguage\":\"fr-FR\"},{\"@type\":\"Person\",\"@id\":\"https:\/\/www.africa-press.net\/cameroun\/#\/schema\/person\/2b1cf3cd81a31e3cd26889ca66d677f1\",\"name\":\"cfeditorfr\"}]}<\/script>\n<!-- \/ Yoast SEO Premium plugin. -->","yoast_head_json":{"title":"Fonction Publique\/R\u00e9gion de l'Est : La situation des agents de l'\u00c9tat pass\u00e9 au scanner - Cameroun","description":"Au regard de nombreux cas d'abandon, d'absence, d'affectation, des fonctionnaires enregistre\u0301s dans les diffe\u0301rentes adm ...","robots":{"index":"index","follow":"follow","max-snippet":"max-snippet:-1","max-image-preview":"max-image-preview:large","max-video-preview":"max-video-preview:-1"},"canonical":"https:\/\/www.africa-press.net\/cameroun\/toutes-les-actualites\/fonction-publique-region-de-lest-la-situation-des-agents-de-letat-passe-au-scanner","og_locale":"fr_FR","og_type":"article","og_title":"Fonction Publique\/R\u00e9gion de l'Est : La situation des agents de l'\u00c9tat pass\u00e9 au scanner","og_description":"Au regard de nombreux cas d'abandon, d'absence, d'affectation, des fonctionnaires enregistre\u0301s dans les diffe\u0301rentes adm ...","og_url":"https:\/\/www.africa-press.net\/cameroun\/toutes-les-actualites\/fonction-publique-region-de-lest-la-situation-des-agents-de-letat-passe-au-scanner","og_site_name":"Cameroun","article_published_time":"2023-03-17T12:28:33+00:00","article_modified_time":"2023-03-17T12:42:31+00:00","og_image":[{"width":720,"height":540,"url":"https:\/\/static.africa-press.net\/cameroun\/sites\/57\/2023\/03\/postQueueImg_1679043516.31.jpg","type":"image\/jpeg"}],"author":"cfeditorfr","twitter_card":"summary_large_image","twitter_misc":{"\u00c9crit par":"cfeditorfr","Dur\u00e9e de lecture estim\u00e9e":"2 minutes"},"schema":{"@context":"https:\/\/schema.org","@graph":[{"@type":"Article","@id":"https:\/\/www.africa-press.net\/cameroun\/toutes-les-actualites\/fonction-publique-region-de-lest-la-situation-des-agents-de-letat-passe-au-scanner#article","isPartOf":{"@id":"https:\/\/www.africa-press.net\/cameroun\/toutes-les-actualites\/fonction-publique-region-de-lest-la-situation-des-agents-de-letat-passe-au-scanner"},"author":{"name":"cfeditorfr","@id":"https:\/\/www.africa-press.net\/cameroun\/#\/schema\/person\/2b1cf3cd81a31e3cd26889ca66d677f1"},"headline":"Fonction Publique\/R\u00e9gion de l&rsquo;Est : La situation des agents de l&rsquo;\u00c9tat pass\u00e9 au scanner","datePublished":"2023-03-17T12:28:33+00:00","dateModified":"2023-03-17T12:42:31+00:00","mainEntityOfPage":{"@id":"https:\/\/www.africa-press.net\/cameroun\/toutes-les-actualites\/fonction-publique-region-de-lest-la-situation-des-agents-de-letat-passe-au-scanner"},"wordCount":308,"commentCount":0,"image":{"@id":"https:\/\/www.africa-press.net\/cameroun\/toutes-les-actualites\/fonction-publique-region-de-lest-la-situation-des-agents-de-letat-passe-au-scanner#primaryimage"},"thumbnailUrl":"https:\/\/static.africa-press.net\/cameroun\/sites\/57\/2023\/03\/postQueueImg_1679043516.31.jpg","keywords":["Africa Press","Africa Press-Cameroun","Cameroun"],"articleSection":["Communaut\u00e9","Toutes les actualit\u00e9s"],"inLanguage":"fr-FR","potentialAction":[{"@type":"CommentAction","name":"Comment","target":["https:\/\/www.africa-press.net\/cameroun\/toutes-les-actualites\/fonction-publique-region-de-lest-la-situation-des-agents-de-letat-passe-au-scanner#respond"]}]},{"@type":"WebPage","@id":"https:\/\/www.africa-press.net\/cameroun\/toutes-les-actualites\/fonction-publique-region-de-lest-la-situation-des-agents-de-letat-passe-au-scanner","url":"https:\/\/www.africa-press.net\/cameroun\/toutes-les-actualites\/fonction-publique-region-de-lest-la-situation-des-agents-de-letat-passe-au-scanner","name":"Fonction Publique\/R\u00e9gion de l'Est : La situation des agents de l'\u00c9tat pass\u00e9 au scanner - Cameroun","isPartOf":{"@id":"https:\/\/www.africa-press.net\/cameroun\/#website"},"primaryImageOfPage":{"@id":"https:\/\/www.africa-press.net\/cameroun\/toutes-les-actualites\/fonction-publique-region-de-lest-la-situation-des-agents-de-letat-passe-au-scanner#primaryimage"},"image":{"@id":"https:\/\/www.africa-press.net\/cameroun\/toutes-les-actualites\/fonction-publique-region-de-lest-la-situation-des-agents-de-letat-passe-au-scanner#primaryimage"},"thumbnailUrl":"https:\/\/static.africa-press.net\/cameroun\/sites\/57\/2023\/03\/postQueueImg_1679043516.31.jpg","datePublished":"2023-03-17T12:28:33+00:00","dateModified":"2023-03-17T12:42:31+00:00","author":{"@id":"https:\/\/www.africa-press.net\/cameroun\/#\/schema\/person\/2b1cf3cd81a31e3cd26889ca66d677f1"},"description":"Au regard de nombreux cas d'abandon, d'absence, d'affectation, des fonctionnaires enregistre\u0301s dans les diffe\u0301rentes adm ...","breadcrumb":{"@id":"https:\/\/www.africa-press.net\/cameroun\/toutes-les-actualites\/fonction-publique-region-de-lest-la-situation-des-agents-de-letat-passe-au-scanner#breadcrumb"},"inLanguage":"fr-FR","potentialAction":[{"@type":"ReadAction","target":["https:\/\/www.africa-press.net\/cameroun\/toutes-les-actualites\/fonction-publique-region-de-lest-la-situation-des-agents-de-letat-passe-au-scanner"]}]},{"@type":"ImageObject","inLanguage":"fr-FR","@id":"https:\/\/www.africa-press.net\/cameroun\/toutes-les-actualites\/fonction-publique-region-de-lest-la-situation-des-agents-de-letat-passe-au-scanner#primaryimage","url":"https:\/\/static.africa-press.net\/cameroun\/sites\/57\/2023\/03\/postQueueImg_1679043516.31.jpg","contentUrl":"https:\/\/static.africa-press.net\/cameroun\/sites\/57\/2023\/03\/postQueueImg_1679043516.31.jpg","width":720,"height":540,"caption":"Fonction Publique\/R\u00e9gion de l'Est : La situation des agents de l'\u00c9tat pass\u00e9 au scanner"},{"@type":"BreadcrumbList","@id":"https:\/\/www.africa-press.net\/cameroun\/toutes-les-actualites\/fonction-publique-region-de-lest-la-situation-des-agents-de-letat-passe-au-scanner#breadcrumb","itemListElement":[{"@type":"ListItem","position":1,"name":"Accueil","item":"https:\/\/www.africa-press.net\/cameroun\/"},{"@type":"ListItem","position":2,"name":"Fonction Publique\/R\u00e9gion de l&rsquo;Est : La situation des agents de l&rsquo;\u00c9tat pass\u00e9 au scanner"}]},{"@type":"WebSite","@id":"https:\/\/www.africa-press.net\/cameroun\/#website","url":"https:\/\/www.africa-press.net\/cameroun\/","name":"Cameroun","description":"Just another Africa News Agency Sites site","potentialAction":[{"@type":"SearchAction","target":{"@type":"EntryPoint","urlTemplate":"https:\/\/www.africa-press.net\/cameroun\/?s={search_term_string}"},"query-input":{"@type":"PropertyValueSpecification","valueRequired":true,"valueName":"search_term_string"}}],"inLanguage":"fr-FR"},{"@type":"Person","@id":"https:\/\/www.africa-press.net\/cameroun\/#\/schema\/person\/2b1cf3cd81a31e3cd26889ca66d677f1","name":"cfeditorfr"}]}},"_links":{"self":[{"href":"https:\/\/www.africa-press.net\/cameroun\/wp-json\/wp\/v2\/posts\/39608","targetHints":{"allow":["GET"]}}],"collection":[{"href":"https:\/\/www.africa-press.net\/cameroun\/wp-json\/wp\/v2\/posts"}],"about":[{"href":"https:\/\/www.africa-press.net\/cameroun\/wp-json\/wp\/v2\/types\/post"}],"author":[{"embeddable":true,"href":"https:\/\/www.africa-press.net\/cameroun\/wp-json\/wp\/v2\/users\/82"}],"replies":[{"embeddable":true,"href":"https:\/\/www.africa-press.net\/cameroun\/wp-json\/wp\/v2\/comments?post=39608"}],"version-history":[{"count":0,"href":"https:\/\/www.africa-press.net\/cameroun\/wp-json\/wp\/v2\/posts\/39608\/revisions"}],"wp:featuredmedia":[{"embeddable":true,"href":"https:\/\/www.africa-press.net\/cameroun\/wp-json\/wp\/v2\/media\/39605"}],"wp:attachment":[{"href":"https:\/\/www.africa-press.net\/cameroun\/wp-json\/wp\/v2\/media?parent=39608"}],"wp:term":[{"taxonomy":"category","embeddable":true,"href":"https:\/\/www.africa-press.net\/cameroun\/wp-json\/wp\/v2\/categories?post=39608"},{"taxonomy":"post_tag","embeddable":true,"href":"https:\/\/www.africa-press.net\/cameroun\/wp-json\/wp\/v2\/tags?post=39608"}],"curies":[{"name":"wp","href":"https:\/\/api.w.org\/{rel}","templated":true}]}}