{"id":39615,"date":"2023-03-17T12:28:37","date_gmt":"2023-03-17T12:28:37","guid":{"rendered":"https:\/\/www.africa-press.net\/cameroun\/politique\/il-a-voulu-meliminer-depuis-20-ans-nouvelle-accusation-contre-amougou-belinga"},"modified":"2023-03-17T12:43:14","modified_gmt":"2023-03-17T12:43:14","slug":"il-a-voulu-meliminer-depuis-20-ans-nouvelle-accusation-contre-amougou-belinga","status":"publish","type":"post","link":"https:\/\/www.africa-press.net\/cameroun\/politique\/il-a-voulu-meliminer-depuis-20-ans-nouvelle-accusation-contre-amougou-belinga","title":{"rendered":"&lsquo;Il a voulu m\u2019\u00e9liminer depuis 20 ans&rsquo;: nouvelle accusation contre Amougou Belinga"},"content":{"rendered":"<p><span style=\"color: #ff6600\"><strong>Africa-Press &#8211; Cameroun. <\/strong><\/span>Jean Pierre Amougou Belinga n&rsquo;est pas encore au bout de ses peines. Alors qu&rsquo;il me\u0301dite sur son sort, apre\u0300s qu&rsquo;il ait e\u0301te\u0301 accuse\u0301 par les enque\u0302teurs d&rsquo;e\u0302tre implique\u0301 dans l&rsquo;enle\u0300vement et la torture de Martinez Zogo, il fait face a\u0300 une nouvelle accusation.<\/p>\n<p>A croire Jean-Claude Mbede, le PDG du groupe l&rsquo;Anecdote est capable de faire pire que la complicite\u0301 d&rsquo;enle\u0300vement et de torture dont il est accuse\u0301. Il en veut pour preuves, ses tentatives de l&rsquo;e\u0301liminer il y a 20 ans.<\/p>\n<p>\u00ab\u00a0A propos d\u2019Amougou Belinga! Il a voulu m\u2019e\u0301liminer depuis 20 ans pour n\u2019avoir pas fait la me\u0302me chose que plusieurs. Et pour l\u2019avoir envoye\u0301 balader avec son argent dont je connais tre\u0300s bien la provenance. Les vide\u0301o sont disponibles sur YouTube. Je n\u2019ai pas attendu la mort de Martinez Zogo pour le de\u0301noncer. Ses me\u0301dias m\u2019ont insulte\u0301 et invente\u0301 une re\u0301putation qui a failli me coller a\u0300 la peau\u00a0\u00bb, e\u0301crit M. Mbede.<\/p>\n<p>\u00ab\u00a0Donc, quand je parle de lui, quiconque le de\u0301fends est derechef un ennemi. Sachez le donc. Je vous observe. Qui s\u2019assemblent se ressemblent. Donc chacun ne peut de\u0301fendre que ses mode\u0300les. Voici un article du journal l\u2019anecdote a\u0300 mon sujet. Je n\u2019ai jamais travaille\u0301 ni avec ni pour eux. Mais lisez le tas de choses qu\u2019ils peuvent inventer. Et vous trouvez le moyen de de\u0301fendre ce type\u00a0\u00bb, ajoute t-il.<\/p>\n<p>Pre\u0301sente\u0301 aux Camerounais comme l\u2019un des entrepreneurs a\u0300 succe\u0300s Ekang Beti, Amougou Belinga est officiellement proprie\u0301taire de plusieurs biens dont une universite\u0301 publique. L\u2019Institut Supe\u0301rieur des Sciences, Arts et Me\u0301tiers qui fait la fierte\u0301 d\u2019Amougou Belinga n\u2019est en re\u0301alite\u0301 pas le fruit du travail de l\u2019homme d\u2019affaires controverse\u0301e.<\/p>\n<p>Comme le montrent les documents officiels du ministe\u0300re de la planification, l\u2019Issam a entie\u0300rement e\u0301te\u0301 finance\u0301 sur le budget de l\u2019Etat du Cameroun. Ce se sont ces informations compromettantes que mettaient Martinez Zogo sur la place publique avant d\u2019e\u0302tre sauvagement assassine\u0301.<\/p>\n<p><strong>Pour plus d&rsquo;informations et d&rsquo;analyses sur la <a href=\"https:\/\/www.africa-press.net\/cameroun\">Cameroun<\/a>, suivez <a href=\"https:\/\/www.africa-press.net\/\">Africa-Press<\/a><\/strong><\/p>\n","protected":false},"excerpt":{"rendered":"<p>Africa-Press &#8211; Cameroun. Jean Pierre Amougou Belinga n&rsquo;est pas encore au bout de ses peines. Alors qu&rsquo;il me\u0301dite sur son sort, apre\u0300s qu&rsquo;il ait e\u0301te\u0301 accuse\u0301 par les enque\u0302teurs d&rsquo;e\u0302tre implique\u0301 dans l&rsquo;enle\u0300vement et la torture de Martinez Zogo, il fait face a\u0300 une nouvelle accusation. A croire Jean-Claude Mbede, le PDG du groupe l&rsquo;Anecdote [&hellip;]<\/p>\n","protected":false},"author":82,"featured_media":39612,"comment_status":"open","ping_status":"closed","sticky":false,"template":"","format":"standard","meta":{"footnotes":""},"categories":[2,10],"tags":[36,50,49],"class_list":["post-39615","post","type-post","status-publish","format-standard","has-post-thumbnail","hentry","category-politique","category-toutes-les-actualites","tag-africa-press","tag-africa-press-cameroun","tag-cameroun"],"yoast_head":"<!-- This site is optimized with the Yoast SEO Premium plugin v26.1 (Yoast SEO v27.0) - https:\/\/yoast.com\/product\/yoast-seo-premium-wordpress\/ -->\n<title>&#039;Il a voulu m\u2019\u00e9liminer depuis 20 ans&#039;: nouvelle accusation contre Amougou Belinga - Cameroun<\/title>\n<meta name=\"description\" content=\"Jean Pierre Amougou Belinga n&#039;est pas encore au bout de ses peines. Alors qu&#039;il me\u0301dite sur son sort, apre\u0300s qu&#039;il ait e ...\" \/>\n<meta name=\"robots\" content=\"index, follow, max-snippet:-1, max-image-preview:large, max-video-preview:-1\" \/>\n<link rel=\"canonical\" href=\"https:\/\/www.africa-press.net\/cameroun\/politique\/il-a-voulu-meliminer-depuis-20-ans-nouvelle-accusation-contre-amougou-belinga\" \/>\n<meta property=\"og:locale\" content=\"fr_FR\" \/>\n<meta property=\"og:type\" content=\"article\" \/>\n<meta property=\"og:title\" content=\"&#039;Il a voulu m\u2019\u00e9liminer depuis 20 ans&#039;: nouvelle accusation contre Amougou Belinga\" \/>\n<meta property=\"og:description\" content=\"Jean Pierre Amougou Belinga n&#039;est pas encore au bout de ses peines. Alors qu&#039;il me\u0301dite sur son sort, apre\u0300s qu&#039;il ait e ...\" \/>\n<meta property=\"og:url\" content=\"https:\/\/www.africa-press.net\/cameroun\/politique\/il-a-voulu-meliminer-depuis-20-ans-nouvelle-accusation-contre-amougou-belinga\" \/>\n<meta property=\"og:site_name\" content=\"Cameroun\" \/>\n<meta property=\"article:published_time\" content=\"2023-03-17T12:28:37+00:00\" \/>\n<meta property=\"article:modified_time\" content=\"2023-03-17T12:43:14+00:00\" \/>\n<meta property=\"og:image\" content=\"https:\/\/static.africa-press.net\/cameroun\/sites\/57\/2023\/03\/postQueueImg_1679043521.76.jpg\" \/>\n\t<meta property=\"og:image:width\" content=\"720\" \/>\n\t<meta property=\"og:image:height\" content=\"440\" \/>\n\t<meta property=\"og:image:type\" content=\"image\/jpeg\" \/>\n<meta name=\"author\" content=\"cfeditorfr\" \/>\n<meta name=\"twitter:card\" content=\"summary_large_image\" \/>\n<meta name=\"twitter:label1\" content=\"\u00c9crit par\" \/>\n\t<meta name=\"twitter:data1\" content=\"cfeditorfr\" \/>\n\t<meta name=\"twitter:label2\" content=\"Dur\u00e9e de lecture estim\u00e9e\" \/>\n\t<meta name=\"twitter:data2\" content=\"2 minutes\" \/>\n<script type=\"application\/ld+json\" class=\"yoast-schema-graph\">{\"@context\":\"https:\/\/schema.org\",\"@graph\":[{\"@type\":\"Article\",\"@id\":\"https:\/\/www.africa-press.net\/cameroun\/politique\/il-a-voulu-meliminer-depuis-20-ans-nouvelle-accusation-contre-amougou-belinga#article\",\"isPartOf\":{\"@id\":\"https:\/\/www.africa-press.net\/cameroun\/politique\/il-a-voulu-meliminer-depuis-20-ans-nouvelle-accusation-contre-amougou-belinga\"},\"author\":{\"name\":\"cfeditorfr\",\"@id\":\"https:\/\/www.africa-press.net\/cameroun\/#\/schema\/person\/2b1cf3cd81a31e3cd26889ca66d677f1\"},\"headline\":\"&lsquo;Il a voulu m\u2019\u00e9liminer depuis 20 ans&rsquo;: nouvelle accusation contre Amougou Belinga\",\"datePublished\":\"2023-03-17T12:28:37+00:00\",\"dateModified\":\"2023-03-17T12:43:14+00:00\",\"mainEntityOfPage\":{\"@id\":\"https:\/\/www.africa-press.net\/cameroun\/politique\/il-a-voulu-meliminer-depuis-20-ans-nouvelle-accusation-contre-amougou-belinga\"},\"wordCount\":395,\"commentCount\":0,\"image\":{\"@id\":\"https:\/\/www.africa-press.net\/cameroun\/politique\/il-a-voulu-meliminer-depuis-20-ans-nouvelle-accusation-contre-amougou-belinga#primaryimage\"},\"thumbnailUrl\":\"https:\/\/static.africa-press.net\/cameroun\/sites\/57\/2023\/03\/postQueueImg_1679043521.76.jpg\",\"keywords\":[\"Africa Press\",\"Africa Press-Cameroun\",\"Cameroun\"],\"articleSection\":[\"Politique\",\"Toutes les actualit\u00e9s\"],\"inLanguage\":\"fr-FR\",\"potentialAction\":[{\"@type\":\"CommentAction\",\"name\":\"Comment\",\"target\":[\"https:\/\/www.africa-press.net\/cameroun\/politique\/il-a-voulu-meliminer-depuis-20-ans-nouvelle-accusation-contre-amougou-belinga#respond\"]}]},{\"@type\":\"WebPage\",\"@id\":\"https:\/\/www.africa-press.net\/cameroun\/politique\/il-a-voulu-meliminer-depuis-20-ans-nouvelle-accusation-contre-amougou-belinga\",\"url\":\"https:\/\/www.africa-press.net\/cameroun\/politique\/il-a-voulu-meliminer-depuis-20-ans-nouvelle-accusation-contre-amougou-belinga\",\"name\":\"'Il a voulu m\u2019\u00e9liminer depuis 20 ans': nouvelle accusation contre Amougou Belinga - Cameroun\",\"isPartOf\":{\"@id\":\"https:\/\/www.africa-press.net\/cameroun\/#website\"},\"primaryImageOfPage\":{\"@id\":\"https:\/\/www.africa-press.net\/cameroun\/politique\/il-a-voulu-meliminer-depuis-20-ans-nouvelle-accusation-contre-amougou-belinga#primaryimage\"},\"image\":{\"@id\":\"https:\/\/www.africa-press.net\/cameroun\/politique\/il-a-voulu-meliminer-depuis-20-ans-nouvelle-accusation-contre-amougou-belinga#primaryimage\"},\"thumbnailUrl\":\"https:\/\/static.africa-press.net\/cameroun\/sites\/57\/2023\/03\/postQueueImg_1679043521.76.jpg\",\"datePublished\":\"2023-03-17T12:28:37+00:00\",\"dateModified\":\"2023-03-17T12:43:14+00:00\",\"author\":{\"@id\":\"https:\/\/www.africa-press.net\/cameroun\/#\/schema\/person\/2b1cf3cd81a31e3cd26889ca66d677f1\"},\"description\":\"Jean Pierre Amougou Belinga n'est pas encore au bout de ses peines. Alors qu'il me\u0301dite sur son sort, apre\u0300s qu'il ait e ...\",\"breadcrumb\":{\"@id\":\"https:\/\/www.africa-press.net\/cameroun\/politique\/il-a-voulu-meliminer-depuis-20-ans-nouvelle-accusation-contre-amougou-belinga#breadcrumb\"},\"inLanguage\":\"fr-FR\",\"potentialAction\":[{\"@type\":\"ReadAction\",\"target\":[\"https:\/\/www.africa-press.net\/cameroun\/politique\/il-a-voulu-meliminer-depuis-20-ans-nouvelle-accusation-contre-amougou-belinga\"]}]},{\"@type\":\"ImageObject\",\"inLanguage\":\"fr-FR\",\"@id\":\"https:\/\/www.africa-press.net\/cameroun\/politique\/il-a-voulu-meliminer-depuis-20-ans-nouvelle-accusation-contre-amougou-belinga#primaryimage\",\"url\":\"https:\/\/static.africa-press.net\/cameroun\/sites\/57\/2023\/03\/postQueueImg_1679043521.76.jpg\",\"contentUrl\":\"https:\/\/static.africa-press.net\/cameroun\/sites\/57\/2023\/03\/postQueueImg_1679043521.76.jpg\",\"width\":720,\"height\":440,\"caption\":\"'Il a voulu m\u2019\u00e9liminer depuis 20 ans': nouvelle accusation contre Amougou Belinga\"},{\"@type\":\"BreadcrumbList\",\"@id\":\"https:\/\/www.africa-press.net\/cameroun\/politique\/il-a-voulu-meliminer-depuis-20-ans-nouvelle-accusation-contre-amougou-belinga#breadcrumb\",\"itemListElement\":[{\"@type\":\"ListItem\",\"position\":1,\"name\":\"Accueil\",\"item\":\"https:\/\/www.africa-press.net\/cameroun\/\"},{\"@type\":\"ListItem\",\"position\":2,\"name\":\"&lsquo;Il a voulu m\u2019\u00e9liminer depuis 20 ans&rsquo;: nouvelle accusation contre Amougou Belinga\"}]},{\"@type\":\"WebSite\",\"@id\":\"https:\/\/www.africa-press.net\/cameroun\/#website\",\"url\":\"https:\/\/www.africa-press.net\/cameroun\/\",\"name\":\"Cameroun\",\"description\":\"Just another Africa News Agency Sites site\",\"potentialAction\":[{\"@type\":\"SearchAction\",\"target\":{\"@type\":\"EntryPoint\",\"urlTemplate\":\"https:\/\/www.africa-press.net\/cameroun\/?s={search_term_string}\"},\"query-input\":{\"@type\":\"PropertyValueSpecification\",\"valueRequired\":true,\"valueName\":\"search_term_string\"}}],\"inLanguage\":\"fr-FR\"},{\"@type\":\"Person\",\"@id\":\"https:\/\/www.africa-press.net\/cameroun\/#\/schema\/person\/2b1cf3cd81a31e3cd26889ca66d677f1\",\"name\":\"cfeditorfr\"}]}<\/script>\n<!-- \/ Yoast SEO Premium plugin. -->","yoast_head_json":{"title":"'Il a voulu m\u2019\u00e9liminer depuis 20 ans': nouvelle accusation contre Amougou Belinga - Cameroun","description":"Jean Pierre Amougou Belinga n'est pas encore au bout de ses peines. Alors qu'il me\u0301dite sur son sort, apre\u0300s qu'il ait e ...","robots":{"index":"index","follow":"follow","max-snippet":"max-snippet:-1","max-image-preview":"max-image-preview:large","max-video-preview":"max-video-preview:-1"},"canonical":"https:\/\/www.africa-press.net\/cameroun\/politique\/il-a-voulu-meliminer-depuis-20-ans-nouvelle-accusation-contre-amougou-belinga","og_locale":"fr_FR","og_type":"article","og_title":"'Il a voulu m\u2019\u00e9liminer depuis 20 ans': nouvelle accusation contre Amougou Belinga","og_description":"Jean Pierre Amougou Belinga n'est pas encore au bout de ses peines. Alors qu'il me\u0301dite sur son sort, apre\u0300s qu'il ait e ...","og_url":"https:\/\/www.africa-press.net\/cameroun\/politique\/il-a-voulu-meliminer-depuis-20-ans-nouvelle-accusation-contre-amougou-belinga","og_site_name":"Cameroun","article_published_time":"2023-03-17T12:28:37+00:00","article_modified_time":"2023-03-17T12:43:14+00:00","og_image":[{"width":720,"height":440,"url":"https:\/\/static.africa-press.net\/cameroun\/sites\/57\/2023\/03\/postQueueImg_1679043521.76.jpg","type":"image\/jpeg"}],"author":"cfeditorfr","twitter_card":"summary_large_image","twitter_misc":{"\u00c9crit par":"cfeditorfr","Dur\u00e9e de lecture estim\u00e9e":"2 minutes"},"schema":{"@context":"https:\/\/schema.org","@graph":[{"@type":"Article","@id":"https:\/\/www.africa-press.net\/cameroun\/politique\/il-a-voulu-meliminer-depuis-20-ans-nouvelle-accusation-contre-amougou-belinga#article","isPartOf":{"@id":"https:\/\/www.africa-press.net\/cameroun\/politique\/il-a-voulu-meliminer-depuis-20-ans-nouvelle-accusation-contre-amougou-belinga"},"author":{"name":"cfeditorfr","@id":"https:\/\/www.africa-press.net\/cameroun\/#\/schema\/person\/2b1cf3cd81a31e3cd26889ca66d677f1"},"headline":"&lsquo;Il a voulu m\u2019\u00e9liminer depuis 20 ans&rsquo;: nouvelle accusation contre Amougou Belinga","datePublished":"2023-03-17T12:28:37+00:00","dateModified":"2023-03-17T12:43:14+00:00","mainEntityOfPage":{"@id":"https:\/\/www.africa-press.net\/cameroun\/politique\/il-a-voulu-meliminer-depuis-20-ans-nouvelle-accusation-contre-amougou-belinga"},"wordCount":395,"commentCount":0,"image":{"@id":"https:\/\/www.africa-press.net\/cameroun\/politique\/il-a-voulu-meliminer-depuis-20-ans-nouvelle-accusation-contre-amougou-belinga#primaryimage"},"thumbnailUrl":"https:\/\/static.africa-press.net\/cameroun\/sites\/57\/2023\/03\/postQueueImg_1679043521.76.jpg","keywords":["Africa Press","Africa Press-Cameroun","Cameroun"],"articleSection":["Politique","Toutes les actualit\u00e9s"],"inLanguage":"fr-FR","potentialAction":[{"@type":"CommentAction","name":"Comment","target":["https:\/\/www.africa-press.net\/cameroun\/politique\/il-a-voulu-meliminer-depuis-20-ans-nouvelle-accusation-contre-amougou-belinga#respond"]}]},{"@type":"WebPage","@id":"https:\/\/www.africa-press.net\/cameroun\/politique\/il-a-voulu-meliminer-depuis-20-ans-nouvelle-accusation-contre-amougou-belinga","url":"https:\/\/www.africa-press.net\/cameroun\/politique\/il-a-voulu-meliminer-depuis-20-ans-nouvelle-accusation-contre-amougou-belinga","name":"'Il a voulu m\u2019\u00e9liminer depuis 20 ans': nouvelle accusation contre Amougou Belinga - Cameroun","isPartOf":{"@id":"https:\/\/www.africa-press.net\/cameroun\/#website"},"primaryImageOfPage":{"@id":"https:\/\/www.africa-press.net\/cameroun\/politique\/il-a-voulu-meliminer-depuis-20-ans-nouvelle-accusation-contre-amougou-belinga#primaryimage"},"image":{"@id":"https:\/\/www.africa-press.net\/cameroun\/politique\/il-a-voulu-meliminer-depuis-20-ans-nouvelle-accusation-contre-amougou-belinga#primaryimage"},"thumbnailUrl":"https:\/\/static.africa-press.net\/cameroun\/sites\/57\/2023\/03\/postQueueImg_1679043521.76.jpg","datePublished":"2023-03-17T12:28:37+00:00","dateModified":"2023-03-17T12:43:14+00:00","author":{"@id":"https:\/\/www.africa-press.net\/cameroun\/#\/schema\/person\/2b1cf3cd81a31e3cd26889ca66d677f1"},"description":"Jean Pierre Amougou Belinga n'est pas encore au bout de ses peines. Alors qu'il me\u0301dite sur son sort, apre\u0300s qu'il ait e ...","breadcrumb":{"@id":"https:\/\/www.africa-press.net\/cameroun\/politique\/il-a-voulu-meliminer-depuis-20-ans-nouvelle-accusation-contre-amougou-belinga#breadcrumb"},"inLanguage":"fr-FR","potentialAction":[{"@type":"ReadAction","target":["https:\/\/www.africa-press.net\/cameroun\/politique\/il-a-voulu-meliminer-depuis-20-ans-nouvelle-accusation-contre-amougou-belinga"]}]},{"@type":"ImageObject","inLanguage":"fr-FR","@id":"https:\/\/www.africa-press.net\/cameroun\/politique\/il-a-voulu-meliminer-depuis-20-ans-nouvelle-accusation-contre-amougou-belinga#primaryimage","url":"https:\/\/static.africa-press.net\/cameroun\/sites\/57\/2023\/03\/postQueueImg_1679043521.76.jpg","contentUrl":"https:\/\/static.africa-press.net\/cameroun\/sites\/57\/2023\/03\/postQueueImg_1679043521.76.jpg","width":720,"height":440,"caption":"'Il a voulu m\u2019\u00e9liminer depuis 20 ans': nouvelle accusation contre Amougou Belinga"},{"@type":"BreadcrumbList","@id":"https:\/\/www.africa-press.net\/cameroun\/politique\/il-a-voulu-meliminer-depuis-20-ans-nouvelle-accusation-contre-amougou-belinga#breadcrumb","itemListElement":[{"@type":"ListItem","position":1,"name":"Accueil","item":"https:\/\/www.africa-press.net\/cameroun\/"},{"@type":"ListItem","position":2,"name":"&lsquo;Il a voulu m\u2019\u00e9liminer depuis 20 ans&rsquo;: nouvelle accusation contre Amougou Belinga"}]},{"@type":"WebSite","@id":"https:\/\/www.africa-press.net\/cameroun\/#website","url":"https:\/\/www.africa-press.net\/cameroun\/","name":"Cameroun","description":"Just another Africa News Agency Sites site","potentialAction":[{"@type":"SearchAction","target":{"@type":"EntryPoint","urlTemplate":"https:\/\/www.africa-press.net\/cameroun\/?s={search_term_string}"},"query-input":{"@type":"PropertyValueSpecification","valueRequired":true,"valueName":"search_term_string"}}],"inLanguage":"fr-FR"},{"@type":"Person","@id":"https:\/\/www.africa-press.net\/cameroun\/#\/schema\/person\/2b1cf3cd81a31e3cd26889ca66d677f1","name":"cfeditorfr"}]}},"_links":{"self":[{"href":"https:\/\/www.africa-press.net\/cameroun\/wp-json\/wp\/v2\/posts\/39615","targetHints":{"allow":["GET"]}}],"collection":[{"href":"https:\/\/www.africa-press.net\/cameroun\/wp-json\/wp\/v2\/posts"}],"about":[{"href":"https:\/\/www.africa-press.net\/cameroun\/wp-json\/wp\/v2\/types\/post"}],"author":[{"embeddable":true,"href":"https:\/\/www.africa-press.net\/cameroun\/wp-json\/wp\/v2\/users\/82"}],"replies":[{"embeddable":true,"href":"https:\/\/www.africa-press.net\/cameroun\/wp-json\/wp\/v2\/comments?post=39615"}],"version-history":[{"count":0,"href":"https:\/\/www.africa-press.net\/cameroun\/wp-json\/wp\/v2\/posts\/39615\/revisions"}],"wp:featuredmedia":[{"embeddable":true,"href":"https:\/\/www.africa-press.net\/cameroun\/wp-json\/wp\/v2\/media\/39612"}],"wp:attachment":[{"href":"https:\/\/www.africa-press.net\/cameroun\/wp-json\/wp\/v2\/media?parent=39615"}],"wp:term":[{"taxonomy":"category","embeddable":true,"href":"https:\/\/www.africa-press.net\/cameroun\/wp-json\/wp\/v2\/categories?post=39615"},{"taxonomy":"post_tag","embeddable":true,"href":"https:\/\/www.africa-press.net\/cameroun\/wp-json\/wp\/v2\/tags?post=39615"}],"curies":[{"name":"wp","href":"https:\/\/api.w.org\/{rel}","templated":true}]}}